{"id":136973,"date":"2025-12-07T19:55:00","date_gmt":"2025-12-07T22:55:00","guid":{"rendered":"https:\/\/www.em.com.br\/emfoco\/?p=136973"},"modified":"2025-12-06T22:49:29","modified_gmt":"2025-12-07T01:49:29","slug":"a-joia-litoranea-do-sudeste-que-se-tornou-referencia-em-qualidade-de-vida-e-modernidade","status":"publish","type":"post","link":"https:\/\/www.em.com.br\/emfoco\/2025\/12\/07\/a-joia-litoranea-do-sudeste-que-se-tornou-referencia-em-qualidade-de-vida-e-modernidade\/","title":{"rendered":"A joia litor\u00e2nea do Sudeste que se tornou refer\u00eancia em qualidade de vida e modernidade"},"content":{"rendered":"\n<p><strong>Vit\u00f3ria<\/strong> destaca-se no cen\u00e1rio nacional como uma ilha-capital que equilibra perfeitamente o dinamismo econ\u00f4mico com a tranquilidade litor\u00e2nea. Segundo estimativas recentes do <strong><a href=\"https:\/\/cidades.ibge.gov.br\/brasil\/es\/vitoria\/panorama\" target=\"_blank\" rel=\"noreferrer noopener\">Instituto Brasileiro de Geografia e Estat\u00edstica<\/a> (IBGE)<\/strong>, a cidade abriga cerca de<strong> 343 mil habitantes<\/strong> e integra uma regi\u00e3o metropolitana vibrante ao lado de vizinhas estrat\u00e9gicas como <strong>Vila Velha<\/strong>, <strong>Serra<\/strong> e <strong>Cariacica<\/strong>.<\/p>\n\n\n\n<p>A capital capixaba oferece uma localiza\u00e7\u00e3o privilegiada no <strong>Sudeste<\/strong>, servindo como um hub log\u00edstico e tur\u00edstico. A conex\u00e3o entre a parte insular e o continente \u00e9 feita por pontes ic\u00f4nicas, criando um visual urbano cercado por \u00e1guas que encanta moradores e visitantes.<\/p>\n\n\n\n<h2 class=\"wp-block-heading\">Por que morar na capital capixaba \u00e9 uma decis\u00e3o acertada?<\/h2>\n\n\n\n<p>A qualidade de vida no munic\u00edpio \u00e9 frequentemente citada entre as melhores do Brasil, impulsionada por altos \u00edndices de desenvolvimento humano e \u00e1reas verdes preservadas. Bairros nobres como a <strong>Praia do Canto<\/strong> e a <strong>Enseada do Su\u00e1<\/strong> oferecem uma infraestrutura sofisticada, onde \u00e9 poss\u00edvel resolver a vida a p\u00e9 ou de bicicleta.<\/p>\n\n\n\n<p>Para fam\u00edlias que buscam seguran\u00e7a e lazer, regi\u00f5es como <strong>Jardim da Penha<\/strong> e <strong>Jardim Camburi<\/strong> funcionam como &#8220;cidades dentro da cidade&#8221;, com com\u00e9rcio aut\u00f4nomo e vida noturna pr\u00f3pria. A orla urbanizada convida \u00e0 pr\u00e1tica de esportes di\u00e1rios, criando uma rotina onde o bem-estar f\u00edsico \u00e9 parte natural do dia a dia.<\/p>\n\n\n<div class=\"wp-block-image\">\n<figure class=\"aligncenter size-large\"><img decoding=\"async\" src=\"https:\/\/revistaforum.com.br\/forumtudo\/wp-content\/uploads\/2025\/10\/Vitoria-Brazil-\ud83c\udde7\ud83c\uddf7-_-4K-Drone-Footage-1-6-screenshot-1024x576.jpg\" alt=\"Vit\u00f3ria, Espirito Santo - Essa capital brasileira est\u00e1 encantando todos que buscam viver com mar, natureza e qualidade de vida\" class=\"wp-image-3264\"\/><figcaption class=\"wp-element-caption\">Vit\u00f3ria, Esp\u00edrito Santo, \u00e9 a capital que une mar, bem-estar e charme em cada canto \/\/ Cr\u00e9ditos: YouTube.com\/@MTI.Aerials<\/figcaption><\/figure><\/div>\n\n\n<h2 class=\"wp-block-heading\">Quais s\u00e3o as atividades tur\u00edsticas imperd\u00edveis?<\/h2>\n\n\n\n<p>O turismo em <strong>Esp\u00edrito Santo<\/strong> tem seu cora\u00e7\u00e3o pulsante aqui, com op\u00e7\u00f5es que v\u00e3o da gastronomia \u00e0 hist\u00f3ria. A <strong>Curva da Jurema<\/strong> e a <strong>Praia de Camburi<\/strong> s\u00e3o paradas obrigat\u00f3rias para quem gosta de mar calmo e quiosques animados para relaxar no fim de tarde.<\/p>\n\n\n\n<p>Para uma imers\u00e3o cultural, o centro hist\u00f3rico preserva tesouros como o <strong>Pal\u00e1cio Anchieta<\/strong> e a majestosa <strong>Catedral Metropolitana de Vit\u00f3ria<\/strong>. A experi\u00eancia gastron\u00f4mica atinge seu \u00e1pice na <strong>Ilha das Caieiras<\/strong>, um tradicional reduto de pescadores e desfiadeiras de siri onde se prova a culin\u00e1ria local com vista para o manguezal.<\/p>\n\n\n\n<p>Quem busca um roteiro completo de 1 dia na capital do Esp\u00edrito Santo, vai curtir esse v\u00eddeo especialmente selecionado do canal <strong>De fora em Juiz de Fora<\/strong>, que conta com mais de 148 mil visualiza\u00e7\u00f5es, onde <strong>Tati Marmon<\/strong> mostra detalhadamente o que fazer em <strong>Vit\u00f3ria<\/strong>, com 7 dicas incr\u00edveis que incluem o <strong>Pier da Enseada do Su\u00e1<\/strong>, a famosa <strong>Ilha do Boi<\/strong> e a tradi\u00e7\u00e3o das <strong>Paneleiras de Goiabeiras<\/strong>:<\/p>\n\n\n\n<figure class=\"wp-block-embed is-type-video is-provider-youtube wp-block-embed-youtube wp-embed-aspect-16-9 wp-has-aspect-ratio\"><div class=\"wp-block-embed__wrapper\">\n<div class=\"jeg_video_container jeg_video_content\"><iframe loading=\"lazy\" title=\"O QUE FAZER EM VIT\u00d3RIA-ES: 7 dicas de lugares para conhecer na capital do Esp\u00edrito Santo\" width=\"500\" height=\"281\" src=\"https:\/\/www.youtube.com\/embed\/XLlwB02WlZI?feature=oembed\" frameborder=\"0\" allow=\"accelerometer; autoplay; clipboard-write; encrypted-media; gyroscope; picture-in-picture; web-share\" referrerpolicy=\"strict-origin-when-cross-origin\" allowfullscreen><\/iframe><\/div>\n<\/div><\/figure>\n\n\n\n<h2 class=\"wp-block-heading\">Como o clima tropical influencia o estilo de vida?<\/h2>\n\n\n\n<p>A cidade est\u00e1 situada ao n\u00edvel do mar, o que favorece a brisa oce\u00e2nica constante, aliviando o calor tropical t\u00edpico da latitude. <strong><a href=\"https:\/\/previsao.inmet.gov.br\/\" target=\"_blank\" rel=\"noreferrer noopener\">Dados meteorol\u00f3gicos de fontes como o INMET <\/a><\/strong>indicam que a temperatura se mant\u00e9m est\u00e1vel, raramente atingindo extremos desconfort\u00e1veis, o que convida \u00e0 vida ao ar livre o ano todo.<\/p>\n\n\n\n<p>O sol \u00e9 presen\u00e7a garantida na maior parte do ano. Mesmo nos meses mais chuvosos, as precipita\u00e7\u00f5es costumam ser passageiras, t\u00edpicas de regi\u00f5es costeiras tropicais, permitindo aproveitar as praias e parques.<\/p>\n\n\n\n<p>Confira o comportamento m\u00e9dio das temperaturas ao longo das esta\u00e7\u00f5es:<\/p>\n\n\n\n<ul class=\"wp-block-list\">\n<li class=\"has-medium-font-size\"><strong>Ver\u00e3o (Dezembro a Mar\u00e7o):<\/strong> O calor \u00e9 vibrante, com m\u00e9dias entre 24\u00b0C e 32\u00b0C, lotando as areias e os cal\u00e7ad\u00f5es.<\/li>\n\n\n\n<li class=\"has-medium-font-size\"><strong>Outono (Abril a Junho):<\/strong> A temperatura fica mais amena, oscilando de 22\u00b0C a 29\u00b0C, ideal para passeios nos parques.<\/li>\n\n\n\n<li class=\"has-medium-font-size\"><strong>Inverno (Julho a Setembro):<\/strong> A esta\u00e7\u00e3o \u00e9 seca e agrad\u00e1vel, com noites frescas em torno de 19\u00b0C e dias ensolarados de at\u00e9 26\u00b0C.<\/li>\n\n\n\n<li class=\"has-medium-font-size\"><strong>Primavera (Outubro a Novembro):<\/strong> A umidade aumenta preparando o ver\u00e3o, com term\u00f4metros marcando entre 21\u00b0C e 28\u00b0C.<\/li>\n<\/ul>\n\n\n\n<h2 class=\"wp-block-heading\">O segredo das Paneleiras e a verdadeira Moqueca<\/h2>\n\n\n\n<p>Uma curiosidade que define a identidade local \u00e9 a produ\u00e7\u00e3o artesanal das panelas de barro no bairro de <strong>Goiabeiras<\/strong>. As <strong>Paneleiras de Goiabeiras<\/strong> mant\u00eam viva uma tradi\u00e7\u00e3o de origem ind\u00edgena, reconhecida pelo IPHAN como Patrim\u00f4nio Cultural, e \u00e9 somente nessas panelas que se deve preparar a verdadeira Moqueca Capixaba.<\/p>\n\n\n\n<p>O segredo culin\u00e1rio que todo morador defende com orgulho \u00e9 a leveza do prato: diferentemente da vers\u00e3o baiana, a receita capixaba n\u00e3o leva azeite de dend\u00ea nem leite de coco. O uso de urucum e coentro fresco garante um sabor suave que ressalta o gosto do peixe e dos frutos do mar.<\/p>\n\n\n<div class=\"wp-block-image\">\n<figure class=\"aligncenter size-large\"><img decoding=\"async\" src=\"https:\/\/revistaforum.com.br\/forumtudo\/wp-content\/uploads\/2025\/10\/Vitoria-Brazil-\ud83c\udde7\ud83c\uddf7-_-4K-Drone-Footage-2-46-screenshot-1024x576.jpg\" alt=\"Vit\u00f3ria, Espirito Santo - Essa capital brasileira est\u00e1 encantando todos que buscam viver com mar, natureza e qualidade de vida\" class=\"wp-image-3270\"\/><figcaption class=\"wp-element-caption\">Vit\u00f3ria, capital do Esp\u00edrito Santo, \u00e9 ideal para quem quer unir praticidade e o prazer de viver perto do mar \/\/ Cr\u00e9ditos: YouTube.com\/@MTI.Aerials<\/figcaption><\/figure><\/div>\n\n\n<p><strong>Leia tamb\u00e9m: <a href=\"https:\/\/www.em.com.br\/emfoco\/2025\/12\/06\/o-paraiso-rustico-do-litoral-baiano-onde-carros-sao-proibidos-e-o-tempo-parece-desacelerar-entre-rio-e-mar\/\" target=\"_blank\" rel=\"noreferrer noopener\">O para\u00edso r\u00fastico do litoral baiano onde carros s\u00e3o proibidos e o tempo parece desacelerar entre rio e mar<\/a><\/strong><\/p>\n\n\n\n<h2 class=\"wp-block-heading\">Venha viver cercado pelo mar e pela modernidade<\/h2>\n\n\n\n<p>Escolher este destino \u00e9 optar por uma cidade que funciona, onde o tr\u00e2nsito flui melhor que em outras grandes metr\u00f3poles e a natureza est\u00e1 integrada ao concreto. As portas est\u00e3o abertas para quem deseja empreender ou simplesmente viver com a brisa do mar entrando pela janela.<\/p>\n\n\n\n<h2 class=\"wp-block-heading\">Destaques para sua experi\u00eancia na ilha<\/h2>\n\n\n\n<ul class=\"wp-block-list\">\n<li class=\"has-medium-font-size\"><strong>Gastronomia Aut\u00eantica:<\/strong> Visite a Ilha das Caieiras para provar a moqueca e a torta capixaba na fonte.<\/li>\n\n\n\n<li class=\"has-medium-font-size\"><strong>Vida Ativa:<\/strong> Aproveite os quil\u00f4metros de ciclovias \u00e0 beira-mar em Camburi e na Curva da Jurema.<\/li>\n\n\n\n<li class=\"has-medium-font-size\"><strong>Cultura Viva:<\/strong> Conhe\u00e7a o galp\u00e3o das Paneleiras e leve para casa um patrim\u00f4nio imaterial do Brasil.<\/li>\n<\/ul>\n","protected":false},"excerpt":{"rendered":"<p>Vit\u00f3ria destaca-se no cen\u00e1rio nacional como uma ilha-capital que equilibra perfeitamente o dinamismo econ\u00f4mico com a tranquilidade litor\u00e2nea. Segundo estimativas recentes do Instituto Brasileiro de Geografia e Estat\u00edstica (IBGE), a cidade abriga cerca de 343 mil habitantes e integra uma regi\u00e3o metropolitana vibrante ao lado de vizinhas estrat\u00e9gicas como Vila Velha, Serra e Cariacica. A [&hellip;]<\/p>\n","protected":false},"author":6,"featured_media":137000,"comment_status":"open","ping_status":"open","sticky":false,"template":"","format":"standard","meta":{"jnews-multi-image_gallery":[],"jnews_single_post":{"format":"standard"},"jnews_primary_category":[],"jnews_social_meta":[],"jnews_override_counter":[],"footnotes":""},"categories":[26],"tags":[183,2170,243],"class_list":["post-136973","post","type-post","status-publish","format-standard","has-post-thumbnail","hentry","category-cidades","tag-cidades","tag-espirito-santo","tag-vitoria"],"yoast_head":"<!-- This site is optimized with the Yoast SEO plugin v23.8 - https:\/\/yoast.com\/wordpress\/plugins\/seo\/ -->\n<title>A joia litor\u00e2nea do Sudeste que se tornou refer\u00eancia em qualidade de vida e modernidade - Estado de Minas - Em foco<\/title>\n<meta name=\"description\" content=\"\u00c0 beira-mar, esta joia do Sudeste re\u00fane modernidade, belas praias e servi\u00e7os que elevaram sua qualidade de vida.\" \/>\n<meta name=\"robots\" content=\"index, follow, max-snippet:-1, max-image-preview:large, max-video-preview:-1\" \/>\n<link rel=\"canonical\" href=\"https:\/\/www.em.com.br\/emfoco\/2025\/12\/07\/a-joia-litoranea-do-sudeste-que-se-tornou-referencia-em-qualidade-de-vida-e-modernidade\/\" \/>\n<meta property=\"og:locale\" content=\"pt_BR\" \/>\n<meta property=\"og:type\" content=\"article\" \/>\n<meta property=\"og:title\" content=\"A joia litor\u00e2nea do Sudeste que se tornou refer\u00eancia em qualidade de vida e modernidade - Estado de Minas - Em foco\" \/>\n<meta property=\"og:description\" content=\"\u00c0 beira-mar, esta joia do Sudeste re\u00fane modernidade, belas praias e servi\u00e7os que elevaram sua qualidade de vida.\" \/>\n<meta property=\"og:url\" content=\"https:\/\/www.em.com.br\/emfoco\/2025\/12\/07\/a-joia-litoranea-do-sudeste-que-se-tornou-referencia-em-qualidade-de-vida-e-modernidade\/\" \/>\n<meta property=\"og:site_name\" content=\"Estado de Minas - Em foco\" \/>\n<meta property=\"article:published_time\" content=\"2025-12-07T22:55:00+00:00\" \/>\n<meta property=\"article:modified_time\" content=\"2025-12-07T01:49:29+00:00\" \/>\n<meta property=\"og:image\" content=\"https:\/\/www.em.com.br\/emfoco\/wp-content\/uploads\/2025\/12\/image-18.png\" \/>\n\t<meta property=\"og:image:width\" content=\"1280\" \/>\n\t<meta property=\"og:image:height\" content=\"721\" \/>\n\t<meta property=\"og:image:type\" content=\"image\/png\" \/>\n<meta name=\"author\" content=\"Vitor Bruno\" \/>\n<meta name=\"twitter:card\" content=\"summary_large_image\" \/>\n<meta name=\"twitter:label1\" content=\"Escrito por\" \/>\n\t<meta name=\"twitter:data1\" content=\"Vitor Bruno\" \/>\n\t<meta name=\"twitter:label2\" content=\"Est. tempo de leitura\" \/>\n\t<meta name=\"twitter:data2\" content=\"6 minutos\" \/>\n<!-- \/ Yoast SEO plugin. -->","yoast_head_json":{"title":"A joia litor\u00e2nea do Sudeste que se tornou refer\u00eancia em qualidade de vida e modernidade - Estado de Minas - Em foco","description":"\u00c0 beira-mar, esta joia do Sudeste re\u00fane modernidade, belas praias e servi\u00e7os que elevaram sua qualidade de vida.","robots":{"index":"index","follow":"follow","max-snippet":"max-snippet:-1","max-image-preview":"max-image-preview:large","max-video-preview":"max-video-preview:-1"},"canonical":"https:\/\/www.em.com.br\/emfoco\/2025\/12\/07\/a-joia-litoranea-do-sudeste-que-se-tornou-referencia-em-qualidade-de-vida-e-modernidade\/","og_locale":"pt_BR","og_type":"article","og_title":"A joia litor\u00e2nea do Sudeste que se tornou refer\u00eancia em qualidade de vida e modernidade - Estado de Minas - Em foco","og_description":"\u00c0 beira-mar, esta joia do Sudeste re\u00fane modernidade, belas praias e servi\u00e7os que elevaram sua qualidade de vida.","og_url":"https:\/\/www.em.com.br\/emfoco\/2025\/12\/07\/a-joia-litoranea-do-sudeste-que-se-tornou-referencia-em-qualidade-de-vida-e-modernidade\/","og_site_name":"Estado de Minas - Em foco","article_published_time":"2025-12-07T22:55:00+00:00","article_modified_time":"2025-12-07T01:49:29+00:00","og_image":[{"width":1280,"height":721,"url":"https:\/\/www.em.com.br\/emfoco\/wp-content\/uploads\/2025\/12\/image-18.png","type":"image\/png"}],"author":"Vitor Bruno","twitter_card":"summary_large_image","twitter_misc":{"Escrito por":"Vitor Bruno","Est. tempo de leitura":"6 minutos"},"schema":{"@context":"https:\/\/schema.org","@graph":[{"@type":"WebPage","@id":"https:\/\/www.em.com.br\/emfoco\/2025\/12\/07\/a-joia-litoranea-do-sudeste-que-se-tornou-referencia-em-qualidade-de-vida-e-modernidade\/","url":"https:\/\/www.em.com.br\/emfoco\/2025\/12\/07\/a-joia-litoranea-do-sudeste-que-se-tornou-referencia-em-qualidade-de-vida-e-modernidade\/","name":"A joia litor\u00e2nea do Sudeste que se tornou refer\u00eancia em qualidade de vida e modernidade - Estado de Minas - Em foco","isPartOf":{"@id":"https:\/\/www.em.com.br\/emfoco\/#website"},"primaryImageOfPage":{"@id":"https:\/\/www.em.com.br\/emfoco\/2025\/12\/07\/a-joia-litoranea-do-sudeste-que-se-tornou-referencia-em-qualidade-de-vida-e-modernidade\/#primaryimage"},"image":{"@id":"https:\/\/www.em.com.br\/emfoco\/2025\/12\/07\/a-joia-litoranea-do-sudeste-que-se-tornou-referencia-em-qualidade-de-vida-e-modernidade\/#primaryimage"},"thumbnailUrl":"https:\/\/www.em.com.br\/emfoco\/wp-content\/uploads\/2025\/12\/image-18.png","datePublished":"2025-12-07T22:55:00+00:00","dateModified":"2025-12-07T01:49:29+00:00","author":{"@id":"https:\/\/www.em.com.br\/emfoco\/#\/schema\/person\/364ac1852fafd00f1be20f0b8b237569"},"description":"\u00c0 beira-mar, esta joia do Sudeste re\u00fane modernidade, belas praias e servi\u00e7os que elevaram sua qualidade de vida.","breadcrumb":{"@id":"https:\/\/www.em.com.br\/emfoco\/2025\/12\/07\/a-joia-litoranea-do-sudeste-que-se-tornou-referencia-em-qualidade-de-vida-e-modernidade\/#breadcrumb"},"inLanguage":"pt-BR","potentialAction":[{"@type":"ReadAction","target":["https:\/\/www.em.com.br\/emfoco\/2025\/12\/07\/a-joia-litoranea-do-sudeste-que-se-tornou-referencia-em-qualidade-de-vida-e-modernidade\/"]}]},{"@type":"ImageObject","inLanguage":"pt-BR","@id":"https:\/\/www.em.com.br\/emfoco\/2025\/12\/07\/a-joia-litoranea-do-sudeste-que-se-tornou-referencia-em-qualidade-de-vida-e-modernidade\/#primaryimage","url":"https:\/\/www.em.com.br\/emfoco\/wp-content\/uploads\/2025\/12\/image-18.png","contentUrl":"https:\/\/www.em.com.br\/emfoco\/wp-content\/uploads\/2025\/12\/image-18.png","width":1280,"height":721,"caption":"Vit\u00f3ria destaca-se no cen\u00e1rio nacional como uma ilha-capital que equilibra perfeitamente o dinamismo econ\u00f4mico com a tranquilidade litor\u00e2nea (imagem ilustrativa)"},{"@type":"BreadcrumbList","@id":"https:\/\/www.em.com.br\/emfoco\/2025\/12\/07\/a-joia-litoranea-do-sudeste-que-se-tornou-referencia-em-qualidade-de-vida-e-modernidade\/#breadcrumb","itemListElement":[{"@type":"ListItem","position":1,"name":"In\u00edcio","item":"https:\/\/www.em.com.br\/emfoco\/"},{"@type":"ListItem","position":2,"name":"A joia litor\u00e2nea do Sudeste que se tornou refer\u00eancia em qualidade de vida e modernidade"}]},{"@type":"WebSite","@id":"https:\/\/www.em.com.br\/emfoco\/#website","url":"https:\/\/www.em.com.br\/emfoco\/","name":"Estado de Minas - Em foco","description":"Acompanhe as \u00faltimas not\u00edcias e fique bem informado sobre tudo o que acontece em Minas Gerais, Brasil e no mundo.","potentialAction":[{"@type":"SearchAction","target":{"@type":"EntryPoint","urlTemplate":"https:\/\/www.em.com.br\/emfoco\/?s={search_term_string}"},"query-input":{"@type":"PropertyValueSpecification","valueRequired":true,"valueName":"search_term_string"}}],"inLanguage":"pt-BR"},{"@type":"Person","@id":"https:\/\/www.em.com.br\/emfoco\/#\/schema\/person\/364ac1852fafd00f1be20f0b8b237569","name":"Vitor Bruno","image":{"@type":"ImageObject","inLanguage":"pt-BR","@id":"https:\/\/www.em.com.br\/emfoco\/#\/schema\/person\/image\/","url":"https:\/\/secure.gravatar.com\/avatar\/b719e5cdede09f942064960883b5524d?s=96&d=mm&r=g","contentUrl":"https:\/\/secure.gravatar.com\/avatar\/b719e5cdede09f942064960883b5524d?s=96&d=mm&r=g","caption":"Vitor Bruno"},"sameAs":["https:\/\/www.em.com.br\/emfoco\/"],"url":"https:\/\/www.em.com.br\/emfoco\/author\/vitormyth\/"}]}},"_links":{"self":[{"href":"https:\/\/www.em.com.br\/emfoco\/wp-json\/wp\/v2\/posts\/136973","targetHints":{"allow":["GET"]}}],"collection":[{"href":"https:\/\/www.em.com.br\/emfoco\/wp-json\/wp\/v2\/posts"}],"about":[{"href":"https:\/\/www.em.com.br\/emfoco\/wp-json\/wp\/v2\/types\/post"}],"author":[{"embeddable":true,"href":"https:\/\/www.em.com.br\/emfoco\/wp-json\/wp\/v2\/users\/6"}],"replies":[{"embeddable":true,"href":"https:\/\/www.em.com.br\/emfoco\/wp-json\/wp\/v2\/comments?post=136973"}],"version-history":[{"count":3,"href":"https:\/\/www.em.com.br\/emfoco\/wp-json\/wp\/v2\/posts\/136973\/revisions"}],"predecessor-version":[{"id":137058,"href":"https:\/\/www.em.com.br\/emfoco\/wp-json\/wp\/v2\/posts\/136973\/revisions\/137058"}],"wp:featuredmedia":[{"embeddable":true,"href":"https:\/\/www.em.com.br\/emfoco\/wp-json\/wp\/v2\/media\/137000"}],"wp:attachment":[{"href":"https:\/\/www.em.com.br\/emfoco\/wp-json\/wp\/v2\/media?parent=136973"}],"wp:term":[{"taxonomy":"category","embeddable":true,"href":"https:\/\/www.em.com.br\/emfoco\/wp-json\/wp\/v2\/categories?post=136973"},{"taxonomy":"post_tag","embeddable":true,"href":"https:\/\/www.em.com.br\/emfoco\/wp-json\/wp\/v2\/tags?post=136973"}],"curies":[{"name":"wp","href":"https:\/\/api.w.org\/{rel}","templated":true}]}}