{"id":136967,"date":"2025-12-07T11:25:00","date_gmt":"2025-12-07T14:25:00","guid":{"rendered":"https:\/\/www.em.com.br\/emfoco\/?p=136967"},"modified":"2025-12-06T22:47:19","modified_gmt":"2025-12-07T01:47:19","slug":"aguas-quentes-e-tranquilidade-fazem-desta-cidade-um-paraiso-de-descanso-no-centro-do-brasil","status":"publish","type":"post","link":"https:\/\/www.em.com.br\/emfoco\/2025\/12\/07\/aguas-quentes-e-tranquilidade-fazem-desta-cidade-um-paraiso-de-descanso-no-centro-do-brasil\/","title":{"rendered":"\u00c1guas quentes e tranquilidade fazem desta cidade um para\u00edso de descanso no centro do Brasil"},"content":{"rendered":"\n<p><strong>Caldas Novas<\/strong> \u00e9 o destino perfeito para quem busca o relaxamento absoluto em \u00e1guas naturalmente aquecidas, consolidando-se internacionalmente como a &#8220;Maior Est\u00e2ncia Hidrotermal do Mundo&#8221;. Localizada no cora\u00e7\u00e3o de <strong>Goi\u00e1s<\/strong>, a cidade possui cerca de <strong>106 mil habitantes<\/strong> segundo estimativas recentes, funcionando como um o\u00e1sis de bem-estar no <strong>Centro-Oeste<\/strong>.<\/p>\n\n\n\n<p>A localiza\u00e7\u00e3o estrat\u00e9gica facilita o acesso, estando a aproximadamente 170 km de <strong>Goi\u00e2nia<\/strong> e pr\u00f3xima a <strong>Bras\u00edlia<\/strong>, permitindo escapadas r\u00e1pidas de fim de semana. Al\u00e9m disso, o munic\u00edpio forma um corredor tur\u00edstico integrado com a vizinha <strong>Rio Quente<\/strong>, oferecendo aos visitantes uma diversidade rara de lazer na mesma viagem.<\/p>\n\n\n\n<h2 class=\"wp-block-heading\">Por que as \u00e1guas quentes conquistam tantos viajantes?<\/h2>\n\n\n\n<p>O principal atrativo da regi\u00e3o \u00e9 a experi\u00eancia terap\u00eautica de mergulhar em piscinas naturais com temperaturas que variam entre 34\u00baC e 58\u00baC. Essa caracter\u00edstica transforma a cidade em um spa a c\u00e9u aberto, ideal para aliviar o estresse acumulado e dores musculares.<\/p>\n\n\n\n<p>A infraestrutura hoteleira \u00e9 vasta, oferecendo desde resorts de luxo at\u00e9 flats acess\u00edveis, todos preparados para receber fam\u00edlias inteiras com conforto. \u00c9 o tipo de viagem que agrada da crian\u00e7a ao idoso, pois une a adrenalina dos parques aqu\u00e1ticos ao relaxamento do banho termal.<\/p>\n\n\n<div class=\"wp-block-image\">\n<figure class=\"aligncenter size-large\"><img decoding=\"async\" src=\"https:\/\/revistaoeste.com\/oestegeral\/wp-content\/uploads\/2025\/07\/PLJ-DRONES-182-4K-Drone-Caldas-Novas-drone-caldasnovas-caldasnovasgo-goias-cidades-cidadesdobrasil-10q0PowSVcc-1280x720-10m30s-1024x576.jpg\" alt=\"Caldas Novas, Goi\u00e1s \u2013 cidade que conquista brasileiros e estrangeiros com suas \u00e1guas termais e atmosfera de puro relaxamento\" class=\"wp-image-11288\"\/><figcaption class=\"wp-element-caption\">Caldas Novas que conquista brasileiros e estrangeiros com suas \u00e1guas termais e atmosfera de puro relaxamento. \/\/ Cr\u00e9ditos: www.youtube.com\/@pljdrones<\/figcaption><\/figure><\/div>\n\n\n<h2 class=\"wp-block-heading\">O que fazer: Um roteiro al\u00e9m das piscinas<\/h2>\n\n\n\n<p>Embora os clubes sejam as grandes estrelas, o turismo ecol\u00f3gico reserva surpresas inesquec\u00edveis para quem explora os arredores. O <strong>Lago Corumb\u00e1<\/strong> \u00e9 uma parada obrigat\u00f3ria para os amantes de esportes n\u00e1uticos, passeios de lancha e uma vista panor\u00e2mica que rende fotos espetaculares ao p\u00f4r do sol.<\/p>\n\n\n\n<p>Para quem deseja contato direto com a natureza preservada, o <strong><a href=\"https:\/\/goias.gov.br\/meioambiente\/parque-estadual-da-serra-de-caldas-novas-pescan\/\" target=\"_blank\" rel=\"noreferrer noopener\">Parque Estadual da Serra de Caldas Novas<\/a><\/strong> (PESCAN) oferece trilhas que levam a cachoeiras de \u00e1gua fria, perfeitas para refrescar o corpo ap\u00f3s dias de imers\u00e3o t\u00e9rmica. Outro ponto de paz \u00e9 o <strong>Jardim Japon\u00eas<\/strong>, um espa\u00e7o zen com paisagismo impec\u00e1vel que remete \u00e0 cultura oriental.<\/p>\n\n\n\n<p>Quem busca relaxar nas maiores est\u00e2ncias hidrotermais do mundo, vai curtir esse v\u00eddeo especialmente selecionado do canal <strong>To De F\u00e9rias<\/strong>, que conta com mais de 8 mil visualiza\u00e7\u00f5es, onde o narrador mostra detalhadamente o que fazer em <strong>Caldas Novas<\/strong>, explorando desde os famosos parques aqu\u00e1ticos como o <strong>Hot Park<\/strong> e o <strong>Lagoa Termas Parque<\/strong>, at\u00e9 atra\u00e7\u00f5es culturais como o <strong>Casar\u00e3o dos Gonzaga<\/strong> e o <strong>Jardim Japon\u00eas<\/strong>:<\/p>\n\n\n\n<figure class=\"wp-block-embed is-type-video is-provider-youtube wp-block-embed-youtube wp-embed-aspect-16-9 wp-has-aspect-ratio\"><div class=\"wp-block-embed__wrapper\">\n<div class=\"jeg_video_container jeg_video_content\"><iframe loading=\"lazy\" title=\"15 Locais Incr\u00edveis Que Voc\u00ea Precisa Conhecer Em Caldas Novas | O Que Fazer Em Caldas Novas\" width=\"500\" height=\"281\" src=\"https:\/\/www.youtube.com\/embed\/T-AsvF0qolk?feature=oembed\" frameborder=\"0\" allow=\"accelerometer; autoplay; clipboard-write; encrypted-media; gyroscope; picture-in-picture; web-share\" referrerpolicy=\"strict-origin-when-cross-origin\" allowfullscreen><\/iframe><\/div>\n<\/div><\/figure>\n\n\n\n<h2 class=\"wp-block-heading\">Qual \u00e9 a melhor \u00e9poca para visitar e como \u00e9 o clima?<\/h2>\n\n\n\n<p>O clima tropical semi\u00famido garante dias de sol na maior parte do ano, mas a escolha da data depende do objetivo da sua viagem. Dados meteorol\u00f3gicos de fontes como o <a href=\"https:\/\/www.climatempo.com.br\/previsao-do-tempo\/cidade\/725\/caldasnovas-go\" target=\"_blank\" rel=\"noreferrer noopener\"><strong>Climatempo<\/strong> <\/a>indicam uma temperatura m\u00e9dia anual agrad\u00e1vel, oscilando geralmente entre 21\u00b0C e 32\u00b0C.<\/p>\n\n\n\n<p>A din\u00e2mica da cidade muda conforme o calend\u00e1rio de chuvas e a temperatura ambiente. Entender essas varia\u00e7\u00f5es ajuda a montar a mala correta e alinhar as expectativas sobre a lota\u00e7\u00e3o:<\/p>\n\n\n\n<ul class=\"wp-block-list has-medium-font-size\">\n<li class=\"has-medium-font-size\"><strong>Inverno (Maio a Agosto):<\/strong> Considerada a melhor \u00e9poca, com pouca chuva e noites frescas (m\u00ednimas de 16\u00b0C), criando um contraste delicioso com a \u00e1gua quente.<\/li>\n\n\n\n<li class=\"has-medium-font-size\"><strong>Primavera e Ver\u00e3o (Setembro a Mar\u00e7o):<\/strong> O calor aumenta, com m\u00e1ximas superando 30\u00b0C, e as chuvas de ver\u00e3o revitalizam a vegeta\u00e7\u00e3o do Cerrado.<\/li>\n\n\n\n<li class=\"has-medium-font-size\"><strong>Outono (Abril e Maio):<\/strong> Per\u00edodo de transi\u00e7\u00e3o com clima ameno e pre\u00e7os de hospedagem geralmente mais atrativos fora dos feriados.<\/li>\n<\/ul>\n\n\n\n<h2 class=\"wp-block-heading\">O segredo geol\u00f3gico e hist\u00f3rico que poucos conhecem<\/h2>\n\n\n\n<p>Muitos turistas acreditam que o aquecimento das \u00e1guas tem origem vulc\u00e2nica, mas a ci\u00eancia revela uma curiosidade fascinante: o fen\u00f4meno \u00e9 geot\u00e9rmico. A \u00e1gua da chuva penetra profundamente no solo e \u00e9 aquecida pelo calor natural das camadas internas da Terra, retornando \u00e0 superf\u00edcie sob press\u00e3o.<\/p>\n\n\n\n<p>Na parte hist\u00f3rica, a joia escondida \u00e9 o <strong>Casar\u00e3o dos Gonzaga<\/strong>. Sendo uma das constru\u00e7\u00f5es mais antigas da cidade, ele preserva a arquitetura colonial e a hist\u00f3ria da funda\u00e7\u00e3o local, servindo hoje como um centro de apoio ao artesanato que vale a visita cultural.<\/p>\n\n\n\n<h2 class=\"wp-block-heading\">Gastronomia e vida noturna para encerrar o dia<\/h2>\n\n\n\n<p>Ao cair da noite, o centro ganha vida, especialmente na famosa <strong>Feira do Luar<\/strong>, onde o artesanato local divide espa\u00e7o com barracas de comida t\u00edpica. \u00c9 o lugar ideal para provar o aut\u00eantico <strong>Empad\u00e3o Goiano<\/strong> ou comprar doces caseiros de frutas do Cerrado.<\/p>\n\n\n\n<p>A pra\u00e7a onde fica a <strong>Igreja Matriz Nossa Senhora das Dores<\/strong> \u00e9 cercada de bares e restaurantes com m\u00fasica ao vivo, oferecendo um ambiente seguro e familiar. A hospitalidade goiana se destaca aqui, com um atendimento caloroso que faz o visitante se sentir em casa.<\/p>\n\n\n<div class=\"wp-block-image\">\n<figure class=\"aligncenter size-large\"><img decoding=\"async\" src=\"https:\/\/revistaforum.com.br\/forumtudo\/wp-content\/uploads\/2025\/10\/PLJ-DRONES-182-4K-Drone-Caldas-Novas-drone-caldasnovas-caldasnovasgo-goias-cidades-cidadesdobrasil-10q0PowSVcc-1280x720-13m08s-1024x576.jpg\" alt=\"Caldas Novas - Cidade no interior de Goi\u00e1s impressiona com paisagens que parecem de outro mundo\" class=\"wp-image-4654\"\/><figcaption class=\"wp-element-caption\">Caldas Novas, em Goi\u00e1s, impressiona com paisagens que parecem de outro mundo \/\/ Cr\u00e9ditos: www.youtube.com\/@pljdrones<\/figcaption><\/figure><\/div>\n\n\n<p><strong>Leia tamb\u00e9m: <a href=\"https:\/\/www.em.com.br\/emfoco\/2025\/12\/06\/o-paraiso-rustico-do-litoral-baiano-onde-carros-sao-proibidos-e-o-tempo-parece-desacelerar-entre-rio-e-mar\/\" target=\"_blank\" rel=\"noreferrer noopener\">O para\u00edso r\u00fastico do litoral baiano onde carros s\u00e3o proibidos e o tempo parece desacelerar entre rio e mar<\/a><\/strong><\/p>\n\n\n\n<h2 class=\"wp-block-heading\">Prepare-se para renovar as energias<\/h2>\n\n\n\n<p>Resumo para sua viagem perfeita:<\/p>\n\n\n\n<ul class=\"wp-block-list\">\n<li class=\"has-medium-font-size\"><strong>Foco no Relaxamento:<\/strong> Aproveite o contraste t\u00e9rmico visitando a cidade preferencialmente nos meses de inverno e seca.<\/li>\n\n\n\n<li class=\"has-medium-font-size\"><strong>Roteiro H\u00edbrido:<\/strong> Intercale os dias de parque aqu\u00e1tico com visitas ao Lago Corumb\u00e1 e ao Parque Estadual.<\/li>\n\n\n\n<li class=\"has-medium-font-size\"><strong>Cultura Local:<\/strong> N\u00e3o deixe de visitar a Feira do Luar e o Casar\u00e3o hist\u00f3rico para uma experi\u00eancia completa.<\/li>\n<\/ul>\n\n\n\n<p>Visitar este destino \u00e9 garantir mem\u00f3rias de descanso profundo e divers\u00e3o segura em um ambiente moldado pela natureza para o bem-estar humano. Organize sua agenda, prepare a roupa de banho e venha sentir o abra\u00e7o caloroso dessas \u00e1guas.<\/p>\n","protected":false},"excerpt":{"rendered":"<p>Caldas Novas \u00e9 o destino perfeito para quem busca o relaxamento absoluto em \u00e1guas naturalmente aquecidas, consolidando-se internacionalmente como a &#8220;Maior Est\u00e2ncia Hidrotermal do Mundo&#8221;. Localizada no cora\u00e7\u00e3o de Goi\u00e1s, a cidade possui cerca de 106 mil habitantes segundo estimativas recentes, funcionando como um o\u00e1sis de bem-estar no Centro-Oeste. A localiza\u00e7\u00e3o estrat\u00e9gica facilita o acesso, [&hellip;]<\/p>\n","protected":false},"author":6,"featured_media":137021,"comment_status":"open","ping_status":"open","sticky":false,"template":"","format":"standard","meta":{"jnews-multi-image_gallery":[],"jnews_single_post":{"format":"standard"},"jnews_primary_category":[],"jnews_social_meta":[],"jnews_override_counter":[],"footnotes":""},"categories":[26],"tags":[183,2088,8552],"class_list":["post-136967","post","type-post","status-publish","format-standard","has-post-thumbnail","hentry","category-cidades","tag-cidades","tag-japao","tag-toquio"],"yoast_head":"<!-- This site is optimized with the Yoast SEO plugin v23.8 - https:\/\/yoast.com\/wordpress\/plugins\/seo\/ -->\n<title>\u00c1guas quentes e tranquilidade fazem desta cidade um para\u00edso de descanso no centro do Brasil - Estado de Minas - Em foco<\/title>\n<meta name=\"description\" content=\"Fontes termais, clima calmo e f\u00e1cil acesso transformam esta cidade em um dos melhores ref\u00fagios de descanso do Centro-Oeste.\" \/>\n<meta name=\"robots\" content=\"index, follow, max-snippet:-1, max-image-preview:large, max-video-preview:-1\" \/>\n<link rel=\"canonical\" href=\"https:\/\/www.em.com.br\/emfoco\/2025\/12\/07\/aguas-quentes-e-tranquilidade-fazem-desta-cidade-um-paraiso-de-descanso-no-centro-do-brasil\/\" \/>\n<meta property=\"og:locale\" content=\"pt_BR\" \/>\n<meta property=\"og:type\" content=\"article\" \/>\n<meta property=\"og:title\" content=\"\u00c1guas quentes e tranquilidade fazem desta cidade um para\u00edso de descanso no centro do Brasil - Estado de Minas - Em foco\" \/>\n<meta property=\"og:description\" content=\"Fontes termais, clima calmo e f\u00e1cil acesso transformam esta cidade em um dos melhores ref\u00fagios de descanso do Centro-Oeste.\" \/>\n<meta property=\"og:url\" content=\"https:\/\/www.em.com.br\/emfoco\/2025\/12\/07\/aguas-quentes-e-tranquilidade-fazem-desta-cidade-um-paraiso-de-descanso-no-centro-do-brasil\/\" \/>\n<meta property=\"og:site_name\" content=\"Estado de Minas - Em foco\" \/>\n<meta property=\"article:published_time\" content=\"2025-12-07T14:25:00+00:00\" \/>\n<meta property=\"article:modified_time\" content=\"2025-12-07T01:47:19+00:00\" \/>\n<meta property=\"og:image\" content=\"https:\/\/www.em.com.br\/emfoco\/wp-content\/uploads\/2025\/12\/PLJ-DRONES-182-4K-Drone-Caldas-Novas-drone-caldasnovas-caldasnovasgo-goias-cidades-cidadesdobrasil-10q0PowSVcc-1280x720-16m13s.jpg\" \/>\n\t<meta property=\"og:image:width\" content=\"1280\" \/>\n\t<meta property=\"og:image:height\" content=\"720\" \/>\n\t<meta property=\"og:image:type\" content=\"image\/jpeg\" \/>\n<meta name=\"author\" content=\"Vitor Bruno\" \/>\n<meta name=\"twitter:card\" content=\"summary_large_image\" \/>\n<meta name=\"twitter:label1\" content=\"Escrito por\" \/>\n\t<meta name=\"twitter:data1\" content=\"Vitor Bruno\" \/>\n\t<meta name=\"twitter:label2\" content=\"Est. tempo de leitura\" \/>\n\t<meta name=\"twitter:data2\" content=\"6 minutos\" \/>\n<!-- \/ Yoast SEO plugin. -->","yoast_head_json":{"title":"\u00c1guas quentes e tranquilidade fazem desta cidade um para\u00edso de descanso no centro do Brasil - Estado de Minas - Em foco","description":"Fontes termais, clima calmo e f\u00e1cil acesso transformam esta cidade em um dos melhores ref\u00fagios de descanso do Centro-Oeste.","robots":{"index":"index","follow":"follow","max-snippet":"max-snippet:-1","max-image-preview":"max-image-preview:large","max-video-preview":"max-video-preview:-1"},"canonical":"https:\/\/www.em.com.br\/emfoco\/2025\/12\/07\/aguas-quentes-e-tranquilidade-fazem-desta-cidade-um-paraiso-de-descanso-no-centro-do-brasil\/","og_locale":"pt_BR","og_type":"article","og_title":"\u00c1guas quentes e tranquilidade fazem desta cidade um para\u00edso de descanso no centro do Brasil - Estado de Minas - Em foco","og_description":"Fontes termais, clima calmo e f\u00e1cil acesso transformam esta cidade em um dos melhores ref\u00fagios de descanso do Centro-Oeste.","og_url":"https:\/\/www.em.com.br\/emfoco\/2025\/12\/07\/aguas-quentes-e-tranquilidade-fazem-desta-cidade-um-paraiso-de-descanso-no-centro-do-brasil\/","og_site_name":"Estado de Minas - Em foco","article_published_time":"2025-12-07T14:25:00+00:00","article_modified_time":"2025-12-07T01:47:19+00:00","og_image":[{"width":1280,"height":720,"url":"https:\/\/www.em.com.br\/emfoco\/wp-content\/uploads\/2025\/12\/PLJ-DRONES-182-4K-Drone-Caldas-Novas-drone-caldasnovas-caldasnovasgo-goias-cidades-cidadesdobrasil-10q0PowSVcc-1280x720-16m13s.jpg","type":"image\/jpeg"}],"author":"Vitor Bruno","twitter_card":"summary_large_image","twitter_misc":{"Escrito por":"Vitor Bruno","Est. tempo de leitura":"6 minutos"},"schema":{"@context":"https:\/\/schema.org","@graph":[{"@type":"WebPage","@id":"https:\/\/www.em.com.br\/emfoco\/2025\/12\/07\/aguas-quentes-e-tranquilidade-fazem-desta-cidade-um-paraiso-de-descanso-no-centro-do-brasil\/","url":"https:\/\/www.em.com.br\/emfoco\/2025\/12\/07\/aguas-quentes-e-tranquilidade-fazem-desta-cidade-um-paraiso-de-descanso-no-centro-do-brasil\/","name":"\u00c1guas quentes e tranquilidade fazem desta cidade um para\u00edso de descanso no centro do Brasil - Estado de Minas - Em foco","isPartOf":{"@id":"https:\/\/www.em.com.br\/emfoco\/#website"},"primaryImageOfPage":{"@id":"https:\/\/www.em.com.br\/emfoco\/2025\/12\/07\/aguas-quentes-e-tranquilidade-fazem-desta-cidade-um-paraiso-de-descanso-no-centro-do-brasil\/#primaryimage"},"image":{"@id":"https:\/\/www.em.com.br\/emfoco\/2025\/12\/07\/aguas-quentes-e-tranquilidade-fazem-desta-cidade-um-paraiso-de-descanso-no-centro-do-brasil\/#primaryimage"},"thumbnailUrl":"https:\/\/www.em.com.br\/emfoco\/wp-content\/uploads\/2025\/12\/PLJ-DRONES-182-4K-Drone-Caldas-Novas-drone-caldasnovas-caldasnovasgo-goias-cidades-cidadesdobrasil-10q0PowSVcc-1280x720-16m13s.jpg","datePublished":"2025-12-07T14:25:00+00:00","dateModified":"2025-12-07T01:47:19+00:00","author":{"@id":"https:\/\/www.em.com.br\/emfoco\/#\/schema\/person\/364ac1852fafd00f1be20f0b8b237569"},"description":"Fontes termais, clima calmo e f\u00e1cil acesso transformam esta cidade em um dos melhores ref\u00fagios de descanso do Centro-Oeste.","breadcrumb":{"@id":"https:\/\/www.em.com.br\/emfoco\/2025\/12\/07\/aguas-quentes-e-tranquilidade-fazem-desta-cidade-um-paraiso-de-descanso-no-centro-do-brasil\/#breadcrumb"},"inLanguage":"pt-BR","potentialAction":[{"@type":"ReadAction","target":["https:\/\/www.em.com.br\/emfoco\/2025\/12\/07\/aguas-quentes-e-tranquilidade-fazem-desta-cidade-um-paraiso-de-descanso-no-centro-do-brasil\/"]}]},{"@type":"ImageObject","inLanguage":"pt-BR","@id":"https:\/\/www.em.com.br\/emfoco\/2025\/12\/07\/aguas-quentes-e-tranquilidade-fazem-desta-cidade-um-paraiso-de-descanso-no-centro-do-brasil\/#primaryimage","url":"https:\/\/www.em.com.br\/emfoco\/wp-content\/uploads\/2025\/12\/PLJ-DRONES-182-4K-Drone-Caldas-Novas-drone-caldasnovas-caldasnovasgo-goias-cidades-cidadesdobrasil-10q0PowSVcc-1280x720-16m13s.jpg","contentUrl":"https:\/\/www.em.com.br\/emfoco\/wp-content\/uploads\/2025\/12\/PLJ-DRONES-182-4K-Drone-Caldas-Novas-drone-caldasnovas-caldasnovasgo-goias-cidades-cidadesdobrasil-10q0PowSVcc-1280x720-16m13s.jpg","width":1280,"height":720,"caption":"Conhecida como a maior est\u00e2ncia hidrotermal do mundo, Caldas Novas atrai milh\u00f5es de turistas com suas fontes quentes e paisagens \u00fanicas. \/\/ Cr\u00e9ditos: www.youtube.com\/@pljdrones"},{"@type":"BreadcrumbList","@id":"https:\/\/www.em.com.br\/emfoco\/2025\/12\/07\/aguas-quentes-e-tranquilidade-fazem-desta-cidade-um-paraiso-de-descanso-no-centro-do-brasil\/#breadcrumb","itemListElement":[{"@type":"ListItem","position":1,"name":"In\u00edcio","item":"https:\/\/www.em.com.br\/emfoco\/"},{"@type":"ListItem","position":2,"name":"\u00c1guas quentes e tranquilidade fazem desta cidade um para\u00edso de descanso no centro do Brasil"}]},{"@type":"WebSite","@id":"https:\/\/www.em.com.br\/emfoco\/#website","url":"https:\/\/www.em.com.br\/emfoco\/","name":"Estado de Minas - Em foco","description":"Acompanhe as \u00faltimas not\u00edcias e fique bem informado sobre tudo o que acontece em Minas Gerais, Brasil e no mundo.","potentialAction":[{"@type":"SearchAction","target":{"@type":"EntryPoint","urlTemplate":"https:\/\/www.em.com.br\/emfoco\/?s={search_term_string}"},"query-input":{"@type":"PropertyValueSpecification","valueRequired":true,"valueName":"search_term_string"}}],"inLanguage":"pt-BR"},{"@type":"Person","@id":"https:\/\/www.em.com.br\/emfoco\/#\/schema\/person\/364ac1852fafd00f1be20f0b8b237569","name":"Vitor Bruno","image":{"@type":"ImageObject","inLanguage":"pt-BR","@id":"https:\/\/www.em.com.br\/emfoco\/#\/schema\/person\/image\/","url":"https:\/\/secure.gravatar.com\/avatar\/b719e5cdede09f942064960883b5524d?s=96&d=mm&r=g","contentUrl":"https:\/\/secure.gravatar.com\/avatar\/b719e5cdede09f942064960883b5524d?s=96&d=mm&r=g","caption":"Vitor Bruno"},"sameAs":["https:\/\/www.em.com.br\/emfoco\/"],"url":"https:\/\/www.em.com.br\/emfoco\/author\/vitormyth\/"}]}},"_links":{"self":[{"href":"https:\/\/www.em.com.br\/emfoco\/wp-json\/wp\/v2\/posts\/136967","targetHints":{"allow":["GET"]}}],"collection":[{"href":"https:\/\/www.em.com.br\/emfoco\/wp-json\/wp\/v2\/posts"}],"about":[{"href":"https:\/\/www.em.com.br\/emfoco\/wp-json\/wp\/v2\/types\/post"}],"author":[{"embeddable":true,"href":"https:\/\/www.em.com.br\/emfoco\/wp-json\/wp\/v2\/users\/6"}],"replies":[{"embeddable":true,"href":"https:\/\/www.em.com.br\/emfoco\/wp-json\/wp\/v2\/comments?post=136967"}],"version-history":[{"count":6,"href":"https:\/\/www.em.com.br\/emfoco\/wp-json\/wp\/v2\/posts\/136967\/revisions"}],"predecessor-version":[{"id":137051,"href":"https:\/\/www.em.com.br\/emfoco\/wp-json\/wp\/v2\/posts\/136967\/revisions\/137051"}],"wp:featuredmedia":[{"embeddable":true,"href":"https:\/\/www.em.com.br\/emfoco\/wp-json\/wp\/v2\/media\/137021"}],"wp:attachment":[{"href":"https:\/\/www.em.com.br\/emfoco\/wp-json\/wp\/v2\/media?parent=136967"}],"wp:term":[{"taxonomy":"category","embeddable":true,"href":"https:\/\/www.em.com.br\/emfoco\/wp-json\/wp\/v2\/categories?post=136967"},{"taxonomy":"post_tag","embeddable":true,"href":"https:\/\/www.em.com.br\/emfoco\/wp-json\/wp\/v2\/tags?post=136967"}],"curies":[{"name":"wp","href":"https:\/\/api.w.org\/{rel}","templated":true}]}}