{"id":136828,"date":"2025-12-07T20:05:40","date_gmt":"2025-12-07T23:05:40","guid":{"rendered":"https:\/\/www.em.com.br\/emfoco\/?p=136828"},"modified":"2025-12-06T15:34:05","modified_gmt":"2025-12-06T18:34:05","slug":"o-segredo-roxo-que-ajuda-a-limpar-a-gordura-do-figado-naturalmente","status":"publish","type":"post","link":"https:\/\/www.em.com.br\/emfoco\/2025\/12\/07\/o-segredo-roxo-que-ajuda-a-limpar-a-gordura-do-figado-naturalmente\/","title":{"rendered":"O segredo roxo que ajuda a limpar a gordura do f\u00edgado naturalmente"},"content":{"rendered":"\n<p>A <b>berinjela<\/b> vem ganhando espa\u00e7o na alimenta\u00e7\u00e3o de muitas pessoas que buscam cuidar da sa\u00fade do <b>f\u00edgado<\/b>. Fonte de fibras, antioxidantes e compostos bioativos, esse legume roxo pode auxiliar na prote\u00e7\u00e3o e no bom funcionamento do \u00f3rg\u00e3o, sobretudo em um contexto de maior consumo de ultraprocessados, \u00e1lcool e sedentarismo, desde que fa\u00e7a parte de um plano alimentar equilibrado e orientado por profissionais.<\/p>\n\n\n\n<h2 class=\"wp-block-heading\">Quais s\u00e3o os principais benef\u00edcios da beringela para o f\u00edgado<\/h2>\n\n\n\n<p>Os <b>benef\u00edcios da berinjela para o f\u00edgado<\/b>, est\u00e1 ligada \u00e0 capacidade de contribuir para o controle de gorduras e para a defesa das c\u00e9lulas hep\u00e1ticas. As fibras sol\u00faveis podem ajudar a equilibrar o <b>colesterol<\/b>, reduzindo a sobrecarga do f\u00edgado em metabolizar lip\u00eddios em excesso.<\/p>\n\n\n\n<p>A berinjela apresenta compostos <b>fen\u00f3licos<\/b> e antocianinas, pigmentos respons\u00e1veis pela cor roxa, associados \u00e0 a\u00e7\u00e3o antioxidante e anti-inflamat\u00f3ria. Esses antioxidantes ajudam a reduzir o <b>estresse oxidativo<\/b>, fator relacionado a inflama\u00e7\u00f5es hep\u00e1ticas e altera\u00e7\u00f5es em exames de sangue.<\/p>\n\n\n<div class=\"wp-block-image\">\n<figure class=\"aligncenter size-large\"><img loading=\"lazy\" decoding=\"async\" width=\"1024\" height=\"576\" src=\"https:\/\/www.em.com.br\/emfoco\/wp-content\/uploads\/2025\/11\/berinjela-_1762799179702-1024x576.jpg\" alt=\"\" class=\"wp-image-125674\" srcset=\"https:\/\/www.em.com.br\/emfoco\/wp-content\/uploads\/2025\/11\/berinjela-_1762799179702-1024x576.jpg 1024w, https:\/\/www.em.com.br\/emfoco\/wp-content\/uploads\/2025\/11\/berinjela-_1762799179702-300x169.jpg 300w, https:\/\/www.em.com.br\/emfoco\/wp-content\/uploads\/2025\/11\/berinjela-_1762799179702-768x432.jpg 768w, https:\/\/www.em.com.br\/emfoco\/wp-content\/uploads\/2025\/11\/berinjela-_1762799179702-750x422.jpg 750w, https:\/\/www.em.com.br\/emfoco\/wp-content\/uploads\/2025\/11\/berinjela-_1762799179702-1140x641.jpg 1140w, https:\/\/www.em.com.br\/emfoco\/wp-content\/uploads\/2025\/11\/berinjela-_1762799179702.jpg 1280w\" sizes=\"auto, (max-width: 1024px) 100vw, 1024px\" \/><figcaption class=\"wp-element-caption\">A berinjela \u00e9 fonte de nutrientes essenciais como vitaminas C, K, B6 e minerais, como pot\u00e1ssio e magn\u00e9sio &#8211; Cr\u00e9ditos: depositphotos.com \/ timolina<\/figcaption><\/figure><\/div>\n\n\n<p>Leia tamb\u00e9m:&nbsp;<a href=\"https:\/\/www.em.com.br\/emfoco\/2025\/12\/04\/como-essa-bebida-fermentada-melhora-a-sua-flora-intestinal-e-ajuda-na-digestao\/\" target=\"_blank\" rel=\"noopener\">Como essa bebida fermentada melhora a sua flora intestinal e ajuda na digest\u00e3o<\/a><\/p>\n\n\n\n<h2 class=\"wp-block-heading\">Como a beringela pode ajudar na gordura no f\u00edgado<\/h2>\n\n\n\n<p>A gordura no f\u00edgado, ou <b>esteatose hep\u00e1tica<\/b>, costuma se relacionar ao excesso de peso, resist\u00eancia \u00e0 insulina e dieta rica em gorduras saturadas e a\u00e7\u00facares. A berinjela \u00e9 um alimento de baixa densidade cal\u00f3rica e rico em fibras, favorecendo saciedade, controle de calorias e apoio \u00e0 <b>perda de peso<\/b>.<\/p>\n\n\n\n<p>As fibras tamb\u00e9m modulam a absor\u00e7\u00e3o de gorduras e a\u00e7\u00facares no intestino, auxiliando no controle do colesterol e da glicemia. <b>Vitaminas do complexo B<\/b>, pot\u00e1ssio e compostos bioativos contribuem para um ambiente metab\u00f3lico mais equilibrado, o que beneficia diretamente a <b>fun\u00e7\u00e3o hep\u00e1tica<\/b>.<\/p>\n\n\n\n<h2 class=\"wp-block-heading\">A beringela sozinha \u00e9 suficiente para desintoxicar o f\u00edgado<\/h2>\n\n\n\n<p>Muitas pessoas associam os <b>benef\u00edcios da berinjela para o f\u00edgado<\/b> \u00e0 ideia de \u201cdesintoxica\u00e7\u00e3o\u201d r\u00e1pida. Do ponto de vista cient\u00edfico, o f\u00edgado j\u00e1 \u00e9, por natureza, o principal \u00f3rg\u00e3o respons\u00e1vel por filtrar e metabolizar subst\u00e2ncias, e n\u00e3o existe alimento \u00fanico capaz de promover uma limpeza completa ou uma <b>cura milagrosa<\/b>.<\/p>\n\n\n\n<p>A berinjela atua como aliada dentro de um conjunto de h\u00e1bitos saud\u00e1veis e mudan\u00e7as sustent\u00e1veis de estilo de vida. Para cuidar melhor do f\u00edgado, \u00e9 importante adotar uma rotina que envolva alimenta\u00e7\u00e3o, movimento e <b>acompanhamento profissional<\/b>.<\/p>\n\n\n\n<ol class=\"wp-block-list\">\n<li>Manter padr\u00e3o alimentar com <b>frutas<\/b>, legumes, verduras e gr\u00e3os integrais.<\/li>\n\n\n\n<li>Reduzir o consumo de <b>\u00e1lcool<\/b> e de alimentos ultraprocessados.<\/li>\n\n\n\n<li>Controlar o <b>peso corporal<\/b>, com acompanhamento profissional quando necess\u00e1rio.<\/li>\n\n\n\n<li>Praticar <b>atividade f\u00edsica<\/b> regular, de acordo com orienta\u00e7\u00e3o individual.<\/li>\n\n\n\n<li>Realizar exames peri\u00f3dicos para monitorar as <b>fun\u00e7\u00f5es hep\u00e1ticas<\/b>.<\/li>\n<\/ol>\n\n\n\n<p>Separamos um v\u00eddeo do canal do <a href=\"https:\/\/www.youtube.com\/@planeta_intestino\" target=\"_blank\" rel=\"noreferrer noopener\">Dr. Fernando Lemos<\/a> sobre os benef\u00edcios e malef\u00edcios da berinjela para voc\u00ea que quer aprofundar no tema:<\/p>\n\n\n\n<figure class=\"wp-block-embed is-type-video is-provider-youtube wp-block-embed-youtube wp-embed-aspect-16-9 wp-has-aspect-ratio\"><div class=\"wp-block-embed__wrapper\">\n<div class=\"jeg_video_container jeg_video_content\"><iframe loading=\"lazy\" title=\"Berinjela! Benef\u00edcios e Malef\u00edcios. Dr. Fernando Lemos - Planeta Intestino\" width=\"500\" height=\"281\" src=\"https:\/\/www.youtube.com\/embed\/kXJ5vkQzodo?start=1&#038;feature=oembed\" frameborder=\"0\" allow=\"accelerometer; autoplay; clipboard-write; encrypted-media; gyroscope; picture-in-picture; web-share\" referrerpolicy=\"strict-origin-when-cross-origin\" allowfullscreen><\/iframe><\/div>\n<\/div><\/figure>\n\n\n\n<h2 class=\"wp-block-heading\">Cuidados e orienta\u00e7\u00f5es ao incluir berinjela na alimenta\u00e7\u00e3o<\/h2>\n\n\n\n<p>A <b>berinjela<\/b> \u00e9 geralmente bem tolerada, mas alguns cuidados s\u00e3o recomendados. O consumo cru em grandes quantidades n\u00e3o \u00e9 comum, devido ao sabor amargo e \u00e0 presen\u00e7a de subst\u00e2ncias que podem causar desconforto gastrointestinal em pessoas mais <b>sens\u00edveis<\/b>.<\/p>\n\n\n\n<p>Pessoas com <b>doen\u00e7as hep\u00e1ticas<\/b> diagnosticadas, uso cont\u00ednuo de medicamentos ou outras condi\u00e7\u00f5es espec\u00edficas devem sempre conversar com profissionais de sa\u00fade antes de mudan\u00e7as significativas na alimenta\u00e7\u00e3o. A berinjela pode ser parte importante da <b>estrat\u00e9gia nutricional<\/b>, mas n\u00e3o substitui avalia\u00e7\u00e3o m\u00e9dica, exames ou tratamentos indicados.<\/p>\n","protected":false},"excerpt":{"rendered":"<p>A berinjela vem ganhando espa\u00e7o na alimenta\u00e7\u00e3o de muitas pessoas que buscam cuidar da sa\u00fade do f\u00edgado. Fonte de fibras, antioxidantes e compostos bioativos, esse legume roxo pode auxiliar na prote\u00e7\u00e3o e no bom funcionamento do \u00f3rg\u00e3o, sobretudo em um contexto de maior consumo de ultraprocessados, \u00e1lcool e sedentarismo, desde que fa\u00e7a parte de um [&hellip;]<\/p>\n","protected":false},"author":9,"featured_media":39730,"comment_status":"open","ping_status":"open","sticky":false,"template":"","format":"standard","meta":{"jnews-multi-image_gallery":[],"jnews_single_post":{"format":"standard"},"jnews_primary_category":[],"jnews_social_meta":[],"jnews_override_counter":[],"footnotes":""},"categories":[8691,8819,1],"tags":[259,5251,9257],"class_list":["post-136828","post","type-post","status-publish","format-standard","has-post-thumbnail","hentry","category-bem-estar","category-curiosidades","category-noticias","tag-beneficio","tag-berinjela","tag-figado"],"yoast_head":"<!-- This site is optimized with the Yoast SEO plugin v23.8 - https:\/\/yoast.com\/wordpress\/plugins\/seo\/ -->\n<title>O segredo roxo que ajuda a limpar a gordura do f\u00edgado naturalmente - Estado de Minas - Em foco<\/title>\n<meta name=\"description\" content=\"Rica em antioxidantes e fibras a beringela protege o f\u00edgado. Entenda como ela ajuda no controle da gordura hep\u00e1tica e do colesterol.\" \/>\n<meta name=\"robots\" content=\"index, follow, max-snippet:-1, max-image-preview:large, max-video-preview:-1\" \/>\n<link rel=\"canonical\" href=\"https:\/\/www.em.com.br\/emfoco\/2025\/12\/07\/o-segredo-roxo-que-ajuda-a-limpar-a-gordura-do-figado-naturalmente\/\" \/>\n<meta property=\"og:locale\" content=\"pt_BR\" \/>\n<meta property=\"og:type\" content=\"article\" \/>\n<meta property=\"og:title\" content=\"O segredo roxo que ajuda a limpar a gordura do f\u00edgado naturalmente - Estado de Minas - Em foco\" \/>\n<meta property=\"og:description\" content=\"Rica em antioxidantes e fibras a beringela protege o f\u00edgado. Entenda como ela ajuda no controle da gordura hep\u00e1tica e do colesterol.\" \/>\n<meta property=\"og:url\" content=\"https:\/\/www.em.com.br\/emfoco\/2025\/12\/07\/o-segredo-roxo-que-ajuda-a-limpar-a-gordura-do-figado-naturalmente\/\" \/>\n<meta property=\"og:site_name\" content=\"Estado de Minas - Em foco\" \/>\n<meta property=\"article:published_time\" content=\"2025-12-07T23:05:40+00:00\" \/>\n<meta property=\"article:modified_time\" content=\"2025-12-06T18:34:05+00:00\" \/>\n<meta property=\"og:image\" content=\"https:\/\/www.em.com.br\/emfoco\/wp-content\/uploads\/2025\/04\/berinjela-_1745017603086.jpg\" \/>\n\t<meta property=\"og:image:width\" content=\"1280\" \/>\n\t<meta property=\"og:image:height\" content=\"720\" \/>\n\t<meta property=\"og:image:type\" content=\"image\/jpeg\" \/>\n<meta name=\"author\" content=\"Daniely Cardoso\" \/>\n<meta name=\"twitter:card\" content=\"summary_large_image\" \/>\n<meta name=\"twitter:label1\" content=\"Escrito por\" \/>\n\t<meta name=\"twitter:data1\" content=\"Daniely Cardoso\" \/>\n\t<meta name=\"twitter:label2\" content=\"Est. tempo de leitura\" \/>\n\t<meta name=\"twitter:data2\" content=\"4 minutos\" \/>\n<!-- \/ Yoast SEO plugin. -->","yoast_head_json":{"title":"O segredo roxo que ajuda a limpar a gordura do f\u00edgado naturalmente - Estado de Minas - Em foco","description":"Rica em antioxidantes e fibras a beringela protege o f\u00edgado. Entenda como ela ajuda no controle da gordura hep\u00e1tica e do colesterol.","robots":{"index":"index","follow":"follow","max-snippet":"max-snippet:-1","max-image-preview":"max-image-preview:large","max-video-preview":"max-video-preview:-1"},"canonical":"https:\/\/www.em.com.br\/emfoco\/2025\/12\/07\/o-segredo-roxo-que-ajuda-a-limpar-a-gordura-do-figado-naturalmente\/","og_locale":"pt_BR","og_type":"article","og_title":"O segredo roxo que ajuda a limpar a gordura do f\u00edgado naturalmente - Estado de Minas - Em foco","og_description":"Rica em antioxidantes e fibras a beringela protege o f\u00edgado. Entenda como ela ajuda no controle da gordura hep\u00e1tica e do colesterol.","og_url":"https:\/\/www.em.com.br\/emfoco\/2025\/12\/07\/o-segredo-roxo-que-ajuda-a-limpar-a-gordura-do-figado-naturalmente\/","og_site_name":"Estado de Minas - Em foco","article_published_time":"2025-12-07T23:05:40+00:00","article_modified_time":"2025-12-06T18:34:05+00:00","og_image":[{"width":1280,"height":720,"url":"https:\/\/www.em.com.br\/emfoco\/wp-content\/uploads\/2025\/04\/berinjela-_1745017603086.jpg","type":"image\/jpeg"}],"author":"Daniely Cardoso","twitter_card":"summary_large_image","twitter_misc":{"Escrito por":"Daniely Cardoso","Est. tempo de leitura":"4 minutos"},"schema":{"@context":"https:\/\/schema.org","@graph":[{"@type":"WebPage","@id":"https:\/\/www.em.com.br\/emfoco\/2025\/12\/07\/o-segredo-roxo-que-ajuda-a-limpar-a-gordura-do-figado-naturalmente\/","url":"https:\/\/www.em.com.br\/emfoco\/2025\/12\/07\/o-segredo-roxo-que-ajuda-a-limpar-a-gordura-do-figado-naturalmente\/","name":"O segredo roxo que ajuda a limpar a gordura do f\u00edgado naturalmente - Estado de Minas - Em foco","isPartOf":{"@id":"https:\/\/www.em.com.br\/emfoco\/#website"},"primaryImageOfPage":{"@id":"https:\/\/www.em.com.br\/emfoco\/2025\/12\/07\/o-segredo-roxo-que-ajuda-a-limpar-a-gordura-do-figado-naturalmente\/#primaryimage"},"image":{"@id":"https:\/\/www.em.com.br\/emfoco\/2025\/12\/07\/o-segredo-roxo-que-ajuda-a-limpar-a-gordura-do-figado-naturalmente\/#primaryimage"},"thumbnailUrl":"https:\/\/www.em.com.br\/emfoco\/wp-content\/uploads\/2025\/04\/berinjela-_1745017603086.jpg","datePublished":"2025-12-07T23:05:40+00:00","dateModified":"2025-12-06T18:34:05+00:00","author":{"@id":"https:\/\/www.em.com.br\/emfoco\/#\/schema\/person\/0a8186d72f2c3a5c6276d90b41f271a0"},"description":"Rica em antioxidantes e fibras a beringela protege o f\u00edgado. Entenda como ela ajuda no controle da gordura hep\u00e1tica e do colesterol.","breadcrumb":{"@id":"https:\/\/www.em.com.br\/emfoco\/2025\/12\/07\/o-segredo-roxo-que-ajuda-a-limpar-a-gordura-do-figado-naturalmente\/#breadcrumb"},"inLanguage":"pt-BR","potentialAction":[{"@type":"ReadAction","target":["https:\/\/www.em.com.br\/emfoco\/2025\/12\/07\/o-segredo-roxo-que-ajuda-a-limpar-a-gordura-do-figado-naturalmente\/"]}]},{"@type":"ImageObject","inLanguage":"pt-BR","@id":"https:\/\/www.em.com.br\/emfoco\/2025\/12\/07\/o-segredo-roxo-que-ajuda-a-limpar-a-gordura-do-figado-naturalmente\/#primaryimage","url":"https:\/\/www.em.com.br\/emfoco\/wp-content\/uploads\/2025\/04\/berinjela-_1745017603086.jpg","contentUrl":"https:\/\/www.em.com.br\/emfoco\/wp-content\/uploads\/2025\/04\/berinjela-_1745017603086.jpg","width":1280,"height":720,"caption":"A beringela vem ganhando espa\u00e7o na alimenta\u00e7\u00e3o de muitas pessoas que buscam cuidar da sa\u00fade do f\u00edgado - Cr\u00e9ditos: depositphotos.com \/ VitalikRadko"},{"@type":"BreadcrumbList","@id":"https:\/\/www.em.com.br\/emfoco\/2025\/12\/07\/o-segredo-roxo-que-ajuda-a-limpar-a-gordura-do-figado-naturalmente\/#breadcrumb","itemListElement":[{"@type":"ListItem","position":1,"name":"In\u00edcio","item":"https:\/\/www.em.com.br\/emfoco\/"},{"@type":"ListItem","position":2,"name":"O segredo roxo que ajuda a limpar a gordura do f\u00edgado naturalmente"}]},{"@type":"WebSite","@id":"https:\/\/www.em.com.br\/emfoco\/#website","url":"https:\/\/www.em.com.br\/emfoco\/","name":"Estado de Minas - Em foco","description":"Acompanhe as \u00faltimas not\u00edcias e fique bem informado sobre tudo o que acontece em Minas Gerais, Brasil e no mundo.","potentialAction":[{"@type":"SearchAction","target":{"@type":"EntryPoint","urlTemplate":"https:\/\/www.em.com.br\/emfoco\/?s={search_term_string}"},"query-input":{"@type":"PropertyValueSpecification","valueRequired":true,"valueName":"search_term_string"}}],"inLanguage":"pt-BR"},{"@type":"Person","@id":"https:\/\/www.em.com.br\/emfoco\/#\/schema\/person\/0a8186d72f2c3a5c6276d90b41f271a0","name":"Daniely Cardoso","image":{"@type":"ImageObject","inLanguage":"pt-BR","@id":"https:\/\/www.em.com.br\/emfoco\/#\/schema\/person\/image\/","url":"https:\/\/secure.gravatar.com\/avatar\/4b80ddbd124d1f071b626d52d62e5dff?s=96&d=mm&r=g","contentUrl":"https:\/\/secure.gravatar.com\/avatar\/4b80ddbd124d1f071b626d52d62e5dff?s=96&d=mm&r=g","caption":"Daniely Cardoso"},"url":"https:\/\/www.em.com.br\/emfoco\/author\/danielymyth\/"}]}},"_links":{"self":[{"href":"https:\/\/www.em.com.br\/emfoco\/wp-json\/wp\/v2\/posts\/136828","targetHints":{"allow":["GET"]}}],"collection":[{"href":"https:\/\/www.em.com.br\/emfoco\/wp-json\/wp\/v2\/posts"}],"about":[{"href":"https:\/\/www.em.com.br\/emfoco\/wp-json\/wp\/v2\/types\/post"}],"author":[{"embeddable":true,"href":"https:\/\/www.em.com.br\/emfoco\/wp-json\/wp\/v2\/users\/9"}],"replies":[{"embeddable":true,"href":"https:\/\/www.em.com.br\/emfoco\/wp-json\/wp\/v2\/comments?post=136828"}],"version-history":[{"count":3,"href":"https:\/\/www.em.com.br\/emfoco\/wp-json\/wp\/v2\/posts\/136828\/revisions"}],"predecessor-version":[{"id":136938,"href":"https:\/\/www.em.com.br\/emfoco\/wp-json\/wp\/v2\/posts\/136828\/revisions\/136938"}],"wp:featuredmedia":[{"embeddable":true,"href":"https:\/\/www.em.com.br\/emfoco\/wp-json\/wp\/v2\/media\/39730"}],"wp:attachment":[{"href":"https:\/\/www.em.com.br\/emfoco\/wp-json\/wp\/v2\/media?parent=136828"}],"wp:term":[{"taxonomy":"category","embeddable":true,"href":"https:\/\/www.em.com.br\/emfoco\/wp-json\/wp\/v2\/categories?post=136828"},{"taxonomy":"post_tag","embeddable":true,"href":"https:\/\/www.em.com.br\/emfoco\/wp-json\/wp\/v2\/tags?post=136828"}],"curies":[{"name":"wp","href":"https:\/\/api.w.org\/{rel}","templated":true}]}}