{"id":136826,"date":"2025-12-07T15:45:16","date_gmt":"2025-12-07T18:45:16","guid":{"rendered":"https:\/\/www.em.com.br\/emfoco\/?p=136826"},"modified":"2025-12-06T15:38:04","modified_gmt":"2025-12-06T18:38:04","slug":"o-alimento-refrescante-que-muita-gente-usa-para-reduzir-estufamento-depois-de-comer","status":"publish","type":"post","link":"https:\/\/www.em.com.br\/emfoco\/2025\/12\/07\/o-alimento-refrescante-que-muita-gente-usa-para-reduzir-estufamento-depois-de-comer\/","title":{"rendered":"O alimento refrescante que muita gente usa para reduzir estufamento depois de comer"},"content":{"rendered":"\n<p>O <b>abacaxi<\/b> \u00e9 uma fruta tropical conhecida pelo sabor marcante e pelos efeitos no funcionamento do intestino. Al\u00e9m de ser consumido in natura, ele aparece com frequ\u00eancia em sucos, sobremesas e prepara\u00e7\u00f5es salgadas, chamando aten\u00e7\u00e3o principalmente pelo papel na <b>digest\u00e3o<\/b>, tema que interessa tanto a quem busca bem-estar quanto a quem convive com desconfortos digestivos no dia a dia.<\/p>\n\n\n\n<h2 class=\"wp-block-heading\">O que torna o abacaxi bom para a digest\u00e3o<\/h2>\n\n\n\n<p>O principal benef\u00edcio do <b>abacaxi<\/b> para digest\u00e3o est\u00e1 ligado \u00e0 sua composi\u00e7\u00e3o. A fruta re\u00fane fibras alimentares, alto teor de \u00e1gua, <b>vitamina C<\/b> e a enzima bromelina, formando um conjunto que atua em diferentes etapas do processo digestivo.<\/p>\n\n\n\n<p>A <b>bromelina<\/b>, presente principalmente no miolo e no talo do abacaxi, \u00e9 uma enzima proteol\u00edtica, que participa da degrada\u00e7\u00e3o de mol\u00e9culas de prote\u00edna em partes menores. Isso facilita o trabalho do est\u00f4mago e do intestino delgado, especialmente em refei\u00e7\u00f5es ricas em carne ou latic\u00ednios, ajudando a reduzir a sensa\u00e7\u00e3o de <b>estufamento<\/b>.<\/p>\n\n\n<div class=\"wp-block-image\">\n<figure class=\"aligncenter size-large\"><img loading=\"lazy\" decoding=\"async\" width=\"1024\" height=\"576\" src=\"https:\/\/www.em.com.br\/emfoco\/wp-content\/uploads\/2025\/03\/abacaxi_1741442171817-1024x576.jpg\" alt=\"Aprenda obter abacaxis frescos em casa de forma simples\" class=\"wp-image-26703\" srcset=\"https:\/\/www.em.com.br\/emfoco\/wp-content\/uploads\/2025\/03\/abacaxi_1741442171817-1024x576.jpg 1024w, https:\/\/www.em.com.br\/emfoco\/wp-content\/uploads\/2025\/03\/abacaxi_1741442171817-300x169.jpg 300w, https:\/\/www.em.com.br\/emfoco\/wp-content\/uploads\/2025\/03\/abacaxi_1741442171817-768x432.jpg 768w, https:\/\/www.em.com.br\/emfoco\/wp-content\/uploads\/2025\/03\/abacaxi_1741442171817-750x422.jpg 750w, https:\/\/www.em.com.br\/emfoco\/wp-content\/uploads\/2025\/03\/abacaxi_1741442171817-1140x641.jpg 1140w, https:\/\/www.em.com.br\/emfoco\/wp-content\/uploads\/2025\/03\/abacaxi_1741442171817.jpg 1280w\" sizes=\"auto, (max-width: 1024px) 100vw, 1024px\" \/><figcaption class=\"wp-element-caption\">O principal benef\u00edcio do abacaxi para digest\u00e3o est\u00e1 ligado \u00e0 sua composi\u00e7\u00e3o- Cr\u00e9ditos: depositphotos.com \/ VadimVasenin<\/figcaption><\/figure><\/div>\n\n\n<p>Leia tamb\u00e9m:&nbsp;<a href=\"https:\/\/www.em.com.br\/emfoco\/2025\/11\/26\/abacaxi-maduro-transforma-receita-simples-em-bolo-umido-e-aromatico-para-o-lanche\/\" target=\"_blank\" rel=\"noopener\">Abacaxi maduro transforma receita simples em bolo \u00famido e arom\u00e1tico para o lanche<\/a><\/p>\n\n\n\n<h2 class=\"wp-block-heading\">Quais s\u00e3o os principais benef\u00edcios digestivos do abacaxi<\/h2>\n\n\n\n<p>Os efeitos do <b>abacaxi<\/b> na digest\u00e3o podem ser observados em diferentes partes do trato digest\u00f3rio. No est\u00f4mago, a bromelina ajuda na fragmenta\u00e7\u00e3o das prote\u00ednas, enquanto, no intestino, as fibras sol\u00faveis e insol\u00faveis regulam o volume e a consist\u00eancia das <b>fezes<\/b>.<\/p>\n\n\n\n<p>Al\u00e9m de favorecer o tr\u00e2nsito intestinal, o <b>abacaxi<\/b> pode contribuir para menor fermenta\u00e7\u00e3o de alguns alimentos no c\u00f3lon, o que \u00e9 \u00fatil para pessoas com sensa\u00e7\u00e3o frequente de gases. A seguir, alguns benef\u00edcios digestivos se destacam:<\/p>\n\n\n\n<ul class=\"wp-block-list\">\n<li><strong>Estimula\u00e7\u00e3o do tr\u00e2nsito intestinal:<\/strong> o teor de <b>fibras<\/b> auxilia na preven\u00e7\u00e3o de epis\u00f3dios de intestino preso em pessoas que j\u00e1 consomem \u00e1gua em quantidade adequada.<\/li>\n\n\n\n<li><strong>Melhor aproveitamento de prote\u00ednas:<\/strong> a <b>bromelina<\/b> contribui para a digest\u00e3o de carnes, aves, peixes e derivados do <b>leite<\/b>.<\/li>\n\n\n\n<li><strong>Hidrata\u00e7\u00e3o das fezes:<\/strong> o alto volume de <b>\u00e1gua<\/b> presente na polpa coopera para fezes mais macias.<\/li>\n\n\n\n<li><strong>Poss\u00edvel redu\u00e7\u00e3o de gases:<\/strong> ao favorecer uma digest\u00e3o mais eficiente, a fruta pode diminuir a fermenta\u00e7\u00e3o excessiva de alguns <b>alimentos<\/b> no intestino.<\/li>\n<\/ul>\n\n\n\n<iframe loading=\"lazy\" src=\"https:\/\/assets.pinterest.com\/ext\/embed.html?id=690810030364766284\" height=\"714\" width=\"345\" frameborder=\"0\" scrolling=\"no\" ><\/iframe>\n\n\n\n\n\n<h2 class=\"wp-block-heading\">Como incluir o abacaxi na rotina para favorecer a digest\u00e3o<\/h2>\n\n\n\n<p>Para aproveitar os benef\u00edcios digestivos do <b>abacaxi<\/b>, a forma de consumo faz diferen\u00e7a. A fruta fresca, em peda\u00e7os ou fatias, tende a preservar melhor suas fibras e enzimas, enquanto vers\u00f5es em calda ou muito a\u00e7ucaradas podem elevar o <b>\u00edndice glic\u00eamico<\/b> da refei\u00e7\u00e3o.<\/p>\n\n\n\n<p>Ele pode ser inserido em diferentes prepara\u00e7\u00f5es do dia a dia, sempre respeitando a toler\u00e2ncia individual. Al\u00e9m disso, combinar o <b>abacaxi<\/b> com fontes de gordura boa, como castanhas ou <b>iogurte natural<\/b>, pode suavizar a acidez para quem tem est\u00f4mago sens\u00edvel.<\/p>\n\n\n\n<ol class=\"wp-block-list\">\n<li><strong>Ap\u00f3s refei\u00e7\u00f5es mais pesadas:<\/strong> uma por\u00e7\u00e3o pequena de <b>abacaxi<\/b> ao final do almo\u00e7o ou jantar pode colaborar com o processo digestivo, sobretudo em refei\u00e7\u00f5es com <b>carne vermelha<\/b>.<\/li>\n\n\n\n<li><strong>Em sucos e vitaminas:<\/strong> combinar <b>abacaxi<\/b> com hortel\u00e3, gengibre ou outras frutas pode contribuir para uma bebida refrescante, embora parte das fibras se perca quando o suco \u00e9 <b>coado<\/b>.<\/li>\n\n\n\n<li><strong>Em saladas:<\/strong> a fruta pode ser adicionada a saladas verdes ou saladas frias com frango ou peixe, unindo <b>fibras<\/b>, prote\u00ednas e a a\u00e7\u00e3o da bromelina na mesma refei\u00e7\u00e3o.<\/li>\n\n\n\n<li><strong>Em pequenas por\u00e7\u00f5es di\u00e1rias:<\/strong> para quem tem sensibilidade g\u00e1strica, dividir o consumo em por\u00e7\u00f5es menores ao longo do dia pode ser mais <b>adequado<\/b>.<\/li>\n<\/ol>\n\n\n\n<p>Para voc\u00ea que quer aprofundar o assunto, separamos um v\u00eddeo do canal do <a class=\"yt-simple-endpoint style-scope yt-formatted-string\" spellcheck=\"false\" href=\"https:\/\/www.youtube.com\/@DrJulianoTeles\" target=\"_blank\" rel=\"noopener\">Dr Juliano Teles<\/a> onde ele fala sobre os benef\u00edcios do abacaxi para a sa\u00fade da digest\u00e3o:<\/p>\n\n\n\n<figure class=\"wp-block-embed is-type-video is-provider-youtube wp-block-embed-youtube wp-embed-aspect-16-9 wp-has-aspect-ratio\"><div class=\"wp-block-embed__wrapper\">\n<div class=\"jeg_video_container jeg_video_content\"><iframe loading=\"lazy\" title=\"Fruta para melhorar a digest\u00e3o | Dr Juliano Teles\" width=\"500\" height=\"281\" src=\"https:\/\/www.youtube.com\/embed\/uceMEGGr2Z8?feature=oembed\" frameborder=\"0\" allow=\"accelerometer; autoplay; clipboard-write; encrypted-media; gyroscope; picture-in-picture; web-share\" referrerpolicy=\"strict-origin-when-cross-origin\" allowfullscreen><\/iframe><\/div>\n<\/div><\/figure>\n\n\n\n<h2 class=\"wp-block-heading\">Quem deve ter cuidado ao consumir abacaxi para digest\u00e3o<\/h2>\n\n\n\n<p>Apesar dos numerosos benef\u00edcios do <b>abacaxi<\/b> para o sistema digestivo, alguns grupos precisam de aten\u00e7\u00e3o. Indiv\u00edduos com sensibilidade g\u00e1strica, <b>gastrite<\/b> ativa, refluxo ou aftas recorrentes podem sentir desconforto ao consumir grandes quantidades da fruta, devido \u00e0 acidez natural e \u00e0 a\u00e7\u00e3o enzim\u00e1tica.<\/p>\n\n\n\n<p>Pessoas com alergia \u00e0 <b>bromelina<\/b> ou a outras prote\u00ednas do abacaxi devem evitar o consumo, e usu\u00e1rios de anticoagulantes ou anti-inflamat\u00f3rios precisam de orienta\u00e7\u00e3o profissional. Para a maioria das pessoas saud\u00e1veis, por\u00e9m, o abacaxi pode integrar uma alimenta\u00e7\u00e3o equilibrada, contribuindo tamb\u00e9m com <b>vitamina C<\/b>, mangan\u00eas e compostos antioxidantes que apoiam a sa\u00fade intestinal e o <b>sistema imunol\u00f3gico<\/b>.<\/p>\n","protected":false},"excerpt":{"rendered":"<p>O abacaxi \u00e9 uma fruta tropical conhecida pelo sabor marcante e pelos efeitos no funcionamento do intestino. Al\u00e9m de ser consumido in natura, ele aparece com frequ\u00eancia em sucos, sobremesas e prepara\u00e7\u00f5es salgadas, chamando aten\u00e7\u00e3o principalmente pelo papel na digest\u00e3o, tema que interessa tanto a quem busca bem-estar quanto a quem convive com desconfortos digestivos [&hellip;]<\/p>\n","protected":false},"author":9,"featured_media":103889,"comment_status":"open","ping_status":"open","sticky":false,"template":"","format":"standard","meta":{"jnews-multi-image_gallery":[],"jnews_single_post":{"format":"standard"},"jnews_primary_category":[],"jnews_social_meta":[],"jnews_override_counter":[],"footnotes":""},"categories":[8691,8819,1],"tags":[3785,259,4205],"class_list":["post-136826","post","type-post","status-publish","format-standard","has-post-thumbnail","hentry","category-bem-estar","category-curiosidades","category-noticias","tag-abacaxi","tag-beneficio","tag-digestao"],"yoast_head":"<!-- This site is optimized with the Yoast SEO plugin v23.8 - https:\/\/yoast.com\/wordpress\/plugins\/seo\/ -->\n<title>O alimento refrescante que muita gente usa para reduzir estufamento depois de comer - Estado de Minas - Em foco<\/title>\n<meta name=\"description\" content=\"Rico em bromelina e fibras o abacaxi facilita a digest\u00e3o de prote\u00ednas. Saiba como consumir para reduzir o incha\u00e7o e os cuidados com a acidez.\" \/>\n<meta name=\"robots\" content=\"index, follow, max-snippet:-1, max-image-preview:large, max-video-preview:-1\" \/>\n<link rel=\"canonical\" href=\"https:\/\/www.em.com.br\/emfoco\/2025\/12\/07\/o-alimento-refrescante-que-muita-gente-usa-para-reduzir-estufamento-depois-de-comer\/\" \/>\n<meta property=\"og:locale\" content=\"pt_BR\" \/>\n<meta property=\"og:type\" content=\"article\" \/>\n<meta property=\"og:title\" content=\"O alimento refrescante que muita gente usa para reduzir estufamento depois de comer - Estado de Minas - Em foco\" \/>\n<meta property=\"og:description\" content=\"Rico em bromelina e fibras o abacaxi facilita a digest\u00e3o de prote\u00ednas. Saiba como consumir para reduzir o incha\u00e7o e os cuidados com a acidez.\" \/>\n<meta property=\"og:url\" content=\"https:\/\/www.em.com.br\/emfoco\/2025\/12\/07\/o-alimento-refrescante-que-muita-gente-usa-para-reduzir-estufamento-depois-de-comer\/\" \/>\n<meta property=\"og:site_name\" content=\"Estado de Minas - Em foco\" \/>\n<meta property=\"article:published_time\" content=\"2025-12-07T18:45:16+00:00\" \/>\n<meta property=\"article:modified_time\" content=\"2025-12-06T18:38:04+00:00\" \/>\n<meta property=\"og:image\" content=\"https:\/\/www.em.com.br\/emfoco\/wp-content\/uploads\/2025\/09\/inchaco-abdominal_1757742864509.jpg\" \/>\n\t<meta property=\"og:image:width\" content=\"1280\" \/>\n\t<meta property=\"og:image:height\" content=\"720\" \/>\n\t<meta property=\"og:image:type\" content=\"image\/jpeg\" \/>\n<meta name=\"author\" content=\"Daniely Cardoso\" \/>\n<meta name=\"twitter:card\" content=\"summary_large_image\" \/>\n<meta name=\"twitter:label1\" content=\"Escrito por\" \/>\n\t<meta name=\"twitter:data1\" content=\"Daniely Cardoso\" \/>\n\t<meta name=\"twitter:label2\" content=\"Est. tempo de leitura\" \/>\n\t<meta name=\"twitter:data2\" content=\"5 minutos\" \/>\n<!-- \/ Yoast SEO plugin. -->","yoast_head_json":{"title":"O alimento refrescante que muita gente usa para reduzir estufamento depois de comer - Estado de Minas - Em foco","description":"Rico em bromelina e fibras o abacaxi facilita a digest\u00e3o de prote\u00ednas. Saiba como consumir para reduzir o incha\u00e7o e os cuidados com a acidez.","robots":{"index":"index","follow":"follow","max-snippet":"max-snippet:-1","max-image-preview":"max-image-preview:large","max-video-preview":"max-video-preview:-1"},"canonical":"https:\/\/www.em.com.br\/emfoco\/2025\/12\/07\/o-alimento-refrescante-que-muita-gente-usa-para-reduzir-estufamento-depois-de-comer\/","og_locale":"pt_BR","og_type":"article","og_title":"O alimento refrescante que muita gente usa para reduzir estufamento depois de comer - Estado de Minas - Em foco","og_description":"Rico em bromelina e fibras o abacaxi facilita a digest\u00e3o de prote\u00ednas. Saiba como consumir para reduzir o incha\u00e7o e os cuidados com a acidez.","og_url":"https:\/\/www.em.com.br\/emfoco\/2025\/12\/07\/o-alimento-refrescante-que-muita-gente-usa-para-reduzir-estufamento-depois-de-comer\/","og_site_name":"Estado de Minas - Em foco","article_published_time":"2025-12-07T18:45:16+00:00","article_modified_time":"2025-12-06T18:38:04+00:00","og_image":[{"width":1280,"height":720,"url":"https:\/\/www.em.com.br\/emfoco\/wp-content\/uploads\/2025\/09\/inchaco-abdominal_1757742864509.jpg","type":"image\/jpeg"}],"author":"Daniely Cardoso","twitter_card":"summary_large_image","twitter_misc":{"Escrito por":"Daniely Cardoso","Est. tempo de leitura":"5 minutos"},"schema":{"@context":"https:\/\/schema.org","@graph":[{"@type":"WebPage","@id":"https:\/\/www.em.com.br\/emfoco\/2025\/12\/07\/o-alimento-refrescante-que-muita-gente-usa-para-reduzir-estufamento-depois-de-comer\/","url":"https:\/\/www.em.com.br\/emfoco\/2025\/12\/07\/o-alimento-refrescante-que-muita-gente-usa-para-reduzir-estufamento-depois-de-comer\/","name":"O alimento refrescante que muita gente usa para reduzir estufamento depois de comer - Estado de Minas - Em foco","isPartOf":{"@id":"https:\/\/www.em.com.br\/emfoco\/#website"},"primaryImageOfPage":{"@id":"https:\/\/www.em.com.br\/emfoco\/2025\/12\/07\/o-alimento-refrescante-que-muita-gente-usa-para-reduzir-estufamento-depois-de-comer\/#primaryimage"},"image":{"@id":"https:\/\/www.em.com.br\/emfoco\/2025\/12\/07\/o-alimento-refrescante-que-muita-gente-usa-para-reduzir-estufamento-depois-de-comer\/#primaryimage"},"thumbnailUrl":"https:\/\/www.em.com.br\/emfoco\/wp-content\/uploads\/2025\/09\/inchaco-abdominal_1757742864509.jpg","datePublished":"2025-12-07T18:45:16+00:00","dateModified":"2025-12-06T18:38:04+00:00","author":{"@id":"https:\/\/www.em.com.br\/emfoco\/#\/schema\/person\/0a8186d72f2c3a5c6276d90b41f271a0"},"description":"Rico em bromelina e fibras o abacaxi facilita a digest\u00e3o de prote\u00ednas. Saiba como consumir para reduzir o incha\u00e7o e os cuidados com a acidez.","breadcrumb":{"@id":"https:\/\/www.em.com.br\/emfoco\/2025\/12\/07\/o-alimento-refrescante-que-muita-gente-usa-para-reduzir-estufamento-depois-de-comer\/#breadcrumb"},"inLanguage":"pt-BR","potentialAction":[{"@type":"ReadAction","target":["https:\/\/www.em.com.br\/emfoco\/2025\/12\/07\/o-alimento-refrescante-que-muita-gente-usa-para-reduzir-estufamento-depois-de-comer\/"]}]},{"@type":"ImageObject","inLanguage":"pt-BR","@id":"https:\/\/www.em.com.br\/emfoco\/2025\/12\/07\/o-alimento-refrescante-que-muita-gente-usa-para-reduzir-estufamento-depois-de-comer\/#primaryimage","url":"https:\/\/www.em.com.br\/emfoco\/wp-content\/uploads\/2025\/09\/inchaco-abdominal_1757742864509.jpg","contentUrl":"https:\/\/www.em.com.br\/emfoco\/wp-content\/uploads\/2025\/09\/inchaco-abdominal_1757742864509.jpg","width":1280,"height":720,"caption":"Incha\u00e7o abdominal - Cr\u00e9ditos: depositphotos.com \/ Thunderstock"},{"@type":"BreadcrumbList","@id":"https:\/\/www.em.com.br\/emfoco\/2025\/12\/07\/o-alimento-refrescante-que-muita-gente-usa-para-reduzir-estufamento-depois-de-comer\/#breadcrumb","itemListElement":[{"@type":"ListItem","position":1,"name":"In\u00edcio","item":"https:\/\/www.em.com.br\/emfoco\/"},{"@type":"ListItem","position":2,"name":"O alimento refrescante que muita gente usa para reduzir estufamento depois de comer"}]},{"@type":"WebSite","@id":"https:\/\/www.em.com.br\/emfoco\/#website","url":"https:\/\/www.em.com.br\/emfoco\/","name":"Estado de Minas - Em foco","description":"Acompanhe as \u00faltimas not\u00edcias e fique bem informado sobre tudo o que acontece em Minas Gerais, Brasil e no mundo.","potentialAction":[{"@type":"SearchAction","target":{"@type":"EntryPoint","urlTemplate":"https:\/\/www.em.com.br\/emfoco\/?s={search_term_string}"},"query-input":{"@type":"PropertyValueSpecification","valueRequired":true,"valueName":"search_term_string"}}],"inLanguage":"pt-BR"},{"@type":"Person","@id":"https:\/\/www.em.com.br\/emfoco\/#\/schema\/person\/0a8186d72f2c3a5c6276d90b41f271a0","name":"Daniely Cardoso","image":{"@type":"ImageObject","inLanguage":"pt-BR","@id":"https:\/\/www.em.com.br\/emfoco\/#\/schema\/person\/image\/","url":"https:\/\/secure.gravatar.com\/avatar\/4b80ddbd124d1f071b626d52d62e5dff?s=96&d=mm&r=g","contentUrl":"https:\/\/secure.gravatar.com\/avatar\/4b80ddbd124d1f071b626d52d62e5dff?s=96&d=mm&r=g","caption":"Daniely Cardoso"},"url":"https:\/\/www.em.com.br\/emfoco\/author\/danielymyth\/"}]}},"_links":{"self":[{"href":"https:\/\/www.em.com.br\/emfoco\/wp-json\/wp\/v2\/posts\/136826","targetHints":{"allow":["GET"]}}],"collection":[{"href":"https:\/\/www.em.com.br\/emfoco\/wp-json\/wp\/v2\/posts"}],"about":[{"href":"https:\/\/www.em.com.br\/emfoco\/wp-json\/wp\/v2\/types\/post"}],"author":[{"embeddable":true,"href":"https:\/\/www.em.com.br\/emfoco\/wp-json\/wp\/v2\/users\/9"}],"replies":[{"embeddable":true,"href":"https:\/\/www.em.com.br\/emfoco\/wp-json\/wp\/v2\/comments?post=136826"}],"version-history":[{"count":3,"href":"https:\/\/www.em.com.br\/emfoco\/wp-json\/wp\/v2\/posts\/136826\/revisions"}],"predecessor-version":[{"id":136943,"href":"https:\/\/www.em.com.br\/emfoco\/wp-json\/wp\/v2\/posts\/136826\/revisions\/136943"}],"wp:featuredmedia":[{"embeddable":true,"href":"https:\/\/www.em.com.br\/emfoco\/wp-json\/wp\/v2\/media\/103889"}],"wp:attachment":[{"href":"https:\/\/www.em.com.br\/emfoco\/wp-json\/wp\/v2\/media?parent=136826"}],"wp:term":[{"taxonomy":"category","embeddable":true,"href":"https:\/\/www.em.com.br\/emfoco\/wp-json\/wp\/v2\/categories?post=136826"},{"taxonomy":"post_tag","embeddable":true,"href":"https:\/\/www.em.com.br\/emfoco\/wp-json\/wp\/v2\/tags?post=136826"}],"curies":[{"name":"wp","href":"https:\/\/api.w.org\/{rel}","templated":true}]}}