{"id":136819,"date":"2025-12-07T12:05:15","date_gmt":"2025-12-07T15:05:15","guid":{"rendered":"https:\/\/www.em.com.br\/emfoco\/?p=136819"},"modified":"2025-12-06T15:16:41","modified_gmt":"2025-12-06T18:16:41","slug":"como-uma-fruta-comum-pode-acabar-com-a-sensacao-de-estomago-pesado","status":"publish","type":"post","link":"https:\/\/www.em.com.br\/emfoco\/2025\/12\/07\/como-uma-fruta-comum-pode-acabar-com-a-sensacao-de-estomago-pesado\/","title":{"rendered":"Como uma fruta comum pode acabar com a sensa\u00e7\u00e3o de est\u00f4mago pesado"},"content":{"rendered":"\n<p>O <b>lim\u00e3o<\/b> \u00e9 frequentemente associado \u00e0 refresc\u00e2ncia e ao aroma marcante, mas seu papel na <b>digest\u00e3o<\/b> vem ganhando destaque em h\u00e1bitos alimentares do dia a dia. Muita gente passou a incluir a fruta em bebidas, refei\u00e7\u00f5es e at\u00e9 em rotinas matinais, buscando auxiliar o funcionamento do intestino e reduzir desconfortos digestivos, e embora a ci\u00eancia ainda investigue alguns desses efeitos, j\u00e1 existem explica\u00e7\u00f5es conhecidas sobre como o lim\u00e3o atua no organismo.<\/p>\n\n\n\n<h2 class=\"wp-block-heading\">Quais s\u00e3o os principais benef\u00edcios do lim\u00e3o para a digest\u00e3o<\/h2>\n\n\n\n<p>A <b>digest\u00e3o<\/b> \u00e9 um processo complexo que envolve boca, est\u00f4mago, intestinos e diversos horm\u00f4nios. O lim\u00e3o participa desse sistema principalmente por estimular a saliva\u00e7\u00e3o e a secre\u00e7\u00e3o g\u00e1strica, facilitando a quebra inicial dos alimentos e a a\u00e7\u00e3o das enzimas digestivas.<\/p>\n\n\n\n<p>Outro ponto importante \u00e9 o teor de <b>fibras<\/b> presente na polpa e na casca, ainda que em quantidades moderadas. Quando a fruta \u00e9 consumida inteira, essas fibras colaboram com o tr\u00e2nsito intestinal, enquanto <b>antioxidantes<\/b> protegem as c\u00e9lulas da mucosa gastrointestinal contra o desgaste provocado pela alimenta\u00e7\u00e3o e pelo pr\u00f3prio processo digestivo.<\/p>\n\n\n<div class=\"wp-block-image\">\n<figure class=\"aligncenter size-large\"><img loading=\"lazy\" decoding=\"async\" width=\"1024\" height=\"576\" src=\"https:\/\/www.em.com.br\/emfoco\/wp-content\/uploads\/2025\/10\/suco-de-limao-_1759842977398-1024x576.jpg\" alt=\"\" class=\"wp-image-112384\" srcset=\"https:\/\/www.em.com.br\/emfoco\/wp-content\/uploads\/2025\/10\/suco-de-limao-_1759842977398-1024x576.jpg 1024w, https:\/\/www.em.com.br\/emfoco\/wp-content\/uploads\/2025\/10\/suco-de-limao-_1759842977398-300x169.jpg 300w, https:\/\/www.em.com.br\/emfoco\/wp-content\/uploads\/2025\/10\/suco-de-limao-_1759842977398-768x432.jpg 768w, https:\/\/www.em.com.br\/emfoco\/wp-content\/uploads\/2025\/10\/suco-de-limao-_1759842977398-750x422.jpg 750w, https:\/\/www.em.com.br\/emfoco\/wp-content\/uploads\/2025\/10\/suco-de-limao-_1759842977398-1140x641.jpg 1140w, https:\/\/www.em.com.br\/emfoco\/wp-content\/uploads\/2025\/10\/suco-de-limao-_1759842977398.jpg 1280w\" sizes=\"auto, (max-width: 1024px) 100vw, 1024px\" \/><figcaption class=\"wp-element-caption\">O suco de lim\u00e3o estimula a produ\u00e7\u00e3o de \u00e1cido clor\u00eddrico no est\u00f4mago &#8211; Cr\u00e9ditos: depositphotos.com \/ magone<\/figcaption><\/figure><\/div>\n\n\n<p>Leia tamb\u00e9m:&nbsp;<a href=\"https:\/\/www.em.com.br\/emfoco\/2025\/12\/04\/como-essa-bebida-fermentada-melhora-a-sua-flora-intestinal-e-ajuda-na-digestao\/\" target=\"_blank\" rel=\"noopener\">Como essa bebida fermentada melhora a sua flora intestinal e ajuda na digest\u00e3o<\/a><\/p>\n\n\n\n<h2 class=\"wp-block-heading\">Como o lim\u00e3o pode facilitar o processo digestivo no dia a dia<\/h2>\n\n\n\n<p>Na pr\u00e1tica, os benef\u00edcios do <b>lim\u00e3o<\/b> para digest\u00e3o aparecem quando a fruta \u00e9 inserida em h\u00e1bitos cotidianos de forma equilibrada. A \u00e1gua com lim\u00e3o consumida ao longo do dia ou antes das refei\u00e7\u00f5es estimula o paladar, pode induzir maior produ\u00e7\u00e3o de suco g\u00e1strico e, de quebra, aumenta a ingest\u00e3o <b>h\u00eddrica<\/b>.<\/p>\n\n\n\n<p>O lim\u00e3o tamb\u00e9m \u00e9 muito utilizado para temperar <b>saladas<\/b>, carnes magras e peixes, reduzindo a necessidade de molhos gordurosos e sal em excesso. O <b>\u00e1cido c\u00edtrico<\/b> auxilia a \u201cmarinar\u201d alimentos, amolecendo algumas prote\u00ednas e tornando as refei\u00e7\u00f5es mais leves, o que costuma resultar em digest\u00e3o mais r\u00e1pida e sensa\u00e7\u00e3o de menor incha\u00e7o.<\/p>\n\n\n\n<h2 class=\"wp-block-heading\">\u00c1gua com lim\u00e3o realmente ajuda na digest\u00e3o<\/h2>\n\n\n\n<p>A <b>\u00e1gua com lim\u00e3o<\/b> se tornou uma pr\u00e1tica comum por ser simples, de baixo custo e unir hidrata\u00e7\u00e3o a um leve est\u00edmulo \u00e1cido. A \u00e1gua \u00e9 essencial para forma\u00e7\u00e3o do <b>suco g\u00e1strico<\/b> e funcionamento intestinal, enquanto o lim\u00e3o oferece compostos bioativos que podem estimular de forma discreta o sistema digest\u00f3rio.<\/p>\n\n\n\n<p>Apesar disso, a bebida n\u00e3o substitui uma <b>alimenta\u00e7\u00e3o balanceada<\/b> rica em fibras, frutas, verduras e gr\u00e3os integrais. Em pessoas sens\u00edveis \u00e0 acidez ou com hist\u00f3rico de <b>gastrite<\/b> e refluxo, o consumo excessivo pode causar azia, dor ou irrita\u00e7\u00e3o, sendo recomend\u00e1vel ajustar a quantidade e observar a resposta do organismo.&nbsp;<\/p>\n\n\n\n<p>Para voc\u00ea que quer uma opini\u00e3o profissional, separamos um v\u00eddeo do canal do <a class=\"yt-simple-endpoint style-scope yt-formatted-string\" spellcheck=\"false\" href=\"https:\/\/www.youtube.com\/@DrJulianoTeles\" target=\"_blank\" rel=\"noopener\">Dr Juliano Teles<\/a> onde ele fala sobre o benef\u00edcios do lim\u00e3o para digest\u00e3o:<\/p>\n\n\n\n<figure class=\"wp-block-embed is-type-video is-provider-youtube wp-block-embed-youtube wp-embed-aspect-16-9 wp-has-aspect-ratio\"><div class=\"wp-block-embed__wrapper\">\n<div class=\"jeg_video_container jeg_video_content\"><iframe loading=\"lazy\" title=\"Lim\u00e3o para digest\u00e3o, como usar\" width=\"500\" height=\"281\" src=\"https:\/\/www.youtube.com\/embed\/-ILxPpyhCB0?feature=oembed\" frameborder=\"0\" allow=\"accelerometer; autoplay; clipboard-write; encrypted-media; gyroscope; picture-in-picture; web-share\" referrerpolicy=\"strict-origin-when-cross-origin\" allowfullscreen><\/iframe><\/div>\n<\/div><\/figure>\n\n\n\n<h2 class=\"wp-block-heading\">Quais cuidados ter e como usar o lim\u00e3o de forma equilibrada<\/h2>\n\n\n\n<p>Apesar dos poss\u00edveis benef\u00edcios digestivos, o <b>lim\u00e3o<\/b> requer alguns cuidados em casos de gastrite ativa, refluxo importante ou \u00falceras, pois a alta acidez pode intensificar sintomas. O contato frequente do suco puro com os dentes tamb\u00e9m favorece o desgaste do <b>esmalte<\/b>, sendo prefer\u00edvel dilu\u00ed-lo em \u00e1gua, usar canudo e evitar escovar os dentes logo ap\u00f3s o consumo.<\/p>\n\n\n\n<p>De maneira geral, o lim\u00e3o pode ser incorporado \u00e0 rotina com <b>modera\u00e7\u00e3o<\/b> e variedade, contribuindo para refei\u00e7\u00f5es mais leves e saborosas. A seguir, algumas formas frequentes e pr\u00e1ticas de uso no dia a dia, que podem integrar um conjunto de h\u00e1bitos ben\u00e9ficos para o sistema <b>digest\u00f3rio<\/b>:<\/p>\n\n\n\n<ul class=\"wp-block-list\">\n<li><b>Tempero<\/b> de saladas de folhas, legumes e gr\u00e3os cozidos;<\/li>\n\n\n\n<li>Marinadas de <b>peixes<\/b> e carnes magras para amaciar prote\u00ednas;<\/li>\n\n\n\n<li>\u00c1gua aromatizada com rodelas de <b>lim\u00e3o<\/b> e outras frutas;<\/li>\n\n\n\n<li>Prepara\u00e7\u00e3o de <b>ch\u00e1s<\/b> e infus\u00f5es com lim\u00e3o espremido no final;<\/li>\n\n\n\n<li>Uso das <b>raspas<\/b> da casca em pratos doces e salgados.<\/li>\n<\/ul>\n\n\n\n<p>Para quem busca melhorar a <b>digest\u00e3o<\/b>, o lim\u00e3o funciona melhor quando associado a outros h\u00e1bitos saud\u00e1veis, como mastigar bem os alimentos, evitar grandes volumes de comida \u00e0 noite e manter <b>hidrata\u00e7\u00e3o<\/b> adequada. Assim, a fruta deixa de ser vista como solu\u00e7\u00e3o isolada e passa a integrar um estilo de vida que favorece o equil\u00edbrio do sistema digest\u00f3rio.<\/p>\n","protected":false},"excerpt":{"rendered":"<p>O lim\u00e3o \u00e9 frequentemente associado \u00e0 refresc\u00e2ncia e ao aroma marcante, mas seu papel na digest\u00e3o vem ganhando destaque em h\u00e1bitos alimentares do dia a dia. Muita gente passou a incluir a fruta em bebidas, refei\u00e7\u00f5es e at\u00e9 em rotinas matinais, buscando auxiliar o funcionamento do intestino e reduzir desconfortos digestivos, e embora a ci\u00eancia [&hellip;]<\/p>\n","protected":false},"author":9,"featured_media":136836,"comment_status":"open","ping_status":"open","sticky":false,"template":"","format":"standard","meta":{"jnews-multi-image_gallery":[],"jnews_single_post":{"format":"standard"},"jnews_primary_category":[],"jnews_social_meta":[],"jnews_override_counter":[],"footnotes":""},"categories":[8691,8819,1],"tags":[256,4205,3108],"class_list":["post-136819","post","type-post","status-publish","format-standard","has-post-thumbnail","hentry","category-bem-estar","category-curiosidades","category-noticias","tag-beneficios","tag-digestao","tag-limao"],"yoast_head":"<!-- This site is optimized with the Yoast SEO plugin v23.8 - https:\/\/yoast.com\/wordpress\/plugins\/seo\/ -->\n<title>Como uma fruta comum pode acabar com a sensa\u00e7\u00e3o de est\u00f4mago pesado - Estado de Minas - Em foco<\/title>\n<meta name=\"description\" content=\"O \u00e1cido c\u00edtrico estimula a digest\u00e3o e a saliva\u00e7\u00e3o. Entenda como consumir a \u00e1gua com lim\u00e3o com seguran\u00e7a e os cuidados com a gastrite.\" \/>\n<meta name=\"robots\" content=\"index, follow, max-snippet:-1, max-image-preview:large, max-video-preview:-1\" \/>\n<link rel=\"canonical\" href=\"https:\/\/www.em.com.br\/emfoco\/2025\/12\/07\/como-uma-fruta-comum-pode-acabar-com-a-sensacao-de-estomago-pesado\/\" \/>\n<meta property=\"og:locale\" content=\"pt_BR\" \/>\n<meta property=\"og:type\" content=\"article\" \/>\n<meta property=\"og:title\" content=\"Como uma fruta comum pode acabar com a sensa\u00e7\u00e3o de est\u00f4mago pesado - Estado de Minas - Em foco\" \/>\n<meta property=\"og:description\" content=\"O \u00e1cido c\u00edtrico estimula a digest\u00e3o e a saliva\u00e7\u00e3o. Entenda como consumir a \u00e1gua com lim\u00e3o com seguran\u00e7a e os cuidados com a gastrite.\" \/>\n<meta property=\"og:url\" content=\"https:\/\/www.em.com.br\/emfoco\/2025\/12\/07\/como-uma-fruta-comum-pode-acabar-com-a-sensacao-de-estomago-pesado\/\" \/>\n<meta property=\"og:site_name\" content=\"Estado de Minas - Em foco\" \/>\n<meta property=\"article:published_time\" content=\"2025-12-07T15:05:15+00:00\" \/>\n<meta property=\"article:modified_time\" content=\"2025-12-06T18:16:41+00:00\" \/>\n<meta property=\"og:image\" content=\"https:\/\/www.em.com.br\/emfoco\/wp-content\/uploads\/2025\/12\/digestao_1765037795867.jpg\" \/>\n\t<meta property=\"og:image:width\" content=\"1280\" \/>\n\t<meta property=\"og:image:height\" content=\"720\" \/>\n\t<meta property=\"og:image:type\" content=\"image\/jpeg\" \/>\n<meta name=\"author\" content=\"Daniely Cardoso\" \/>\n<meta name=\"twitter:card\" content=\"summary_large_image\" \/>\n<meta name=\"twitter:label1\" content=\"Escrito por\" \/>\n\t<meta name=\"twitter:data1\" content=\"Daniely Cardoso\" \/>\n\t<meta name=\"twitter:label2\" content=\"Est. tempo de leitura\" \/>\n\t<meta name=\"twitter:data2\" content=\"5 minutos\" \/>\n<!-- \/ Yoast SEO plugin. -->","yoast_head_json":{"title":"Como uma fruta comum pode acabar com a sensa\u00e7\u00e3o de est\u00f4mago pesado - Estado de Minas - Em foco","description":"O \u00e1cido c\u00edtrico estimula a digest\u00e3o e a saliva\u00e7\u00e3o. Entenda como consumir a \u00e1gua com lim\u00e3o com seguran\u00e7a e os cuidados com a gastrite.","robots":{"index":"index","follow":"follow","max-snippet":"max-snippet:-1","max-image-preview":"max-image-preview:large","max-video-preview":"max-video-preview:-1"},"canonical":"https:\/\/www.em.com.br\/emfoco\/2025\/12\/07\/como-uma-fruta-comum-pode-acabar-com-a-sensacao-de-estomago-pesado\/","og_locale":"pt_BR","og_type":"article","og_title":"Como uma fruta comum pode acabar com a sensa\u00e7\u00e3o de est\u00f4mago pesado - Estado de Minas - Em foco","og_description":"O \u00e1cido c\u00edtrico estimula a digest\u00e3o e a saliva\u00e7\u00e3o. Entenda como consumir a \u00e1gua com lim\u00e3o com seguran\u00e7a e os cuidados com a gastrite.","og_url":"https:\/\/www.em.com.br\/emfoco\/2025\/12\/07\/como-uma-fruta-comum-pode-acabar-com-a-sensacao-de-estomago-pesado\/","og_site_name":"Estado de Minas - Em foco","article_published_time":"2025-12-07T15:05:15+00:00","article_modified_time":"2025-12-06T18:16:41+00:00","og_image":[{"width":1280,"height":720,"url":"https:\/\/www.em.com.br\/emfoco\/wp-content\/uploads\/2025\/12\/digestao_1765037795867.jpg","type":"image\/jpeg"}],"author":"Daniely Cardoso","twitter_card":"summary_large_image","twitter_misc":{"Escrito por":"Daniely Cardoso","Est. tempo de leitura":"5 minutos"},"schema":{"@context":"https:\/\/schema.org","@graph":[{"@type":"WebPage","@id":"https:\/\/www.em.com.br\/emfoco\/2025\/12\/07\/como-uma-fruta-comum-pode-acabar-com-a-sensacao-de-estomago-pesado\/","url":"https:\/\/www.em.com.br\/emfoco\/2025\/12\/07\/como-uma-fruta-comum-pode-acabar-com-a-sensacao-de-estomago-pesado\/","name":"Como uma fruta comum pode acabar com a sensa\u00e7\u00e3o de est\u00f4mago pesado - Estado de Minas - Em foco","isPartOf":{"@id":"https:\/\/www.em.com.br\/emfoco\/#website"},"primaryImageOfPage":{"@id":"https:\/\/www.em.com.br\/emfoco\/2025\/12\/07\/como-uma-fruta-comum-pode-acabar-com-a-sensacao-de-estomago-pesado\/#primaryimage"},"image":{"@id":"https:\/\/www.em.com.br\/emfoco\/2025\/12\/07\/como-uma-fruta-comum-pode-acabar-com-a-sensacao-de-estomago-pesado\/#primaryimage"},"thumbnailUrl":"https:\/\/www.em.com.br\/emfoco\/wp-content\/uploads\/2025\/12\/digestao_1765037795867.jpg","datePublished":"2025-12-07T15:05:15+00:00","dateModified":"2025-12-06T18:16:41+00:00","author":{"@id":"https:\/\/www.em.com.br\/emfoco\/#\/schema\/person\/0a8186d72f2c3a5c6276d90b41f271a0"},"description":"O \u00e1cido c\u00edtrico estimula a digest\u00e3o e a saliva\u00e7\u00e3o. Entenda como consumir a \u00e1gua com lim\u00e3o com seguran\u00e7a e os cuidados com a gastrite.","breadcrumb":{"@id":"https:\/\/www.em.com.br\/emfoco\/2025\/12\/07\/como-uma-fruta-comum-pode-acabar-com-a-sensacao-de-estomago-pesado\/#breadcrumb"},"inLanguage":"pt-BR","potentialAction":[{"@type":"ReadAction","target":["https:\/\/www.em.com.br\/emfoco\/2025\/12\/07\/como-uma-fruta-comum-pode-acabar-com-a-sensacao-de-estomago-pesado\/"]}]},{"@type":"ImageObject","inLanguage":"pt-BR","@id":"https:\/\/www.em.com.br\/emfoco\/2025\/12\/07\/como-uma-fruta-comum-pode-acabar-com-a-sensacao-de-estomago-pesado\/#primaryimage","url":"https:\/\/www.em.com.br\/emfoco\/wp-content\/uploads\/2025\/12\/digestao_1765037795867.jpg","contentUrl":"https:\/\/www.em.com.br\/emfoco\/wp-content\/uploads\/2025\/12\/digestao_1765037795867.jpg","width":1280,"height":720,"caption":"A digest\u00e3o \u00e9 um processo complexo que envolve boca, est\u00f4mago, intestinos e diversos horm\u00f4nios - Cr\u00e9ditos: depositphotos.com \/ serezniy"},{"@type":"BreadcrumbList","@id":"https:\/\/www.em.com.br\/emfoco\/2025\/12\/07\/como-uma-fruta-comum-pode-acabar-com-a-sensacao-de-estomago-pesado\/#breadcrumb","itemListElement":[{"@type":"ListItem","position":1,"name":"In\u00edcio","item":"https:\/\/www.em.com.br\/emfoco\/"},{"@type":"ListItem","position":2,"name":"Como uma fruta comum pode acabar com a sensa\u00e7\u00e3o de est\u00f4mago pesado"}]},{"@type":"WebSite","@id":"https:\/\/www.em.com.br\/emfoco\/#website","url":"https:\/\/www.em.com.br\/emfoco\/","name":"Estado de Minas - Em foco","description":"Acompanhe as \u00faltimas not\u00edcias e fique bem informado sobre tudo o que acontece em Minas Gerais, Brasil e no mundo.","potentialAction":[{"@type":"SearchAction","target":{"@type":"EntryPoint","urlTemplate":"https:\/\/www.em.com.br\/emfoco\/?s={search_term_string}"},"query-input":{"@type":"PropertyValueSpecification","valueRequired":true,"valueName":"search_term_string"}}],"inLanguage":"pt-BR"},{"@type":"Person","@id":"https:\/\/www.em.com.br\/emfoco\/#\/schema\/person\/0a8186d72f2c3a5c6276d90b41f271a0","name":"Daniely Cardoso","image":{"@type":"ImageObject","inLanguage":"pt-BR","@id":"https:\/\/www.em.com.br\/emfoco\/#\/schema\/person\/image\/","url":"https:\/\/secure.gravatar.com\/avatar\/4b80ddbd124d1f071b626d52d62e5dff?s=96&d=mm&r=g","contentUrl":"https:\/\/secure.gravatar.com\/avatar\/4b80ddbd124d1f071b626d52d62e5dff?s=96&d=mm&r=g","caption":"Daniely Cardoso"},"url":"https:\/\/www.em.com.br\/emfoco\/author\/danielymyth\/"}]}},"_links":{"self":[{"href":"https:\/\/www.em.com.br\/emfoco\/wp-json\/wp\/v2\/posts\/136819","targetHints":{"allow":["GET"]}}],"collection":[{"href":"https:\/\/www.em.com.br\/emfoco\/wp-json\/wp\/v2\/posts"}],"about":[{"href":"https:\/\/www.em.com.br\/emfoco\/wp-json\/wp\/v2\/types\/post"}],"author":[{"embeddable":true,"href":"https:\/\/www.em.com.br\/emfoco\/wp-json\/wp\/v2\/users\/9"}],"replies":[{"embeddable":true,"href":"https:\/\/www.em.com.br\/emfoco\/wp-json\/wp\/v2\/comments?post=136819"}],"version-history":[{"count":3,"href":"https:\/\/www.em.com.br\/emfoco\/wp-json\/wp\/v2\/posts\/136819\/revisions"}],"predecessor-version":[{"id":136921,"href":"https:\/\/www.em.com.br\/emfoco\/wp-json\/wp\/v2\/posts\/136819\/revisions\/136921"}],"wp:featuredmedia":[{"embeddable":true,"href":"https:\/\/www.em.com.br\/emfoco\/wp-json\/wp\/v2\/media\/136836"}],"wp:attachment":[{"href":"https:\/\/www.em.com.br\/emfoco\/wp-json\/wp\/v2\/media?parent=136819"}],"wp:term":[{"taxonomy":"category","embeddable":true,"href":"https:\/\/www.em.com.br\/emfoco\/wp-json\/wp\/v2\/categories?post=136819"},{"taxonomy":"post_tag","embeddable":true,"href":"https:\/\/www.em.com.br\/emfoco\/wp-json\/wp\/v2\/tags?post=136819"}],"curies":[{"name":"wp","href":"https:\/\/api.w.org\/{rel}","templated":true}]}}