{"id":136755,"date":"2025-12-07T20:55:00","date_gmt":"2025-12-07T23:55:00","guid":{"rendered":"https:\/\/www.em.com.br\/emfoco\/?p=136755"},"modified":"2025-12-06T20:46:17","modified_gmt":"2025-12-06T23:46:17","slug":"4-signos-descobrirao-hoje-quem-realmente-nao-e-confiavel","status":"publish","type":"post","link":"https:\/\/www.em.com.br\/emfoco\/2025\/12\/07\/4-signos-descobrirao-hoje-quem-realmente-nao-e-confiavel\/","title":{"rendered":"4 signos descobrir\u00e3o hoje quem realmente n\u00e3o \u00e9 confi\u00e1vel"},"content":{"rendered":"\n<p>Em momentos de tens\u00e3o emocional, temas como confian\u00e7a, lealdade e frustra\u00e7\u00e3o ganham for\u00e7a nos relacionamentos. Muitas pessoas recorrem \u00e0 astrologia para entender como cada signo reage \u00e0&nbsp;<strong>quebra de confian\u00e7a<\/strong>, buscando um mapa simb\u00f3lico que ajude a interpretar padr\u00f5es de comportamento, especialmente em 2025, quando leituras apontam emo\u00e7\u00f5es mais intensas em la\u00e7os afetivos, de amizade e familiares.<\/p>\n\n\n\n<h2 class=\"wp-block-heading\">O que \u00e9 a quebra de confian\u00e7a nos relacionamentos<\/h2>\n\n\n\n<p>A <a href=\"https:\/\/psicoter.com.br\/falta-de-confianca-no-relacionamento\/\" target=\"_blank\" rel=\"noreferrer noopener\">quebra de confian\u00e7a<\/a> acontece quando h\u00e1 uma dist\u00e2ncia entre o que foi prometido ou sugerido e o que realmente foi vivido. Isso pode envolver segredos expostos, promessas descumpridas, mentiras, omiss\u00f5es ou atitudes incoerentes com o v\u00ednculo que vinha sendo constru\u00eddo.<\/p>\n\n\n\n<p>Mais do que o fato isolado, o impacto simb\u00f3lico costuma abalar a seguran\u00e7a emocional e o senso de julgamento. Em 2025, esse tema aparece com destaque em rela\u00e7\u00f5es amorosas, parcerias profissionais e v\u00ednculos familiares, despertando medo de se abrir novamente e necessidade de rever limites.<\/p>\n\n\n\n<figure class=\"wp-block-image\"><img decoding=\"async\" src=\"https:\/\/www.em.com.br\/emfoco\/wp-content\/uploads\/2025\/03\/desconfianca_1741992385716-1024x576.jpg\" alt=\"\"\/><figcaption class=\"wp-element-caption\">Desconfian\u00e7a &#8211; Cr\u00e9ditos: depositphotos.com \/ AndrewLozovyi<\/figcaption><\/figure>\n\n\n\n<h2 class=\"wp-block-heading\">Quais signos sentem com mais intensidade a quebra de confian\u00e7a<\/h2>\n\n\n\n<p>Todos os <a href=\"https:\/\/www.em.com.br\/emfoco\/2025\/12\/03\/os-5-signos-considerados-mais-bonitos-em-2025-e-por-que-essa-lista-mexe-tanto-com-a-autoestima\/\" target=\"_blank\" rel=\"noreferrer noopener\">signos <\/a>podem viver frustra\u00e7\u00f5es, mas alguns mapas astrol\u00f3gicos indicam sensibilidade maior a situa\u00e7\u00f5es de deslealdade. Em per\u00edodos de tens\u00e3o no c\u00e9u, quatro signos ganham destaque quando o assunto \u00e9\u00a0<strong>trai\u00e7\u00e3o de confian\u00e7a<\/strong>\u00a0e revis\u00e3o de v\u00ednculos: Le\u00e3o, Virgem, G\u00eameos e Escorpi\u00e3o.<\/p>\n\n\n\n<p>De forma geral, esses signos tendem a reagir \u00e0 ruptura de modos bem espec\u00edficos, influenciando o enfrentamento do problema e o processo de cura emocional:<\/p>\n\n\n\n<ul class=\"wp-block-list\">\n<li><strong>Le\u00e3o<\/strong>: valoriza a lealdade e sente o golpe diretamente no orgulho e na autoestima.<\/li>\n\n\n\n<li><strong>Virgem<\/strong>: revisita detalhes, conversas e sinais, buscando l\u00f3gica para o que ocorreu.<\/li>\n\n\n\n<li><strong>G\u00eameos<\/strong>: questiona vers\u00f5es, falas e informa\u00e7\u00f5es que cercam a situa\u00e7\u00e3o.<\/li>\n\n\n\n<li><strong>Escorpi\u00e3o<\/strong>: vive a ruptura de forma profunda, ligada \u00e0 confian\u00e7a e \u00e0 intimidade.<\/li>\n<\/ul>\n\n\n\n<h2 class=\"wp-block-heading\">Como Le\u00e3o, Virgem, G\u00eameos e Escorpi\u00e3o reagem \u00e0 quebra de confian\u00e7a<\/h2>\n\n\n\n<p>Le\u00e3o associa confian\u00e7a \u00e0 reciprocidade, respeito e reconhecimento. Quando h\u00e1&nbsp;<strong>decep\u00e7\u00e3o<\/strong>&nbsp;com algu\u00e9m pr\u00f3ximo, pode sentir sua generosidade desvalorizada, reagindo de forma intensa e precisando de tempo para reorganizar a imagem da pessoa e da rela\u00e7\u00e3o, priorizando ambientes em que se sinta ouvido.<\/p>\n\n\n\n<p>Virgem tende a revisar mentalmente cada passo da rela\u00e7\u00e3o, adotando uma postura anal\u00edtica diante da&nbsp;<em>ruptura de confian\u00e7a<\/em>. Essa investiga\u00e7\u00e3o ajuda a entender o contexto, mas pode gerar autocr\u00edtica excessiva, tornando importantes os limites claros, o autocuidado e at\u00e9 abordagens como astrologia terap\u00eautica para n\u00e3o se culpar por tudo.<\/p>\n\n\n\n<h2 class=\"wp-block-heading\">Como G\u00eameos e Escorpi\u00e3o lidam com a confian\u00e7a abalada<\/h2>\n\n\n\n<p>G\u00eameos, signo ligado \u00e0 comunica\u00e7\u00e3o, se abala quando a confian\u00e7a \u00e9 rompida por distor\u00e7\u00f5es, boatos ou omiss\u00f5es. Busca esclarecimentos, diferentes vers\u00f5es e explica\u00e7\u00f5es racionais, mas o excesso de informa\u00e7\u00f5es pode aumentar a confus\u00e3o, tornando \u00fateis estrat\u00e9gias como registrar pensamentos e organizar ideias antes de decidir.<\/p>\n\n\n\n<figure class=\"wp-block-image\"><img decoding=\"async\" src=\"https:\/\/www.em.com.br\/emfoco\/wp-content\/uploads\/2025\/02\/horoscopo_1740792668649-1-1024x576.jpg\" alt=\"\"\/><figcaption class=\"wp-element-caption\">O mapa astral explica &#8211; Cr\u00e9ditos: depositphotos.com \/ gmac84<\/figcaption><\/figure>\n\n\n\n<p>Escorpi\u00e3o, associado \u00e0 profundidade emocional, coloca a&nbsp;<strong>lealdade<\/strong>&nbsp;no centro de qualquer v\u00ednculo. Diante da quebra de confian\u00e7a, pode se afastar, silenciar ou confrontar diretamente, dependendo do contexto. Ainda assim, \u00e9 um dos signos com maior capacidade de transforma\u00e7\u00e3o, capaz de ressignificar feridas e reconstruir sua forma de se relacionar ao longo do tempo.<\/p>\n\n\n\n<h2 class=\"wp-block-heading\">Quais atitudes ajudam a lidar com um per\u00edodo de confian\u00e7a abalada<\/h2>\n\n\n\n<p>Independentemente do signo, fases marcadas por&nbsp;<strong>quebra de confian\u00e7a<\/strong>&nbsp;podem ser conduzidas com atitudes pr\u00e1ticas que protegem a sa\u00fade emocional. Al\u00e9m do signo solar, o restante do mapa astral pode indicar de onde v\u00eam maior sensibilidade, rigidez ou padr\u00f5es repetitivos nas rela\u00e7\u00f5es.<\/p>\n\n\n\n<p>Algumas estrat\u00e9gias simples ajudam a atravessar esse tipo de momento com mais clareza e menos desgaste, favorecendo v\u00ednculos futuros mais conscientes e saud\u00e1veis:<\/p>\n\n\n\n<ol class=\"wp-block-list\">\n<li><strong>Reconhecer o impacto emocional<\/strong>: admitir dor, tristeza ou frustra\u00e7\u00e3o evita que o tema seja negado.<\/li>\n\n\n\n<li><strong>Buscar di\u00e1logo claro<\/strong>: quando poss\u00edvel, conversas objetivas podem esclarecer ou confirmar percep\u00e7\u00f5es.<\/li>\n\n\n\n<li><strong>Definir limites<\/strong>: ajustar forma de contato, frequ\u00eancia e grau de confian\u00e7a protege o emocional.<\/li>\n\n\n\n<li><strong>Praticar autocuidado<\/strong>: sono, alimenta\u00e7\u00e3o, movimento e relaxamento ajudam no equil\u00edbrio interno.<\/li>\n\n\n\n<li><strong>Refletir sobre padr\u00f5es<\/strong>: observar repeti\u00e7\u00f5es abre espa\u00e7o para escolhas mais alinhadas no futuro.<\/li>\n<\/ol>\n\n\n\n<h2 class=\"wp-block-heading\">Como transformar a quebra de confian\u00e7a em oportunidade de reconstru\u00e7\u00e3o<\/h2>\n\n\n\n<p>Ao observar Le\u00e3o, Virgem, G\u00eameos e Escorpi\u00e3o em momentos de tens\u00e3o, fica evidente que cada energia do zod\u00edaco reage \u00e0 ruptura a partir de suas marcas emocionais. Ainda assim, 2025 pode ser um ponto de virada para reorganizar v\u00ednculos, fortalecer la\u00e7os consistentes e dar mais espa\u00e7o \u00e0 transpar\u00eancia e ao respeito.<\/p>\n\n\n\n<p>Se voc\u00ea sente a confian\u00e7a abalada agora, n\u00e3o adie o cuidado com si mesmo nem a revis\u00e3o das suas rela\u00e7\u00f5es. Use esse momento como chamado urgente para se posicionar, ajustar limites e escolher conscientemente quem merece seguir ao seu lado daqui para frente.<\/p>\n\n\n\n<p><\/p>\n","protected":false},"excerpt":{"rendered":"<p>Em momentos de tens\u00e3o emocional, temas como confian\u00e7a, lealdade e frustra\u00e7\u00e3o ganham for\u00e7a nos relacionamentos. Muitas pessoas recorrem \u00e0 astrologia para entender como cada signo reage \u00e0&nbsp;quebra de confian\u00e7a, buscando um mapa simb\u00f3lico que ajude a interpretar padr\u00f5es de comportamento, especialmente em 2025, quando leituras apontam emo\u00e7\u00f5es mais intensas em la\u00e7os afetivos, de amizade e [&hellip;]<\/p>\n","protected":false},"author":11,"featured_media":85344,"comment_status":"open","ping_status":"open","sticky":false,"template":"","format":"standard","meta":{"jnews-multi-image_gallery":[],"jnews_single_post":{"format":"standard"},"jnews_primary_category":[],"jnews_social_meta":[],"jnews_override_counter":[],"footnotes":""},"categories":[1,25],"tags":[1060,14553,168],"class_list":["post-136755","post","type-post","status-publish","format-standard","has-post-thumbnail","hentry","category-noticias","category-signos","tag-emocoes","tag-quebra-de-confianca","tag-signos"],"yoast_head":"<!-- This site is optimized with the Yoast SEO plugin v23.8 - https:\/\/yoast.com\/wordpress\/plugins\/seo\/ -->\n<title>4 signos descobrir\u00e3o hoje quem realmente n\u00e3o \u00e9 confi\u00e1vel - Estado de Minas - Em foco<\/title>\n<meta name=\"description\" content=\"Um movimento emocional coloca alguns signos diante de feridas antigas. A confian\u00e7a abalada exige calma, limites e reconstru\u00e7\u00e3o consciente.\" \/>\n<meta name=\"robots\" content=\"index, follow, max-snippet:-1, max-image-preview:large, max-video-preview:-1\" \/>\n<link rel=\"canonical\" href=\"https:\/\/www.em.com.br\/emfoco\/2025\/12\/07\/4-signos-descobrirao-hoje-quem-realmente-nao-e-confiavel\/\" \/>\n<meta property=\"og:locale\" content=\"pt_BR\" \/>\n<meta property=\"og:type\" content=\"article\" \/>\n<meta property=\"og:title\" content=\"4 signos descobrir\u00e3o hoje quem realmente n\u00e3o \u00e9 confi\u00e1vel - Estado de Minas - Em foco\" \/>\n<meta property=\"og:description\" content=\"Um movimento emocional coloca alguns signos diante de feridas antigas. A confian\u00e7a abalada exige calma, limites e reconstru\u00e7\u00e3o consciente.\" \/>\n<meta property=\"og:url\" content=\"https:\/\/www.em.com.br\/emfoco\/2025\/12\/07\/4-signos-descobrirao-hoje-quem-realmente-nao-e-confiavel\/\" \/>\n<meta property=\"og:site_name\" content=\"Estado de Minas - Em foco\" \/>\n<meta property=\"article:published_time\" content=\"2025-12-07T23:55:00+00:00\" \/>\n<meta property=\"article:modified_time\" content=\"2025-12-06T23:46:17+00:00\" \/>\n<meta property=\"og:image\" content=\"https:\/\/www.em.com.br\/emfoco\/wp-content\/uploads\/2025\/08\/saudade_1754091001725.jpg\" \/>\n\t<meta property=\"og:image:width\" content=\"1280\" \/>\n\t<meta property=\"og:image:height\" content=\"720\" \/>\n\t<meta property=\"og:image:type\" content=\"image\/jpeg\" \/>\n<meta name=\"author\" content=\"Andre\u0301 Rangel\u00a0\" \/>\n<meta name=\"twitter:card\" content=\"summary_large_image\" \/>\n<meta name=\"twitter:label1\" content=\"Escrito por\" \/>\n\t<meta name=\"twitter:data1\" content=\"Andre\u0301 Rangel\u00a0\" \/>\n\t<meta name=\"twitter:label2\" content=\"Est. tempo de leitura\" \/>\n\t<meta name=\"twitter:data2\" content=\"5 minutos\" \/>\n<!-- \/ Yoast SEO plugin. -->","yoast_head_json":{"title":"4 signos descobrir\u00e3o hoje quem realmente n\u00e3o \u00e9 confi\u00e1vel - Estado de Minas - Em foco","description":"Um movimento emocional coloca alguns signos diante de feridas antigas. A confian\u00e7a abalada exige calma, limites e reconstru\u00e7\u00e3o consciente.","robots":{"index":"index","follow":"follow","max-snippet":"max-snippet:-1","max-image-preview":"max-image-preview:large","max-video-preview":"max-video-preview:-1"},"canonical":"https:\/\/www.em.com.br\/emfoco\/2025\/12\/07\/4-signos-descobrirao-hoje-quem-realmente-nao-e-confiavel\/","og_locale":"pt_BR","og_type":"article","og_title":"4 signos descobrir\u00e3o hoje quem realmente n\u00e3o \u00e9 confi\u00e1vel - Estado de Minas - Em foco","og_description":"Um movimento emocional coloca alguns signos diante de feridas antigas. A confian\u00e7a abalada exige calma, limites e reconstru\u00e7\u00e3o consciente.","og_url":"https:\/\/www.em.com.br\/emfoco\/2025\/12\/07\/4-signos-descobrirao-hoje-quem-realmente-nao-e-confiavel\/","og_site_name":"Estado de Minas - Em foco","article_published_time":"2025-12-07T23:55:00+00:00","article_modified_time":"2025-12-06T23:46:17+00:00","og_image":[{"width":1280,"height":720,"url":"https:\/\/www.em.com.br\/emfoco\/wp-content\/uploads\/2025\/08\/saudade_1754091001725.jpg","type":"image\/jpeg"}],"author":"Andre\u0301 Rangel\u00a0","twitter_card":"summary_large_image","twitter_misc":{"Escrito por":"Andre\u0301 Rangel\u00a0","Est. tempo de leitura":"5 minutos"},"schema":{"@context":"https:\/\/schema.org","@graph":[{"@type":"WebPage","@id":"https:\/\/www.em.com.br\/emfoco\/2025\/12\/07\/4-signos-descobrirao-hoje-quem-realmente-nao-e-confiavel\/","url":"https:\/\/www.em.com.br\/emfoco\/2025\/12\/07\/4-signos-descobrirao-hoje-quem-realmente-nao-e-confiavel\/","name":"4 signos descobrir\u00e3o hoje quem realmente n\u00e3o \u00e9 confi\u00e1vel - Estado de Minas - Em foco","isPartOf":{"@id":"https:\/\/www.em.com.br\/emfoco\/#website"},"primaryImageOfPage":{"@id":"https:\/\/www.em.com.br\/emfoco\/2025\/12\/07\/4-signos-descobrirao-hoje-quem-realmente-nao-e-confiavel\/#primaryimage"},"image":{"@id":"https:\/\/www.em.com.br\/emfoco\/2025\/12\/07\/4-signos-descobrirao-hoje-quem-realmente-nao-e-confiavel\/#primaryimage"},"thumbnailUrl":"https:\/\/www.em.com.br\/emfoco\/wp-content\/uploads\/2025\/08\/saudade_1754091001725.jpg","datePublished":"2025-12-07T23:55:00+00:00","dateModified":"2025-12-06T23:46:17+00:00","author":{"@id":"https:\/\/www.em.com.br\/emfoco\/#\/schema\/person\/60eda09c1fedf0d6891f4cef4b60b8b8"},"description":"Um movimento emocional coloca alguns signos diante de feridas antigas. A confian\u00e7a abalada exige calma, limites e reconstru\u00e7\u00e3o consciente.","breadcrumb":{"@id":"https:\/\/www.em.com.br\/emfoco\/2025\/12\/07\/4-signos-descobrirao-hoje-quem-realmente-nao-e-confiavel\/#breadcrumb"},"inLanguage":"pt-BR","potentialAction":[{"@type":"ReadAction","target":["https:\/\/www.em.com.br\/emfoco\/2025\/12\/07\/4-signos-descobrirao-hoje-quem-realmente-nao-e-confiavel\/"]}]},{"@type":"ImageObject","inLanguage":"pt-BR","@id":"https:\/\/www.em.com.br\/emfoco\/2025\/12\/07\/4-signos-descobrirao-hoje-quem-realmente-nao-e-confiavel\/#primaryimage","url":"https:\/\/www.em.com.br\/emfoco\/wp-content\/uploads\/2025\/08\/saudade_1754091001725.jpg","contentUrl":"https:\/\/www.em.com.br\/emfoco\/wp-content\/uploads\/2025\/08\/saudade_1754091001725.jpg","width":1280,"height":720,"caption":"Mulher com saudade - Cr\u00e9ditos: depositphotos.com \/ AndrewLozovyi"},{"@type":"BreadcrumbList","@id":"https:\/\/www.em.com.br\/emfoco\/2025\/12\/07\/4-signos-descobrirao-hoje-quem-realmente-nao-e-confiavel\/#breadcrumb","itemListElement":[{"@type":"ListItem","position":1,"name":"In\u00edcio","item":"https:\/\/www.em.com.br\/emfoco\/"},{"@type":"ListItem","position":2,"name":"4 signos descobrir\u00e3o hoje quem realmente n\u00e3o \u00e9 confi\u00e1vel"}]},{"@type":"WebSite","@id":"https:\/\/www.em.com.br\/emfoco\/#website","url":"https:\/\/www.em.com.br\/emfoco\/","name":"Estado de Minas - Em foco","description":"Acompanhe as \u00faltimas not\u00edcias e fique bem informado sobre tudo o que acontece em Minas Gerais, Brasil e no mundo.","potentialAction":[{"@type":"SearchAction","target":{"@type":"EntryPoint","urlTemplate":"https:\/\/www.em.com.br\/emfoco\/?s={search_term_string}"},"query-input":{"@type":"PropertyValueSpecification","valueRequired":true,"valueName":"search_term_string"}}],"inLanguage":"pt-BR"},{"@type":"Person","@id":"https:\/\/www.em.com.br\/emfoco\/#\/schema\/person\/60eda09c1fedf0d6891f4cef4b60b8b8","name":"Andre\u0301 Rangel\u00a0","image":{"@type":"ImageObject","inLanguage":"pt-BR","@id":"https:\/\/www.em.com.br\/emfoco\/#\/schema\/person\/image\/","url":"https:\/\/secure.gravatar.com\/avatar\/6234dc814c77c8ef6d8bba622c787efc?s=96&d=mm&r=g","contentUrl":"https:\/\/secure.gravatar.com\/avatar\/6234dc814c77c8ef6d8bba622c787efc?s=96&d=mm&r=g","caption":"Andre\u0301 Rangel\u00a0"},"url":"https:\/\/www.em.com.br\/emfoco\/author\/luizmyth\/"}]}},"_links":{"self":[{"href":"https:\/\/www.em.com.br\/emfoco\/wp-json\/wp\/v2\/posts\/136755","targetHints":{"allow":["GET"]}}],"collection":[{"href":"https:\/\/www.em.com.br\/emfoco\/wp-json\/wp\/v2\/posts"}],"about":[{"href":"https:\/\/www.em.com.br\/emfoco\/wp-json\/wp\/v2\/types\/post"}],"author":[{"embeddable":true,"href":"https:\/\/www.em.com.br\/emfoco\/wp-json\/wp\/v2\/users\/11"}],"replies":[{"embeddable":true,"href":"https:\/\/www.em.com.br\/emfoco\/wp-json\/wp\/v2\/comments?post=136755"}],"version-history":[{"count":3,"href":"https:\/\/www.em.com.br\/emfoco\/wp-json\/wp\/v2\/posts\/136755\/revisions"}],"predecessor-version":[{"id":136771,"href":"https:\/\/www.em.com.br\/emfoco\/wp-json\/wp\/v2\/posts\/136755\/revisions\/136771"}],"wp:featuredmedia":[{"embeddable":true,"href":"https:\/\/www.em.com.br\/emfoco\/wp-json\/wp\/v2\/media\/85344"}],"wp:attachment":[{"href":"https:\/\/www.em.com.br\/emfoco\/wp-json\/wp\/v2\/media?parent=136755"}],"wp:term":[{"taxonomy":"category","embeddable":true,"href":"https:\/\/www.em.com.br\/emfoco\/wp-json\/wp\/v2\/categories?post=136755"},{"taxonomy":"post_tag","embeddable":true,"href":"https:\/\/www.em.com.br\/emfoco\/wp-json\/wp\/v2\/tags?post=136755"}],"curies":[{"name":"wp","href":"https:\/\/api.w.org\/{rel}","templated":true}]}}