{"id":136744,"date":"2025-12-07T10:25:00","date_gmt":"2025-12-07T13:25:00","guid":{"rendered":"https:\/\/www.em.com.br\/emfoco\/?p=136744"},"modified":"2025-12-08T10:27:22","modified_gmt":"2025-12-08T13:27:22","slug":"o-clima-vai-virar-de-ponta-cabeca-na-regiao-sudeste-nos-proximos-dias","status":"publish","type":"post","link":"https:\/\/www.em.com.br\/emfoco\/2025\/12\/07\/o-clima-vai-virar-de-ponta-cabeca-na-regiao-sudeste-nos-proximos-dias\/","title":{"rendered":"O clima vai virar de ponta cabe\u00e7a na regi\u00e3o Sudeste nos pr\u00f3ximos dias"},"content":{"rendered":"\n<p>O clima na regi\u00e3o Sudeste do Brasil entra em uma fase de forte instabilidade ao longo da pr\u00f3xima semana, com uma nova frente fria favorecendo chuvas intensas, rajadas de vento, queda nas temperaturas e risco de transtornos, sobretudo em \u00e1reas urbanas densamente povoadas.<\/p>\n\n\n\n<h2 class=\"wp-block-heading\">Como o clima no Sudeste deve mudar ao longo da semana?<\/h2>\n\n\n\n<p>O&nbsp;<strong>clima no Sudeste<\/strong>&nbsp;ficar\u00e1 mais inst\u00e1vel, com a frente fria organizando \u00e1reas de chuva sobre S\u00e3o Paulo, Rio de Janeiro, Minas Gerais e Esp\u00edrito Santo. A semana deve come\u00e7ar abafada, com aumento de nuvens, e terminar com tempo mais ameno e \u00famido em boa parte da regi\u00e3o.<\/p>\n\n\n\n<p>Modelos de previs\u00e3o indicam que, em alguns pontos, os acumulados de chuva podem ultrapassar 100 mm em 24 horas, valor elevado para um \u00fanico dia. Esse volume favorece alagamentos, eleva\u00e7\u00e3o r\u00e1pida de c\u00f3rregos e risco de deslizamentos, al\u00e9m de&nbsp;<strong>ventos fortes<\/strong>&nbsp;com rajadas que podem se aproximar de 80 km\/h em \u00e1reas espec\u00edficas.<\/p>\n\n\n\n<p>Veja abaixo como fica o clima no sudeste essa semana:<\/p>\n\n\n\n<style>\n.tabela-previsao {\n    width: 100%;\n    border-collapse: collapse;\n    font-family: Arial, sans-serif;\n}\n\n.tabela-previsao th {\n    background: #003366; \/* azul escuro *\/\n    color: #ffffff; \/* branco *\/\n    padding: 12px;\n    text-align: center;\n    font-size: 18px;\n}\n\n.tabela-previsao td {\n    background: #1a4d80; \/* azul m\u00e9dio *\/\n    color: #ffffff; \/* branco *\/\n    padding: 12px;\n    text-align: center;\n    border-bottom: 1px solid #002244;\n}\n\n.tabela-previsao tr:nth-child(even) td {\n    background: #0f3b66; \/* azul mais escuro alternado *\/\n}\n<\/style>\n\n<table class=\"tabela-previsao\">\n    <tr>\n        <th colspan=\"6\">Previs\u00e3o do tempo \u2013 Regi\u00e3o Sudeste (9 a 13 de dezembro de 2025)<\/th>\n    <\/tr>\n\n    <tr>\n        <th>Cidade<\/th>\n        <th>Segunda<br>(08\/12)<\/th>\n        <th>Ter\u00e7a<br>(09\/12)<\/th>\n        <th>Quarta<br>(10\/12)<\/th>\n        <th>Quinta<br>(11\/12)<\/th>\n        <th>Sexta<br>(12\/12)<\/th>\n    <\/tr>\n\n    <tr>\n        <td>Belo Horizonte (MG)<\/td>\n        <td>18\u00b0C \/ 25\u00b0C<br>chuvas<\/td>\n        <td>19\u00b0C \/ 23\u00b0C<br>chuvas<\/td>\n        <td>19\u00b0C \/ 23\u00b0C<br>temporal<\/td>\n        <td>19\u00b0C \/ 27\u00b0C<br>chuvas<\/td>\n        <td>20\u00b0C \/ 27\u00b0C<br>chuvas<\/td>\n    <\/tr>\n\n    <tr>\n        <td>S\u00e3o Paulo (SP)<\/td>\n        <td>19\u00b0C \/ 28\u00b0C<br>chuvas<\/td>\n        <td>19\u00b0C \/ 22\u00b0C<br>chuvas<\/td>\n        <td>19\u00b0C \/ 26\u00b0C<br>temporal<\/td>\n        <td>19\u00b0C \/ 28\u00b0C<br>nublado<\/td>\n        <td>20\u00b0C \/ 27\u00b0C<br>chuvas<\/td>\n    <\/tr>\n\n    <tr>\n        <td>Rio de Janeiro (RJ)<\/td>\n        <td colspan=\"5\">Temperaturas elevadas, instabilidade e chuvas ao longo da semana, principalmente a partir de quarta-feira.<\/td>\n    <\/tr>\n\n    <tr>\n        <td>Vit\u00f3ria (ES)<\/td>\n        <td colspan=\"5\">Risco de chuvas moderadas a fortes e queda gradual das m\u00e1ximas ao longo da semana.<\/td>\n    <\/tr>\n<\/table>\n\n\n\n<h2 class=\"wp-block-heading\">O que explica os temporais e os riscos associados no Sudeste?<\/h2>\n\n\n\n<p>A mudan\u00e7a no&nbsp;<strong>clima no Sudeste do Brasil<\/strong>&nbsp;est\u00e1 ligada ao avan\u00e7o de uma frente fria pelo oceano, que interage com o ar quente predominante sobre o continente. Essa combina\u00e7\u00e3o aumenta a convec\u00e7\u00e3o e favorece nuvens do tipo cumulonimbus, respons\u00e1veis por tempestades, descargas el\u00e9tricas e chuvas intensas em curtos per\u00edodos.<\/p>\n\n\n\n<p>O Instituto Nacional de Meteorologia (<a href=\"https:\/\/portal.inmet.gov.br\/\" target=\"_blank\" rel=\"noreferrer noopener\">INMET<\/a>) emitiu alertas laranja e, em alguns setores, at\u00e9 vermelho, indicando risco de eventos extremos. Em capitais como S\u00e3o Paulo e Rio de Janeiro, drenagem limitada e alta concentra\u00e7\u00e3o de concreto ampliam os impactos das&nbsp;<strong>chuvas volumosas<\/strong>&nbsp;na infraestrutura urbana e nas vias.<\/p>\n\n\n\n<p>Entre os principais efeitos esperados, destacam-se situa\u00e7\u00f5es que podem afetar diretamente a rotina da popula\u00e7\u00e3o e dos servi\u00e7os essenciais:<\/p>\n\n\n\n<ul class=\"wp-block-list\">\n<li>Possibilidade de enchentes r\u00e1pidas em \u00e1reas de baixa altitude;<\/li>\n\n\n\n<li>Risco de deslizamentos de terra em morros e encostas \u00edngremes;<\/li>\n\n\n\n<li>Interrup\u00e7\u00f5es pontuais no fornecimento de energia por causa de raios e ventos;<\/li>\n\n\n\n<li>Queda de galhos e \u00e1rvores em vias movimentadas.<\/li>\n<\/ul>\n\n\n\n<h2 class=\"wp-block-heading\">A queda de temperatura no Sudeste ser\u00e1 duradoura?<\/h2>\n\n\n\n<p>Entre quarta e sexta-feira, a tend\u00eancia \u00e9 de diminui\u00e7\u00e3o das temperaturas ap\u00f3s v\u00e1rios dias de calor intenso. Em cidades do interior paulista e da Zona da Mata mineira, m\u00e1ximas que vinham pr\u00f3ximas ou acima dos 30\u202f\u00b0C devem cair, trazendo sensa\u00e7\u00e3o de \u201crefresco\u201d nas tardes.<\/p>\n\n\n\n<figure class=\"wp-block-image\"><img decoding=\"async\" src=\"https:\/\/www.em.com.br\/emfoco\/wp-content\/uploads\/2025\/11\/Gemini_Generated_Image_2eq2cm2eq2cm2eq2-1-1024x576.png\" alt=\"\"\/><figcaption class=\"wp-element-caption\">Mudan\u00e7a dr\u00e1stica no clima vai surpreender moradores do Sudeste<\/figcaption><\/figure>\n\n\n\n<p>Em S\u00e3o Paulo, a maior quantidade de nuvens e a chuva frequente reduzem a radia\u00e7\u00e3o solar direta, derrubam a temperatura e aumentam a umidade. H\u00e1 proje\u00e7\u00f5es de que a&nbsp;<strong>m\u00e9dia de temperatura de dezembro<\/strong>&nbsp;fique um pouco abaixo do padr\u00e3o recente, devido \u00e0 atua\u00e7\u00e3o repetida de frentes frias e nebulosidade persistente.<\/p>\n\n\n\n<ol class=\"wp-block-list\">\n<li>Primeiros dias da semana: ainda quentes, com aumento de nuvens e pancadas isoladas;<\/li>\n\n\n\n<li>Meio da semana: maior chance de temporais e volumes altos de chuva;<\/li>\n\n\n\n<li>Fim da semana: temperaturas mais amenas, c\u00e9u nublado e chuva frequente em v\u00e1rios pontos.<\/li>\n<\/ol>\n\n\n\n<h2 class=\"wp-block-heading\">Como acompanhar a previs\u00e3o e reduzir transtornos no Sudeste?<\/h2>\n\n\n\n<p>Em um cen\u00e1rio de\u00a0<strong>clima inst\u00e1vel no <a href=\"https:\/\/www.em.com.br\/emfoco\/2025\/12\/06\/risco-de-temporais-cresce-no-sudeste-calor-extremo-segue-em-outras-regioes\/\" target=\"_blank\" rel=\"noreferrer noopener\">Sudeste<\/a><\/strong>, \u00e9 essencial acompanhar avisos oficiais e atualiza\u00e7\u00f5es em tempo quase real por sites, aplicativos de previs\u00e3o do tempo e canais da Defesa Civil. Esse monitoramento ajuda a planejar deslocamentos, eventos ao ar livre e rotinas de trabalho com mais seguran\u00e7a.<\/p>\n\n\n\n<p>Medidas simples, como checar calhas e bueiros pr\u00f3ximos, evitar estacionar sob \u00e1rvores de grande porte e redobrar o cuidado em \u00e1reas sujeitas a alagamentos, podem reduzir danos. Em regi\u00f5es de encosta, observar rachaduras no solo, portas emperrando e inclina\u00e7\u00e3o de postes ou muros \u00e9 fundamental para identificar sinais de instabilidade do terreno.<\/p>\n\n\n\n<h2 class=\"wp-block-heading\">Por que agir agora diante das mudan\u00e7as no clima do Sudeste?<\/h2>\n\n\n\n<p>Diante da previs\u00e3o de uma semana chuvosa, mais \u00famida e com quedas de temperatura, ignorar os alertas pode significar colocar em risco sua seguran\u00e7a, seu patrim\u00f4nio e a mobilidade da sua fam\u00edlia. A frequ\u00eancia maior de eventos extremos na regi\u00e3o exige preparo, aten\u00e7\u00e3o constante e decis\u00f5es r\u00e1pidas.<\/p>\n\n\n\n<p>N\u00e3o espere o alarme tocar na sua rua para agir: acompanhe diariamente a previs\u00e3o oficial, organize rotas alternativas, revise pontos de risco na sua casa e compartilhe informa\u00e7\u00f5es confi\u00e1veis com vizinhos e familiares. Sua atitude hoje pode evitar preju\u00edzos e salvar vidas nos pr\u00f3ximos dias.<\/p>\n","protected":false},"excerpt":{"rendered":"<p>O clima na regi\u00e3o Sudeste do Brasil entra em uma fase de forte instabilidade ao longo da pr\u00f3xima semana, com uma nova frente fria favorecendo chuvas intensas, rajadas de vento, queda nas temperaturas e risco de transtornos, sobretudo em \u00e1reas urbanas densamente povoadas. Como o clima no Sudeste deve mudar ao longo da semana? O&nbsp;clima [&hellip;]<\/p>\n","protected":false},"author":11,"featured_media":136747,"comment_status":"open","ping_status":"open","sticky":false,"template":"","format":"standard","meta":{"jnews-multi-image_gallery":[],"jnews_single_post":{"format":"standard"},"jnews_primary_category":[],"jnews_social_meta":[],"jnews_override_counter":[],"footnotes":""},"categories":[30,1],"tags":[156,152,4693,251,12923,1192],"class_list":["post-136744","post","type-post","status-publish","format-standard","has-post-thumbnail","hentry","category-clima","category-noticias","tag-chuva","tag-clima","tag-mudanca-climatica","tag-previsao-do-tempo","tag-regiao-sudeste","tag-sudeste"],"yoast_head":"<!-- This site is optimized with the Yoast SEO plugin v23.8 - https:\/\/yoast.com\/wordpress\/plugins\/seo\/ -->\n<title>O clima vai virar de ponta cabe\u00e7a na regi\u00e3o Sudeste nos pr\u00f3ximos dias - Estado de Minas - Em foco<\/title>\n<meta name=\"description\" content=\"O clima muda drasticamente no Sudeste entre os pr\u00f3ximos dias. Veja as temperaturas e cidades que v\u00e3o registrar os menores e menores \u00edndices.\" \/>\n<meta name=\"robots\" content=\"index, follow, max-snippet:-1, max-image-preview:large, max-video-preview:-1\" \/>\n<link rel=\"canonical\" href=\"https:\/\/www.em.com.br\/emfoco\/2025\/12\/07\/o-clima-vai-virar-de-ponta-cabeca-na-regiao-sudeste-nos-proximos-dias\/\" \/>\n<meta property=\"og:locale\" content=\"pt_BR\" \/>\n<meta property=\"og:type\" content=\"article\" \/>\n<meta property=\"og:title\" content=\"O clima vai virar de ponta cabe\u00e7a na regi\u00e3o Sudeste nos pr\u00f3ximos dias - Estado de Minas - Em foco\" \/>\n<meta property=\"og:description\" content=\"O clima muda drasticamente no Sudeste entre os pr\u00f3ximos dias. Veja as temperaturas e cidades que v\u00e3o registrar os menores e menores \u00edndices.\" \/>\n<meta property=\"og:url\" content=\"https:\/\/www.em.com.br\/emfoco\/2025\/12\/07\/o-clima-vai-virar-de-ponta-cabeca-na-regiao-sudeste-nos-proximos-dias\/\" \/>\n<meta property=\"og:site_name\" content=\"Estado de Minas - Em foco\" \/>\n<meta property=\"article:published_time\" content=\"2025-12-07T13:25:00+00:00\" \/>\n<meta property=\"article:modified_time\" content=\"2025-12-08T13:27:22+00:00\" \/>\n<meta property=\"og:image\" content=\"https:\/\/www.em.com.br\/emfoco\/wp-content\/uploads\/2025\/12\/Gemini_Generated_Image_ohlx8johlx8johlx-1.png\" \/>\n\t<meta property=\"og:image:width\" content=\"1280\" \/>\n\t<meta property=\"og:image:height\" content=\"720\" \/>\n\t<meta property=\"og:image:type\" content=\"image\/png\" \/>\n<meta name=\"author\" content=\"Andre\u0301 Rangel\u00a0\" \/>\n<meta name=\"twitter:card\" content=\"summary_large_image\" \/>\n<meta name=\"twitter:label1\" content=\"Escrito por\" \/>\n\t<meta name=\"twitter:data1\" content=\"Andre\u0301 Rangel\u00a0\" \/>\n\t<meta name=\"twitter:label2\" content=\"Est. tempo de leitura\" \/>\n\t<meta name=\"twitter:data2\" content=\"5 minutos\" \/>\n<!-- \/ Yoast SEO plugin. -->","yoast_head_json":{"title":"O clima vai virar de ponta cabe\u00e7a na regi\u00e3o Sudeste nos pr\u00f3ximos dias - Estado de Minas - Em foco","description":"O clima muda drasticamente no Sudeste entre os pr\u00f3ximos dias. Veja as temperaturas e cidades que v\u00e3o registrar os menores e menores \u00edndices.","robots":{"index":"index","follow":"follow","max-snippet":"max-snippet:-1","max-image-preview":"max-image-preview:large","max-video-preview":"max-video-preview:-1"},"canonical":"https:\/\/www.em.com.br\/emfoco\/2025\/12\/07\/o-clima-vai-virar-de-ponta-cabeca-na-regiao-sudeste-nos-proximos-dias\/","og_locale":"pt_BR","og_type":"article","og_title":"O clima vai virar de ponta cabe\u00e7a na regi\u00e3o Sudeste nos pr\u00f3ximos dias - Estado de Minas - Em foco","og_description":"O clima muda drasticamente no Sudeste entre os pr\u00f3ximos dias. Veja as temperaturas e cidades que v\u00e3o registrar os menores e menores \u00edndices.","og_url":"https:\/\/www.em.com.br\/emfoco\/2025\/12\/07\/o-clima-vai-virar-de-ponta-cabeca-na-regiao-sudeste-nos-proximos-dias\/","og_site_name":"Estado de Minas - Em foco","article_published_time":"2025-12-07T13:25:00+00:00","article_modified_time":"2025-12-08T13:27:22+00:00","og_image":[{"width":1280,"height":720,"url":"https:\/\/www.em.com.br\/emfoco\/wp-content\/uploads\/2025\/12\/Gemini_Generated_Image_ohlx8johlx8johlx-1.png","type":"image\/png"}],"author":"Andre\u0301 Rangel\u00a0","twitter_card":"summary_large_image","twitter_misc":{"Escrito por":"Andre\u0301 Rangel\u00a0","Est. tempo de leitura":"5 minutos"},"schema":{"@context":"https:\/\/schema.org","@graph":[{"@type":"WebPage","@id":"https:\/\/www.em.com.br\/emfoco\/2025\/12\/07\/o-clima-vai-virar-de-ponta-cabeca-na-regiao-sudeste-nos-proximos-dias\/","url":"https:\/\/www.em.com.br\/emfoco\/2025\/12\/07\/o-clima-vai-virar-de-ponta-cabeca-na-regiao-sudeste-nos-proximos-dias\/","name":"O clima vai virar de ponta cabe\u00e7a na regi\u00e3o Sudeste nos pr\u00f3ximos dias - Estado de Minas - Em foco","isPartOf":{"@id":"https:\/\/www.em.com.br\/emfoco\/#website"},"primaryImageOfPage":{"@id":"https:\/\/www.em.com.br\/emfoco\/2025\/12\/07\/o-clima-vai-virar-de-ponta-cabeca-na-regiao-sudeste-nos-proximos-dias\/#primaryimage"},"image":{"@id":"https:\/\/www.em.com.br\/emfoco\/2025\/12\/07\/o-clima-vai-virar-de-ponta-cabeca-na-regiao-sudeste-nos-proximos-dias\/#primaryimage"},"thumbnailUrl":"https:\/\/www.em.com.br\/emfoco\/wp-content\/uploads\/2025\/12\/Gemini_Generated_Image_ohlx8johlx8johlx-1.png","datePublished":"2025-12-07T13:25:00+00:00","dateModified":"2025-12-08T13:27:22+00:00","author":{"@id":"https:\/\/www.em.com.br\/emfoco\/#\/schema\/person\/60eda09c1fedf0d6891f4cef4b60b8b8"},"description":"O clima muda drasticamente no Sudeste entre os pr\u00f3ximos dias. Veja as temperaturas e cidades que v\u00e3o registrar os menores e menores \u00edndices.","breadcrumb":{"@id":"https:\/\/www.em.com.br\/emfoco\/2025\/12\/07\/o-clima-vai-virar-de-ponta-cabeca-na-regiao-sudeste-nos-proximos-dias\/#breadcrumb"},"inLanguage":"pt-BR","potentialAction":[{"@type":"ReadAction","target":["https:\/\/www.em.com.br\/emfoco\/2025\/12\/07\/o-clima-vai-virar-de-ponta-cabeca-na-regiao-sudeste-nos-proximos-dias\/"]}]},{"@type":"ImageObject","inLanguage":"pt-BR","@id":"https:\/\/www.em.com.br\/emfoco\/2025\/12\/07\/o-clima-vai-virar-de-ponta-cabeca-na-regiao-sudeste-nos-proximos-dias\/#primaryimage","url":"https:\/\/www.em.com.br\/emfoco\/wp-content\/uploads\/2025\/12\/Gemini_Generated_Image_ohlx8johlx8johlx-1.png","contentUrl":"https:\/\/www.em.com.br\/emfoco\/wp-content\/uploads\/2025\/12\/Gemini_Generated_Image_ohlx8johlx8johlx-1.png","width":1280,"height":720,"caption":"A\u00a0previs\u00e3o do tempo\u00a0para a regi\u00e3o\u00a0Sudeste\u00a0do\u00a0Brasil"},{"@type":"BreadcrumbList","@id":"https:\/\/www.em.com.br\/emfoco\/2025\/12\/07\/o-clima-vai-virar-de-ponta-cabeca-na-regiao-sudeste-nos-proximos-dias\/#breadcrumb","itemListElement":[{"@type":"ListItem","position":1,"name":"In\u00edcio","item":"https:\/\/www.em.com.br\/emfoco\/"},{"@type":"ListItem","position":2,"name":"O clima vai virar de ponta cabe\u00e7a na regi\u00e3o Sudeste nos pr\u00f3ximos dias"}]},{"@type":"WebSite","@id":"https:\/\/www.em.com.br\/emfoco\/#website","url":"https:\/\/www.em.com.br\/emfoco\/","name":"Estado de Minas - Em foco","description":"Acompanhe as \u00faltimas not\u00edcias e fique bem informado sobre tudo o que acontece em Minas Gerais, Brasil e no mundo.","potentialAction":[{"@type":"SearchAction","target":{"@type":"EntryPoint","urlTemplate":"https:\/\/www.em.com.br\/emfoco\/?s={search_term_string}"},"query-input":{"@type":"PropertyValueSpecification","valueRequired":true,"valueName":"search_term_string"}}],"inLanguage":"pt-BR"},{"@type":"Person","@id":"https:\/\/www.em.com.br\/emfoco\/#\/schema\/person\/60eda09c1fedf0d6891f4cef4b60b8b8","name":"Andre\u0301 Rangel\u00a0","image":{"@type":"ImageObject","inLanguage":"pt-BR","@id":"https:\/\/www.em.com.br\/emfoco\/#\/schema\/person\/image\/","url":"https:\/\/secure.gravatar.com\/avatar\/6234dc814c77c8ef6d8bba622c787efc?s=96&d=mm&r=g","contentUrl":"https:\/\/secure.gravatar.com\/avatar\/6234dc814c77c8ef6d8bba622c787efc?s=96&d=mm&r=g","caption":"Andre\u0301 Rangel\u00a0"},"url":"https:\/\/www.em.com.br\/emfoco\/author\/luizmyth\/"}]}},"_links":{"self":[{"href":"https:\/\/www.em.com.br\/emfoco\/wp-json\/wp\/v2\/posts\/136744","targetHints":{"allow":["GET"]}}],"collection":[{"href":"https:\/\/www.em.com.br\/emfoco\/wp-json\/wp\/v2\/posts"}],"about":[{"href":"https:\/\/www.em.com.br\/emfoco\/wp-json\/wp\/v2\/types\/post"}],"author":[{"embeddable":true,"href":"https:\/\/www.em.com.br\/emfoco\/wp-json\/wp\/v2\/users\/11"}],"replies":[{"embeddable":true,"href":"https:\/\/www.em.com.br\/emfoco\/wp-json\/wp\/v2\/comments?post=136744"}],"version-history":[{"count":4,"href":"https:\/\/www.em.com.br\/emfoco\/wp-json\/wp\/v2\/posts\/136744\/revisions"}],"predecessor-version":[{"id":137181,"href":"https:\/\/www.em.com.br\/emfoco\/wp-json\/wp\/v2\/posts\/136744\/revisions\/137181"}],"wp:featuredmedia":[{"embeddable":true,"href":"https:\/\/www.em.com.br\/emfoco\/wp-json\/wp\/v2\/media\/136747"}],"wp:attachment":[{"href":"https:\/\/www.em.com.br\/emfoco\/wp-json\/wp\/v2\/media?parent=136744"}],"wp:term":[{"taxonomy":"category","embeddable":true,"href":"https:\/\/www.em.com.br\/emfoco\/wp-json\/wp\/v2\/categories?post=136744"},{"taxonomy":"post_tag","embeddable":true,"href":"https:\/\/www.em.com.br\/emfoco\/wp-json\/wp\/v2\/tags?post=136744"}],"curies":[{"name":"wp","href":"https:\/\/api.w.org\/{rel}","templated":true}]}}