{"id":136723,"date":"2025-12-06T21:05:00","date_gmt":"2025-12-07T00:05:00","guid":{"rendered":"https:\/\/www.em.com.br\/emfoco\/?p=136723"},"modified":"2025-12-06T06:42:50","modified_gmt":"2025-12-06T09:42:50","slug":"o-paraiso-rustico-do-litoral-baiano-onde-carros-sao-proibidos-e-o-tempo-parece-desacelerar-entre-rio-e-mar","status":"publish","type":"post","link":"https:\/\/www.em.com.br\/emfoco\/2025\/12\/06\/o-paraiso-rustico-do-litoral-baiano-onde-carros-sao-proibidos-e-o-tempo-parece-desacelerar-entre-rio-e-mar\/","title":{"rendered":"O para\u00edso r\u00fastico do litoral baiano onde carros s\u00e3o proibidos e o tempo parece desacelerar entre rio e mar"},"content":{"rendered":"\n<p>O destino de <strong>Cara\u00edva<\/strong> redefine o conceito de turismo ao proibir a entrada de carros e preservar suas ruas de areia como patrim\u00f4nio cultural de <strong><a href=\"https:\/\/www.caraivabahia.com.br\/comochegar.htm\" target=\"_blank\" rel=\"noreferrer noopener\">Porto Seguro<\/a><\/strong>. Conhecida por muitos como uma vers\u00e3o r\u00fastica do<strong> &#8220;Caribe Brasileiro&#8221; <\/strong>devido \u00e0s \u00e1guas vizinhas de cor turquesa, a vila oferece uma atmosfera de paz absoluta onde o tempo parece ter parado.<\/p>\n\n\n\n<h2 class=\"wp-block-heading\">Como funciona a chegada e o estilo de vida local?<\/h2>\n\n\n\n<p>A experi\u00eancia come\u00e7a antes mesmo de pisar no vilarejo, j\u00e1 que o acesso final \u00e9 feito obrigatoriamente atrav\u00e9s de uma charmosa travessia de canoa pelo <strong>Rio Cara\u00edva<\/strong>. Essa barreira natural garante que a vila mantenha sua ess\u00eancia preservada, onde o transporte de malas \u00e9 feito por carro\u00e7as, gerando renda para a comunidade local.<\/p>\n\n\n\n<p>O estilo &#8220;p\u00e9 na areia&#8221; n\u00e3o \u00e9 apenas uma express\u00e3o aqui, mas a regra de etiqueta para qualquer ocasi\u00e3o, do caf\u00e9 da manh\u00e3 ao jantar \u00e0 luz de velas. O objetivo principal de quem visita o local \u00e9 desconectar da rotina urbana e viver dias de simplicidade sofisticada.<\/p>\n\n\n<div class=\"wp-block-image\">\n<figure class=\"aligncenter size-large\"><img decoding=\"async\" src=\"https:\/\/revistaforum.com.br\/forumtudo\/wp-content\/uploads\/2025\/11\/Caraiva_1763808211703-1024x576.jpg\" alt=\"O destino nordestino que virou refer\u00eancia em bem-estar e vida simples\" class=\"wp-image-8500\"\/><figcaption class=\"wp-element-caption\">O diferencial de Cara\u00edva \u00e9 sensorial. As ruas s\u00e3o todas de areia fofa \/\/ Cr\u00e9ditos: depositphotos.com \/ Cristian_Lourenco<\/figcaption><\/figure><\/div>\n\n\n<h2 class=\"wp-block-heading\">Roteiro imperd\u00edvel: o que fazer entre o rio e o mar<\/h2>\n\n\n\n<p>O encontro das \u00e1guas \u00e9 o espet\u00e1culo di\u00e1rio que dita o ritmo dos visitantes na famosa <strong>Praia da Barra<\/strong>. Passar a tarde nas cadeiras de praia, alternando mergulhos na \u00e1gua doce do rio e na \u00e1gua salgada do mar, \u00e9 a atividade cl\u00e1ssica para desacelerar.<\/p>\n\n\n\n<p>Para quem busca paisagens de cinema, a caminhada at\u00e9 a <strong>Praia do Sat\u00fa<\/strong> \u00e9 essencial, revelando lagoas de \u00e1gua doce e piscinas naturais na mar\u00e9 baixa. O trajeto pela orla \u00e9 plano, tranquilo e revela cen\u00e1rios desertos perfeitos para fotografia.<\/p>\n\n\n\n<p>Quem procura um ref\u00fagio paradis\u00edaco no litoral catarinense, vai curtir esse v\u00eddeo especialmente selecionado do canal <strong>Tesouros do Brasil<\/strong>, que conta com mais de 275 mil inscritos, onde <strong>Jo\u00e3o Vitor<\/strong> mostra detalhadamente as belezas da <strong>Praia do Rosa<\/strong> e <strong>Garopaba<\/strong>, revelando trilhas, piscinas naturais e dicas gastron\u00f4micas imperd\u00edveis:<\/p>\n\n\n\n<figure class=\"wp-block-embed is-type-video is-provider-youtube wp-block-embed-youtube wp-embed-aspect-16-9 wp-has-aspect-ratio\"><div class=\"wp-block-embed__wrapper\">\n<div class=\"jeg_video_container jeg_video_content\"><iframe loading=\"lazy\" title=\"GAROPABA e PRAIA DO ROSA | AS PRAIAS MAIS LINDAS DE SANTA CATARINA - \u00faltima etapa\" width=\"500\" height=\"281\" src=\"https:\/\/www.youtube.com\/embed\/n5DfeADZh5k?feature=oembed\" frameborder=\"0\" allow=\"accelerometer; autoplay; clipboard-write; encrypted-media; gyroscope; picture-in-picture; web-share\" referrerpolicy=\"strict-origin-when-cross-origin\" allowfullscreen><\/iframe><\/div>\n<\/div><\/figure>\n\n\n\n<h2 class=\"wp-block-heading\">Cultura ind\u00edgena e a noite de forr\u00f3<\/h2>\n\n\n\n<p>A regi\u00e3o abriga uma forte heran\u00e7a cultural, sendo vizinha da <strong>Aldeia Patax\u00f3 Porto do Boi<\/strong>. Visitar o centro cultural da reserva \u00e9 uma oportunidade \u00fanica de vivenciar rituais sagrados, pinturas corporais e entender a hist\u00f3ria do <strong>Brasil<\/strong> sob a \u00f3tica dos povos origin\u00e1rios.<\/p>\n\n\n\n<p>Quando o sol se p\u00f5e, o sil\u00eancio da vila d\u00e1 lugar ao som da zabumba em casas tradicionais como o <strong>Forr\u00f3 do Pel\u00e9<\/strong> e o <strong>Forr\u00f3 do Ouri\u00e7o<\/strong>. A vida noturna \u00e9 vibrante, mantendo a autenticidade do forr\u00f3 p\u00e9 de serra onde turistas e nativos dan\u00e7am juntos at\u00e9 o amanhecer.<\/p>\n\n\n\n<h2 class=\"wp-block-heading\">Qual a melhor \u00e9poca para visitar o litoral baiano?<\/h2>\n\n\n\n<p>O clima na <strong>Bahia<\/strong> \u00e9 festivo o ano inteiro, mas para aproveitar o mar com as cores mais vivas e a vila em pleno funcionamento, os meses de setembro a mar\u00e7o s\u00e3o os mais indicados. O ver\u00e3o promete dias longos e muito sol, ideais para quem ama calor.<\/p>\n\n\n\n<p>Mesmo nos meses de inverno, a temperatura dificilmente cai muito, mas a vila fica mais sossegada. A brisa constante do mar torna at\u00e9 as tardes mais quentes agrad\u00e1veis para caminhar pelas ruas de areia fofa.<\/p>\n\n\n\n<h2 class=\"wp-block-heading\">Gastronomia e os segredos da vila<\/h2>\n\n\n\n<p>A culin\u00e1ria local \u00e9 um cap\u00edtulo \u00e0 parte, misturando o dend\u00ea baiano com t\u00e9cnicas trazidas por chefs que adotaram o lugar. Um cl\u00e1ssico que n\u00e3o pode faltar no seu roteiro \u00e9 provar o pastel de arraia no <strong>Boteco do Par\u00e1<\/strong>, apreciando o p\u00f4r do sol na beira do rio.<\/p>\n\n\n\n<p>Veja o que torna este destino singular:<\/p>\n\n\n\n<ul class=\"wp-block-list\">\n<li><strong>Charme Noturno<\/strong>: n\u00e3o h\u00e1 ilumina\u00e7\u00e3o p\u00fablica nas ruas (apenas dentro das casas e com\u00e9rcios), o que torna o c\u00e9u incrivelmente estrelado e as caminhadas noturnas m\u00e1gicas com lanternas.<\/li>\n\n\n\n<li><strong>Bate e volta em Corumbau<\/strong>: a vizinha <strong>Ponta do Corumbau<\/strong> possui \u00e1guas cristalinas acess\u00edveis por um passeio emocionante de buggy.<\/li>\n\n\n\n<li><strong>Netuno<\/strong>: n\u00e3o o deus romano, mas uma bebida local feita com cacha\u00e7a e gengibre que virou s\u00edmbolo de boas-vindas na vila.<\/li>\n<\/ul>\n\n\n\n<p><strong>Leia tamb\u00e9m: <a href=\"https:\/\/www.em.com.br\/emfoco\/2025\/12\/05\/a-cidade-do-interior-paulista-onde-o-calcado-ganha-o-mundo-o-basquete-lota-ginasio-e-a-qualidade-de-vida-e-boa\/\" target=\"_blank\" rel=\"noreferrer noopener\">A cidade do interior paulista onde o cal\u00e7ado ganha o mundo, o basquete lota gin\u00e1sio e a qualidade de vida \u00e9 boa<\/a><\/strong><\/p>\n\n\n\n<h2 class=\"wp-block-heading\">Curiosidades que encantam os visitantes<\/h2>\n\n\n\n<p>Poucos sabem, mas a <strong>Igreja de S\u00e3o Sebasti\u00e3o<\/strong> \u00e9 uma das constru\u00e7\u00f5es mais antigas e ic\u00f4nicas da regi\u00e3o, feita com materiais r\u00fasticos que remetem aos tempos coloniais. Ela permanece singela na pra\u00e7a principal, cercada por coqueiros e pela f\u00e9 dos moradores.<\/p>\n\n\n\n<p>Outro detalhe fascinante \u00e9 a fia\u00e7\u00e3o el\u00e9trica subterr\u00e2nea. A aus\u00eancia de postes e fios vis\u00edveis nas ruas principais contribui para a sensa\u00e7\u00e3o de que voc\u00ea viajou no tempo, garantindo fotos limpas e uma est\u00e9tica visual \u00fanica no pa\u00eds.<\/p>\n\n\n\n<p>Se o seu corpo pede descanso e sua alma busca inspira\u00e7\u00e3o, atravesse o rio e deixe a magia deste vilarejo transformar suas f\u00e9rias.<\/p>\n","protected":false},"excerpt":{"rendered":"<p>O destino de Cara\u00edva redefine o conceito de turismo ao proibir a entrada de carros e preservar suas ruas de areia como patrim\u00f4nio cultural de Porto Seguro. Conhecida por muitos como uma vers\u00e3o r\u00fastica do &#8220;Caribe Brasileiro&#8221; devido \u00e0s \u00e1guas vizinhas de cor turquesa, a vila oferece uma atmosfera de paz absoluta onde o tempo [&hellip;]<\/p>\n","protected":false},"author":6,"featured_media":136734,"comment_status":"open","ping_status":"open","sticky":false,"template":"","format":"standard","meta":{"jnews-multi-image_gallery":[],"jnews_single_post":{"format":"standard"},"jnews_primary_category":[],"jnews_social_meta":[],"jnews_override_counter":[],"footnotes":""},"categories":[1],"tags":[1447,19977,157],"class_list":["post-136723","post","type-post","status-publish","format-standard","has-post-thumbnail","hentry","category-noticias","tag-bahia","tag-caraiva","tag-turismo"],"yoast_head":"<!-- This site is optimized with the Yoast SEO plugin v23.8 - https:\/\/yoast.com\/wordpress\/plugins\/seo\/ -->\n<title>O para\u00edso r\u00fastico do litoral baiano onde carros s\u00e3o proibidos e o tempo parece desacelerar entre rio e mar - Estado de Minas - Em foco<\/title>\n<meta name=\"description\" content=\"Um cantinho do litoral baiano com ruas de areia, paisagens naturais e clima tranquilo que faz qualquer visitante perder a no\u00e7\u00e3o do tempo.\" \/>\n<meta name=\"robots\" content=\"index, follow, max-snippet:-1, max-image-preview:large, max-video-preview:-1\" \/>\n<link rel=\"canonical\" href=\"https:\/\/www.em.com.br\/emfoco\/2025\/12\/06\/o-paraiso-rustico-do-litoral-baiano-onde-carros-sao-proibidos-e-o-tempo-parece-desacelerar-entre-rio-e-mar\/\" \/>\n<meta property=\"og:locale\" content=\"pt_BR\" \/>\n<meta property=\"og:type\" content=\"article\" \/>\n<meta property=\"og:title\" content=\"O para\u00edso r\u00fastico do litoral baiano onde carros s\u00e3o proibidos e o tempo parece desacelerar entre rio e mar - Estado de Minas - Em foco\" \/>\n<meta property=\"og:description\" content=\"Um cantinho do litoral baiano com ruas de areia, paisagens naturais e clima tranquilo que faz qualquer visitante perder a no\u00e7\u00e3o do tempo.\" \/>\n<meta property=\"og:url\" content=\"https:\/\/www.em.com.br\/emfoco\/2025\/12\/06\/o-paraiso-rustico-do-litoral-baiano-onde-carros-sao-proibidos-e-o-tempo-parece-desacelerar-entre-rio-e-mar\/\" \/>\n<meta property=\"og:site_name\" content=\"Estado de Minas - Em foco\" \/>\n<meta property=\"article:published_time\" content=\"2025-12-07T00:05:00+00:00\" \/>\n<meta property=\"article:modified_time\" content=\"2025-12-06T09:42:50+00:00\" \/>\n<meta property=\"og:image\" content=\"https:\/\/www.em.com.br\/emfoco\/wp-content\/uploads\/2025\/12\/Caraiva_1763808229004.jpg\" \/>\n\t<meta property=\"og:image:width\" content=\"1280\" \/>\n\t<meta property=\"og:image:height\" content=\"720\" \/>\n\t<meta property=\"og:image:type\" content=\"image\/jpeg\" \/>\n<meta name=\"author\" content=\"Vitor Bruno\" \/>\n<meta name=\"twitter:card\" content=\"summary_large_image\" \/>\n<meta name=\"twitter:label1\" content=\"Escrito por\" \/>\n\t<meta name=\"twitter:data1\" content=\"Vitor Bruno\" \/>\n\t<meta name=\"twitter:label2\" content=\"Est. tempo de leitura\" \/>\n\t<meta name=\"twitter:data2\" content=\"5 minutos\" \/>\n<!-- \/ Yoast SEO plugin. -->","yoast_head_json":{"title":"O para\u00edso r\u00fastico do litoral baiano onde carros s\u00e3o proibidos e o tempo parece desacelerar entre rio e mar - Estado de Minas - Em foco","description":"Um cantinho do litoral baiano com ruas de areia, paisagens naturais e clima tranquilo que faz qualquer visitante perder a no\u00e7\u00e3o do tempo.","robots":{"index":"index","follow":"follow","max-snippet":"max-snippet:-1","max-image-preview":"max-image-preview:large","max-video-preview":"max-video-preview:-1"},"canonical":"https:\/\/www.em.com.br\/emfoco\/2025\/12\/06\/o-paraiso-rustico-do-litoral-baiano-onde-carros-sao-proibidos-e-o-tempo-parece-desacelerar-entre-rio-e-mar\/","og_locale":"pt_BR","og_type":"article","og_title":"O para\u00edso r\u00fastico do litoral baiano onde carros s\u00e3o proibidos e o tempo parece desacelerar entre rio e mar - Estado de Minas - Em foco","og_description":"Um cantinho do litoral baiano com ruas de areia, paisagens naturais e clima tranquilo que faz qualquer visitante perder a no\u00e7\u00e3o do tempo.","og_url":"https:\/\/www.em.com.br\/emfoco\/2025\/12\/06\/o-paraiso-rustico-do-litoral-baiano-onde-carros-sao-proibidos-e-o-tempo-parece-desacelerar-entre-rio-e-mar\/","og_site_name":"Estado de Minas - Em foco","article_published_time":"2025-12-07T00:05:00+00:00","article_modified_time":"2025-12-06T09:42:50+00:00","og_image":[{"width":1280,"height":720,"url":"https:\/\/www.em.com.br\/emfoco\/wp-content\/uploads\/2025\/12\/Caraiva_1763808229004.jpg","type":"image\/jpeg"}],"author":"Vitor Bruno","twitter_card":"summary_large_image","twitter_misc":{"Escrito por":"Vitor Bruno","Est. tempo de leitura":"5 minutos"},"schema":{"@context":"https:\/\/schema.org","@graph":[{"@type":"WebPage","@id":"https:\/\/www.em.com.br\/emfoco\/2025\/12\/06\/o-paraiso-rustico-do-litoral-baiano-onde-carros-sao-proibidos-e-o-tempo-parece-desacelerar-entre-rio-e-mar\/","url":"https:\/\/www.em.com.br\/emfoco\/2025\/12\/06\/o-paraiso-rustico-do-litoral-baiano-onde-carros-sao-proibidos-e-o-tempo-parece-desacelerar-entre-rio-e-mar\/","name":"O para\u00edso r\u00fastico do litoral baiano onde carros s\u00e3o proibidos e o tempo parece desacelerar entre rio e mar - Estado de Minas - Em foco","isPartOf":{"@id":"https:\/\/www.em.com.br\/emfoco\/#website"},"primaryImageOfPage":{"@id":"https:\/\/www.em.com.br\/emfoco\/2025\/12\/06\/o-paraiso-rustico-do-litoral-baiano-onde-carros-sao-proibidos-e-o-tempo-parece-desacelerar-entre-rio-e-mar\/#primaryimage"},"image":{"@id":"https:\/\/www.em.com.br\/emfoco\/2025\/12\/06\/o-paraiso-rustico-do-litoral-baiano-onde-carros-sao-proibidos-e-o-tempo-parece-desacelerar-entre-rio-e-mar\/#primaryimage"},"thumbnailUrl":"https:\/\/www.em.com.br\/emfoco\/wp-content\/uploads\/2025\/12\/Caraiva_1763808229004.jpg","datePublished":"2025-12-07T00:05:00+00:00","dateModified":"2025-12-06T09:42:50+00:00","author":{"@id":"https:\/\/www.em.com.br\/emfoco\/#\/schema\/person\/364ac1852fafd00f1be20f0b8b237569"},"description":"Um cantinho do litoral baiano com ruas de areia, paisagens naturais e clima tranquilo que faz qualquer visitante perder a no\u00e7\u00e3o do tempo.","breadcrumb":{"@id":"https:\/\/www.em.com.br\/emfoco\/2025\/12\/06\/o-paraiso-rustico-do-litoral-baiano-onde-carros-sao-proibidos-e-o-tempo-parece-desacelerar-entre-rio-e-mar\/#breadcrumb"},"inLanguage":"pt-BR","potentialAction":[{"@type":"ReadAction","target":["https:\/\/www.em.com.br\/emfoco\/2025\/12\/06\/o-paraiso-rustico-do-litoral-baiano-onde-carros-sao-proibidos-e-o-tempo-parece-desacelerar-entre-rio-e-mar\/"]}]},{"@type":"ImageObject","inLanguage":"pt-BR","@id":"https:\/\/www.em.com.br\/emfoco\/2025\/12\/06\/o-paraiso-rustico-do-litoral-baiano-onde-carros-sao-proibidos-e-o-tempo-parece-desacelerar-entre-rio-e-mar\/#primaryimage","url":"https:\/\/www.em.com.br\/emfoco\/wp-content\/uploads\/2025\/12\/Caraiva_1763808229004.jpg","contentUrl":"https:\/\/www.em.com.br\/emfoco\/wp-content\/uploads\/2025\/12\/Caraiva_1763808229004.jpg","width":1280,"height":720,"caption":"Cara\u00edva deixou de ser apenas um segredo de mochileiros \/\/ Cr\u00e9ditos: depositphotos.com \/ Cristian_Lourenco"},{"@type":"BreadcrumbList","@id":"https:\/\/www.em.com.br\/emfoco\/2025\/12\/06\/o-paraiso-rustico-do-litoral-baiano-onde-carros-sao-proibidos-e-o-tempo-parece-desacelerar-entre-rio-e-mar\/#breadcrumb","itemListElement":[{"@type":"ListItem","position":1,"name":"In\u00edcio","item":"https:\/\/www.em.com.br\/emfoco\/"},{"@type":"ListItem","position":2,"name":"O para\u00edso r\u00fastico do litoral baiano onde carros s\u00e3o proibidos e o tempo parece desacelerar entre rio e mar"}]},{"@type":"WebSite","@id":"https:\/\/www.em.com.br\/emfoco\/#website","url":"https:\/\/www.em.com.br\/emfoco\/","name":"Estado de Minas - Em foco","description":"Acompanhe as \u00faltimas not\u00edcias e fique bem informado sobre tudo o que acontece em Minas Gerais, Brasil e no mundo.","potentialAction":[{"@type":"SearchAction","target":{"@type":"EntryPoint","urlTemplate":"https:\/\/www.em.com.br\/emfoco\/?s={search_term_string}"},"query-input":{"@type":"PropertyValueSpecification","valueRequired":true,"valueName":"search_term_string"}}],"inLanguage":"pt-BR"},{"@type":"Person","@id":"https:\/\/www.em.com.br\/emfoco\/#\/schema\/person\/364ac1852fafd00f1be20f0b8b237569","name":"Vitor Bruno","image":{"@type":"ImageObject","inLanguage":"pt-BR","@id":"https:\/\/www.em.com.br\/emfoco\/#\/schema\/person\/image\/","url":"https:\/\/secure.gravatar.com\/avatar\/b719e5cdede09f942064960883b5524d?s=96&d=mm&r=g","contentUrl":"https:\/\/secure.gravatar.com\/avatar\/b719e5cdede09f942064960883b5524d?s=96&d=mm&r=g","caption":"Vitor Bruno"},"sameAs":["https:\/\/www.em.com.br\/emfoco\/"],"url":"https:\/\/www.em.com.br\/emfoco\/author\/vitormyth\/"}]}},"_links":{"self":[{"href":"https:\/\/www.em.com.br\/emfoco\/wp-json\/wp\/v2\/posts\/136723","targetHints":{"allow":["GET"]}}],"collection":[{"href":"https:\/\/www.em.com.br\/emfoco\/wp-json\/wp\/v2\/posts"}],"about":[{"href":"https:\/\/www.em.com.br\/emfoco\/wp-json\/wp\/v2\/types\/post"}],"author":[{"embeddable":true,"href":"https:\/\/www.em.com.br\/emfoco\/wp-json\/wp\/v2\/users\/6"}],"replies":[{"embeddable":true,"href":"https:\/\/www.em.com.br\/emfoco\/wp-json\/wp\/v2\/comments?post=136723"}],"version-history":[{"count":1,"href":"https:\/\/www.em.com.br\/emfoco\/wp-json\/wp\/v2\/posts\/136723\/revisions"}],"predecessor-version":[{"id":136740,"href":"https:\/\/www.em.com.br\/emfoco\/wp-json\/wp\/v2\/posts\/136723\/revisions\/136740"}],"wp:featuredmedia":[{"embeddable":true,"href":"https:\/\/www.em.com.br\/emfoco\/wp-json\/wp\/v2\/media\/136734"}],"wp:attachment":[{"href":"https:\/\/www.em.com.br\/emfoco\/wp-json\/wp\/v2\/media?parent=136723"}],"wp:term":[{"taxonomy":"category","embeddable":true,"href":"https:\/\/www.em.com.br\/emfoco\/wp-json\/wp\/v2\/categories?post=136723"},{"taxonomy":"post_tag","embeddable":true,"href":"https:\/\/www.em.com.br\/emfoco\/wp-json\/wp\/v2\/tags?post=136723"}],"curies":[{"name":"wp","href":"https:\/\/api.w.org\/{rel}","templated":true}]}}