{"id":136669,"date":"2025-12-08T06:05:00","date_gmt":"2025-12-08T09:05:00","guid":{"rendered":"https:\/\/www.em.com.br\/emfoco\/?p=136669"},"modified":"2025-12-07T22:11:27","modified_gmt":"2025-12-08T01:11:27","slug":"a-proteina-essencial-que-pode-ajudar-a-preservar-a-forca-muscular-na-terceira-idade","status":"publish","type":"post","link":"https:\/\/www.em.com.br\/emfoco\/2025\/12\/08\/a-proteina-essencial-que-pode-ajudar-a-preservar-a-forca-muscular-na-terceira-idade\/","title":{"rendered":"A prote\u00edna essencial que pode ajudar a preservar a for\u00e7a muscular na terceira idade"},"content":{"rendered":"\n<p>A discuss\u00e3o sobre <strong>creatina<\/strong> e prote\u00edna ganhou destaque entre mulheres acima dos 50 anos que desejam preservar for\u00e7a muscular e acelerar a recupera\u00e7\u00e3o. Especialistas da <strong>Prevention <\/strong>ressaltam que ambas as estrat\u00e9gias podem apoiar o envelhecimento ativo quando usadas com orienta\u00e7\u00e3o profissional.<\/p>\n\n\n\n<h2 class=\"wp-block-heading\">Como esses suplementos atuam no fortalecimento muscular feminino?<\/h2>\n\n\n\n<p>A <strong>creatina<\/strong> desempenha papel essencial na produ\u00e7\u00e3o de energia r\u00e1pida, como explicou o nutricionista Albert Matheny, sendo \u00fatil em esfor\u00e7os intensos e breves. Essa a\u00e7\u00e3o ajuda mulheres maduras a manter desempenho f\u00edsico e resist\u00eancia durante treinos regulares.<\/p>\n\n\n\n<p>O professor Steven K. Malin, da Rutgers, destacou que a subst\u00e2ncia aumenta reservas de <strong>fosfocreatina<\/strong>, favorecendo a s\u00edntese de ATP e a contra\u00e7\u00e3o muscular. Essa capacidade, segundo estudos publicados no <strong><a href=\"https:\/\/www.sciencedirect.com\/science\/article\/pii\/S2475299125000204\" target=\"_blank\" rel=\"noreferrer noopener\">Current Developments in Nutrition<\/a><\/strong>, melhora sprints e performance em adultos mais velhos.<\/p>\n\n\n\n<figure class=\"wp-block-image size-large\"><img loading=\"lazy\" decoding=\"async\" width=\"1024\" height=\"576\" src=\"https:\/\/www.em.com.br\/emfoco\/wp-content\/uploads\/2025\/12\/IA-IMG-1-68-1024x576.jpg\" alt=\"Creatina ou prote\u00edna, qual \u00e9 mais eficaz para ganhar for\u00e7a e acelerar a recupera\u00e7\u00e3o ap\u00f3s os 50 anos?\" class=\"wp-image-136698\" srcset=\"https:\/\/www.em.com.br\/emfoco\/wp-content\/uploads\/2025\/12\/IA-IMG-1-68-1024x576.jpg 1024w, https:\/\/www.em.com.br\/emfoco\/wp-content\/uploads\/2025\/12\/IA-IMG-1-68-300x169.jpg 300w, https:\/\/www.em.com.br\/emfoco\/wp-content\/uploads\/2025\/12\/IA-IMG-1-68-768x432.jpg 768w, https:\/\/www.em.com.br\/emfoco\/wp-content\/uploads\/2025\/12\/IA-IMG-1-68-750x422.jpg 750w, https:\/\/www.em.com.br\/emfoco\/wp-content\/uploads\/2025\/12\/IA-IMG-1-68-1140x641.jpg 1140w, https:\/\/www.em.com.br\/emfoco\/wp-content\/uploads\/2025\/12\/IA-IMG-1-68.jpg 1280w\" sizes=\"auto, (max-width: 1024px) 100vw, 1024px\" \/><figcaption class=\"wp-element-caption\">Creatina aumenta energia r\u00e1pida e melhora a performance muscular feminina<\/figcaption><\/figure>\n\n\n\n<p><em>Leia mais: <strong><a href=\"https:\/\/www.em.com.br\/emfoco\/2025\/11\/25\/quais-os-melhores-suplementos-para-idosos\/\" target=\"_blank\" rel=\"noreferrer noopener\">Quais os melhores suplementos para idosos?<\/a><\/strong><\/em><\/p>\n\n\n\n<h2 class=\"wp-block-heading\">Quais benef\u00edcios creatina e prote\u00edna oferecem ap\u00f3s os 50 anos?<\/h2>\n\n\n\n<p>Pesquisas recentes refor\u00e7am que creatina e prote\u00edna t\u00eam efeitos complementares na preserva\u00e7\u00e3o da <strong>massa magra<\/strong> e na recupera\u00e7\u00e3o em mulheres maduras. A seguir, est\u00e3o os principais ganhos apontados por estudos e especialistas.<\/p>\n\n\n\n<ul class=\"wp-block-list\">\n<li><strong>Energia imediata:<\/strong> creatina aumenta fosfocreatina e melhora esfor\u00e7os intensos, segundo Malin.<\/li>\n\n\n\n<li><strong>For\u00e7a muscular:<\/strong> suplementa\u00e7\u00e3o melhora desempenho em adultos mais velhos, conforme revis\u00e3o do Journal ISSN.<\/li>\n\n\n\n<li><strong>Recupera\u00e7\u00e3o acelerada:<\/strong> Matheny cita que creatina ajuda na recupera\u00e7\u00e3o p\u00f3s-treino.<\/li>\n\n\n\n<li><strong>Reparo muscular:<\/strong> prote\u00ednas fornecem amino\u00e1cidos que sustentam regenera\u00e7\u00e3o eficaz.<\/li>\n\n\n\n<li><strong>Preven\u00e7\u00e3o de sarcopenia:<\/strong> ingest\u00e3o adequada reduz perda muscular com a idade.<\/li>\n\n\n\n<li><strong>Sa\u00fade global:<\/strong> estudos nos Anais de Medicina Interna relacionam prote\u00edna a melhor progn\u00f3stico cl\u00ednico.<\/li>\n<\/ul>\n\n\n\n<h2 class=\"wp-block-heading\">Por que a prote\u00edna continua indispens\u00e1vel ap\u00f3s os 50?<\/h2>\n\n\n\n<p>A nutricionista Grayson Chaney observou que as necessidades de <strong>amino\u00e1cidos<\/strong> aumentam com o envelhecimento, tornando a prote\u00edna fundamental para reparar fibras e evitar quedas de for\u00e7a. A literatura associa essa ingest\u00e3o a menor risco de complica\u00e7\u00f5es e recupera\u00e7\u00e3o mais eficiente.<\/p>\n\n\n\n<p>Matheny ressalta que, apesar do efeito saciante, o excesso proteico pode ser convertido em <strong>gordura<\/strong>, especialmente quando h\u00e1 aditivos em suplementos. Mulheres com intoler\u00e2ncia a latic\u00ednios podem buscar op\u00e7\u00f5es vegetais para evitar desconfortos digestivos.<\/p>\n\n\n\n<figure class=\"wp-block-image size-large\"><img loading=\"lazy\" decoding=\"async\" width=\"1024\" height=\"576\" src=\"https:\/\/www.em.com.br\/emfoco\/wp-content\/uploads\/2025\/12\/Proteina-em-po_1764994376040-1024x576.jpg\" alt=\"Creatina ou prote\u00edna, qual \u00e9 mais eficaz para ganhar for\u00e7a e acelerar a recupera\u00e7\u00e3o ap\u00f3s os 50 anos?\" class=\"wp-image-136699\" srcset=\"https:\/\/www.em.com.br\/emfoco\/wp-content\/uploads\/2025\/12\/Proteina-em-po_1764994376040-1024x576.jpg 1024w, https:\/\/www.em.com.br\/emfoco\/wp-content\/uploads\/2025\/12\/Proteina-em-po_1764994376040-300x169.jpg 300w, https:\/\/www.em.com.br\/emfoco\/wp-content\/uploads\/2025\/12\/Proteina-em-po_1764994376040-768x432.jpg 768w, https:\/\/www.em.com.br\/emfoco\/wp-content\/uploads\/2025\/12\/Proteina-em-po_1764994376040-750x422.jpg 750w, https:\/\/www.em.com.br\/emfoco\/wp-content\/uploads\/2025\/12\/Proteina-em-po_1764994376040-1140x641.jpg 1140w, https:\/\/www.em.com.br\/emfoco\/wp-content\/uploads\/2025\/12\/Proteina-em-po_1764994376040.jpg 1280w\" sizes=\"auto, (max-width: 1024px) 100vw, 1024px\" \/><figcaption class=\"wp-element-caption\">Prote\u00edna sustenta reparo muscular essencial e previne perda de for\u00e7a &#8211; Cr\u00e9ditos: depositphotos.com \/ KostyaKlimenko<\/figcaption><\/figure>\n\n\n\n<h2 class=\"wp-block-heading\">Como escolher e usar creatina e prote\u00edna com seguran\u00e7a?<\/h2>\n\n\n\n<p>Especialistas alertam que a qualidade dos suplementos varia e a supervis\u00e3o profissional reduz riscos de <strong>intera\u00e7\u00f5es<\/strong> e dosagens inadequadas. Para orientar escolhas mais seguras, reunimos pontos pr\u00e1ticos a seguir.<\/p>\n\n\n\n<ul class=\"wp-block-list\">\n<li><strong>Dosagens comuns:<\/strong> mulheres maduras costumam usar 3 a 5 g de creatina ao dia.<\/li>\n\n\n\n<li><strong>Necessidades proteicas:<\/strong> ingest\u00e3o de 0,8 g a 1,5 g\/kg conforme n\u00edvel de atividade.<\/li>\n\n\n\n<li><strong>Avalia\u00e7\u00e3o m\u00e9dica:<\/strong> Fibel e Chaney refor\u00e7am que orienta\u00e7\u00e3o identifica riscos e ajustes ideais.<\/li>\n<\/ul>\n\n\n\n<p>A uni\u00e3o entre creatina e prote\u00edna, quando acompanhada por especialistas, pode ampliar a for\u00e7a, proteger m\u00fasculos e sustentar um envelhecimento vibrante \u2014 um caminho poderoso para manter autonomia e vitalidade por muitos anos.<\/p>\n","protected":false},"excerpt":{"rendered":"<p>A discuss\u00e3o sobre creatina e prote\u00edna ganhou destaque entre mulheres acima dos 50 anos que desejam preservar for\u00e7a muscular e acelerar a recupera\u00e7\u00e3o. Especialistas da Prevention ressaltam que ambas as estrat\u00e9gias podem apoiar o envelhecimento ativo quando usadas com orienta\u00e7\u00e3o profissional. Como esses suplementos atuam no fortalecimento muscular feminino? A creatina desempenha papel essencial na [&hellip;]<\/p>\n","protected":false},"author":13,"featured_media":136696,"comment_status":"open","ping_status":"open","sticky":false,"template":"","format":"standard","meta":{"jnews-multi-image_gallery":[],"jnews_single_post":{"format":"standard"},"jnews_primary_category":[],"jnews_social_meta":[],"jnews_override_counter":[],"footnotes":""},"categories":[9053],"tags":[4072,19971,18787,5106,12223],"class_list":["post-136669","post","type-post","status-publish","format-standard","has-post-thumbnail","hentry","category-saude","tag-creatina","tag-forca-fisica","tag-mulheres-de-50-anos","tag-proteinas","tag-recuperacao-muscular"],"yoast_head":"<!-- This site is optimized with the Yoast SEO plugin v23.8 - https:\/\/yoast.com\/wordpress\/plugins\/seo\/ -->\n<title>A prote\u00edna essencial que pode ajudar a preservar a for\u00e7a muscular na terceira idade - Estado de Minas - Em foco<\/title>\n<meta name=\"description\" content=\"Creatina e prote\u00edna ajudam mulheres acima dos 50 a preservar m\u00fasculos, acelerar a recupera\u00e7\u00e3o e manter a energia com mais sa\u00fade.\" \/>\n<meta name=\"robots\" content=\"index, follow, max-snippet:-1, max-image-preview:large, max-video-preview:-1\" \/>\n<link rel=\"canonical\" href=\"https:\/\/www.em.com.br\/emfoco\/2025\/12\/08\/a-proteina-essencial-que-pode-ajudar-a-preservar-a-forca-muscular-na-terceira-idade\/\" \/>\n<meta property=\"og:locale\" content=\"pt_BR\" \/>\n<meta property=\"og:type\" content=\"article\" \/>\n<meta property=\"og:title\" content=\"A prote\u00edna essencial que pode ajudar a preservar a for\u00e7a muscular na terceira idade - Estado de Minas - Em foco\" \/>\n<meta property=\"og:description\" content=\"Creatina e prote\u00edna ajudam mulheres acima dos 50 a preservar m\u00fasculos, acelerar a recupera\u00e7\u00e3o e manter a energia com mais sa\u00fade.\" \/>\n<meta property=\"og:url\" content=\"https:\/\/www.em.com.br\/emfoco\/2025\/12\/08\/a-proteina-essencial-que-pode-ajudar-a-preservar-a-forca-muscular-na-terceira-idade\/\" \/>\n<meta property=\"og:site_name\" content=\"Estado de Minas - Em foco\" \/>\n<meta property=\"article:published_time\" content=\"2025-12-08T09:05:00+00:00\" \/>\n<meta property=\"article:modified_time\" content=\"2025-12-08T01:11:27+00:00\" \/>\n<meta property=\"og:image\" content=\"https:\/\/www.em.com.br\/emfoco\/wp-content\/uploads\/2025\/12\/IA-IMG-89.jpg\" \/>\n\t<meta property=\"og:image:width\" content=\"1280\" \/>\n\t<meta property=\"og:image:height\" content=\"720\" \/>\n\t<meta property=\"og:image:type\" content=\"image\/jpeg\" \/>\n<meta name=\"author\" content=\"Gabriel Martins\" \/>\n<meta name=\"twitter:card\" content=\"summary_large_image\" \/>\n<meta name=\"twitter:label1\" content=\"Escrito por\" \/>\n\t<meta name=\"twitter:data1\" content=\"Gabriel Martins\" \/>\n\t<meta name=\"twitter:label2\" content=\"Est. tempo de leitura\" \/>\n\t<meta name=\"twitter:data2\" content=\"4 minutos\" \/>\n<!-- \/ Yoast SEO plugin. -->","yoast_head_json":{"title":"A prote\u00edna essencial que pode ajudar a preservar a for\u00e7a muscular na terceira idade - Estado de Minas - Em foco","description":"Creatina e prote\u00edna ajudam mulheres acima dos 50 a preservar m\u00fasculos, acelerar a recupera\u00e7\u00e3o e manter a energia com mais sa\u00fade.","robots":{"index":"index","follow":"follow","max-snippet":"max-snippet:-1","max-image-preview":"max-image-preview:large","max-video-preview":"max-video-preview:-1"},"canonical":"https:\/\/www.em.com.br\/emfoco\/2025\/12\/08\/a-proteina-essencial-que-pode-ajudar-a-preservar-a-forca-muscular-na-terceira-idade\/","og_locale":"pt_BR","og_type":"article","og_title":"A prote\u00edna essencial que pode ajudar a preservar a for\u00e7a muscular na terceira idade - Estado de Minas - Em foco","og_description":"Creatina e prote\u00edna ajudam mulheres acima dos 50 a preservar m\u00fasculos, acelerar a recupera\u00e7\u00e3o e manter a energia com mais sa\u00fade.","og_url":"https:\/\/www.em.com.br\/emfoco\/2025\/12\/08\/a-proteina-essencial-que-pode-ajudar-a-preservar-a-forca-muscular-na-terceira-idade\/","og_site_name":"Estado de Minas - Em foco","article_published_time":"2025-12-08T09:05:00+00:00","article_modified_time":"2025-12-08T01:11:27+00:00","og_image":[{"width":1280,"height":720,"url":"https:\/\/www.em.com.br\/emfoco\/wp-content\/uploads\/2025\/12\/IA-IMG-89.jpg","type":"image\/jpeg"}],"author":"Gabriel Martins","twitter_card":"summary_large_image","twitter_misc":{"Escrito por":"Gabriel Martins","Est. tempo de leitura":"4 minutos"},"schema":{"@context":"https:\/\/schema.org","@graph":[{"@type":"WebPage","@id":"https:\/\/www.em.com.br\/emfoco\/2025\/12\/08\/a-proteina-essencial-que-pode-ajudar-a-preservar-a-forca-muscular-na-terceira-idade\/","url":"https:\/\/www.em.com.br\/emfoco\/2025\/12\/08\/a-proteina-essencial-que-pode-ajudar-a-preservar-a-forca-muscular-na-terceira-idade\/","name":"A prote\u00edna essencial que pode ajudar a preservar a for\u00e7a muscular na terceira idade - Estado de Minas - Em foco","isPartOf":{"@id":"https:\/\/www.em.com.br\/emfoco\/#website"},"primaryImageOfPage":{"@id":"https:\/\/www.em.com.br\/emfoco\/2025\/12\/08\/a-proteina-essencial-que-pode-ajudar-a-preservar-a-forca-muscular-na-terceira-idade\/#primaryimage"},"image":{"@id":"https:\/\/www.em.com.br\/emfoco\/2025\/12\/08\/a-proteina-essencial-que-pode-ajudar-a-preservar-a-forca-muscular-na-terceira-idade\/#primaryimage"},"thumbnailUrl":"https:\/\/www.em.com.br\/emfoco\/wp-content\/uploads\/2025\/12\/IA-IMG-89.jpg","datePublished":"2025-12-08T09:05:00+00:00","dateModified":"2025-12-08T01:11:27+00:00","author":{"@id":"https:\/\/www.em.com.br\/emfoco\/#\/schema\/person\/1c9ddeab18b98abeffef834667bcf08a"},"description":"Creatina e prote\u00edna ajudam mulheres acima dos 50 a preservar m\u00fasculos, acelerar a recupera\u00e7\u00e3o e manter a energia com mais sa\u00fade.","breadcrumb":{"@id":"https:\/\/www.em.com.br\/emfoco\/2025\/12\/08\/a-proteina-essencial-que-pode-ajudar-a-preservar-a-forca-muscular-na-terceira-idade\/#breadcrumb"},"inLanguage":"pt-BR","potentialAction":[{"@type":"ReadAction","target":["https:\/\/www.em.com.br\/emfoco\/2025\/12\/08\/a-proteina-essencial-que-pode-ajudar-a-preservar-a-forca-muscular-na-terceira-idade\/"]}]},{"@type":"ImageObject","inLanguage":"pt-BR","@id":"https:\/\/www.em.com.br\/emfoco\/2025\/12\/08\/a-proteina-essencial-que-pode-ajudar-a-preservar-a-forca-muscular-na-terceira-idade\/#primaryimage","url":"https:\/\/www.em.com.br\/emfoco\/wp-content\/uploads\/2025\/12\/IA-IMG-89.jpg","contentUrl":"https:\/\/www.em.com.br\/emfoco\/wp-content\/uploads\/2025\/12\/IA-IMG-89.jpg","width":1280,"height":720,"caption":"Creatina e prote\u00edna fortalecem m\u00fasculos femininos ap\u00f3s os cinquenta anos"},{"@type":"BreadcrumbList","@id":"https:\/\/www.em.com.br\/emfoco\/2025\/12\/08\/a-proteina-essencial-que-pode-ajudar-a-preservar-a-forca-muscular-na-terceira-idade\/#breadcrumb","itemListElement":[{"@type":"ListItem","position":1,"name":"In\u00edcio","item":"https:\/\/www.em.com.br\/emfoco\/"},{"@type":"ListItem","position":2,"name":"A prote\u00edna essencial que pode ajudar a preservar a for\u00e7a muscular na terceira idade"}]},{"@type":"WebSite","@id":"https:\/\/www.em.com.br\/emfoco\/#website","url":"https:\/\/www.em.com.br\/emfoco\/","name":"Estado de Minas - Em foco","description":"Acompanhe as \u00faltimas not\u00edcias e fique bem informado sobre tudo o que acontece em Minas Gerais, Brasil e no mundo.","potentialAction":[{"@type":"SearchAction","target":{"@type":"EntryPoint","urlTemplate":"https:\/\/www.em.com.br\/emfoco\/?s={search_term_string}"},"query-input":{"@type":"PropertyValueSpecification","valueRequired":true,"valueName":"search_term_string"}}],"inLanguage":"pt-BR"},{"@type":"Person","@id":"https:\/\/www.em.com.br\/emfoco\/#\/schema\/person\/1c9ddeab18b98abeffef834667bcf08a","name":"Gabriel Martins","image":{"@type":"ImageObject","inLanguage":"pt-BR","@id":"https:\/\/www.em.com.br\/emfoco\/#\/schema\/person\/image\/","url":"https:\/\/secure.gravatar.com\/avatar\/f0f1e2efdfd88f1ad2cb08c5c2731e50?s=96&d=mm&r=g","contentUrl":"https:\/\/secure.gravatar.com\/avatar\/f0f1e2efdfd88f1ad2cb08c5c2731e50?s=96&d=mm&r=g","caption":"Gabriel Martins"},"sameAs":["https:\/\/www.em.com.br\/emfoco\/"],"url":"https:\/\/www.em.com.br\/emfoco\/author\/gabrielmartinsmyth\/"}]}},"_links":{"self":[{"href":"https:\/\/www.em.com.br\/emfoco\/wp-json\/wp\/v2\/posts\/136669","targetHints":{"allow":["GET"]}}],"collection":[{"href":"https:\/\/www.em.com.br\/emfoco\/wp-json\/wp\/v2\/posts"}],"about":[{"href":"https:\/\/www.em.com.br\/emfoco\/wp-json\/wp\/v2\/types\/post"}],"author":[{"embeddable":true,"href":"https:\/\/www.em.com.br\/emfoco\/wp-json\/wp\/v2\/users\/13"}],"replies":[{"embeddable":true,"href":"https:\/\/www.em.com.br\/emfoco\/wp-json\/wp\/v2\/comments?post=136669"}],"version-history":[{"count":7,"href":"https:\/\/www.em.com.br\/emfoco\/wp-json\/wp\/v2\/posts\/136669\/revisions"}],"predecessor-version":[{"id":136700,"href":"https:\/\/www.em.com.br\/emfoco\/wp-json\/wp\/v2\/posts\/136669\/revisions\/136700"}],"wp:featuredmedia":[{"embeddable":true,"href":"https:\/\/www.em.com.br\/emfoco\/wp-json\/wp\/v2\/media\/136696"}],"wp:attachment":[{"href":"https:\/\/www.em.com.br\/emfoco\/wp-json\/wp\/v2\/media?parent=136669"}],"wp:term":[{"taxonomy":"category","embeddable":true,"href":"https:\/\/www.em.com.br\/emfoco\/wp-json\/wp\/v2\/categories?post=136669"},{"taxonomy":"post_tag","embeddable":true,"href":"https:\/\/www.em.com.br\/emfoco\/wp-json\/wp\/v2\/tags?post=136669"}],"curies":[{"name":"wp","href":"https:\/\/api.w.org\/{rel}","templated":true}]}}