{"id":136578,"date":"2025-12-07T12:45:00","date_gmt":"2025-12-07T15:45:00","guid":{"rendered":"https:\/\/www.em.com.br\/emfoco\/?p=136578"},"modified":"2025-12-06T20:40:55","modified_gmt":"2025-12-06T23:40:55","slug":"evite-esses-cortes-apos-os-50-anos-eles-acentuam-rugas-e-tiram-a-vitalidade-do-rosto","status":"publish","type":"post","link":"https:\/\/www.em.com.br\/emfoco\/2025\/12\/07\/evite-esses-cortes-apos-os-50-anos-eles-acentuam-rugas-e-tiram-a-vitalidade-do-rosto\/","title":{"rendered":"Evite esses cortes ap\u00f3s os 50 anos, eles acentuam rugas e tiram a vitalidade do rosto"},"content":{"rendered":"\n<p>Ap\u00f3s os 50 anos, o corte de cabelo passa a influenciar diretamente como o rosto \u00e9 percebido. Em vez de mudan\u00e7as radicais, vale apostar em ajustes inteligentes de comprimento, volume, corte e cor para suavizar tra\u00e7os, equilibrar a express\u00e3o e garantir um visual mais leve, atual e cheio de personalidade.<\/p>\n\n\n\n<h2 class=\"wp-block-heading\">Quais cortes de cabelo ap\u00f3s os 50 anos tendem a envelhecer o visual<\/h2>\n\n\n\n<p>Entre os estilos que mais pesam no visual maduro est\u00e3o os cortes muito retos e compactos, sem movimento nas pontas. Quando o fio fica espesso e alargado nas extremidades, essa base r\u00edgida refor\u00e7a queda de volume, ressecamento e falta de brilho, destacando ainda mais marcas de express\u00e3o.<\/p>\n\n\n\n<p>O excesso de comprimento sem camadas tamb\u00e9m costuma envelhecer, pois cabelos muito longos e pesados \u201cpuxam\u201d o semblante para baixo. J\u00e1 cortes extremamente curtos e geom\u00e9tricos, com linhas muito definidas, podem criar contraste severo com fei\u00e7\u00f5es suaves, transmitindo uma imagem menos leve e menos natural.<\/p>\n\n\n\n<figure class=\"wp-block-image\"><img decoding=\"async\" src=\"https:\/\/www.em.com.br\/emfoco\/wp-content\/uploads\/2025\/06\/envelhecimento_1749935527881-1024x576.jpg\" alt=\"\"\/><figcaption class=\"wp-element-caption\">Mulher preocupada com rugas &#8211; Cr\u00e9ditos: depositphotos.com \/ AllaSerebrina<\/figcaption><\/figure>\n\n\n\n<p><em>Leia mais: <a href=\"https:\/\/www.em.com.br\/emfoco\/2025\/10\/01\/a-tendencia-de-unhas-mais-estilosa-do-momento\/\" target=\"_blank\" rel=\"noreferrer noopener\">A tend\u00eancia de unhas mais estilosa do momento<\/a><\/em><\/p>\n\n\n\n<h2 class=\"wp-block-heading\">Quais estilos de corte de cabelo realmente rejuvenescem ap\u00f3s os 50 anos<\/h2>\n\n\n\n<p>Quando a ideia \u00e9 rejuvenescer o visual, cortes com camadas sutis e acabamento leve costumam ser grandes aliados. Comprimentos na altura do queixo ou dos ombros, com movimento discreto e pontas levemente desfiadas, emolduram o rosto sem pesar e criam sensa\u00e7\u00e3o de dinamismo.<\/p>\n\n\n\n<p>Estilos como long bob suave, shag moderno e cortes m\u00e9dios repicados em torno do rosto s\u00e3o vers\u00e1teis e modernos. Para potencializar o resultado, \u00e9 importante adaptar as camadas ao tipo de fio e \u00e0 textura natural, evitando degraus marcados e excesso de volume ou de peso.<\/p>\n\n\n\n<ul class=\"wp-block-list\">\n<li><strong>Cabelos finos:<\/strong>&nbsp;camadas leves e franja longa lateral aumentam a sensa\u00e7\u00e3o de volume.<\/li>\n\n\n\n<li><strong>Cabelos grossos:<\/strong>&nbsp;desfiados controlados reduzem o peso e trazem balan\u00e7o.<\/li>\n\n\n\n<li><strong>Cabelos ondulados ou cacheados:<\/strong>&nbsp;camadas amplas respeitam o formato do cacho e evitam o frizz.<\/li>\n<\/ul>\n\n\n\n<h2 class=\"wp-block-heading\">Franjas envelhecem ou rejuvenescem o rosto<\/h2>\n\n\n\n<p>A franja pode tanto suavizar quanto endurecer a express\u00e3o, dependendo do modelo escolhido. Franjas muito retas, densas e pesadas sobre a testa tendem a chamar aten\u00e7\u00e3o para a regi\u00e3o central do rosto, destacando rugas horizontais e sobrancelhas de forma pouco favorecedora.<\/p>\n\n\n\n<p>Em rostos maduros, franjas mais compridas, laterais ou em estilo curtain s\u00e3o \u00f3timas para emoldurar as ma\u00e7\u00e3s do rosto e <a href=\"https:\/\/revlon.co.in\/blogs\/blog\/how-to-use-makeup-to-hide-fine-lines-wrinkles\" target=\"_blank\" rel=\"noreferrer noopener\">reduzir o foco nas linhas da testa<\/a>. Para acertar na escolha e evitar arrependimentos, vale considerar o formato do rosto, a arma\u00e7\u00e3o dos \u00f3culos e o tempo dispon\u00edvel para finalizar os fios no dia a dia.<\/p>\n\n\n\n<ol class=\"wp-block-list\">\n<li>Evitar franjas muito curtas e retas em linhas horizontais r\u00edgidas.<\/li>\n\n\n\n<li>Priorizar franjas finas, texturizadas ou levemente abertas ao meio.<\/li>\n\n\n\n<li>Ajustar o comprimento da franja ao formato do rosto e ao uso de \u00f3culos.<\/li>\n<\/ol>\n\n\n\n<h2 class=\"wp-block-heading\">Como a cor e a sa\u00fade dos fios influenciam na sensa\u00e7\u00e3o de juventude<\/h2>\n\n\n\n<p>A <a href=\"https:\/\/www.em.com.br\/emfoco\/2025\/09\/12\/o-jeito-mais-facil-de-manter-a-cor-do-cabelo-tingindo-sempre-impecavel\/\" target=\"_blank\" rel=\"noreferrer noopener\">cor do cabelo<\/a> interfere diretamente na percep\u00e7\u00e3o de idade e vitalidade. Tons muito escuros em peles claras podem real\u00e7ar olheiras e rugas, enquanto cores claras demais em peles quentes podem criar um efeito artificial; por isso, reflexos suaves e mechas iluminadas ao redor do rosto costumam trazer frescor.<\/p>\n\n\n\n<figure class=\"wp-block-image\"><img decoding=\"async\" src=\"https:\/\/www.em.com.br\/emfoco\/wp-content\/uploads\/2025\/10\/cabelo-curto_1759713673109-1024x576.jpg\" alt=\"\"\/><figcaption class=\"wp-element-caption\">Os cortes do ver\u00e3o &#8211; Cr\u00e9ditos: depositphotos.com \/ sanneberg<\/figcaption><\/figure>\n\n\n\n<p>Apesar da cor ser importante, a sa\u00fade do fio faz ainda mais diferen\u00e7a no resultado final. Pontas ressecadas, quebra intensa e opacidade envelhecem qualquer corte, enquanto fios nutridos, com brilho e movimento, garantem um efeito rejuvenescido mesmo em estilos simples e pr\u00e1ticos.<\/p>\n\n\n\n<ul class=\"wp-block-list\">\n<li>Manter o corte a cada 6 a 10 semanas para remover pontas danificadas.<\/li>\n\n\n\n<li>Usar m\u00e1scaras nutritivas e produtos espec\u00edficos para cabelos maduros.<\/li>\n\n\n\n<li>Proteger os fios do calor e buscar ajuda profissional diante de queda intensa.<\/li>\n<\/ul>\n\n\n\n<h2 class=\"wp-block-heading\">Como mudar o corte de cabelo ap\u00f3s os 50 anos sem arrependimentos<\/h2>\n\n\n\n<p>Transforma\u00e7\u00f5es muito bruscas, com cortes curtos demais ou mudan\u00e7as radicais de cor em uma \u00fanica sess\u00e3o, podem gerar estranhamento e sensa\u00e7\u00e3o de perda de identidade. Por isso, muitos especialistas recomendam transi\u00e7\u00f5es graduais, encurtando por etapas e ajustando a tonalidade aos poucos, sempre com fotos de refer\u00eancia claras.<\/p>\n\n\n\n<p>Agora \u00e9 o momento de olhar para o espelho com coragem e decidir qual vers\u00e3o de voc\u00ea quer destacar nos pr\u00f3ximos anos. Agende ainda hoje uma consulta com um profissional de confian\u00e7a, leve este artigo como guia e n\u00e3o adie mais a chance de conquistar um corte que realmente te rejuvenes\u00e7a, valorize sua hist\u00f3ria e fa\u00e7a voc\u00ea se sentir bem imediatamente.<\/p>\n","protected":false},"excerpt":{"rendered":"<p>Ap\u00f3s os 50 anos, o corte de cabelo passa a influenciar diretamente como o rosto \u00e9 percebido. Em vez de mudan\u00e7as radicais, vale apostar em ajustes inteligentes de comprimento, volume, corte e cor para suavizar tra\u00e7os, equilibrar a express\u00e3o e garantir um visual mais leve, atual e cheio de personalidade. Quais cortes de cabelo ap\u00f3s [&hellip;]<\/p>\n","protected":false},"author":11,"featured_media":127007,"comment_status":"open","ping_status":"open","sticky":false,"template":"","format":"standard","meta":{"jnews-multi-image_gallery":[],"jnews_single_post":{"format":"standard"},"jnews_primary_category":[],"jnews_social_meta":[],"jnews_override_counter":[],"footnotes":""},"categories":[8819,1],"tags":[7208,4906,18112],"class_list":["post-136578","post","type-post","status-publish","format-standard","has-post-thumbnail","hentry","category-curiosidades","category-noticias","tag-cabelo-50-anos","tag-corte-de-cabelo","tag-corte-de-cabelo-feminino"],"yoast_head":"<!-- This site is optimized with the Yoast SEO plugin v23.8 - https:\/\/yoast.com\/wordpress\/plugins\/seo\/ -->\n<title>Evite esses cortes ap\u00f3s os 50 anos, eles acentuam rugas e tiram a vitalidade do rosto - Estado de Minas - Em foco<\/title>\n<meta name=\"description\" content=\"O corte errado pode envelhecer o visual ap\u00f3s os 50. Veja quais estilos evitar e as melhores op\u00e7\u00f5es para um cabelo leve e rejuvenescido.\" \/>\n<meta name=\"robots\" content=\"index, follow, max-snippet:-1, max-image-preview:large, max-video-preview:-1\" \/>\n<link rel=\"canonical\" href=\"https:\/\/www.em.com.br\/emfoco\/2025\/12\/07\/evite-esses-cortes-apos-os-50-anos-eles-acentuam-rugas-e-tiram-a-vitalidade-do-rosto\/\" \/>\n<meta property=\"og:locale\" content=\"pt_BR\" \/>\n<meta property=\"og:type\" content=\"article\" \/>\n<meta property=\"og:title\" content=\"Evite esses cortes ap\u00f3s os 50 anos, eles acentuam rugas e tiram a vitalidade do rosto - Estado de Minas - Em foco\" \/>\n<meta property=\"og:description\" content=\"O corte errado pode envelhecer o visual ap\u00f3s os 50. Veja quais estilos evitar e as melhores op\u00e7\u00f5es para um cabelo leve e rejuvenescido.\" \/>\n<meta property=\"og:url\" content=\"https:\/\/www.em.com.br\/emfoco\/2025\/12\/07\/evite-esses-cortes-apos-os-50-anos-eles-acentuam-rugas-e-tiram-a-vitalidade-do-rosto\/\" \/>\n<meta property=\"og:site_name\" content=\"Estado de Minas - Em foco\" \/>\n<meta property=\"article:published_time\" content=\"2025-12-07T15:45:00+00:00\" \/>\n<meta property=\"article:modified_time\" content=\"2025-12-06T23:40:55+00:00\" \/>\n<meta property=\"og:image\" content=\"https:\/\/www.em.com.br\/emfoco\/wp-content\/uploads\/2025\/11\/Gemini_Generated_Image_ga4jk8ga4jk8ga4j-1.png\" \/>\n\t<meta property=\"og:image:width\" content=\"1280\" \/>\n\t<meta property=\"og:image:height\" content=\"720\" \/>\n\t<meta property=\"og:image:type\" content=\"image\/png\" \/>\n<meta name=\"author\" content=\"Andre\u0301 Rangel\u00a0\" \/>\n<meta name=\"twitter:card\" content=\"summary_large_image\" \/>\n<meta name=\"twitter:label1\" content=\"Escrito por\" \/>\n\t<meta name=\"twitter:data1\" content=\"Andre\u0301 Rangel\u00a0\" \/>\n\t<meta name=\"twitter:label2\" content=\"Est. tempo de leitura\" \/>\n\t<meta name=\"twitter:data2\" content=\"5 minutos\" \/>\n<!-- \/ Yoast SEO plugin. -->","yoast_head_json":{"title":"Evite esses cortes ap\u00f3s os 50 anos, eles acentuam rugas e tiram a vitalidade do rosto - Estado de Minas - Em foco","description":"O corte errado pode envelhecer o visual ap\u00f3s os 50. Veja quais estilos evitar e as melhores op\u00e7\u00f5es para um cabelo leve e rejuvenescido.","robots":{"index":"index","follow":"follow","max-snippet":"max-snippet:-1","max-image-preview":"max-image-preview:large","max-video-preview":"max-video-preview:-1"},"canonical":"https:\/\/www.em.com.br\/emfoco\/2025\/12\/07\/evite-esses-cortes-apos-os-50-anos-eles-acentuam-rugas-e-tiram-a-vitalidade-do-rosto\/","og_locale":"pt_BR","og_type":"article","og_title":"Evite esses cortes ap\u00f3s os 50 anos, eles acentuam rugas e tiram a vitalidade do rosto - Estado de Minas - Em foco","og_description":"O corte errado pode envelhecer o visual ap\u00f3s os 50. Veja quais estilos evitar e as melhores op\u00e7\u00f5es para um cabelo leve e rejuvenescido.","og_url":"https:\/\/www.em.com.br\/emfoco\/2025\/12\/07\/evite-esses-cortes-apos-os-50-anos-eles-acentuam-rugas-e-tiram-a-vitalidade-do-rosto\/","og_site_name":"Estado de Minas - Em foco","article_published_time":"2025-12-07T15:45:00+00:00","article_modified_time":"2025-12-06T23:40:55+00:00","og_image":[{"width":1280,"height":720,"url":"https:\/\/www.em.com.br\/emfoco\/wp-content\/uploads\/2025\/11\/Gemini_Generated_Image_ga4jk8ga4jk8ga4j-1.png","type":"image\/png"}],"author":"Andre\u0301 Rangel\u00a0","twitter_card":"summary_large_image","twitter_misc":{"Escrito por":"Andre\u0301 Rangel\u00a0","Est. tempo de leitura":"5 minutos"},"schema":{"@context":"https:\/\/schema.org","@graph":[{"@type":"WebPage","@id":"https:\/\/www.em.com.br\/emfoco\/2025\/12\/07\/evite-esses-cortes-apos-os-50-anos-eles-acentuam-rugas-e-tiram-a-vitalidade-do-rosto\/","url":"https:\/\/www.em.com.br\/emfoco\/2025\/12\/07\/evite-esses-cortes-apos-os-50-anos-eles-acentuam-rugas-e-tiram-a-vitalidade-do-rosto\/","name":"Evite esses cortes ap\u00f3s os 50 anos, eles acentuam rugas e tiram a vitalidade do rosto - Estado de Minas - Em foco","isPartOf":{"@id":"https:\/\/www.em.com.br\/emfoco\/#website"},"primaryImageOfPage":{"@id":"https:\/\/www.em.com.br\/emfoco\/2025\/12\/07\/evite-esses-cortes-apos-os-50-anos-eles-acentuam-rugas-e-tiram-a-vitalidade-do-rosto\/#primaryimage"},"image":{"@id":"https:\/\/www.em.com.br\/emfoco\/2025\/12\/07\/evite-esses-cortes-apos-os-50-anos-eles-acentuam-rugas-e-tiram-a-vitalidade-do-rosto\/#primaryimage"},"thumbnailUrl":"https:\/\/www.em.com.br\/emfoco\/wp-content\/uploads\/2025\/11\/Gemini_Generated_Image_ga4jk8ga4jk8ga4j-1.png","datePublished":"2025-12-07T15:45:00+00:00","dateModified":"2025-12-06T23:40:55+00:00","author":{"@id":"https:\/\/www.em.com.br\/emfoco\/#\/schema\/person\/60eda09c1fedf0d6891f4cef4b60b8b8"},"description":"O corte errado pode envelhecer o visual ap\u00f3s os 50. Veja quais estilos evitar e as melhores op\u00e7\u00f5es para um cabelo leve e rejuvenescido.","breadcrumb":{"@id":"https:\/\/www.em.com.br\/emfoco\/2025\/12\/07\/evite-esses-cortes-apos-os-50-anos-eles-acentuam-rugas-e-tiram-a-vitalidade-do-rosto\/#breadcrumb"},"inLanguage":"pt-BR","potentialAction":[{"@type":"ReadAction","target":["https:\/\/www.em.com.br\/emfoco\/2025\/12\/07\/evite-esses-cortes-apos-os-50-anos-eles-acentuam-rugas-e-tiram-a-vitalidade-do-rosto\/"]}]},{"@type":"ImageObject","inLanguage":"pt-BR","@id":"https:\/\/www.em.com.br\/emfoco\/2025\/12\/07\/evite-esses-cortes-apos-os-50-anos-eles-acentuam-rugas-e-tiram-a-vitalidade-do-rosto\/#primaryimage","url":"https:\/\/www.em.com.br\/emfoco\/wp-content\/uploads\/2025\/11\/Gemini_Generated_Image_ga4jk8ga4jk8ga4j-1.png","contentUrl":"https:\/\/www.em.com.br\/emfoco\/wp-content\/uploads\/2025\/11\/Gemini_Generated_Image_ga4jk8ga4jk8ga4j-1.png","width":1280,"height":720,"caption":"Cores de cabelo que envelhecem o visual, segundo especialistas"},{"@type":"BreadcrumbList","@id":"https:\/\/www.em.com.br\/emfoco\/2025\/12\/07\/evite-esses-cortes-apos-os-50-anos-eles-acentuam-rugas-e-tiram-a-vitalidade-do-rosto\/#breadcrumb","itemListElement":[{"@type":"ListItem","position":1,"name":"In\u00edcio","item":"https:\/\/www.em.com.br\/emfoco\/"},{"@type":"ListItem","position":2,"name":"Evite esses cortes ap\u00f3s os 50 anos, eles acentuam rugas e tiram a vitalidade do rosto"}]},{"@type":"WebSite","@id":"https:\/\/www.em.com.br\/emfoco\/#website","url":"https:\/\/www.em.com.br\/emfoco\/","name":"Estado de Minas - Em foco","description":"Acompanhe as \u00faltimas not\u00edcias e fique bem informado sobre tudo o que acontece em Minas Gerais, Brasil e no mundo.","potentialAction":[{"@type":"SearchAction","target":{"@type":"EntryPoint","urlTemplate":"https:\/\/www.em.com.br\/emfoco\/?s={search_term_string}"},"query-input":{"@type":"PropertyValueSpecification","valueRequired":true,"valueName":"search_term_string"}}],"inLanguage":"pt-BR"},{"@type":"Person","@id":"https:\/\/www.em.com.br\/emfoco\/#\/schema\/person\/60eda09c1fedf0d6891f4cef4b60b8b8","name":"Andre\u0301 Rangel\u00a0","image":{"@type":"ImageObject","inLanguage":"pt-BR","@id":"https:\/\/www.em.com.br\/emfoco\/#\/schema\/person\/image\/","url":"https:\/\/secure.gravatar.com\/avatar\/6234dc814c77c8ef6d8bba622c787efc?s=96&d=mm&r=g","contentUrl":"https:\/\/secure.gravatar.com\/avatar\/6234dc814c77c8ef6d8bba622c787efc?s=96&d=mm&r=g","caption":"Andre\u0301 Rangel\u00a0"},"url":"https:\/\/www.em.com.br\/emfoco\/author\/luizmyth\/"}]}},"_links":{"self":[{"href":"https:\/\/www.em.com.br\/emfoco\/wp-json\/wp\/v2\/posts\/136578","targetHints":{"allow":["GET"]}}],"collection":[{"href":"https:\/\/www.em.com.br\/emfoco\/wp-json\/wp\/v2\/posts"}],"about":[{"href":"https:\/\/www.em.com.br\/emfoco\/wp-json\/wp\/v2\/types\/post"}],"author":[{"embeddable":true,"href":"https:\/\/www.em.com.br\/emfoco\/wp-json\/wp\/v2\/users\/11"}],"replies":[{"embeddable":true,"href":"https:\/\/www.em.com.br\/emfoco\/wp-json\/wp\/v2\/comments?post=136578"}],"version-history":[{"count":4,"href":"https:\/\/www.em.com.br\/emfoco\/wp-json\/wp\/v2\/posts\/136578\/revisions"}],"predecessor-version":[{"id":136634,"href":"https:\/\/www.em.com.br\/emfoco\/wp-json\/wp\/v2\/posts\/136578\/revisions\/136634"}],"wp:featuredmedia":[{"embeddable":true,"href":"https:\/\/www.em.com.br\/emfoco\/wp-json\/wp\/v2\/media\/127007"}],"wp:attachment":[{"href":"https:\/\/www.em.com.br\/emfoco\/wp-json\/wp\/v2\/media?parent=136578"}],"wp:term":[{"taxonomy":"category","embeddable":true,"href":"https:\/\/www.em.com.br\/emfoco\/wp-json\/wp\/v2\/categories?post=136578"},{"taxonomy":"post_tag","embeddable":true,"href":"https:\/\/www.em.com.br\/emfoco\/wp-json\/wp\/v2\/tags?post=136578"}],"curies":[{"name":"wp","href":"https:\/\/api.w.org\/{rel}","templated":true}]}}