{"id":136576,"date":"2025-12-07T11:15:00","date_gmt":"2025-12-07T14:15:00","guid":{"rendered":"https:\/\/www.em.com.br\/emfoco\/?p=136576"},"modified":"2025-12-06T20:40:34","modified_gmt":"2025-12-06T23:40:34","slug":"seu-brocolis-pode-estar-cheio-de-vermes-veja-como-eliminar-todos-em-5-minutos","status":"publish","type":"post","link":"https:\/\/www.em.com.br\/emfoco\/2025\/12\/07\/seu-brocolis-pode-estar-cheio-de-vermes-veja-como-eliminar-todos-em-5-minutos\/","title":{"rendered":"Seu br\u00f3colis pode estar cheio de vermes, veja como eliminar todos em 5 minutos"},"content":{"rendered":"\n<p>Entre os vegetais mais presentes na mesa do brasileiro, o br\u00f3colis \u00e9 vers\u00e1til, cheio de nutrientes e vai bem do arroz do dia a dia aos pratos mais elaborados. Justamente por ter estrutura cheia de pequenas \u201c\u00e1rvores\u201d, ele acumula terra, insetos e res\u00edduos, o que exige higieniza\u00e7\u00e3o cuidadosa e boas t\u00e9cnicas de conserva\u00e7\u00e3o para manter o alimento seguro, verdinho e saboroso por mais tempo.<\/p>\n\n\n\n<h2 class=\"wp-block-heading\">Como limpar corretamente o br\u00f3colis e remover insetos e res\u00edduos<\/h2>\n\n\n\n<p>A higieniza\u00e7\u00e3o come\u00e7a na feira ou mercado, escolhendo pe\u00e7as firmes, de verde intenso e sem manchas amareladas. Em casa, separe o talo dos buqu\u00eas, descarte partes muito danificadas e abra levemente as flores com a m\u00e3o ou faca para facilitar a entrada de \u00e1gua em todos os cantos.<\/p>\n\n\n\n<p>Use uma solu\u00e7\u00e3o de \u00e1gua fria com <a href=\"https:\/\/www.em.com.br\/emfoco\/2025\/11\/26\/com-apenas-1-copo-de-100-ml-de-vinagre-branco-voce-vai-deixar-seus-copos-brilhando-igual-novos\/\" target=\"_blank\" rel=\"noreferrer noopener\">vinagre branco <\/a>ou lim\u00e3o (cerca de 1 colher de sopa por litro) e deixe o br\u00f3colis imerso por alguns minutos, mexendo suavemente para soltar impurezas. Em cozinhas com regras mais r\u00edgidas, podem ser usadas solu\u00e7\u00f5es cloradas pr\u00f3prias para alimentos, sempre finalizando com enx\u00e1gue abundante em \u00e1gua corrente pot\u00e1vel.<\/p>\n\n\n\n<figure class=\"wp-block-image\"><img decoding=\"async\" src=\"https:\/\/www.em.com.br\/emfoco\/wp-content\/uploads\/2025\/03\/brocolis_1742665690471-1024x576.jpg\" alt=\"\"\/><figcaption class=\"wp-element-caption\">Br\u00f3colis e seus benef\u00edcios &#8211; Cr\u00e9ditos: depositphotos.com \/ Christin_Lola<\/figcaption><\/figure>\n\n\n\n<h2 class=\"wp-block-heading\">Por que o branqueamento ajuda a manter cor, textura e nutrientes<\/h2>\n\n\n\n<p>Depois de limpo, o br\u00f3colis pode ir direto ao preparo ou passar por branqueamento, t\u00e9cnica que conserva cor, textura e parte dos nutrientes. O choque t\u00e9rmico reduz a a\u00e7\u00e3o de enzimas que escurecem o alimento e aceleram a perda de qualidade, mesmo na geladeira ou freezer.<\/p>\n\n\n\n<p>Para branquear com seguran\u00e7a e efici\u00eancia, siga uma sequ\u00eancia simples que garante melhor resultado culin\u00e1rio e nutricional:<\/p>\n\n\n\n<ul class=\"wp-block-list\">\n<li>Leve uma panela grande com \u00e1gua ao fogo at\u00e9 ferver.<\/li>\n\n\n\n<li>Adicione uma pitada de sal, se desejar, para real\u00e7ar o sabor.<\/li>\n\n\n\n<li>Coloque os buqu\u00eas e conte de 2 a 3 minutos.<\/li>\n\n\n\n<li>Retire com escumadeira e mergulhe em \u00e1gua com gelo.<\/li>\n\n\n\n<li>Deixe esfriar completamente e escorra muito bem.<\/li>\n<\/ul>\n\n\n\n<h2 class=\"wp-block-heading\">Como congelar o br\u00f3colis sem perder tanto a qualidade<\/h2>\n\n\n\n<p>Com o br\u00f3colis limpo, escorrido e branqueado, o congelamento fica mais eficiente e preserva melhor cor e textura. Seque bem os buqu\u00eas com pano limpo ou papel-toalha para reduzir a forma\u00e7\u00e3o de cristais de gelo, que deixam o legume mais mole depois de descongelado.<\/p>\n\n\n\n<p>Organize os peda\u00e7os em uma \u00fanica camada sobre assadeira para pr\u00e9-congelar e evitar que grudem, depois transfira para sacos ou potes pr\u00f3prios para freezer, retirando o m\u00e1ximo de ar poss\u00edvel. Identifique com data e use em alguns meses, podendo lev\u00e1-lo direto a refogados, sopas, massas e outras prepara\u00e7\u00f5es, sem precisar descongelar totalmente.<\/p>\n\n\n\n<figure class=\"wp-block-image\"><img decoding=\"async\" src=\"https:\/\/www.em.com.br\/emfoco\/wp-content\/uploads\/2025\/09\/unnamed-3-2-1024x576.jpg\" alt=\"\"\/><figcaption class=\"wp-element-caption\">O jeito correto de higienizar o br\u00f3colis e remover vermes<\/figcaption><\/figure>\n\n\n\n<h2 class=\"wp-block-heading\">Quais s\u00e3o os principais benef\u00edcios nutricionais do br\u00f3colis<\/h2>\n\n\n\n<p>O interesse pelo br\u00f3colis tamb\u00e9m se deve ao seu perfil nutricional: ele \u00e9 fonte de fibras, que favorecem o intestino e a saciedade, e tem baixo teor cal\u00f3rico, ajudando em planos voltados ao controle de peso. Cont\u00e9m ainda<a href=\"https:\/\/www.msdmanuals.com\/pt\/casa\/dist%C3%BArbios-nutricionais\/vitaminas\/excesso-de-vitamina-c\" target=\"_blank\" rel=\"noreferrer noopener\"> vitamina C<\/a>, \u00e1cido f\u00f3lico, minerais e compostos bioativos estudados pela poss\u00edvel a\u00e7\u00e3o protetora sobre as c\u00e9lulas.<\/p>\n\n\n\n<p>Para aproveitar melhor os nutrientes, vale ajustar o modo de preparo e variar o tipo de uso ao longo da semana, combinando o br\u00f3colis com outros vegetais e evitando cocc\u00f5es muito longas em \u00e1gua, que aumentam a perda de vitaminas sens\u00edveis ao calor.<\/p>\n\n\n\n<h2 class=\"wp-block-heading\">Como usar o br\u00f3colis no dia a dia e por que incluir j\u00e1 na sua rotina<\/h2>\n\n\n\n<p>Com t\u00e9cnicas simples de limpeza, branqueamento e congelamento, o br\u00f3colis mant\u00e9m sabor, frescor e boa parte dos nutrientes, ficando pronto para entrar em refogados r\u00e1pidos, saladas mornas, omeletes, massas e sopas. Isso facilita consumir o legume com regularidade, mesmo em rotinas corridas.<\/p>\n\n\n\n<p>N\u00e3o espere o pr\u00f3ximo mercado para come\u00e7ar a cuidar melhor do que vai ao seu prato: escolha um ma\u00e7o de br\u00f3colis hoje, higienize, congele por por\u00e7\u00f5es e tenha sempre \u00e0 m\u00e3o um ingrediente pr\u00e1tico, nutritivo e poderoso para proteger sua sa\u00fade a cada refei\u00e7\u00e3o.<\/p>\n","protected":false},"excerpt":{"rendered":"<p>Entre os vegetais mais presentes na mesa do brasileiro, o br\u00f3colis \u00e9 vers\u00e1til, cheio de nutrientes e vai bem do arroz do dia a dia aos pratos mais elaborados. Justamente por ter estrutura cheia de pequenas \u201c\u00e1rvores\u201d, ele acumula terra, insetos e res\u00edduos, o que exige higieniza\u00e7\u00e3o cuidadosa e boas t\u00e9cnicas de conserva\u00e7\u00e3o para manter [&hellip;]<\/p>\n","protected":false},"author":11,"featured_media":118983,"comment_status":"open","ping_status":"open","sticky":false,"template":"","format":"standard","meta":{"jnews-multi-image_gallery":[],"jnews_single_post":{"format":"standard"},"jnews_primary_category":[],"jnews_social_meta":[],"jnews_override_counter":[],"footnotes":""},"categories":[8819,1],"tags":[4068,16319,17284],"class_list":["post-136576","post","type-post","status-publish","format-standard","has-post-thumbnail","hentry","category-curiosidades","category-noticias","tag-brocolis","tag-como-lavar-brocolis","tag-lavar-brocolis-2"],"yoast_head":"<!-- This site is optimized with the Yoast SEO plugin v23.8 - https:\/\/yoast.com\/wordpress\/plugins\/seo\/ -->\n<title>Seu br\u00f3colis pode estar cheio de vermes, veja como eliminar todos em 5 minutos - Estado de Minas - Em foco<\/title>\n<meta name=\"description\" content=\"Aprenda a lavar br\u00f3colis corretamente e evitar larvas, sujeiras e perda de sabor. T\u00e9cnica r\u00e1pida e eficaz.\" \/>\n<meta name=\"robots\" content=\"index, follow, max-snippet:-1, max-image-preview:large, max-video-preview:-1\" \/>\n<link rel=\"canonical\" href=\"https:\/\/www.em.com.br\/emfoco\/2025\/12\/07\/seu-brocolis-pode-estar-cheio-de-vermes-veja-como-eliminar-todos-em-5-minutos\/\" \/>\n<meta property=\"og:locale\" content=\"pt_BR\" \/>\n<meta property=\"og:type\" content=\"article\" \/>\n<meta property=\"og:title\" content=\"Seu br\u00f3colis pode estar cheio de vermes, veja como eliminar todos em 5 minutos - Estado de Minas - Em foco\" \/>\n<meta property=\"og:description\" content=\"Aprenda a lavar br\u00f3colis corretamente e evitar larvas, sujeiras e perda de sabor. T\u00e9cnica r\u00e1pida e eficaz.\" \/>\n<meta property=\"og:url\" content=\"https:\/\/www.em.com.br\/emfoco\/2025\/12\/07\/seu-brocolis-pode-estar-cheio-de-vermes-veja-como-eliminar-todos-em-5-minutos\/\" \/>\n<meta property=\"og:site_name\" content=\"Estado de Minas - Em foco\" \/>\n<meta property=\"article:published_time\" content=\"2025-12-07T14:15:00+00:00\" \/>\n<meta property=\"article:modified_time\" content=\"2025-12-06T23:40:34+00:00\" \/>\n<meta property=\"og:image\" content=\"https:\/\/www.em.com.br\/emfoco\/wp-content\/uploads\/2025\/10\/Gemini_Generated_Image_o1lo9xo1lo9xo1lo-1.png\" \/>\n\t<meta property=\"og:image:width\" content=\"1280\" \/>\n\t<meta property=\"og:image:height\" content=\"720\" \/>\n\t<meta property=\"og:image:type\" content=\"image\/png\" \/>\n<meta name=\"author\" content=\"Andre\u0301 Rangel\u00a0\" \/>\n<meta name=\"twitter:card\" content=\"summary_large_image\" \/>\n<meta name=\"twitter:label1\" content=\"Escrito por\" \/>\n\t<meta name=\"twitter:data1\" content=\"Andre\u0301 Rangel\u00a0\" \/>\n\t<meta name=\"twitter:label2\" content=\"Est. tempo de leitura\" \/>\n\t<meta name=\"twitter:data2\" content=\"5 minutos\" \/>\n<!-- \/ Yoast SEO plugin. -->","yoast_head_json":{"title":"Seu br\u00f3colis pode estar cheio de vermes, veja como eliminar todos em 5 minutos - Estado de Minas - Em foco","description":"Aprenda a lavar br\u00f3colis corretamente e evitar larvas, sujeiras e perda de sabor. T\u00e9cnica r\u00e1pida e eficaz.","robots":{"index":"index","follow":"follow","max-snippet":"max-snippet:-1","max-image-preview":"max-image-preview:large","max-video-preview":"max-video-preview:-1"},"canonical":"https:\/\/www.em.com.br\/emfoco\/2025\/12\/07\/seu-brocolis-pode-estar-cheio-de-vermes-veja-como-eliminar-todos-em-5-minutos\/","og_locale":"pt_BR","og_type":"article","og_title":"Seu br\u00f3colis pode estar cheio de vermes, veja como eliminar todos em 5 minutos - Estado de Minas - Em foco","og_description":"Aprenda a lavar br\u00f3colis corretamente e evitar larvas, sujeiras e perda de sabor. T\u00e9cnica r\u00e1pida e eficaz.","og_url":"https:\/\/www.em.com.br\/emfoco\/2025\/12\/07\/seu-brocolis-pode-estar-cheio-de-vermes-veja-como-eliminar-todos-em-5-minutos\/","og_site_name":"Estado de Minas - Em foco","article_published_time":"2025-12-07T14:15:00+00:00","article_modified_time":"2025-12-06T23:40:34+00:00","og_image":[{"width":1280,"height":720,"url":"https:\/\/www.em.com.br\/emfoco\/wp-content\/uploads\/2025\/10\/Gemini_Generated_Image_o1lo9xo1lo9xo1lo-1.png","type":"image\/png"}],"author":"Andre\u0301 Rangel\u00a0","twitter_card":"summary_large_image","twitter_misc":{"Escrito por":"Andre\u0301 Rangel\u00a0","Est. tempo de leitura":"5 minutos"},"schema":{"@context":"https:\/\/schema.org","@graph":[{"@type":"WebPage","@id":"https:\/\/www.em.com.br\/emfoco\/2025\/12\/07\/seu-brocolis-pode-estar-cheio-de-vermes-veja-como-eliminar-todos-em-5-minutos\/","url":"https:\/\/www.em.com.br\/emfoco\/2025\/12\/07\/seu-brocolis-pode-estar-cheio-de-vermes-veja-como-eliminar-todos-em-5-minutos\/","name":"Seu br\u00f3colis pode estar cheio de vermes, veja como eliminar todos em 5 minutos - Estado de Minas - Em foco","isPartOf":{"@id":"https:\/\/www.em.com.br\/emfoco\/#website"},"primaryImageOfPage":{"@id":"https:\/\/www.em.com.br\/emfoco\/2025\/12\/07\/seu-brocolis-pode-estar-cheio-de-vermes-veja-como-eliminar-todos-em-5-minutos\/#primaryimage"},"image":{"@id":"https:\/\/www.em.com.br\/emfoco\/2025\/12\/07\/seu-brocolis-pode-estar-cheio-de-vermes-veja-como-eliminar-todos-em-5-minutos\/#primaryimage"},"thumbnailUrl":"https:\/\/www.em.com.br\/emfoco\/wp-content\/uploads\/2025\/10\/Gemini_Generated_Image_o1lo9xo1lo9xo1lo-1.png","datePublished":"2025-12-07T14:15:00+00:00","dateModified":"2025-12-06T23:40:34+00:00","author":{"@id":"https:\/\/www.em.com.br\/emfoco\/#\/schema\/person\/60eda09c1fedf0d6891f4cef4b60b8b8"},"description":"Aprenda a lavar br\u00f3colis corretamente e evitar larvas, sujeiras e perda de sabor. T\u00e9cnica r\u00e1pida e eficaz.","breadcrumb":{"@id":"https:\/\/www.em.com.br\/emfoco\/2025\/12\/07\/seu-brocolis-pode-estar-cheio-de-vermes-veja-como-eliminar-todos-em-5-minutos\/#breadcrumb"},"inLanguage":"pt-BR","potentialAction":[{"@type":"ReadAction","target":["https:\/\/www.em.com.br\/emfoco\/2025\/12\/07\/seu-brocolis-pode-estar-cheio-de-vermes-veja-como-eliminar-todos-em-5-minutos\/"]}]},{"@type":"ImageObject","inLanguage":"pt-BR","@id":"https:\/\/www.em.com.br\/emfoco\/2025\/12\/07\/seu-brocolis-pode-estar-cheio-de-vermes-veja-como-eliminar-todos-em-5-minutos\/#primaryimage","url":"https:\/\/www.em.com.br\/emfoco\/wp-content\/uploads\/2025\/10\/Gemini_Generated_Image_o1lo9xo1lo9xo1lo-1.png","contentUrl":"https:\/\/www.em.com.br\/emfoco\/wp-content\/uploads\/2025\/10\/Gemini_Generated_Image_o1lo9xo1lo9xo1lo-1.png","width":1280,"height":720,"caption":"O m\u00e9todo simples que preserva o sabor do br\u00f3colis"},{"@type":"BreadcrumbList","@id":"https:\/\/www.em.com.br\/emfoco\/2025\/12\/07\/seu-brocolis-pode-estar-cheio-de-vermes-veja-como-eliminar-todos-em-5-minutos\/#breadcrumb","itemListElement":[{"@type":"ListItem","position":1,"name":"In\u00edcio","item":"https:\/\/www.em.com.br\/emfoco\/"},{"@type":"ListItem","position":2,"name":"Seu br\u00f3colis pode estar cheio de vermes, veja como eliminar todos em 5 minutos"}]},{"@type":"WebSite","@id":"https:\/\/www.em.com.br\/emfoco\/#website","url":"https:\/\/www.em.com.br\/emfoco\/","name":"Estado de Minas - Em foco","description":"Acompanhe as \u00faltimas not\u00edcias e fique bem informado sobre tudo o que acontece em Minas Gerais, Brasil e no mundo.","potentialAction":[{"@type":"SearchAction","target":{"@type":"EntryPoint","urlTemplate":"https:\/\/www.em.com.br\/emfoco\/?s={search_term_string}"},"query-input":{"@type":"PropertyValueSpecification","valueRequired":true,"valueName":"search_term_string"}}],"inLanguage":"pt-BR"},{"@type":"Person","@id":"https:\/\/www.em.com.br\/emfoco\/#\/schema\/person\/60eda09c1fedf0d6891f4cef4b60b8b8","name":"Andre\u0301 Rangel\u00a0","image":{"@type":"ImageObject","inLanguage":"pt-BR","@id":"https:\/\/www.em.com.br\/emfoco\/#\/schema\/person\/image\/","url":"https:\/\/secure.gravatar.com\/avatar\/6234dc814c77c8ef6d8bba622c787efc?s=96&d=mm&r=g","contentUrl":"https:\/\/secure.gravatar.com\/avatar\/6234dc814c77c8ef6d8bba622c787efc?s=96&d=mm&r=g","caption":"Andre\u0301 Rangel\u00a0"},"url":"https:\/\/www.em.com.br\/emfoco\/author\/luizmyth\/"}]}},"_links":{"self":[{"href":"https:\/\/www.em.com.br\/emfoco\/wp-json\/wp\/v2\/posts\/136576","targetHints":{"allow":["GET"]}}],"collection":[{"href":"https:\/\/www.em.com.br\/emfoco\/wp-json\/wp\/v2\/posts"}],"about":[{"href":"https:\/\/www.em.com.br\/emfoco\/wp-json\/wp\/v2\/types\/post"}],"author":[{"embeddable":true,"href":"https:\/\/www.em.com.br\/emfoco\/wp-json\/wp\/v2\/users\/11"}],"replies":[{"embeddable":true,"href":"https:\/\/www.em.com.br\/emfoco\/wp-json\/wp\/v2\/comments?post=136576"}],"version-history":[{"count":3,"href":"https:\/\/www.em.com.br\/emfoco\/wp-json\/wp\/v2\/posts\/136576\/revisions"}],"predecessor-version":[{"id":136633,"href":"https:\/\/www.em.com.br\/emfoco\/wp-json\/wp\/v2\/posts\/136576\/revisions\/136633"}],"wp:featuredmedia":[{"embeddable":true,"href":"https:\/\/www.em.com.br\/emfoco\/wp-json\/wp\/v2\/media\/118983"}],"wp:attachment":[{"href":"https:\/\/www.em.com.br\/emfoco\/wp-json\/wp\/v2\/media?parent=136576"}],"wp:term":[{"taxonomy":"category","embeddable":true,"href":"https:\/\/www.em.com.br\/emfoco\/wp-json\/wp\/v2\/categories?post=136576"},{"taxonomy":"post_tag","embeddable":true,"href":"https:\/\/www.em.com.br\/emfoco\/wp-json\/wp\/v2\/tags?post=136576"}],"curies":[{"name":"wp","href":"https:\/\/api.w.org\/{rel}","templated":true}]}}