{"id":136569,"date":"2025-12-07T07:35:00","date_gmt":"2025-12-07T10:35:00","guid":{"rendered":"https:\/\/www.em.com.br\/emfoco\/?p=136569"},"modified":"2025-12-06T20:38:27","modified_gmt":"2025-12-06T23:38:27","slug":"aprenda-a-fazer-o-pao-caseiro-de-liquidificador-com-poucos-ingredientes-fica-macio-e-pronto-rapidinho","status":"publish","type":"post","link":"https:\/\/www.em.com.br\/emfoco\/2025\/12\/07\/aprenda-a-fazer-o-pao-caseiro-de-liquidificador-com-poucos-ingredientes-fica-macio-e-pronto-rapidinho\/","title":{"rendered":"Aprenda a fazer o p\u00e3o caseiro de liquidificador com poucos ingredientes, fica macio e pronto rapidinho"},"content":{"rendered":"\n<p>O p\u00e3o de liquidificador virou queridinho de quem tem rotina corrida, mas n\u00e3o abre m\u00e3o de um p\u00e3o caseiro fresquinho. Em poucos minutos, d\u00e1 para preparar uma massa macia, sem precisar sovar, usando apenas o liquidificador e uma tigela, garantindo praticidade, sabor e controle total dos ingredientes usados no dia a dia.<\/p>\n\n\n\n<h2 class=\"wp-block-heading\">Como fazer p\u00e3o de liquidificador passo a passo<\/h2>\n\n\n\n<p>A palavra-chave principal aqui \u00e9\u00a0<strong>p\u00e3o de liquidificador<\/strong>, e a l\u00f3gica da <a href=\"https:\/\/www.em.com.br\/emfoco\/2025\/10\/06\/costela-assada-no-forno-que-fica-macia-dourada-por-fora-e-derretendo-por-dentro\/\" target=\"_blank\" rel=\"noreferrer noopener\">receita <\/a>\u00e9 simples: primeiro, os ingredientes l\u00edquidos s\u00e3o batidos no aparelho, depois a farinha \u00e9 misturada \u00e0 m\u00e3o. Assim, o gl\u00faten se desenvolve o suficiente para dar estrutura, sem exigir esfor\u00e7o f\u00edsico ou t\u00e9cnicas avan\u00e7adas de panifica\u00e7\u00e3o.<\/p>\n\n\n\n<figure class=\"wp-block-image\"><img decoding=\"async\" src=\"https:\/\/www.em.com.br\/emfoco\/wp-content\/uploads\/2025\/11\/pao-feito-em-casa-_1762633605223-1024x576.jpg\" alt=\"\"\/><figcaption class=\"wp-element-caption\">Do zero ao forno o p\u00e3o natural que muda sua forma de cozinhar &#8211; Cr\u00e9ditos: depositphotos.com \/ Stokaji<\/figcaption><\/figure>\n\n\n\n<p>O tempo de descanso \u00e9 o respons\u00e1vel por garantir crescimento e leveza, e o processo pode ser organizado em etapas bem diretas para facilitar o preparo mesmo em dias mais corridos.<\/p>\n\n\n\n<ol class=\"wp-block-list\">\n<li>Bater no liquidificador os ingredientes l\u00edquidos: leite morno, ovos, \u00f3leo, a\u00e7\u00facar, sal e fermento biol\u00f3gico.<\/li>\n\n\n\n<li>Transferir a mistura para uma tigela grande e adicionar farinha de trigo aos poucos, mexendo com colher ou esp\u00e1tula at\u00e9 formar uma massa cremosa e espessa.<\/li>\n\n\n\n<li>Distribuir a massa em forma untada e enfarinhada, preenchendo at\u00e9 a metade da capacidade.<\/li>\n\n\n\n<li>Deixar descansar em local fechado e protegido de correntes de ar at\u00e9 dobrar de volume.<\/li>\n\n\n\n<li>Levar ao forno pr\u00e9-aquecido, em temperatura m\u00e9dia, at\u00e9 dourar a superf\u00edcie e o p\u00e3o se desprender das laterais da forma.<\/li>\n<\/ol>\n\n\n\n<p>O tempo total costuma ficar entre 30 e 40 minutos de forno, variando conforme o equipamento usado. Depois de assado e levemente frio, o p\u00e3o pode ser fatiado para sandu\u00edches, torradas ou servido morno com manteiga, queijos e pastinhas.<\/p>\n\n\n\n<h2 class=\"wp-block-heading\">O p\u00e3o de liquidificador \u00e9 vers\u00e1til na alimenta\u00e7\u00e3o<\/h2>\n\n\n\n<p>O p\u00e3o de liquidificador se adapta bem a diferentes perfis alimentares e ocasi\u00f5es do dia. Na vers\u00e3o b\u00e1sica, rende uma massa branca, macia e de sabor neutro, ideal para recheios doces ou salgados, com cerca de 120 calorias por fatia, dependendo da receita utilizada.<\/p>\n\n\n\n<p>Para quem busca um p\u00e3o mais nutritivo, \u00e9 poss\u00edvel ajustar a f\u00f3rmula com ingredientes funcionais e ganhar em fibras, prote\u00ednas e textura sem complicar o modo de preparo.<\/p>\n\n\n\n<ul class=\"wp-block-list\">\n<li>Trocar parte da farinha de trigo comum por farinha integral.<\/li>\n\n\n\n<li>Adicionar aveia em flocos para aumentar o teor de fibras.<\/li>\n\n\n\n<li>Incluir sementes como linha\u00e7a, chia ou gergelim na massa ou por cima.<\/li>\n\n\n\n<li>Usar queijos ralados para enriquecer prote\u00ednas e sabor.<\/li>\n\n\n\n<li>Temperar a massa com ervas secas, como or\u00e9gano ou alecrim.<\/li>\n<\/ul>\n\n\n\n<p>Esses ajustes permitem criar vers\u00f5es mais r\u00fasticas, funcionais ou aromatizadas, mantendo a praticidade. Assim, o&nbsp;<strong>p\u00e3o de liquidificador<\/strong>&nbsp;atende desde quem prefere receitas simples at\u00e9 quem procura um p\u00e3o com maior valor nutricional para o dia a dia.<\/p>\n\n\n\n<figure class=\"wp-block-image\"><img decoding=\"async\" src=\"https:\/\/www.em.com.br\/emfoco\/wp-content\/uploads\/2025\/10\/pao-sem-fermento_1761158312346-1024x576.jpg\" alt=\"\"\/><figcaption class=\"wp-element-caption\">Poucos sabem que \u00e9 poss\u00edvel fazer p\u00e3o perfeito sem esperar crescer &#8211; Cr\u00e9ditos: depositphotos.com \/ z-vica<\/figcaption><\/figure>\n\n\n\n<h2 class=\"wp-block-heading\">Como armazenar corretamente o p\u00e3o de liquidificador<\/h2>\n\n\n\n<p>Depois de assado, a forma de armazenamento influencia diretamente na textura e na durabilidade do p\u00e3o caseiro de liquidificador. Em temperatura ambiente, ele costuma manter a maciez por dois a tr\u00eas dias, se estiver em recipiente bem fechado ou envolto em pl\u00e1stico pr\u00f3prio para alimentos.<\/p>\n\n\n\n<p>Na geladeira, o tempo de conserva\u00e7\u00e3o aumenta para cerca de cinco dias, embora o miolo possa ficar mais firme; nesse caso, aquecer rapidamente no forno, <a href=\"https:\/\/loja.electrolux.com.br\/eletroportateis\/torradeira\" target=\"_blank\" rel=\"noreferrer noopener\">torradeira <\/a>ou air fryer ajuda a recuperar a textura agrad\u00e1vel e o aroma de p\u00e3o rec\u00e9m-sa\u00eddo do forno.<\/p>\n\n\n\n<p>Para per\u00edodos mais longos, o congelamento \u00e9 uma estrat\u00e9gia eficiente e segura. O p\u00e3o pode ser armazenado inteiro ou fatiado em sacos pr\u00f3prios para freezer, por at\u00e9 dois meses, mantendo sabor e qualidade com boa organiza\u00e7\u00e3o.<\/p>\n\n\n\n<p>Fatiar antes de congelar facilita o uso em por\u00e7\u00f5es menores, permitindo descongelar apenas o necess\u00e1rio. Para servir, basta deixar em temperatura ambiente por alguns minutos e, se desejar, aquecer levemente para devolver maciez e real\u00e7ar o cheirinho de p\u00e3o fresco.<\/p>\n\n\n\n<h2 class=\"wp-block-heading\">O p\u00e3o de liquidificador \u00e9 realmente uma op\u00e7\u00e3o pr\u00e1tica para o dia a dia<\/h2>\n\n\n\n<p>Do ponto de vista de tempo e esfor\u00e7o, o p\u00e3o de liquidificador se encaixa perfeitamente em rotinas em que praticidade \u00e9 prioridade. Sem sova, sem etapas complexas e com ingredientes acess\u00edveis, ele permite consumir p\u00e3o caseiro com mais frequ\u00eancia e reduzir a depend\u00eancia de vers\u00f5es industrializadas cheias de aditivos.<\/p>\n\n\n\n<p>A receita b\u00e1sica funciona como ponto de partida para in\u00fameras varia\u00e7\u00f5es, inclusive p\u00e3es recheados e vers\u00f5es integrais, tornando-se uma alternativa simples, econ\u00f4mica e adapt\u00e1vel. N\u00e3o deixe para depois: escolha uma vers\u00e3o, separe os ingredientes hoje mesmo e experimente tirar do forno o seu pr\u00f3prio&nbsp;<strong>p\u00e3o de liquidificador<\/strong>, ainda quente, para transformar o caf\u00e9 da manh\u00e3 ou o lanche de agora.<\/p>\n\n\n\n<p><\/p>\n","protected":false},"excerpt":{"rendered":"<p>O p\u00e3o de liquidificador virou queridinho de quem tem rotina corrida, mas n\u00e3o abre m\u00e3o de um p\u00e3o caseiro fresquinho. Em poucos minutos, d\u00e1 para preparar uma massa macia, sem precisar sovar, usando apenas o liquidificador e uma tigela, garantindo praticidade, sabor e controle total dos ingredientes usados no dia a dia. Como fazer p\u00e3o [&hellip;]<\/p>\n","protected":false},"author":11,"featured_media":118222,"comment_status":"open","ping_status":"open","sticky":false,"template":"","format":"standard","meta":{"jnews-multi-image_gallery":[],"jnews_single_post":{"format":"standard"},"jnews_primary_category":[],"jnews_social_meta":[],"jnews_override_counter":[],"footnotes":""},"categories":[8819,1],"tags":[4426,4769,3440],"class_list":["post-136569","post","type-post","status-publish","format-standard","has-post-thumbnail","hentry","category-curiosidades","category-noticias","tag-ingredientes","tag-pao-caseiro","tag-receita"],"yoast_head":"<!-- This site is optimized with the Yoast SEO plugin v23.8 - https:\/\/yoast.com\/wordpress\/plugins\/seo\/ -->\n<title>Aprenda a fazer o p\u00e3o caseiro de liquidificador com poucos ingredientes, fica macio e pronto rapidinho - Estado de Minas - Em foco<\/title>\n<meta name=\"description\" content=\"Aprenda como fazer um p\u00e3o de liquidificador que n\u00e3o precisa sovar e fica pronto em menos de 1 hora, com textura leve e sabor caseiro.\" \/>\n<meta name=\"robots\" content=\"index, follow, max-snippet:-1, max-image-preview:large, max-video-preview:-1\" \/>\n<link rel=\"canonical\" href=\"https:\/\/www.em.com.br\/emfoco\/2025\/12\/07\/aprenda-a-fazer-o-pao-caseiro-de-liquidificador-com-poucos-ingredientes-fica-macio-e-pronto-rapidinho\/\" \/>\n<meta property=\"og:locale\" content=\"pt_BR\" \/>\n<meta property=\"og:type\" content=\"article\" \/>\n<meta property=\"og:title\" content=\"Aprenda a fazer o p\u00e3o caseiro de liquidificador com poucos ingredientes, fica macio e pronto rapidinho - Estado de Minas - Em foco\" \/>\n<meta property=\"og:description\" content=\"Aprenda como fazer um p\u00e3o de liquidificador que n\u00e3o precisa sovar e fica pronto em menos de 1 hora, com textura leve e sabor caseiro.\" \/>\n<meta property=\"og:url\" content=\"https:\/\/www.em.com.br\/emfoco\/2025\/12\/07\/aprenda-a-fazer-o-pao-caseiro-de-liquidificador-com-poucos-ingredientes-fica-macio-e-pronto-rapidinho\/\" \/>\n<meta property=\"og:site_name\" content=\"Estado de Minas - Em foco\" \/>\n<meta property=\"article:published_time\" content=\"2025-12-07T10:35:00+00:00\" \/>\n<meta property=\"article:modified_time\" content=\"2025-12-06T23:38:27+00:00\" \/>\n<meta property=\"og:image\" content=\"https:\/\/www.em.com.br\/emfoco\/wp-content\/uploads\/2025\/10\/pao-sem-fermento_1761158243326.jpg\" \/>\n\t<meta property=\"og:image:width\" content=\"1280\" \/>\n\t<meta property=\"og:image:height\" content=\"720\" \/>\n\t<meta property=\"og:image:type\" content=\"image\/jpeg\" \/>\n<meta name=\"author\" content=\"Andre\u0301 Rangel\u00a0\" \/>\n<meta name=\"twitter:card\" content=\"summary_large_image\" \/>\n<meta name=\"twitter:label1\" content=\"Escrito por\" \/>\n\t<meta name=\"twitter:data1\" content=\"Andre\u0301 Rangel\u00a0\" \/>\n\t<meta name=\"twitter:label2\" content=\"Est. tempo de leitura\" \/>\n\t<meta name=\"twitter:data2\" content=\"5 minutos\" \/>\n<!-- \/ Yoast SEO plugin. -->","yoast_head_json":{"title":"Aprenda a fazer o p\u00e3o caseiro de liquidificador com poucos ingredientes, fica macio e pronto rapidinho - Estado de Minas - Em foco","description":"Aprenda como fazer um p\u00e3o de liquidificador que n\u00e3o precisa sovar e fica pronto em menos de 1 hora, com textura leve e sabor caseiro.","robots":{"index":"index","follow":"follow","max-snippet":"max-snippet:-1","max-image-preview":"max-image-preview:large","max-video-preview":"max-video-preview:-1"},"canonical":"https:\/\/www.em.com.br\/emfoco\/2025\/12\/07\/aprenda-a-fazer-o-pao-caseiro-de-liquidificador-com-poucos-ingredientes-fica-macio-e-pronto-rapidinho\/","og_locale":"pt_BR","og_type":"article","og_title":"Aprenda a fazer o p\u00e3o caseiro de liquidificador com poucos ingredientes, fica macio e pronto rapidinho - Estado de Minas - Em foco","og_description":"Aprenda como fazer um p\u00e3o de liquidificador que n\u00e3o precisa sovar e fica pronto em menos de 1 hora, com textura leve e sabor caseiro.","og_url":"https:\/\/www.em.com.br\/emfoco\/2025\/12\/07\/aprenda-a-fazer-o-pao-caseiro-de-liquidificador-com-poucos-ingredientes-fica-macio-e-pronto-rapidinho\/","og_site_name":"Estado de Minas - Em foco","article_published_time":"2025-12-07T10:35:00+00:00","article_modified_time":"2025-12-06T23:38:27+00:00","og_image":[{"width":1280,"height":720,"url":"https:\/\/www.em.com.br\/emfoco\/wp-content\/uploads\/2025\/10\/pao-sem-fermento_1761158243326.jpg","type":"image\/jpeg"}],"author":"Andre\u0301 Rangel\u00a0","twitter_card":"summary_large_image","twitter_misc":{"Escrito por":"Andre\u0301 Rangel\u00a0","Est. tempo de leitura":"5 minutos"},"schema":{"@context":"https:\/\/schema.org","@graph":[{"@type":"WebPage","@id":"https:\/\/www.em.com.br\/emfoco\/2025\/12\/07\/aprenda-a-fazer-o-pao-caseiro-de-liquidificador-com-poucos-ingredientes-fica-macio-e-pronto-rapidinho\/","url":"https:\/\/www.em.com.br\/emfoco\/2025\/12\/07\/aprenda-a-fazer-o-pao-caseiro-de-liquidificador-com-poucos-ingredientes-fica-macio-e-pronto-rapidinho\/","name":"Aprenda a fazer o p\u00e3o caseiro de liquidificador com poucos ingredientes, fica macio e pronto rapidinho - Estado de Minas - Em foco","isPartOf":{"@id":"https:\/\/www.em.com.br\/emfoco\/#website"},"primaryImageOfPage":{"@id":"https:\/\/www.em.com.br\/emfoco\/2025\/12\/07\/aprenda-a-fazer-o-pao-caseiro-de-liquidificador-com-poucos-ingredientes-fica-macio-e-pronto-rapidinho\/#primaryimage"},"image":{"@id":"https:\/\/www.em.com.br\/emfoco\/2025\/12\/07\/aprenda-a-fazer-o-pao-caseiro-de-liquidificador-com-poucos-ingredientes-fica-macio-e-pronto-rapidinho\/#primaryimage"},"thumbnailUrl":"https:\/\/www.em.com.br\/emfoco\/wp-content\/uploads\/2025\/10\/pao-sem-fermento_1761158243326.jpg","datePublished":"2025-12-07T10:35:00+00:00","dateModified":"2025-12-06T23:38:27+00:00","author":{"@id":"https:\/\/www.em.com.br\/emfoco\/#\/schema\/person\/60eda09c1fedf0d6891f4cef4b60b8b8"},"description":"Aprenda como fazer um p\u00e3o de liquidificador que n\u00e3o precisa sovar e fica pronto em menos de 1 hora, com textura leve e sabor caseiro.","breadcrumb":{"@id":"https:\/\/www.em.com.br\/emfoco\/2025\/12\/07\/aprenda-a-fazer-o-pao-caseiro-de-liquidificador-com-poucos-ingredientes-fica-macio-e-pronto-rapidinho\/#breadcrumb"},"inLanguage":"pt-BR","potentialAction":[{"@type":"ReadAction","target":["https:\/\/www.em.com.br\/emfoco\/2025\/12\/07\/aprenda-a-fazer-o-pao-caseiro-de-liquidificador-com-poucos-ingredientes-fica-macio-e-pronto-rapidinho\/"]}]},{"@type":"ImageObject","inLanguage":"pt-BR","@id":"https:\/\/www.em.com.br\/emfoco\/2025\/12\/07\/aprenda-a-fazer-o-pao-caseiro-de-liquidificador-com-poucos-ingredientes-fica-macio-e-pronto-rapidinho\/#primaryimage","url":"https:\/\/www.em.com.br\/emfoco\/wp-content\/uploads\/2025\/10\/pao-sem-fermento_1761158243326.jpg","contentUrl":"https:\/\/www.em.com.br\/emfoco\/wp-content\/uploads\/2025\/10\/pao-sem-fermento_1761158243326.jpg","width":1280,"height":720,"caption":"Receita sem fermenta\u00e7\u00e3o vira febre entre quem ama praticidade na cozinha - Cr\u00e9ditos: depositphotos.com \/ z-vica"},{"@type":"BreadcrumbList","@id":"https:\/\/www.em.com.br\/emfoco\/2025\/12\/07\/aprenda-a-fazer-o-pao-caseiro-de-liquidificador-com-poucos-ingredientes-fica-macio-e-pronto-rapidinho\/#breadcrumb","itemListElement":[{"@type":"ListItem","position":1,"name":"In\u00edcio","item":"https:\/\/www.em.com.br\/emfoco\/"},{"@type":"ListItem","position":2,"name":"Aprenda a fazer o p\u00e3o caseiro de liquidificador com poucos ingredientes, fica macio e pronto rapidinho"}]},{"@type":"WebSite","@id":"https:\/\/www.em.com.br\/emfoco\/#website","url":"https:\/\/www.em.com.br\/emfoco\/","name":"Estado de Minas - Em foco","description":"Acompanhe as \u00faltimas not\u00edcias e fique bem informado sobre tudo o que acontece em Minas Gerais, Brasil e no mundo.","potentialAction":[{"@type":"SearchAction","target":{"@type":"EntryPoint","urlTemplate":"https:\/\/www.em.com.br\/emfoco\/?s={search_term_string}"},"query-input":{"@type":"PropertyValueSpecification","valueRequired":true,"valueName":"search_term_string"}}],"inLanguage":"pt-BR"},{"@type":"Person","@id":"https:\/\/www.em.com.br\/emfoco\/#\/schema\/person\/60eda09c1fedf0d6891f4cef4b60b8b8","name":"Andre\u0301 Rangel\u00a0","image":{"@type":"ImageObject","inLanguage":"pt-BR","@id":"https:\/\/www.em.com.br\/emfoco\/#\/schema\/person\/image\/","url":"https:\/\/secure.gravatar.com\/avatar\/6234dc814c77c8ef6d8bba622c787efc?s=96&d=mm&r=g","contentUrl":"https:\/\/secure.gravatar.com\/avatar\/6234dc814c77c8ef6d8bba622c787efc?s=96&d=mm&r=g","caption":"Andre\u0301 Rangel\u00a0"},"url":"https:\/\/www.em.com.br\/emfoco\/author\/luizmyth\/"}]}},"_links":{"self":[{"href":"https:\/\/www.em.com.br\/emfoco\/wp-json\/wp\/v2\/posts\/136569","targetHints":{"allow":["GET"]}}],"collection":[{"href":"https:\/\/www.em.com.br\/emfoco\/wp-json\/wp\/v2\/posts"}],"about":[{"href":"https:\/\/www.em.com.br\/emfoco\/wp-json\/wp\/v2\/types\/post"}],"author":[{"embeddable":true,"href":"https:\/\/www.em.com.br\/emfoco\/wp-json\/wp\/v2\/users\/11"}],"replies":[{"embeddable":true,"href":"https:\/\/www.em.com.br\/emfoco\/wp-json\/wp\/v2\/comments?post=136569"}],"version-history":[{"count":4,"href":"https:\/\/www.em.com.br\/emfoco\/wp-json\/wp\/v2\/posts\/136569\/revisions"}],"predecessor-version":[{"id":136630,"href":"https:\/\/www.em.com.br\/emfoco\/wp-json\/wp\/v2\/posts\/136569\/revisions\/136630"}],"wp:featuredmedia":[{"embeddable":true,"href":"https:\/\/www.em.com.br\/emfoco\/wp-json\/wp\/v2\/media\/118222"}],"wp:attachment":[{"href":"https:\/\/www.em.com.br\/emfoco\/wp-json\/wp\/v2\/media?parent=136569"}],"wp:term":[{"taxonomy":"category","embeddable":true,"href":"https:\/\/www.em.com.br\/emfoco\/wp-json\/wp\/v2\/categories?post=136569"},{"taxonomy":"post_tag","embeddable":true,"href":"https:\/\/www.em.com.br\/emfoco\/wp-json\/wp\/v2\/tags?post=136569"}],"curies":[{"name":"wp","href":"https:\/\/api.w.org\/{rel}","templated":true}]}}