{"id":136500,"date":"2025-12-07T12:55:06","date_gmt":"2025-12-07T15:55:06","guid":{"rendered":"https:\/\/www.em.com.br\/emfoco\/?p=136500"},"modified":"2025-12-06T15:18:32","modified_gmt":"2025-12-06T18:18:32","slug":"como-unir-frescor-e-elegancia-com-penteados-que-deixam-o-visual-leve-para-a-festa","status":"publish","type":"post","link":"https:\/\/www.em.com.br\/emfoco\/2025\/12\/07\/como-unir-frescor-e-elegancia-com-penteados-que-deixam-o-visual-leve-para-a-festa\/","title":{"rendered":"Como unir frescor e eleg\u00e2ncia com penteados que deixam o visual leve para a noite de Natal"},"content":{"rendered":"\n<p>Entre as diversas escolhas para a noite de <b>Natal<\/b>, o cabelo costuma ter papel central na produ\u00e7\u00e3o. Os <b>penteados semipresos<\/b> modernos surgem como op\u00e7\u00e3o para quem deseja algo arrumado, mas sem perder o ar descontra\u00eddo, valorizando diferentes texturas, comprimentos e estilos de festa, do jantar em fam\u00edlia \u00e0 confraterniza\u00e7\u00e3o com amigos.<\/p>\n\n\n\n<h2 class=\"wp-block-heading\">O que torna os penteados semipresos modernos ideais para o Natal<\/h2>\n\n\n\n<p>Os penteados semipresos modernos para o <b>Natal<\/b> se destacam pelo equil\u00edbrio entre formalidade e leveza. Em reuni\u00f5es que misturam <b>fam\u00edlia<\/b>, amigos e gera\u00e7\u00f5es diferentes, esse tipo de cabelo se adapta facilmente a roupas variadas, do vestido mais sofisticado ao look confort\u00e1vel com sand\u00e1lia baixa.<\/p>\n\n\n\n<p>A versatilidade tamb\u00e9m ajuda a lidar com o <b>calor<\/b> comum em dezembro no Brasil, deixando parte do pesco\u00e7o livre sem prender totalmente os fios. Al\u00e9m disso, permitem retoques r\u00e1pidos, o que \u00e9 ideal para quem quer aproveitar a ceia, as <b>fotos<\/b> e a troca de presentes sem se preocupar tanto com o espelho.<\/p>\n\n\n<div class=\"wp-block-image\">\n<figure class=\"aligncenter size-large\"><img loading=\"lazy\" decoding=\"async\" width=\"1024\" height=\"576\" src=\"https:\/\/www.em.com.br\/emfoco\/wp-content\/uploads\/2025\/12\/rabo-de-cavelo-cabelo_1764984364011-1024x576.jpg\" alt=\"\" class=\"wp-image-136640\" srcset=\"https:\/\/www.em.com.br\/emfoco\/wp-content\/uploads\/2025\/12\/rabo-de-cavelo-cabelo_1764984364011-1024x576.jpg 1024w, https:\/\/www.em.com.br\/emfoco\/wp-content\/uploads\/2025\/12\/rabo-de-cavelo-cabelo_1764984364011-300x169.jpg 300w, https:\/\/www.em.com.br\/emfoco\/wp-content\/uploads\/2025\/12\/rabo-de-cavelo-cabelo_1764984364011-768x432.jpg 768w, https:\/\/www.em.com.br\/emfoco\/wp-content\/uploads\/2025\/12\/rabo-de-cavelo-cabelo_1764984364011-750x422.jpg 750w, https:\/\/www.em.com.br\/emfoco\/wp-content\/uploads\/2025\/12\/rabo-de-cavelo-cabelo_1764984364011-1140x641.jpg 1140w, https:\/\/www.em.com.br\/emfoco\/wp-content\/uploads\/2025\/12\/rabo-de-cavelo-cabelo_1764984364011.jpg 1280w\" sizes=\"auto, (max-width: 1024px) 100vw, 1024px\" \/><figcaption class=\"wp-element-caption\">Penteados como semipresos e rabos de cavalo se destacam pela praticidade &#8211; Cr\u00e9ditos: depositphotos.com \/ IgorVetushko<\/figcaption><\/figure><\/div>\n\n\n<p>Leia tamb\u00e9m:&nbsp;<a href=\"https:\/\/www.em.com.br\/emfoco\/2025\/11\/21\/10-ideias-de-penteados-para-brilhar-nas-festas-de-natal-e-ano-novo\/\" target=\"_blank\" rel=\"noopener\">10 ideias de penteados para brilhar nas festas de Natal e Ano Novo<\/a><\/p>\n\n\n\n<h2 class=\"wp-block-heading\">Por que os penteados semipresos s\u00e3o pr\u00e1ticos para montar no Natal<\/h2>\n\n\n\n<p>Um <b>semipreso<\/b> natalino n\u00e3o costuma exigir t\u00e9cnicas avan\u00e7adas e pode ser montado em poucos minutos, especialmente se o cabelo j\u00e1 estiver previamente escovado, finalizado com creme ou com ondas naturais. Isso favorece quem precisa se arrumar r\u00e1pido ap\u00f3s um dia cheio de <b>preparativos<\/b>.<\/p>\n\n\n\n<p>Com a ajuda de acess\u00f3rios discretos, como <a href=\"https:\/\/br.pinterest.com\/search\/pins\/?q=presilhas%20met%C3%A1licas&amp;rs=typed\" target=\"_blank\" rel=\"noreferrer noopener\">presilhas met\u00e1licas<\/a>, piranhas pequenas, la\u00e7os em tecido ou fivelas minimalistas, o visual ganha um toque festivo sem parecer exagerado. Para quem gosta de brilho, pontos de luz estrat\u00e9gicos em dourado ou prata ajudam a deixar o look mais <b>natalino<\/b> sem pesar, combinando bem com vestidos, macac\u00f5es ou conjuntos em tons cl\u00e1ssicos como <b>vermelho<\/b>, verde e dourado.<\/p>\n\n\n\n<iframe loading=\"lazy\" src=\"https:\/\/assets.pinterest.com\/ext\/embed.html?id=9922061674414148\" height=\"714\" width=\"345\" frameborder=\"0\" scrolling=\"no\" ><\/iframe>\n\n\n\n\n\n<h2 class=\"wp-block-heading\">Penteados semipresos modernos para usar na noite de Natal<\/h2>\n\n\n\n<p>Entre as op\u00e7\u00f5es de penteados semipresos modernos, alguns modelos v\u00eam ganhando espa\u00e7o nas <b>festas<\/b> de fim de ano. Eles combinam tend\u00eancias atuais, como textura natural e acabamento polido apenas em pontos estrat\u00e9gicos, resultando em um visual elegante e f\u00e1cil de adaptar ao <b>estilo<\/b> pessoal.<\/p>\n\n\n\n<p>Esses modelos funcionam bem em fios lisos, ondulados, cacheados ou crespos, bastando ajustar a quantidade de volume, finaliza\u00e7\u00e3o e acess\u00f3rios. Confira algumas ideias simples para testar em casa na noite de <b>Natal<\/b>, levando em conta tamb\u00e9m o tempo dispon\u00edvel para se arrumar, o clima e o tipo de <b>evento<\/b> (mais formal ou descontra\u00eddo):<\/p>\n\n\n\n<ul class=\"wp-block-list\">\n<li><strong>Half bun (meio coque)<\/strong><\/li>\n<\/ul>\n\n\n\n<iframe loading=\"lazy\" src=\"https:\/\/assets.pinterest.com\/ext\/embed.html?id=211174978695984\" height=\"714\" width=\"345\" frameborder=\"0\" scrolling=\"no\" ><\/iframe>\n\n\n\n<ul class=\"wp-block-list\">\n<li><strong>Semipreso com torcidinhos laterais<\/strong><\/li>\n<\/ul>\n\n\n\n<iframe loading=\"lazy\" src=\"https:\/\/assets.pinterest.com\/ext\/embed.html?id=267964246575578055\" height=\"714\" width=\"345\" frameborder=\"0\" scrolling=\"no\" ><\/iframe>\n\n\n\n<ul class=\"wp-block-list\">\n<li><strong>Semipreso com ondas suaves<\/strong><\/li>\n<\/ul>\n\n\n\n<iframe loading=\"lazy\" src=\"https:\/\/assets.pinterest.com\/ext\/embed.html?id=2462974792971325\" height=\"713\" width=\"345\" frameborder=\"0\" scrolling=\"no\" ><\/iframe>\n\n\n\n<ul class=\"wp-block-list\">\n<li><strong>Semipreso com tran\u00e7a central<\/strong><\/li>\n<\/ul>\n\n\n\n<iframe loading=\"lazy\" src=\"https:\/\/assets.pinterest.com\/ext\/embed.html?id=932456297828548389\" height=\"714\" width=\"345\" frameborder=\"0\" scrolling=\"no\" ><\/iframe>\n\n\n\n<h2 class=\"wp-block-heading\">Quais cuidados ajudam o penteado semipreso a durar toda a noite<\/h2>\n\n\n\n<p>Para que o penteado semipreso permane\u00e7a alinhado durante toda a noite de <b>Natal<\/b>, alguns cuidados pr\u00e9vios fazem diferen\u00e7a. Produtos de prepara\u00e7\u00e3o, como leave-in, spray de volume, mousse ou creme de defini\u00e7\u00e3o, ajudam a controlar frizz e dar sustenta\u00e7\u00e3o \u00e0 estrutura, principalmente em ambientes quentes ou <b>\u00famidos<\/b>.<\/p>\n\n\n\n<p>Outro cuidado importante \u00e9 escolher acess\u00f3rios de boa <b>qualidade<\/b>, que n\u00e3o deslizem com facilidade e n\u00e3o machuquem o couro cabeludo. Grampos cruzados, el\u00e1sticos revestidos em tecido e presilhas com boa fixa\u00e7\u00e3o oferecem mais seguran\u00e7a, mantendo os penteados semipresos modernos para usar na noite de Natal est\u00e1veis enquanto a pessoa circula, abra\u00e7a <b>familiares<\/b>, tira fotos e participa das tradi\u00e7\u00f5es da data, como a ceia, a troca de presentes e o brinde da meia-noite.<\/p>\n","protected":false},"excerpt":{"rendered":"<p>Entre as diversas escolhas para a noite de Natal, o cabelo costuma ter papel central na produ\u00e7\u00e3o. Os penteados semipresos modernos surgem como op\u00e7\u00e3o para quem deseja algo arrumado, mas sem perder o ar descontra\u00eddo, valorizando diferentes texturas, comprimentos e estilos de festa, do jantar em fam\u00edlia \u00e0 confraterniza\u00e7\u00e3o com amigos. O que torna os [&hellip;]<\/p>\n","protected":false},"author":9,"featured_media":132770,"comment_status":"open","ping_status":"open","sticky":false,"template":"","format":"standard","meta":{"jnews-multi-image_gallery":[],"jnews_single_post":{"format":"standard"},"jnews_primary_category":[],"jnews_social_meta":[],"jnews_override_counter":[],"footnotes":""},"categories":[8691,8819,1],"tags":[712,19948,8078],"class_list":["post-136500","post","type-post","status-publish","format-standard","has-post-thumbnail","hentry","category-bem-estar","category-curiosidades","category-noticias","tag-autocuidado","tag-festa-fim-de-ano","tag-penteado"],"yoast_head":"<!-- This site is optimized with the Yoast SEO plugin v23.8 - https:\/\/yoast.com\/wordpress\/plugins\/seo\/ -->\n<title>Como unir frescor e eleg\u00e2ncia com penteados que deixam o visual leve para a noite de Natal - Estado de Minas - Em foco<\/title>\n<meta name=\"description\" content=\"Penteados semipresos unem eleg\u00e2ncia e praticidade para o Natal. Descubra estilos modernos como o half bun e dicas de fixa\u00e7\u00e3o para a festa.\" \/>\n<meta name=\"robots\" content=\"index, follow, max-snippet:-1, max-image-preview:large, max-video-preview:-1\" \/>\n<link rel=\"canonical\" href=\"https:\/\/www.em.com.br\/emfoco\/2025\/12\/07\/como-unir-frescor-e-elegancia-com-penteados-que-deixam-o-visual-leve-para-a-festa\/\" \/>\n<meta property=\"og:locale\" content=\"pt_BR\" \/>\n<meta property=\"og:type\" content=\"article\" \/>\n<meta property=\"og:title\" content=\"Como unir frescor e eleg\u00e2ncia com penteados que deixam o visual leve para a noite de Natal - Estado de Minas - Em foco\" \/>\n<meta property=\"og:description\" content=\"Penteados semipresos unem eleg\u00e2ncia e praticidade para o Natal. Descubra estilos modernos como o half bun e dicas de fixa\u00e7\u00e3o para a festa.\" \/>\n<meta property=\"og:url\" content=\"https:\/\/www.em.com.br\/emfoco\/2025\/12\/07\/como-unir-frescor-e-elegancia-com-penteados-que-deixam-o-visual-leve-para-a-festa\/\" \/>\n<meta property=\"og:site_name\" content=\"Estado de Minas - Em foco\" \/>\n<meta property=\"article:published_time\" content=\"2025-12-07T15:55:06+00:00\" \/>\n<meta property=\"article:modified_time\" content=\"2025-12-06T18:18:32+00:00\" \/>\n<meta property=\"og:image\" content=\"https:\/\/www.em.com.br\/emfoco\/wp-content\/uploads\/2025\/11\/unnamed-8-1.jpg\" \/>\n\t<meta property=\"og:image:width\" content=\"1280\" \/>\n\t<meta property=\"og:image:height\" content=\"720\" \/>\n\t<meta property=\"og:image:type\" content=\"image\/jpeg\" \/>\n<meta name=\"author\" content=\"Daniely Cardoso\" \/>\n<meta name=\"twitter:card\" content=\"summary_large_image\" \/>\n<meta name=\"twitter:label1\" content=\"Escrito por\" \/>\n\t<meta name=\"twitter:data1\" content=\"Daniely Cardoso\" \/>\n\t<meta name=\"twitter:label2\" content=\"Est. tempo de leitura\" \/>\n\t<meta name=\"twitter:data2\" content=\"4 minutos\" \/>\n<!-- \/ Yoast SEO plugin. -->","yoast_head_json":{"title":"Como unir frescor e eleg\u00e2ncia com penteados que deixam o visual leve para a noite de Natal - Estado de Minas - Em foco","description":"Penteados semipresos unem eleg\u00e2ncia e praticidade para o Natal. Descubra estilos modernos como o half bun e dicas de fixa\u00e7\u00e3o para a festa.","robots":{"index":"index","follow":"follow","max-snippet":"max-snippet:-1","max-image-preview":"max-image-preview:large","max-video-preview":"max-video-preview:-1"},"canonical":"https:\/\/www.em.com.br\/emfoco\/2025\/12\/07\/como-unir-frescor-e-elegancia-com-penteados-que-deixam-o-visual-leve-para-a-festa\/","og_locale":"pt_BR","og_type":"article","og_title":"Como unir frescor e eleg\u00e2ncia com penteados que deixam o visual leve para a noite de Natal - Estado de Minas - Em foco","og_description":"Penteados semipresos unem eleg\u00e2ncia e praticidade para o Natal. Descubra estilos modernos como o half bun e dicas de fixa\u00e7\u00e3o para a festa.","og_url":"https:\/\/www.em.com.br\/emfoco\/2025\/12\/07\/como-unir-frescor-e-elegancia-com-penteados-que-deixam-o-visual-leve-para-a-festa\/","og_site_name":"Estado de Minas - Em foco","article_published_time":"2025-12-07T15:55:06+00:00","article_modified_time":"2025-12-06T18:18:32+00:00","og_image":[{"width":1280,"height":720,"url":"https:\/\/www.em.com.br\/emfoco\/wp-content\/uploads\/2025\/11\/unnamed-8-1.jpg","type":"image\/jpeg"}],"author":"Daniely Cardoso","twitter_card":"summary_large_image","twitter_misc":{"Escrito por":"Daniely Cardoso","Est. tempo de leitura":"4 minutos"},"schema":{"@context":"https:\/\/schema.org","@graph":[{"@type":"WebPage","@id":"https:\/\/www.em.com.br\/emfoco\/2025\/12\/07\/como-unir-frescor-e-elegancia-com-penteados-que-deixam-o-visual-leve-para-a-festa\/","url":"https:\/\/www.em.com.br\/emfoco\/2025\/12\/07\/como-unir-frescor-e-elegancia-com-penteados-que-deixam-o-visual-leve-para-a-festa\/","name":"Como unir frescor e eleg\u00e2ncia com penteados que deixam o visual leve para a noite de Natal - Estado de Minas - Em foco","isPartOf":{"@id":"https:\/\/www.em.com.br\/emfoco\/#website"},"primaryImageOfPage":{"@id":"https:\/\/www.em.com.br\/emfoco\/2025\/12\/07\/como-unir-frescor-e-elegancia-com-penteados-que-deixam-o-visual-leve-para-a-festa\/#primaryimage"},"image":{"@id":"https:\/\/www.em.com.br\/emfoco\/2025\/12\/07\/como-unir-frescor-e-elegancia-com-penteados-que-deixam-o-visual-leve-para-a-festa\/#primaryimage"},"thumbnailUrl":"https:\/\/www.em.com.br\/emfoco\/wp-content\/uploads\/2025\/11\/unnamed-8-1.jpg","datePublished":"2025-12-07T15:55:06+00:00","dateModified":"2025-12-06T18:18:32+00:00","author":{"@id":"https:\/\/www.em.com.br\/emfoco\/#\/schema\/person\/0a8186d72f2c3a5c6276d90b41f271a0"},"description":"Penteados semipresos unem eleg\u00e2ncia e praticidade para o Natal. Descubra estilos modernos como o half bun e dicas de fixa\u00e7\u00e3o para a festa.","breadcrumb":{"@id":"https:\/\/www.em.com.br\/emfoco\/2025\/12\/07\/como-unir-frescor-e-elegancia-com-penteados-que-deixam-o-visual-leve-para-a-festa\/#breadcrumb"},"inLanguage":"pt-BR","potentialAction":[{"@type":"ReadAction","target":["https:\/\/www.em.com.br\/emfoco\/2025\/12\/07\/como-unir-frescor-e-elegancia-com-penteados-que-deixam-o-visual-leve-para-a-festa\/"]}]},{"@type":"ImageObject","inLanguage":"pt-BR","@id":"https:\/\/www.em.com.br\/emfoco\/2025\/12\/07\/como-unir-frescor-e-elegancia-com-penteados-que-deixam-o-visual-leve-para-a-festa\/#primaryimage","url":"https:\/\/www.em.com.br\/emfoco\/wp-content\/uploads\/2025\/11\/unnamed-8-1.jpg","contentUrl":"https:\/\/www.em.com.br\/emfoco\/wp-content\/uploads\/2025\/11\/unnamed-8-1.jpg","width":1280,"height":720,"caption":"Adotar\u00a0penteados\u00a0descomplicados contribui para reduzir o estresse e focar no que realmente importa durante as festas"},{"@type":"BreadcrumbList","@id":"https:\/\/www.em.com.br\/emfoco\/2025\/12\/07\/como-unir-frescor-e-elegancia-com-penteados-que-deixam-o-visual-leve-para-a-festa\/#breadcrumb","itemListElement":[{"@type":"ListItem","position":1,"name":"In\u00edcio","item":"https:\/\/www.em.com.br\/emfoco\/"},{"@type":"ListItem","position":2,"name":"Como unir frescor e eleg\u00e2ncia com penteados que deixam o visual leve para a noite de Natal"}]},{"@type":"WebSite","@id":"https:\/\/www.em.com.br\/emfoco\/#website","url":"https:\/\/www.em.com.br\/emfoco\/","name":"Estado de Minas - Em foco","description":"Acompanhe as \u00faltimas not\u00edcias e fique bem informado sobre tudo o que acontece em Minas Gerais, Brasil e no mundo.","potentialAction":[{"@type":"SearchAction","target":{"@type":"EntryPoint","urlTemplate":"https:\/\/www.em.com.br\/emfoco\/?s={search_term_string}"},"query-input":{"@type":"PropertyValueSpecification","valueRequired":true,"valueName":"search_term_string"}}],"inLanguage":"pt-BR"},{"@type":"Person","@id":"https:\/\/www.em.com.br\/emfoco\/#\/schema\/person\/0a8186d72f2c3a5c6276d90b41f271a0","name":"Daniely Cardoso","image":{"@type":"ImageObject","inLanguage":"pt-BR","@id":"https:\/\/www.em.com.br\/emfoco\/#\/schema\/person\/image\/","url":"https:\/\/secure.gravatar.com\/avatar\/4b80ddbd124d1f071b626d52d62e5dff?s=96&d=mm&r=g","contentUrl":"https:\/\/secure.gravatar.com\/avatar\/4b80ddbd124d1f071b626d52d62e5dff?s=96&d=mm&r=g","caption":"Daniely Cardoso"},"url":"https:\/\/www.em.com.br\/emfoco\/author\/danielymyth\/"}]}},"_links":{"self":[{"href":"https:\/\/www.em.com.br\/emfoco\/wp-json\/wp\/v2\/posts\/136500","targetHints":{"allow":["GET"]}}],"collection":[{"href":"https:\/\/www.em.com.br\/emfoco\/wp-json\/wp\/v2\/posts"}],"about":[{"href":"https:\/\/www.em.com.br\/emfoco\/wp-json\/wp\/v2\/types\/post"}],"author":[{"embeddable":true,"href":"https:\/\/www.em.com.br\/emfoco\/wp-json\/wp\/v2\/users\/9"}],"replies":[{"embeddable":true,"href":"https:\/\/www.em.com.br\/emfoco\/wp-json\/wp\/v2\/comments?post=136500"}],"version-history":[{"count":4,"href":"https:\/\/www.em.com.br\/emfoco\/wp-json\/wp\/v2\/posts\/136500\/revisions"}],"predecessor-version":[{"id":136925,"href":"https:\/\/www.em.com.br\/emfoco\/wp-json\/wp\/v2\/posts\/136500\/revisions\/136925"}],"wp:featuredmedia":[{"embeddable":true,"href":"https:\/\/www.em.com.br\/emfoco\/wp-json\/wp\/v2\/media\/132770"}],"wp:attachment":[{"href":"https:\/\/www.em.com.br\/emfoco\/wp-json\/wp\/v2\/media?parent=136500"}],"wp:term":[{"taxonomy":"category","embeddable":true,"href":"https:\/\/www.em.com.br\/emfoco\/wp-json\/wp\/v2\/categories?post=136500"},{"taxonomy":"post_tag","embeddable":true,"href":"https:\/\/www.em.com.br\/emfoco\/wp-json\/wp\/v2\/tags?post=136500"}],"curies":[{"name":"wp","href":"https:\/\/api.w.org\/{rel}","templated":true}]}}