{"id":136431,"date":"2025-12-07T21:55:00","date_gmt":"2025-12-08T00:55:00","guid":{"rendered":"https:\/\/www.em.com.br\/emfoco\/?p=136431"},"modified":"2025-12-05T19:04:37","modified_gmt":"2025-12-05T22:04:37","slug":"como-a-regra-de-estabilidade-mantem-o-seu-bolsa-familia-mesmo-com-emprego-novo","status":"publish","type":"post","link":"https:\/\/www.em.com.br\/emfoco\/2025\/12\/07\/como-a-regra-de-estabilidade-mantem-o-seu-bolsa-familia-mesmo-com-emprego-novo\/","title":{"rendered":"Como a Regra de Estabilidade mant\u00e9m o seu Bolsa Fam\u00edlia mesmo com emprego novo"},"content":{"rendered":"\n<p>A <strong>Regra de Estabilidade do Bolsa Fam\u00edlia<\/strong> garante que fam\u00edlias vulner\u00e1veis n\u00e3o percam o benef\u00edcio imediatamente quando conseguem trabalho formal. Em vez de corte autom\u00e1tico, o programa mant\u00e9m o pagamento por um per\u00edodo determinado, permitindo reorganiza\u00e7\u00e3o financeira e evitando que oscila\u00e7\u00f5es salariais deixem a fam\u00edlia sem renda.<\/p>\n\n\n\n<h2 class=\"wp-block-heading\">O que \u00e9 a Regra de Estabilidade<\/h2>\n\n\n<div class=\"wp-block-image\">\n<figure class=\"aligncenter size-large\"><img loading=\"lazy\" decoding=\"async\" width=\"1024\" height=\"576\" src=\"https:\/\/www.em.com.br\/emfoco\/wp-content\/uploads\/2025\/11\/duvida_1761327542563-1024x576.jpg\" alt=\"\" class=\"wp-image-124809\" srcset=\"https:\/\/www.em.com.br\/emfoco\/wp-content\/uploads\/2025\/11\/duvida_1761327542563-1024x576.jpg 1024w, https:\/\/www.em.com.br\/emfoco\/wp-content\/uploads\/2025\/11\/duvida_1761327542563-300x169.jpg 300w, https:\/\/www.em.com.br\/emfoco\/wp-content\/uploads\/2025\/11\/duvida_1761327542563-768x432.jpg 768w, https:\/\/www.em.com.br\/emfoco\/wp-content\/uploads\/2025\/11\/duvida_1761327542563-750x422.jpg 750w, https:\/\/www.em.com.br\/emfoco\/wp-content\/uploads\/2025\/11\/duvida_1761327542563-1140x641.jpg 1140w, https:\/\/www.em.com.br\/emfoco\/wp-content\/uploads\/2025\/11\/duvida_1761327542563.jpg 1280w\" sizes=\"auto, (max-width: 1024px) 100vw, 1024px\" \/><figcaption class=\"wp-element-caption\">Regra que mant\u00e9m o Bolsa Fam\u00edlia ap\u00f3s conseguir emprego &#8211; Cr\u00e9ditos: depositphotos.com \/ leungchopan<\/figcaption><\/figure><\/div>\n\n\n<p>A <strong><a href=\"https:\/\/www.jusbrasil.com.br\/artigos\/descubra-quando-o-trabalhador-tem-direito-a-estabilidade-no-emprego\/1309326089\" target=\"_blank\" rel=\"noreferrer noopener\">Regra de Estabilidade<\/a><\/strong> \u00e9 um mecanismo que protege fam\u00edlias que tiveram aumento tempor\u00e1rio de renda por emprego formal. O objetivo \u00e9 impedir cortes bruscos no <strong>Bolsa Fam\u00edlia<\/strong>, j\u00e1 que sal\u00e1rios vari\u00e1veis, contratos de experi\u00eancia e v\u00ednculos inst\u00e1veis podem n\u00e3o se sustentar por muito tempo.<br>Durante esse per\u00edodo, o benef\u00edcio funciona como complemento para alimenta\u00e7\u00e3o, contas b\u00e1sicas e transporte, reduzindo o risco de descontrole financeiro.<\/p>\n\n\n\n<h2 class=\"wp-block-heading\">Como funciona na pr\u00e1tica<\/h2>\n\n\n\n<p>O programa permite que a fam\u00edlia permane\u00e7a recebendo o <strong>Bolsa Fam\u00edlia<\/strong> mesmo acima do limite de renda por um per\u00edodo que pode chegar a at\u00e9 dois anos.<br>Na pr\u00e1tica, o processo segue etapas simples que facilitam entender a continuidade do benef\u00edcio ap\u00f3s o aumento salarial.<\/p>\n\n\n\n<h3 class=\"wp-block-heading\">Fluxo resumido de funcionamento<\/h3>\n\n\n\n<ul class=\"wp-block-list\">\n<li>Fam\u00edlia j\u00e1 recebe o <strong>Bolsa Fam\u00edlia<\/strong>.<\/li>\n\n\n\n<li>Um dos membros come\u00e7a a trabalhar formalmente ou aumenta ganhos.<\/li>\n\n\n\n<li>A renda ultrapassa o limite de entrada do programa.<\/li>\n\n\n\n<li>A <strong>Regra de Estabilidade<\/strong> \u00e9 aplicada e a fam\u00edlia continua recebendo por tempo determinado.<\/li>\n\n\n\n<li>Ap\u00f3s o per\u00edodo, a renda \u00e9 reavaliada para definir perman\u00eancia ou desligamento planejado.<\/li>\n<\/ul>\n\n\n\n<h2 class=\"wp-block-heading\">Quais condi\u00e7\u00f5es s\u00e3o exigidas para manter a estabilidade<\/h2>\n\n\n\n<p>A continuidade do benef\u00edcio depende do cumprimento das regras j\u00e1 conhecidas do <strong>Bolsa Fam\u00edlia<\/strong>.<br>As exig\u00eancias garantem que o programa acompanhe a realidade da fam\u00edlia e impe\u00e7a ac\u00famulo de inconsist\u00eancias.<\/p>\n\n\n\n<p>Principais exig\u00eancias:<\/p>\n\n\n\n<ul class=\"wp-block-list\">\n<li><strong>Cadastro \u00danico atualizado<\/strong> sempre que houver mudan\u00e7a de renda, endere\u00e7o, escola das crian\u00e7as ou composi\u00e7\u00e3o familiar.<\/li>\n\n\n\n<li><strong>Cumprimento das condicionalidades<\/strong> de sa\u00fade (vacina\u00e7\u00e3o, acompanhamento nutricional) e educa\u00e7\u00e3o (frequ\u00eancia escolar m\u00ednima).<\/li>\n\n\n\n<li><strong>Informa\u00e7\u00e3o obrigat\u00f3ria<\/strong> de qualquer novo emprego ou aumento de renda.<\/li>\n\n\n\n<li><strong>Reavalia\u00e7\u00e3o peri\u00f3dica<\/strong> do perfil da fam\u00edlia durante o per\u00edodo de estabilidade.<\/li>\n<\/ul>\n\n\n\n<p>Leia mais: <a href=\"https:\/\/www.em.com.br\/emfoco\/2025\/12\/05\/o-que-ninguem-te-contou-sobre-os-novos-valores-do-bolsa-familia-e-quem-realmente-ganha-mais\/\" target=\"_blank\" rel=\"noreferrer noopener\">Novos valores do Bolsa Fam\u00edlia e quem realmente recebe mais neste m\u00eas<\/a><\/p>\n\n\n\n<h2 class=\"wp-block-heading\">Quando a Regra de Estabilidade se aplica<\/h2>\n\n\n<div class=\"wp-block-image\">\n<figure class=\"aligncenter size-large\"><img loading=\"lazy\" decoding=\"async\" width=\"1024\" height=\"576\" src=\"https:\/\/www.em.com.br\/emfoco\/wp-content\/uploads\/2025\/06\/bolsa-familia-brasil_1749152247546-1024x576.jpg\" alt=\"Principais motivos que podem bloquear, suspender ou cancelar seu Bolsa Fam\u00edlia\" class=\"wp-image-56500\" srcset=\"https:\/\/www.em.com.br\/emfoco\/wp-content\/uploads\/2025\/06\/bolsa-familia-brasil_1749152247546-1024x576.jpg 1024w, https:\/\/www.em.com.br\/emfoco\/wp-content\/uploads\/2025\/06\/bolsa-familia-brasil_1749152247546-300x169.jpg 300w, https:\/\/www.em.com.br\/emfoco\/wp-content\/uploads\/2025\/06\/bolsa-familia-brasil_1749152247546-768x432.jpg 768w, https:\/\/www.em.com.br\/emfoco\/wp-content\/uploads\/2025\/06\/bolsa-familia-brasil_1749152247546-750x422.jpg 750w, https:\/\/www.em.com.br\/emfoco\/wp-content\/uploads\/2025\/06\/bolsa-familia-brasil_1749152247546-1140x641.jpg 1140w, https:\/\/www.em.com.br\/emfoco\/wp-content\/uploads\/2025\/06\/bolsa-familia-brasil_1749152247546.jpg 1280w\" sizes=\"auto, (max-width: 1024px) 100vw, 1024px\" \/><figcaption class=\"wp-element-caption\">Regra que mant\u00e9m o Bolsa Fam\u00edlia ap\u00f3s conseguir emprego &#8211; Cr\u00e9ditos: depositphotos.com \/ joasouza<\/figcaption><\/figure><\/div>\n\n\n<p>O benef\u00edcio tempor\u00e1rio \u00e9 voltado principalmente a fam\u00edlias cuja renda formal ainda se enquadra em faixa baixa e n\u00e3o garante seguran\u00e7a financeira.<br>Situa\u00e7\u00f5es comuns envolvem:<\/p>\n\n\n\n<p>Casos mais frequentes:<\/p>\n\n\n\n<ul class=\"wp-block-list\">\n<li>Contrato de experi\u00eancia com risco de rescis\u00e3o.<\/li>\n\n\n\n<li>Empregos com sal\u00e1rio vari\u00e1vel (comiss\u00e3o, horas extras espor\u00e1dicas).<\/li>\n\n\n\n<li>Empregos tempor\u00e1rios em com\u00e9rcio, obras ou servi\u00e7os.<\/li>\n\n\n\n<li>Aumento pequeno de renda por regulariza\u00e7\u00e3o de carteira sem mudan\u00e7a real no padr\u00e3o de vida.<\/li>\n\n\n\n<li>Fam\u00edlias que seguem abaixo da linha de renda considerada segura ap\u00f3s an\u00e1lise do <strong>Cad\u00danico<\/strong>.<\/li>\n<\/ul>\n\n\n\n<h2 class=\"wp-block-heading\">Como a regra incentiva a formaliza\u00e7\u00e3o do trabalho<\/h2>\n\n\n\n<p>A perman\u00eancia tempor\u00e1ria no <strong>Bolsa Fam\u00edlia<\/strong> reduz o receio de aceitar um emprego com carteira assinada.<br>Com a renda protegida por um per\u00edodo, a fam\u00edlia consegue:<\/p>\n\n\n\n<ul class=\"wp-block-list\">\n<li>Testar o novo emprego sem medo de perder o benef\u00edcio imediatamente.<\/li>\n\n\n\n<li>Se organizar financeiramente at\u00e9 estabilizar a renda.<\/li>\n\n\n\n<li>Evitar retorno r\u00e1pido \u00e0 vulnerabilidade caso o emprego n\u00e3o seja mantido.<\/li>\n\n\n\n<li>Construir autonomia econ\u00f4mica gradualmente, em vez de um corte brusco.<\/li>\n<\/ul>\n\n\n\n<p>Leia mais: <a href=\"https:\/\/www.em.com.br\/emfoco\/2025\/12\/04\/um-detalhe-no-cadunico-quase-fez-esse-casal-perder-o-beneficio-social\/\" target=\"_blank\" rel=\"noreferrer noopener\">Um detalhe no Cad\u00danico quase fez esse casal perder o benef\u00edcio social<\/a><\/p>\n\n\n\n<h2 class=\"wp-block-heading\">Tabela resumida das regras de estabilidade<\/h2>\n\n\n\n<figure class=\"wp-block-table\"><table class=\"has-fixed-layout\"><thead><tr><th>Etapa<\/th><th>O que acontece<\/th><th>Impacto para a fam\u00edlia<\/th><\/tr><\/thead><tbody><tr><td>Aumento de renda<\/td><td>Novo emprego ou sal\u00e1rio formal<\/td><td>Renda sobe, mas ainda \u00e9 inst\u00e1vel<\/td><\/tr><tr><td>Aplica\u00e7\u00e3o da regra<\/td><td>Bolsa Fam\u00edlia continua ativo<\/td><td>Evita corte imediato<\/td><\/tr><tr><td>Per\u00edodo de estabilidade<\/td><td>Pode durar at\u00e9 24 meses<\/td><td>Complementa or\u00e7amento<\/td><\/tr><tr><td>Monitoramento<\/td><td>Atualiza\u00e7\u00f5es no Cad\u00danico e condicionalidades<\/td><td>Mant\u00e9m o benef\u00edcio regular<\/td><\/tr><tr><td>Reavalia\u00e7\u00e3o final<\/td><td>Verifica\u00e7\u00e3o da renda ap\u00f3s o per\u00edodo<\/td><td>Define continuidade ou desligamento<\/td><\/tr><\/tbody><\/table><\/figure>\n\n\n\n<p>Leia mais: <a href=\"https:\/\/www.em.com.br\/emfoco\/2025\/11\/30\/bolsa-familia-antecipa-pagamentos-de-dezembro-e-garante-alivio-no-fim-do-ano\/\" target=\"_blank\" rel=\"noreferrer noopener\">Bolsa Fam\u00edlia antecipa pagamentos de dezembro e garante al\u00edvio no fim do ano<\/a><\/p>\n\n\n\n<h2 class=\"wp-block-heading\">Import\u00e2ncia da regra para 2025<\/h2>\n\n\n\n<p>Em 2025, com mercado de trabalho vari\u00e1vel e muitas vagas tempor\u00e1rias, a <strong>Regra de Estabilidade<\/strong> segue sendo uma prote\u00e7\u00e3o essencial.<br>Ela impede que fam\u00edlias deixem o programa no exato momento em que ainda n\u00e3o conseguiram estabilidade, fortalecendo a transi\u00e7\u00e3o para o emprego formal e garantindo seguran\u00e7a econ\u00f4mica.<\/p>\n","protected":false},"excerpt":{"rendered":"<p>A Regra de Estabilidade do Bolsa Fam\u00edlia garante que fam\u00edlias vulner\u00e1veis n\u00e3o percam o benef\u00edcio imediatamente quando conseguem trabalho formal. Em vez de corte autom\u00e1tico, o programa mant\u00e9m o pagamento por um per\u00edodo determinado, permitindo reorganiza\u00e7\u00e3o financeira e evitando que oscila\u00e7\u00f5es salariais deixem a fam\u00edlia sem renda. O que \u00e9 a Regra de Estabilidade A [&hellip;]<\/p>\n","protected":false},"author":20,"featured_media":54997,"comment_status":"open","ping_status":"open","sticky":false,"template":"","format":"standard","meta":{"jnews-multi-image_gallery":[],"jnews_single_post":{"format":"standard"},"jnews_primary_category":[],"jnews_social_meta":[],"jnews_override_counter":[],"footnotes":""},"categories":[28,1],"tags":[209,19927],"class_list":["post-136431","post","type-post","status-publish","format-standard","has-post-thumbnail","hentry","category-economia","category-noticias","tag-bolsa-familia","tag-regra-de-estabilidade"],"yoast_head":"<!-- This site is optimized with the Yoast SEO plugin v23.8 - https:\/\/yoast.com\/wordpress\/plugins\/seo\/ -->\n<title>Como a Regra de Estabilidade mant\u00e9m o seu Bolsa Fam\u00edlia mesmo com emprego novo - Estado de Minas - Em foco<\/title>\n<meta name=\"description\" content=\"Como a Regra de Estabilidade mant\u00e9m o Bolsa Fam\u00edlia mesmo ap\u00f3s conseguir emprego novo, garantindo continuidade do benef\u00edcio por per\u00edodo seguro.\" \/>\n<meta name=\"robots\" content=\"index, follow, max-snippet:-1, max-image-preview:large, max-video-preview:-1\" \/>\n<link rel=\"canonical\" href=\"https:\/\/www.em.com.br\/emfoco\/2025\/12\/07\/como-a-regra-de-estabilidade-mantem-o-seu-bolsa-familia-mesmo-com-emprego-novo\/\" \/>\n<meta property=\"og:locale\" content=\"pt_BR\" \/>\n<meta property=\"og:type\" content=\"article\" \/>\n<meta property=\"og:title\" content=\"Como a Regra de Estabilidade mant\u00e9m o seu Bolsa Fam\u00edlia mesmo com emprego novo - Estado de Minas - Em foco\" \/>\n<meta property=\"og:description\" content=\"Como a Regra de Estabilidade mant\u00e9m o Bolsa Fam\u00edlia mesmo ap\u00f3s conseguir emprego novo, garantindo continuidade do benef\u00edcio por per\u00edodo seguro.\" \/>\n<meta property=\"og:url\" content=\"https:\/\/www.em.com.br\/emfoco\/2025\/12\/07\/como-a-regra-de-estabilidade-mantem-o-seu-bolsa-familia-mesmo-com-emprego-novo\/\" \/>\n<meta property=\"og:site_name\" content=\"Estado de Minas - Em foco\" \/>\n<meta property=\"article:published_time\" content=\"2025-12-08T00:55:00+00:00\" \/>\n<meta property=\"article:modified_time\" content=\"2025-12-05T22:04:37+00:00\" \/>\n<meta property=\"og:image\" content=\"https:\/\/www.em.com.br\/emfoco\/wp-content\/uploads\/2025\/06\/bolsa-familia_1748976702558.jpg\" \/>\n\t<meta property=\"og:image:width\" content=\"1280\" \/>\n\t<meta property=\"og:image:height\" content=\"720\" \/>\n\t<meta property=\"og:image:type\" content=\"image\/jpeg\" \/>\n<meta name=\"author\" content=\"Ingrid Diniz\" \/>\n<meta name=\"twitter:card\" content=\"summary_large_image\" \/>\n<meta name=\"twitter:label1\" content=\"Escrito por\" \/>\n\t<meta name=\"twitter:data1\" content=\"Ingrid Diniz\" \/>\n\t<meta name=\"twitter:label2\" content=\"Est. tempo de leitura\" \/>\n\t<meta name=\"twitter:data2\" content=\"5 minutos\" \/>\n<!-- \/ Yoast SEO plugin. -->","yoast_head_json":{"title":"Como a Regra de Estabilidade mant\u00e9m o seu Bolsa Fam\u00edlia mesmo com emprego novo - Estado de Minas - Em foco","description":"Como a Regra de Estabilidade mant\u00e9m o Bolsa Fam\u00edlia mesmo ap\u00f3s conseguir emprego novo, garantindo continuidade do benef\u00edcio por per\u00edodo seguro.","robots":{"index":"index","follow":"follow","max-snippet":"max-snippet:-1","max-image-preview":"max-image-preview:large","max-video-preview":"max-video-preview:-1"},"canonical":"https:\/\/www.em.com.br\/emfoco\/2025\/12\/07\/como-a-regra-de-estabilidade-mantem-o-seu-bolsa-familia-mesmo-com-emprego-novo\/","og_locale":"pt_BR","og_type":"article","og_title":"Como a Regra de Estabilidade mant\u00e9m o seu Bolsa Fam\u00edlia mesmo com emprego novo - Estado de Minas - Em foco","og_description":"Como a Regra de Estabilidade mant\u00e9m o Bolsa Fam\u00edlia mesmo ap\u00f3s conseguir emprego novo, garantindo continuidade do benef\u00edcio por per\u00edodo seguro.","og_url":"https:\/\/www.em.com.br\/emfoco\/2025\/12\/07\/como-a-regra-de-estabilidade-mantem-o-seu-bolsa-familia-mesmo-com-emprego-novo\/","og_site_name":"Estado de Minas - Em foco","article_published_time":"2025-12-08T00:55:00+00:00","article_modified_time":"2025-12-05T22:04:37+00:00","og_image":[{"width":1280,"height":720,"url":"https:\/\/www.em.com.br\/emfoco\/wp-content\/uploads\/2025\/06\/bolsa-familia_1748976702558.jpg","type":"image\/jpeg"}],"author":"Ingrid Diniz","twitter_card":"summary_large_image","twitter_misc":{"Escrito por":"Ingrid Diniz","Est. tempo de leitura":"5 minutos"},"schema":{"@context":"https:\/\/schema.org","@graph":[{"@type":"WebPage","@id":"https:\/\/www.em.com.br\/emfoco\/2025\/12\/07\/como-a-regra-de-estabilidade-mantem-o-seu-bolsa-familia-mesmo-com-emprego-novo\/","url":"https:\/\/www.em.com.br\/emfoco\/2025\/12\/07\/como-a-regra-de-estabilidade-mantem-o-seu-bolsa-familia-mesmo-com-emprego-novo\/","name":"Como a Regra de Estabilidade mant\u00e9m o seu Bolsa Fam\u00edlia mesmo com emprego novo - Estado de Minas - Em foco","isPartOf":{"@id":"https:\/\/www.em.com.br\/emfoco\/#website"},"primaryImageOfPage":{"@id":"https:\/\/www.em.com.br\/emfoco\/2025\/12\/07\/como-a-regra-de-estabilidade-mantem-o-seu-bolsa-familia-mesmo-com-emprego-novo\/#primaryimage"},"image":{"@id":"https:\/\/www.em.com.br\/emfoco\/2025\/12\/07\/como-a-regra-de-estabilidade-mantem-o-seu-bolsa-familia-mesmo-com-emprego-novo\/#primaryimage"},"thumbnailUrl":"https:\/\/www.em.com.br\/emfoco\/wp-content\/uploads\/2025\/06\/bolsa-familia_1748976702558.jpg","datePublished":"2025-12-08T00:55:00+00:00","dateModified":"2025-12-05T22:04:37+00:00","author":{"@id":"https:\/\/www.em.com.br\/emfoco\/#\/schema\/person\/649e610b4eb8fff87ff394e54fe17b2b"},"description":"Como a Regra de Estabilidade mant\u00e9m o Bolsa Fam\u00edlia mesmo ap\u00f3s conseguir emprego novo, garantindo continuidade do benef\u00edcio por per\u00edodo seguro.","breadcrumb":{"@id":"https:\/\/www.em.com.br\/emfoco\/2025\/12\/07\/como-a-regra-de-estabilidade-mantem-o-seu-bolsa-familia-mesmo-com-emprego-novo\/#breadcrumb"},"inLanguage":"pt-BR","potentialAction":[{"@type":"ReadAction","target":["https:\/\/www.em.com.br\/emfoco\/2025\/12\/07\/como-a-regra-de-estabilidade-mantem-o-seu-bolsa-familia-mesmo-com-emprego-novo\/"]}]},{"@type":"ImageObject","inLanguage":"pt-BR","@id":"https:\/\/www.em.com.br\/emfoco\/2025\/12\/07\/como-a-regra-de-estabilidade-mantem-o-seu-bolsa-familia-mesmo-com-emprego-novo\/#primaryimage","url":"https:\/\/www.em.com.br\/emfoco\/wp-content\/uploads\/2025\/06\/bolsa-familia_1748976702558.jpg","contentUrl":"https:\/\/www.em.com.br\/emfoco\/wp-content\/uploads\/2025\/06\/bolsa-familia_1748976702558.jpg","width":1280,"height":720,"caption":"Bolsa Fam\u00edlia de dezembro pode passar de R$ 900 - Cr\u00e9ditos: depositphotos.com \/ Photografeus"},{"@type":"BreadcrumbList","@id":"https:\/\/www.em.com.br\/emfoco\/2025\/12\/07\/como-a-regra-de-estabilidade-mantem-o-seu-bolsa-familia-mesmo-com-emprego-novo\/#breadcrumb","itemListElement":[{"@type":"ListItem","position":1,"name":"In\u00edcio","item":"https:\/\/www.em.com.br\/emfoco\/"},{"@type":"ListItem","position":2,"name":"Como a Regra de Estabilidade mant\u00e9m o seu Bolsa Fam\u00edlia mesmo com emprego novo"}]},{"@type":"WebSite","@id":"https:\/\/www.em.com.br\/emfoco\/#website","url":"https:\/\/www.em.com.br\/emfoco\/","name":"Estado de Minas - Em foco","description":"Acompanhe as \u00faltimas not\u00edcias e fique bem informado sobre tudo o que acontece em Minas Gerais, Brasil e no mundo.","potentialAction":[{"@type":"SearchAction","target":{"@type":"EntryPoint","urlTemplate":"https:\/\/www.em.com.br\/emfoco\/?s={search_term_string}"},"query-input":{"@type":"PropertyValueSpecification","valueRequired":true,"valueName":"search_term_string"}}],"inLanguage":"pt-BR"},{"@type":"Person","@id":"https:\/\/www.em.com.br\/emfoco\/#\/schema\/person\/649e610b4eb8fff87ff394e54fe17b2b","name":"Ingrid Diniz","image":{"@type":"ImageObject","inLanguage":"pt-BR","@id":"https:\/\/www.em.com.br\/emfoco\/#\/schema\/person\/image\/","url":"https:\/\/secure.gravatar.com\/avatar\/a3baa1449ec5c39b4c42babc9d4f3951?s=96&d=mm&r=g","contentUrl":"https:\/\/secure.gravatar.com\/avatar\/a3baa1449ec5c39b4c42babc9d4f3951?s=96&d=mm&r=g","caption":"Ingrid Diniz"},"sameAs":["https:\/\/www.em.com.br\/"],"url":"https:\/\/www.em.com.br\/emfoco\/author\/ingridmyth\/"}]}},"_links":{"self":[{"href":"https:\/\/www.em.com.br\/emfoco\/wp-json\/wp\/v2\/posts\/136431","targetHints":{"allow":["GET"]}}],"collection":[{"href":"https:\/\/www.em.com.br\/emfoco\/wp-json\/wp\/v2\/posts"}],"about":[{"href":"https:\/\/www.em.com.br\/emfoco\/wp-json\/wp\/v2\/types\/post"}],"author":[{"embeddable":true,"href":"https:\/\/www.em.com.br\/emfoco\/wp-json\/wp\/v2\/users\/20"}],"replies":[{"embeddable":true,"href":"https:\/\/www.em.com.br\/emfoco\/wp-json\/wp\/v2\/comments?post=136431"}],"version-history":[{"count":1,"href":"https:\/\/www.em.com.br\/emfoco\/wp-json\/wp\/v2\/posts\/136431\/revisions"}],"predecessor-version":[{"id":136480,"href":"https:\/\/www.em.com.br\/emfoco\/wp-json\/wp\/v2\/posts\/136431\/revisions\/136480"}],"wp:featuredmedia":[{"embeddable":true,"href":"https:\/\/www.em.com.br\/emfoco\/wp-json\/wp\/v2\/media\/54997"}],"wp:attachment":[{"href":"https:\/\/www.em.com.br\/emfoco\/wp-json\/wp\/v2\/media?parent=136431"}],"wp:term":[{"taxonomy":"category","embeddable":true,"href":"https:\/\/www.em.com.br\/emfoco\/wp-json\/wp\/v2\/categories?post=136431"},{"taxonomy":"post_tag","embeddable":true,"href":"https:\/\/www.em.com.br\/emfoco\/wp-json\/wp\/v2\/tags?post=136431"}],"curies":[{"name":"wp","href":"https:\/\/api.w.org\/{rel}","templated":true}]}}