{"id":136430,"date":"2025-12-07T20:35:00","date_gmt":"2025-12-07T23:35:00","guid":{"rendered":"https:\/\/www.em.com.br\/emfoco\/?p=136430"},"modified":"2025-12-05T18:46:51","modified_gmt":"2025-12-05T21:46:51","slug":"passo-a-passo-para-atualizar-o-cadunico-em-2025-e-recuperar-beneficios-suspensos-sem-perder-prazos","status":"publish","type":"post","link":"https:\/\/www.em.com.br\/emfoco\/2025\/12\/07\/passo-a-passo-para-atualizar-o-cadunico-em-2025-e-recuperar-beneficios-suspensos-sem-perder-prazos\/","title":{"rendered":"Passo a passo para atualizar o Cad\u00danico em 2025 e recuperar benef\u00edcios suspensos sem perder prazos"},"content":{"rendered":"\n<p>Quando um benef\u00edcio social \u00e9 bloqueado por falha na atualiza\u00e7\u00e3o ou por dados divergentes, a regulariza\u00e7\u00e3o do <strong>Cad\u00danico<\/strong> \u00e9 o primeiro passo para recuperar o acesso aos programas de transfer\u00eancia de renda. Em 2025, muitos cancelamentos e suspens\u00f5es est\u00e3o ligados \u00e0 falta de revis\u00e3o peri\u00f3dica do cadastro, mudan\u00e7a de endere\u00e7o n\u00e3o informada ou varia\u00e7\u00e3o de renda n\u00e3o registrada, o que torna essencial entender o processo para evitar interrup\u00e7\u00f5es em aux\u00edlios como <strong>Bolsa Fam\u00edlia, Vale-G\u00e1s e Tarifa Social<\/strong> <strong>de energia<\/strong>.<\/p>\n\n\n\n<h2 class=\"wp-block-heading\">O que \u00e9 o Cad\u00danico e qual a sua import\u00e2ncia para benef\u00edcios sociais<\/h2>\n\n\n<div class=\"wp-block-image\">\n<figure class=\"aligncenter size-large\"><img loading=\"lazy\" decoding=\"async\" width=\"1024\" height=\"576\" src=\"https:\/\/www.em.com.br\/emfoco\/wp-content\/uploads\/2025\/06\/dinheiro-reais_1748976565269-1024x576.jpg\" alt=\"O que ningu\u00e9m te contou sobre os novos valores do Bolsa fam\u00edlia e quem realmente ganha mais\" class=\"wp-image-55004\" srcset=\"https:\/\/www.em.com.br\/emfoco\/wp-content\/uploads\/2025\/06\/dinheiro-reais_1748976565269-1024x576.jpg 1024w, https:\/\/www.em.com.br\/emfoco\/wp-content\/uploads\/2025\/06\/dinheiro-reais_1748976565269-300x169.jpg 300w, https:\/\/www.em.com.br\/emfoco\/wp-content\/uploads\/2025\/06\/dinheiro-reais_1748976565269-768x432.jpg 768w, https:\/\/www.em.com.br\/emfoco\/wp-content\/uploads\/2025\/06\/dinheiro-reais_1748976565269-750x422.jpg 750w, https:\/\/www.em.com.br\/emfoco\/wp-content\/uploads\/2025\/06\/dinheiro-reais_1748976565269-1140x641.jpg 1140w, https:\/\/www.em.com.br\/emfoco\/wp-content\/uploads\/2025\/06\/dinheiro-reais_1748976565269.jpg 1280w\" sizes=\"auto, (max-width: 1024px) 100vw, 1024px\" \/><figcaption class=\"wp-element-caption\">Atualize Cad\u00danico e recupere benef\u00edcios suspensos &#8211; Cr\u00e9ditos: depositphotos.com \/ verganifotografia<\/figcaption><\/figure><\/div>\n\n\n<p>O <strong>Cadastro \u00danico para Programas Sociais do Governo Federal<\/strong> re\u00fane informa\u00e7\u00f5es sobre fam\u00edlias de baixa renda usadas por \u00f3rg\u00e3os federais, estaduais e municipais. \u00c9 por meio do <strong>Cad\u00danico atualizado<\/strong> que se identifica quem tem perfil para receber benef\u00edcios como <strong>Bolsa Fam\u00edlia<\/strong>, <strong>Benef\u00edcio de Presta\u00e7\u00e3o Continuada<\/strong> (BPC), programas habitacionais, isen\u00e7\u00e3o de taxas em concursos e <strong>Tarifa Social<\/strong> de energia el\u00e9trica.<\/p>\n\n\n\n<p>Quando os dados ficam desatualizados por muito tempo, o sistema cruza informa\u00e7\u00f5es com bases como carteira de trabalho digital, <strong>CNIS e Receita Federal<\/strong>. Se surgirem diverg\u00eancias relevantes, como renda maior do que a declarada ou mudan\u00e7a de munic\u00edpio n\u00e3o informada, o cadastro entra em revis\u00e3o, podendo ficar em status de <em>aviso, bloqueio, suspens\u00e3o ou cancelamento<\/em>, sendo que a falta de atualiza\u00e7\u00e3o por mais de 24 meses costuma exigir recadastramento.<\/p>\n\n\n\n<h2 class=\"wp-block-heading\">Como funciona o cruzamento de dados e os riscos da falta de atualiza\u00e7\u00e3o<\/h2>\n\n\n\n<p>O cruzamento de dados \u00e9 autom\u00e1tico e cont\u00ednuo, buscando inconsist\u00eancias entre o que est\u00e1 no <strong>Cad\u00danico <\/strong>e outras bases oficiais. Renda formal, v\u00ednculos trabalhistas, recebimento de aposentadorias ou mudan\u00e7a de endere\u00e7o s\u00e3o alguns dos pontos mais verificados pelos sistemas de controle.<\/p>\n\n\n\n<p>Quando h\u00e1 diverg\u00eancias n\u00e3o explicadas, o cadastro \u00e9 sinalizado para revis\u00e3o e pode resultar em bloqueios de benef\u00edcios at\u00e9 que a fam\u00edlia comprove a situa\u00e7\u00e3o real. Esse procedimento visa garantir que os recursos cheguem a quem realmente se enquadra nas regras de renda e vulnerabilidade social estabelecidas pelo governo federal.<\/p>\n\n\n\n<p>Leia mais: <a href=\"https:\/\/www.em.com.br\/emfoco\/2025\/12\/03\/governo-convoca-milhoes-de-familias-para-atualizar-cadastro-e-nao-perder-os-beneficios\/\" target=\"_blank\" rel=\"noreferrer noopener\">Governo convoca milh\u00f5es de fam\u00edlias para atualizar cadastro e n\u00e3o perder os benef\u00edcios<\/a><\/p>\n\n\n\n<h2 class=\"wp-block-heading\">Como regularizar o Cad\u00danico para reativar benef\u00edcios bloqueados<\/h2>\n\n\n\n<p>Para reativar benef\u00edcios bloqueados, o primeiro passo \u00e9 identificar o motivo do bloqueio pelo aplicativo do <strong>Bolsa Fam\u00edlia<\/strong>, pelo app do <strong>Cad\u00danico <\/strong>ou diretamente no <strong>CRAS<\/strong>. A equipe do <strong>CRAS <\/strong>verifica a situa\u00e7\u00e3o do NIS, explica o motivo da pend\u00eancia e orienta sobre o que precisa ser corrigido ou apresentado na atualiza\u00e7\u00e3o cadastral.<\/p>\n\n\n\n<p>Ap\u00f3s entender o motivo, \u00e9 necess\u00e1rio organizar os documentos para o atendimento presencial, etapa em que o cadastro realmente \u00e9 validado. Em geral, o respons\u00e1vel familiar deve levar os seguintes documentos, que comprovam identidade, resid\u00eancia, renda e situa\u00e7\u00e3o escolar:<\/p>\n\n\n\n<ul class=\"wp-block-list\">\n<li><strong>RG<\/strong> e <strong>CPF<\/strong> de todos os moradores;<\/li>\n\n\n\n<li><strong>comprovante de resid\u00eancia<\/strong> recente, de prefer\u00eancia conta de luz;<\/li>\n\n\n\n<li><strong>t\u00edtulo de eleitor<\/strong> do respons\u00e1vel pela fam\u00edlia, quando houver;<\/li>\n\n\n\n<li><strong>carteira de trabalho<\/strong>, contracheques ou declara\u00e7\u00e3o de renda;<\/li>\n\n\n\n<li><strong>declara\u00e7\u00e3o escolar<\/strong> ou comprovante de matr\u00edcula das crian\u00e7as e adolescentes.<\/li>\n<\/ul>\n\n\n\n<p>No atendimento, o entrevistador atualiza informa\u00e7\u00f5es sobre renda, escolaridade, trabalho, endere\u00e7o e composi\u00e7\u00e3o familiar. Em muitos munic\u00edpios, a reativa\u00e7\u00e3o de benef\u00edcios como <strong>Bolsa Fam\u00edlia e Vale-G\u00e1s<\/strong> ocorre de forma autom\u00e1tica ap\u00f3s a valida\u00e7\u00e3o dos dados, respeitando o calend\u00e1rio de pagamento e as regras espec\u00edficas de cada programa.<\/p>\n\n\n\n<h2 class=\"wp-block-heading\">Quais cuidados ajudam a evitar novos bloqueios do Bolsa Fam\u00edlia e outros aux\u00edlios<\/h2>\n\n\n<div class=\"wp-block-image\">\n<figure class=\"aligncenter size-large\"><img loading=\"lazy\" decoding=\"async\" width=\"1024\" height=\"576\" src=\"https:\/\/www.em.com.br\/emfoco\/wp-content\/uploads\/2025\/07\/documentos_1753313365287-1024x576.jpg\" alt=\"Clima inst\u00e1vel pode definir se a tarifa de energia ficar\u00e1 mais barata\" class=\"wp-image-80574\" srcset=\"https:\/\/www.em.com.br\/emfoco\/wp-content\/uploads\/2025\/07\/documentos_1753313365287-1024x576.jpg 1024w, https:\/\/www.em.com.br\/emfoco\/wp-content\/uploads\/2025\/07\/documentos_1753313365287-300x169.jpg 300w, https:\/\/www.em.com.br\/emfoco\/wp-content\/uploads\/2025\/07\/documentos_1753313365287-768x432.jpg 768w, https:\/\/www.em.com.br\/emfoco\/wp-content\/uploads\/2025\/07\/documentos_1753313365287-750x422.jpg 750w, https:\/\/www.em.com.br\/emfoco\/wp-content\/uploads\/2025\/07\/documentos_1753313365287-1140x641.jpg 1140w, https:\/\/www.em.com.br\/emfoco\/wp-content\/uploads\/2025\/07\/documentos_1753313365287.jpg 1280w\" sizes=\"auto, (max-width: 1024px) 100vw, 1024px\" \/><figcaption class=\"wp-element-caption\">Atualize Cad\u00danico e recupere benef\u00edcios suspensos &#8211; Cr\u00e9ditos: depositphotos.com \/ gpointstudio<\/figcaption><\/figure><\/div>\n\n\n<p>Depois de regularizar o <strong><a href=\"https:\/\/www.gov.br\/pt-br\/servicos\/consultar-dados-do-cadastro-unico-cadunico\" target=\"_blank\" rel=\"noreferrer noopener\">Cad\u00danico<\/a><\/strong>, alguns cuidados simples ajudam a manter o <strong>Bolsa Fam\u00edlia<\/strong> e demais benef\u00edcios sem interrup\u00e7\u00f5es. Isso \u00e9 ainda mais importante para fam\u00edlias com crian\u00e7as, adolescentes e gestantes, que dependem do apoio cont\u00ednuo para despesas b\u00e1sicas e acompanhamento em sa\u00fade e educa\u00e7\u00e3o.<\/p>\n\n\n\n<ol class=\"wp-block-list\">\n<li><strong>Atualizar o cadastro sempre que houver mudan\u00e7a<\/strong><br>Mudan\u00e7a de endere\u00e7o, nova pessoa morando na casa, nascimento, falecimento ou altera\u00e7\u00e3o significativa de renda devem ser informados ao <strong>CRAS <\/strong>sem esperar o prazo m\u00e1ximo de revis\u00e3o.<\/li>\n\n\n\n<li><strong>Respeitar o prazo de revis\u00e3o cadastral<\/strong><br>Em muitos casos, o sistema indica que a fam\u00edlia precisa atualizar os dados a cada dois anos; ignorar convoca\u00e7\u00f5es e avisos aumenta o risco de bloqueio.<\/li>\n\n\n\n<li><strong>Cuidar das condicionalidades do Bolsa Fam\u00edlia<\/strong><br>\u00c9 obrigat\u00f3rio manter frequ\u00eancia escolar, vacina\u00e7\u00e3o em dia e pr\u00e9-natal no caso de gestantes, evitando advert\u00eancias e suspens\u00f5es.<\/li>\n\n\n\n<li><strong>Conferir regularmente o extrato de pagamento<\/strong><br>Verificar extratos em aplicativos ou canais oficiais ajuda a perceber cedo qualquer aviso de pend\u00eancia ou revis\u00e3o cadastral.<\/li>\n<\/ol>\n\n\n\n<p>Leia mais: <a href=\"https:\/\/www.em.com.br\/emfoco\/2025\/12\/04\/como-receber-o-vale-gas-do-governo-e-evitar-perder-o-beneficio\/\" target=\"_blank\" rel=\"noreferrer noopener\">Como receber o Vale-G\u00e1s do governo e evitar perder o benef\u00edcio<\/a><\/p>\n\n\n\n<h2 class=\"wp-block-heading\">O Cad\u00danico regularizado garante o restabelecimento de todos os benef\u00edcios<\/h2>\n\n\n\n<p>Nem sempre a atualiza\u00e7\u00e3o garante que todos os benef\u00edcios ser\u00e3o restabelecidos automaticamente, pois cada programa possui crit\u00e9rios pr\u00f3prios de renda, composi\u00e7\u00e3o familiar e prioridades. Assim, mesmo com o <strong>Cad\u00danico regularizado<\/strong>, um benef\u00edcio pode voltar ao normal enquanto outro permanece suspenso, conforme as regras espec\u00edficas e o or\u00e7amento dispon\u00edvel.<\/p>\n\n\n\n<p>Em geral, quando a renda familiar por pessoa continua dentro do limite e n\u00e3o h\u00e1 outra irregularidade, benef\u00edcios como <strong>Bolsa Fam\u00edlia, Vale-G\u00e1s e Tarifa Social<\/strong> tendem a ser reativados ap\u00f3s a an\u00e1lise do novo cadastro. Por\u00e9m, se a renda aumenta ou o perfil da fam\u00edlia muda, a revis\u00e3o pode resultar em manuten\u00e7\u00e3o, redu\u00e7\u00e3o do valor ou sa\u00edda definitiva do programa, refor\u00e7ando a import\u00e2ncia de manter o cadastro fiel \u00e0 realidade e tirar d\u00favidas diretamente no <strong>CRAS<\/strong>.<\/p>\n","protected":false},"excerpt":{"rendered":"<p>Quando um benef\u00edcio social \u00e9 bloqueado por falha na atualiza\u00e7\u00e3o ou por dados divergentes, a regulariza\u00e7\u00e3o do Cad\u00danico \u00e9 o primeiro passo para recuperar o acesso aos programas de transfer\u00eancia de renda. Em 2025, muitos cancelamentos e suspens\u00f5es est\u00e3o ligados \u00e0 falta de revis\u00e3o peri\u00f3dica do cadastro, mudan\u00e7a de endere\u00e7o n\u00e3o informada ou varia\u00e7\u00e3o de [&hellip;]<\/p>\n","protected":false},"author":20,"featured_media":134261,"comment_status":"open","ping_status":"open","sticky":false,"template":"","format":"standard","meta":{"jnews-multi-image_gallery":[],"jnews_single_post":{"format":"standard"},"jnews_primary_category":[],"jnews_social_meta":[],"jnews_override_counter":[],"footnotes":""},"categories":[28,1],"tags":[209,12850,1016],"class_list":["post-136430","post","type-post","status-publish","format-standard","has-post-thumbnail","hentry","category-economia","category-noticias","tag-bolsa-familia","tag-cadunico-2","tag-tarifa-social"],"yoast_head":"<!-- This site is optimized with the Yoast SEO plugin v23.8 - https:\/\/yoast.com\/wordpress\/plugins\/seo\/ -->\n<title>Passo a passo para atualizar o Cad\u00danico em 2025 e recuperar benef\u00edcios suspensos sem perder prazos - Estado de Minas - Em foco<\/title>\n<meta name=\"description\" content=\"Passo a passo para atualizar o Cad\u00danico em 2025 e recuperar benef\u00edcios suspensos sem perder prazos; canais, documentos e orienta\u00e7\u00f5es.\" \/>\n<meta name=\"robots\" content=\"index, follow, max-snippet:-1, max-image-preview:large, max-video-preview:-1\" \/>\n<link rel=\"canonical\" href=\"https:\/\/www.em.com.br\/emfoco\/2025\/12\/07\/passo-a-passo-para-atualizar-o-cadunico-em-2025-e-recuperar-beneficios-suspensos-sem-perder-prazos\/\" \/>\n<meta property=\"og:locale\" content=\"pt_BR\" \/>\n<meta property=\"og:type\" content=\"article\" \/>\n<meta property=\"og:title\" content=\"Passo a passo para atualizar o Cad\u00danico em 2025 e recuperar benef\u00edcios suspensos sem perder prazos - Estado de Minas - Em foco\" \/>\n<meta property=\"og:description\" content=\"Passo a passo para atualizar o Cad\u00danico em 2025 e recuperar benef\u00edcios suspensos sem perder prazos; canais, documentos e orienta\u00e7\u00f5es.\" \/>\n<meta property=\"og:url\" content=\"https:\/\/www.em.com.br\/emfoco\/2025\/12\/07\/passo-a-passo-para-atualizar-o-cadunico-em-2025-e-recuperar-beneficios-suspensos-sem-perder-prazos\/\" \/>\n<meta property=\"og:site_name\" content=\"Estado de Minas - Em foco\" \/>\n<meta property=\"article:published_time\" content=\"2025-12-07T23:35:00+00:00\" \/>\n<meta property=\"article:modified_time\" content=\"2025-12-05T21:46:51+00:00\" \/>\n<meta property=\"og:image\" content=\"https:\/\/www.em.com.br\/emfoco\/wp-content\/uploads\/2025\/12\/imagem_2025-11-22_215835797-e1764623714187.png\" \/>\n\t<meta property=\"og:image:width\" content=\"1280\" \/>\n\t<meta property=\"og:image:height\" content=\"720\" \/>\n\t<meta property=\"og:image:type\" content=\"image\/png\" \/>\n<meta name=\"author\" content=\"Ingrid Diniz\" \/>\n<meta name=\"twitter:card\" content=\"summary_large_image\" \/>\n<meta name=\"twitter:label1\" content=\"Escrito por\" \/>\n\t<meta name=\"twitter:data1\" content=\"Ingrid Diniz\" \/>\n\t<meta name=\"twitter:label2\" content=\"Est. tempo de leitura\" \/>\n\t<meta name=\"twitter:data2\" content=\"6 minutos\" \/>\n<!-- \/ Yoast SEO plugin. -->","yoast_head_json":{"title":"Passo a passo para atualizar o Cad\u00danico em 2025 e recuperar benef\u00edcios suspensos sem perder prazos - Estado de Minas - Em foco","description":"Passo a passo para atualizar o Cad\u00danico em 2025 e recuperar benef\u00edcios suspensos sem perder prazos; canais, documentos e orienta\u00e7\u00f5es.","robots":{"index":"index","follow":"follow","max-snippet":"max-snippet:-1","max-image-preview":"max-image-preview:large","max-video-preview":"max-video-preview:-1"},"canonical":"https:\/\/www.em.com.br\/emfoco\/2025\/12\/07\/passo-a-passo-para-atualizar-o-cadunico-em-2025-e-recuperar-beneficios-suspensos-sem-perder-prazos\/","og_locale":"pt_BR","og_type":"article","og_title":"Passo a passo para atualizar o Cad\u00danico em 2025 e recuperar benef\u00edcios suspensos sem perder prazos - Estado de Minas - Em foco","og_description":"Passo a passo para atualizar o Cad\u00danico em 2025 e recuperar benef\u00edcios suspensos sem perder prazos; canais, documentos e orienta\u00e7\u00f5es.","og_url":"https:\/\/www.em.com.br\/emfoco\/2025\/12\/07\/passo-a-passo-para-atualizar-o-cadunico-em-2025-e-recuperar-beneficios-suspensos-sem-perder-prazos\/","og_site_name":"Estado de Minas - Em foco","article_published_time":"2025-12-07T23:35:00+00:00","article_modified_time":"2025-12-05T21:46:51+00:00","og_image":[{"width":1280,"height":720,"url":"https:\/\/www.em.com.br\/emfoco\/wp-content\/uploads\/2025\/12\/imagem_2025-11-22_215835797-e1764623714187.png","type":"image\/png"}],"author":"Ingrid Diniz","twitter_card":"summary_large_image","twitter_misc":{"Escrito por":"Ingrid Diniz","Est. tempo de leitura":"6 minutos"},"schema":{"@context":"https:\/\/schema.org","@graph":[{"@type":"WebPage","@id":"https:\/\/www.em.com.br\/emfoco\/2025\/12\/07\/passo-a-passo-para-atualizar-o-cadunico-em-2025-e-recuperar-beneficios-suspensos-sem-perder-prazos\/","url":"https:\/\/www.em.com.br\/emfoco\/2025\/12\/07\/passo-a-passo-para-atualizar-o-cadunico-em-2025-e-recuperar-beneficios-suspensos-sem-perder-prazos\/","name":"Passo a passo para atualizar o Cad\u00danico em 2025 e recuperar benef\u00edcios suspensos sem perder prazos - Estado de Minas - Em foco","isPartOf":{"@id":"https:\/\/www.em.com.br\/emfoco\/#website"},"primaryImageOfPage":{"@id":"https:\/\/www.em.com.br\/emfoco\/2025\/12\/07\/passo-a-passo-para-atualizar-o-cadunico-em-2025-e-recuperar-beneficios-suspensos-sem-perder-prazos\/#primaryimage"},"image":{"@id":"https:\/\/www.em.com.br\/emfoco\/2025\/12\/07\/passo-a-passo-para-atualizar-o-cadunico-em-2025-e-recuperar-beneficios-suspensos-sem-perder-prazos\/#primaryimage"},"thumbnailUrl":"https:\/\/www.em.com.br\/emfoco\/wp-content\/uploads\/2025\/12\/imagem_2025-11-22_215835797-e1764623714187.png","datePublished":"2025-12-07T23:35:00+00:00","dateModified":"2025-12-05T21:46:51+00:00","author":{"@id":"https:\/\/www.em.com.br\/emfoco\/#\/schema\/person\/649e610b4eb8fff87ff394e54fe17b2b"},"description":"Passo a passo para atualizar o Cad\u00danico em 2025 e recuperar benef\u00edcios suspensos sem perder prazos; canais, documentos e orienta\u00e7\u00f5es.","breadcrumb":{"@id":"https:\/\/www.em.com.br\/emfoco\/2025\/12\/07\/passo-a-passo-para-atualizar-o-cadunico-em-2025-e-recuperar-beneficios-suspensos-sem-perder-prazos\/#breadcrumb"},"inLanguage":"pt-BR","potentialAction":[{"@type":"ReadAction","target":["https:\/\/www.em.com.br\/emfoco\/2025\/12\/07\/passo-a-passo-para-atualizar-o-cadunico-em-2025-e-recuperar-beneficios-suspensos-sem-perder-prazos\/"]}]},{"@type":"ImageObject","inLanguage":"pt-BR","@id":"https:\/\/www.em.com.br\/emfoco\/2025\/12\/07\/passo-a-passo-para-atualizar-o-cadunico-em-2025-e-recuperar-beneficios-suspensos-sem-perder-prazos\/#primaryimage","url":"https:\/\/www.em.com.br\/emfoco\/wp-content\/uploads\/2025\/12\/imagem_2025-11-22_215835797-e1764623714187.png","contentUrl":"https:\/\/www.em.com.br\/emfoco\/wp-content\/uploads\/2025\/12\/imagem_2025-11-22_215835797-e1764623714187.png","width":1280,"height":720,"caption":"Golpe do FGTS avan\u00e7a e deixa trabalhadores sem saber como o dinheiro sumiu"},{"@type":"BreadcrumbList","@id":"https:\/\/www.em.com.br\/emfoco\/2025\/12\/07\/passo-a-passo-para-atualizar-o-cadunico-em-2025-e-recuperar-beneficios-suspensos-sem-perder-prazos\/#breadcrumb","itemListElement":[{"@type":"ListItem","position":1,"name":"In\u00edcio","item":"https:\/\/www.em.com.br\/emfoco\/"},{"@type":"ListItem","position":2,"name":"Passo a passo para atualizar o Cad\u00danico em 2025 e recuperar benef\u00edcios suspensos sem perder prazos"}]},{"@type":"WebSite","@id":"https:\/\/www.em.com.br\/emfoco\/#website","url":"https:\/\/www.em.com.br\/emfoco\/","name":"Estado de Minas - Em foco","description":"Acompanhe as \u00faltimas not\u00edcias e fique bem informado sobre tudo o que acontece em Minas Gerais, Brasil e no mundo.","potentialAction":[{"@type":"SearchAction","target":{"@type":"EntryPoint","urlTemplate":"https:\/\/www.em.com.br\/emfoco\/?s={search_term_string}"},"query-input":{"@type":"PropertyValueSpecification","valueRequired":true,"valueName":"search_term_string"}}],"inLanguage":"pt-BR"},{"@type":"Person","@id":"https:\/\/www.em.com.br\/emfoco\/#\/schema\/person\/649e610b4eb8fff87ff394e54fe17b2b","name":"Ingrid Diniz","image":{"@type":"ImageObject","inLanguage":"pt-BR","@id":"https:\/\/www.em.com.br\/emfoco\/#\/schema\/person\/image\/","url":"https:\/\/secure.gravatar.com\/avatar\/a3baa1449ec5c39b4c42babc9d4f3951?s=96&d=mm&r=g","contentUrl":"https:\/\/secure.gravatar.com\/avatar\/a3baa1449ec5c39b4c42babc9d4f3951?s=96&d=mm&r=g","caption":"Ingrid Diniz"},"sameAs":["https:\/\/www.em.com.br\/"],"url":"https:\/\/www.em.com.br\/emfoco\/author\/ingridmyth\/"}]}},"_links":{"self":[{"href":"https:\/\/www.em.com.br\/emfoco\/wp-json\/wp\/v2\/posts\/136430","targetHints":{"allow":["GET"]}}],"collection":[{"href":"https:\/\/www.em.com.br\/emfoco\/wp-json\/wp\/v2\/posts"}],"about":[{"href":"https:\/\/www.em.com.br\/emfoco\/wp-json\/wp\/v2\/types\/post"}],"author":[{"embeddable":true,"href":"https:\/\/www.em.com.br\/emfoco\/wp-json\/wp\/v2\/users\/20"}],"replies":[{"embeddable":true,"href":"https:\/\/www.em.com.br\/emfoco\/wp-json\/wp\/v2\/comments?post=136430"}],"version-history":[{"count":1,"href":"https:\/\/www.em.com.br\/emfoco\/wp-json\/wp\/v2\/posts\/136430\/revisions"}],"predecessor-version":[{"id":136456,"href":"https:\/\/www.em.com.br\/emfoco\/wp-json\/wp\/v2\/posts\/136430\/revisions\/136456"}],"wp:featuredmedia":[{"embeddable":true,"href":"https:\/\/www.em.com.br\/emfoco\/wp-json\/wp\/v2\/media\/134261"}],"wp:attachment":[{"href":"https:\/\/www.em.com.br\/emfoco\/wp-json\/wp\/v2\/media?parent=136430"}],"wp:term":[{"taxonomy":"category","embeddable":true,"href":"https:\/\/www.em.com.br\/emfoco\/wp-json\/wp\/v2\/categories?post=136430"},{"taxonomy":"post_tag","embeddable":true,"href":"https:\/\/www.em.com.br\/emfoco\/wp-json\/wp\/v2\/tags?post=136430"}],"curies":[{"name":"wp","href":"https:\/\/api.w.org\/{rel}","templated":true}]}}