{"id":136428,"date":"2025-12-07T17:25:00","date_gmt":"2025-12-07T20:25:00","guid":{"rendered":"https:\/\/www.em.com.br\/emfoco\/?p=136428"},"modified":"2025-12-05T18:21:38","modified_gmt":"2025-12-05T21:21:38","slug":"como-funciona-quem-recebe-e-quando-cai-o-vale-gas","status":"publish","type":"post","link":"https:\/\/www.em.com.br\/emfoco\/2025\/12\/07\/como-funciona-quem-recebe-e-quando-cai-o-vale-gas\/","title":{"rendered":"Como funciona, quem recebe e quando cai o vale-g\u00e1s"},"content":{"rendered":"\n<p>O <strong>Vale-G\u00e1s<\/strong> segue como apoio importante para fam\u00edlias de baixa renda comprarem o botij\u00e3o de 13 kg. Em 2025, o pagamento continua bimestral e alinhado ao calend\u00e1rio do <strong>Bolsa Fam\u00edlia<\/strong>, e d\u00e1 para <strong>consultar o Vale-G\u00e1s pelo celular<\/strong> em minutos, o que ajuda no planejamento das contas.<\/p>\n\n\n\n<h2 class=\"wp-block-heading\">O que \u00e9 o Vale-G\u00e1s e quem tem direito<\/h2>\n\n\n<div class=\"wp-block-image\">\n<figure class=\"aligncenter size-large\"><img loading=\"lazy\" decoding=\"async\" width=\"1024\" height=\"576\" src=\"https:\/\/www.em.com.br\/emfoco\/wp-content\/uploads\/2025\/10\/gas-de-cozinha_1761107678151-1024x576.jpg\" alt=\"Botij\u00e3o caro? Veja como o Aux\u00edlio-G\u00e1s pode aliviar o seu bolso este m\u00eas\" class=\"wp-image-121414\" srcset=\"https:\/\/www.em.com.br\/emfoco\/wp-content\/uploads\/2025\/10\/gas-de-cozinha_1761107678151-1024x576.jpg 1024w, https:\/\/www.em.com.br\/emfoco\/wp-content\/uploads\/2025\/10\/gas-de-cozinha_1761107678151-300x169.jpg 300w, https:\/\/www.em.com.br\/emfoco\/wp-content\/uploads\/2025\/10\/gas-de-cozinha_1761107678151-768x432.jpg 768w, https:\/\/www.em.com.br\/emfoco\/wp-content\/uploads\/2025\/10\/gas-de-cozinha_1761107678151-750x422.jpg 750w, https:\/\/www.em.com.br\/emfoco\/wp-content\/uploads\/2025\/10\/gas-de-cozinha_1761107678151-1140x641.jpg 1140w, https:\/\/www.em.com.br\/emfoco\/wp-content\/uploads\/2025\/10\/gas-de-cozinha_1761107678151.jpg 1280w\" sizes=\"auto, (max-width: 1024px) 100vw, 1024px\" \/><figcaption class=\"wp-element-caption\">Informa\u00e7\u00f5es essenciais sobre o vale-g\u00e1s &#8211; Cr\u00e9ditos: depositphotos.com \/ hamikus<\/figcaption><\/figure><\/div>\n\n\n<p>O <strong>Vale-G\u00e1s<\/strong> \u00e9 um benef\u00edcio pago pelo <strong>Governo Federal<\/strong> para ajudar no custo do botij\u00e3o de 13 kg. T\u00eam direito fam\u00edlias do <strong>Cad\u00danico <\/strong>com renda por pessoa de at\u00e9 meio sal\u00e1rio m\u00ednimo ou renda total de at\u00e9 tr\u00eas sal\u00e1rios m\u00ednimos.<br>Fam\u00edlias em maior vulnerabilidade \u2014 como benefici\u00e1rios do <strong>Bolsa Fam\u00edlia<\/strong>, idosos, pessoas com defici\u00eancia e crian\u00e7as \u2014 t\u00eam prioridade, e a an\u00e1lise costuma ser autom\u00e1tica para quem mant\u00e9m o cadastro atualizado.<\/p>\n\n\n\n<h2 class=\"wp-block-heading\">Como o valor \u00e9 calculado e pago<\/h2>\n\n\n\n<p>O valor \u00e9 baseado em um percentual m\u00e9dio do pre\u00e7o nacional do botij\u00e3o de g\u00e1s, atualizado periodicamente.<br>O pagamento \u00e9 feito a cada dois meses, na conta social da <strong>Caixa<\/strong>, seguindo o calend\u00e1rio do <strong>Bolsa Fam\u00edlia<\/strong>. Por isso, acompanhar o valor e a data no celular evita sustos e ajuda a organizar gastos como alimenta\u00e7\u00e3o e transporte.<\/p>\n\n\n\n<h2 class=\"wp-block-heading\">Como consultar o Vale-G\u00e1s pelo celular<\/h2>\n\n\n\n<p>Com CPF e senha, o benefici\u00e1rio acessa informa\u00e7\u00f5es pelo smartphone nos principais canais digitais do governo.<br>Os aplicativos mais usados para consultar valor, calend\u00e1rio e libera\u00e7\u00e3o s\u00e3o:<\/p>\n\n\n\n<ul class=\"wp-block-list\">\n<li>Aplicativo <strong>Bolsa Fam\u00edlia<\/strong><\/li>\n\n\n\n<li>Aplicativo <strong>Caixa Tem<\/strong><\/li>\n\n\n\n<li>Aplicativo <strong>Meu Cad\u00danico<\/strong><\/li>\n\n\n\n<li>Central Caixa 111 ou atendimento do <strong>Minist\u00e9rio do Desenvolvimento Social<\/strong><\/li>\n<\/ul>\n\n\n\n<h2 class=\"wp-block-heading\">Como funciona a consulta no app Bolsa Fam\u00edlia<\/h2>\n\n\n\n<p>O app <strong>Bolsa Fam\u00edlia<\/strong> mostra na tela inicial se o <strong><a href=\"https:\/\/www.gov.br\/pt-br\/servicos\/receber-o-auxilio-gas\" target=\"_blank\" rel=\"noreferrer noopener\">Vale-G\u00e1s<\/a><\/strong> foi liberado no m\u00eas de pagamento. Tamb\u00e9m exibe valor, m\u00eas de refer\u00eancia e poss\u00edveis pend\u00eancias.<br>Manter o <strong>Cad\u00danico <\/strong>atualizado \u00e9 essencial, pois qualquer mudan\u00e7a de renda ou composi\u00e7\u00e3o familiar pode alterar a elegibilidade do benef\u00edcio.<\/p>\n\n\n\n<p>Leia mais: <a href=\"https:\/\/www.em.com.br\/emfoco\/2025\/12\/04\/um-detalhe-no-cadunico-quase-fez-esse-casal-perder-o-beneficio-social\/\" target=\"_blank\" rel=\"noreferrer noopener\">Um detalhe no Cad\u00danico quase fez esse casal perder o benef\u00edcio social<\/a><\/p>\n\n\n\n<h2 class=\"wp-block-heading\">Passo a passo para consultar o Vale-G\u00e1s pelo celular<\/h2>\n\n\n\n<p>A seguir, um roteiro simples para identificar se o <strong>Vale-G\u00e1s<\/strong> foi liberado e se o dep\u00f3sito j\u00e1 caiu na conta.<\/p>\n\n\n\n<h3 class=\"wp-block-heading\">1. Acessar o aplicativo Bolsa Fam\u00edlia<\/h3>\n\n\n\n<ul class=\"wp-block-list\">\n<li>Baixar ou atualizar o app.<\/li>\n\n\n\n<li>Entrar com CPF e senha.<\/li>\n\n\n\n<li>Na tela inicial, verificar o quadro de benef\u00edcios: se o <strong>Vale-G\u00e1s<\/strong> estiver ativo, aparece o valor e o m\u00eas.<\/li>\n<\/ul>\n\n\n\n<h3 class=\"wp-block-heading\">2. Verificar se o Vale-G\u00e1s foi liberado<\/h3>\n\n\n\n<ul class=\"wp-block-list\">\n<li>Conferir mensagem de cr\u00e9dito liberado.<\/li>\n\n\n\n<li>Observar o \u00faltimo d\u00edgito do NIS, que define o dia de pagamento.<\/li>\n\n\n\n<li>Se n\u00e3o aparecer, checar se o <strong>Cad\u00danico <\/strong>est\u00e1 atualizado.<\/li>\n<\/ul>\n\n\n\n<h3 class=\"wp-block-heading\">3. Confirmar o dep\u00f3sito no Caixa Tem<\/h3>\n\n\n\n<ul class=\"wp-block-list\">\n<li>Abrir o aplicativo <strong>Caixa Tem<\/strong> e fazer login.<\/li>\n\n\n\n<li>Acessar \u201cExtrato\u201d ou \u201cMostrar saldo\u201d.<\/li>\n\n\n\n<li>Procurar a linha \u201cAux\u00edlio G\u00e1s\u201d ou \u201cBenef\u00edcio social\u201d.<\/li>\n<\/ul>\n\n\n\n<h3 class=\"wp-block-heading\">4. Consultar pelo Meu Cad\u00danico, se necess\u00e1rio<\/h3>\n\n\n\n<ul class=\"wp-block-list\">\n<li>Verificar se o cadastro est\u00e1 ativo, atualizado e dentro das regras de renda.<\/li>\n\n\n\n<li>Se houver inconsist\u00eancia, procurar o <strong>CRAS <\/strong>para regularizar.<\/li>\n<\/ul>\n\n\n\n<h2 class=\"wp-block-heading\">Quando o Vale-G\u00e1s cai na conta<\/h2>\n\n\n<div class=\"wp-block-image\">\n<figure class=\"aligncenter size-large\"><img loading=\"lazy\" decoding=\"async\" width=\"1024\" height=\"576\" src=\"https:\/\/www.em.com.br\/emfoco\/wp-content\/uploads\/2025\/06\/calendario-de_1748976463507-1024x576.jpg\" alt=\"INSS divulga calend\u00e1rio de junho com pagamento a partir do dia 24\" class=\"wp-image-54999\" srcset=\"https:\/\/www.em.com.br\/emfoco\/wp-content\/uploads\/2025\/06\/calendario-de_1748976463507-1024x576.jpg 1024w, https:\/\/www.em.com.br\/emfoco\/wp-content\/uploads\/2025\/06\/calendario-de_1748976463507-300x169.jpg 300w, https:\/\/www.em.com.br\/emfoco\/wp-content\/uploads\/2025\/06\/calendario-de_1748976463507-768x432.jpg 768w, https:\/\/www.em.com.br\/emfoco\/wp-content\/uploads\/2025\/06\/calendario-de_1748976463507-750x422.jpg 750w, https:\/\/www.em.com.br\/emfoco\/wp-content\/uploads\/2025\/06\/calendario-de_1748976463507-1140x641.jpg 1140w, https:\/\/www.em.com.br\/emfoco\/wp-content\/uploads\/2025\/06\/calendario-de_1748976463507.jpg 1280w\" sizes=\"auto, (max-width: 1024px) 100vw, 1024px\" \/><figcaption class=\"wp-element-caption\">Calend\u00e1rio especial de pagamentos do INSS em janeiro &#8211; Cr\u00e9ditos: depositphotos.com \/ BrianAJackson<\/figcaption><\/figure><\/div>\n\n\n<p>O <strong>Vale-G\u00e1s<\/strong> segue o calend\u00e1rio escalonado do <strong>Bolsa Fam\u00edlia<\/strong>, conforme o \u00faltimo d\u00edgito do NIS. Os repasses acontecem na segunda metade do m\u00eas.<br>Para saber o dia exato, o benefici\u00e1rio precisa combinar o n\u00famero do NIS com o cronograma oficial divulgado a cada bimestre.<\/p>\n\n\n\n<p>Leia mais: <a href=\"https:\/\/www.em.com.br\/emfoco\/2025\/12\/04\/como-receber-o-vale-gas-do-governo-e-evitar-perder-o-beneficio\/\" target=\"_blank\" rel=\"noreferrer noopener\">Como receber o Vale-G\u00e1s do governo e evitar perder o benef\u00edcio<\/a><\/p>\n\n\n\n<h2 class=\"wp-block-heading\">Como usar o Vale-G\u00e1s de forma pr\u00e1tica<\/h2>\n\n\n\n<p>Com o valor depositado, a fam\u00edlia pode movimentar o benef\u00edcio conforme sua rotina. Muitos revendedores j\u00e1 aceitam pagamento digital, reduzindo a necessidade de saque.<\/p>\n\n\n\n<ul class=\"wp-block-list\">\n<li><strong>Saque em esp\u00e9cie<\/strong> em lot\u00e9ricas, Caixa Aqui ou terminais.<\/li>\n\n\n\n<li><strong>Pagamento de boletos<\/strong> pelo Caixa Tem para reservar o valor do g\u00e1s.<\/li>\n\n\n\n<li><strong>Cart\u00e3o de d\u00e9bito virtual<\/strong> para comprar g\u00e1s em estabelecimentos que aceitam pagamento digital.<\/li>\n<\/ul>\n","protected":false},"excerpt":{"rendered":"<p>O Vale-G\u00e1s segue como apoio importante para fam\u00edlias de baixa renda comprarem o botij\u00e3o de 13 kg. Em 2025, o pagamento continua bimestral e alinhado ao calend\u00e1rio do Bolsa Fam\u00edlia, e d\u00e1 para consultar o Vale-G\u00e1s pelo celular em minutos, o que ajuda no planejamento das contas. O que \u00e9 o Vale-G\u00e1s e quem tem [&hellip;]<\/p>\n","protected":false},"author":20,"featured_media":121415,"comment_status":"open","ping_status":"open","sticky":false,"template":"","format":"standard","meta":{"jnews-multi-image_gallery":[],"jnews_single_post":{"format":"standard"},"jnews_primary_category":[],"jnews_social_meta":[],"jnews_override_counter":[],"footnotes":""},"categories":[28,1],"tags":[12081,2580,4709],"class_list":["post-136428","post","type-post","status-publish","format-standard","has-post-thumbnail","hentry","category-economia","category-noticias","tag-cadastro-unico-2","tag-celular","tag-vale-gas"],"yoast_head":"<!-- This site is optimized with the Yoast SEO plugin v23.8 - https:\/\/yoast.com\/wordpress\/plugins\/seo\/ -->\n<title>Como funciona, quem recebe e quando cai o vale-g\u00e1s - Estado de Minas - Em foco<\/title>\n<meta name=\"description\" content=\"Como funciona, quem recebe e quando cai o vale-g\u00e1s, explicando regras, calend\u00e1rio e crit\u00e9rios para garantir o benef\u00edcio.\" \/>\n<meta name=\"robots\" content=\"index, follow, max-snippet:-1, max-image-preview:large, max-video-preview:-1\" \/>\n<link rel=\"canonical\" href=\"https:\/\/www.em.com.br\/emfoco\/2025\/12\/07\/como-funciona-quem-recebe-e-quando-cai-o-vale-gas\/\" \/>\n<meta property=\"og:locale\" content=\"pt_BR\" \/>\n<meta property=\"og:type\" content=\"article\" \/>\n<meta property=\"og:title\" content=\"Como funciona, quem recebe e quando cai o vale-g\u00e1s - Estado de Minas - Em foco\" \/>\n<meta property=\"og:description\" content=\"Como funciona, quem recebe e quando cai o vale-g\u00e1s, explicando regras, calend\u00e1rio e crit\u00e9rios para garantir o benef\u00edcio.\" \/>\n<meta property=\"og:url\" content=\"https:\/\/www.em.com.br\/emfoco\/2025\/12\/07\/como-funciona-quem-recebe-e-quando-cai-o-vale-gas\/\" \/>\n<meta property=\"og:site_name\" content=\"Estado de Minas - Em foco\" \/>\n<meta property=\"article:published_time\" content=\"2025-12-07T20:25:00+00:00\" \/>\n<meta property=\"article:modified_time\" content=\"2025-12-05T21:21:38+00:00\" \/>\n<meta property=\"og:image\" content=\"https:\/\/www.em.com.br\/emfoco\/wp-content\/uploads\/2025\/10\/gas-de-cozinha_1761107626661.jpg\" \/>\n\t<meta property=\"og:image:width\" content=\"1280\" \/>\n\t<meta property=\"og:image:height\" content=\"720\" \/>\n\t<meta property=\"og:image:type\" content=\"image\/jpeg\" \/>\n<meta name=\"author\" content=\"Ingrid Diniz\" \/>\n<meta name=\"twitter:card\" content=\"summary_large_image\" \/>\n<meta name=\"twitter:label1\" content=\"Escrito por\" \/>\n\t<meta name=\"twitter:data1\" content=\"Ingrid Diniz\" \/>\n\t<meta name=\"twitter:label2\" content=\"Est. tempo de leitura\" \/>\n\t<meta name=\"twitter:data2\" content=\"4 minutos\" \/>\n<!-- \/ Yoast SEO plugin. -->","yoast_head_json":{"title":"Como funciona, quem recebe e quando cai o vale-g\u00e1s - Estado de Minas - Em foco","description":"Como funciona, quem recebe e quando cai o vale-g\u00e1s, explicando regras, calend\u00e1rio e crit\u00e9rios para garantir o benef\u00edcio.","robots":{"index":"index","follow":"follow","max-snippet":"max-snippet:-1","max-image-preview":"max-image-preview:large","max-video-preview":"max-video-preview:-1"},"canonical":"https:\/\/www.em.com.br\/emfoco\/2025\/12\/07\/como-funciona-quem-recebe-e-quando-cai-o-vale-gas\/","og_locale":"pt_BR","og_type":"article","og_title":"Como funciona, quem recebe e quando cai o vale-g\u00e1s - Estado de Minas - Em foco","og_description":"Como funciona, quem recebe e quando cai o vale-g\u00e1s, explicando regras, calend\u00e1rio e crit\u00e9rios para garantir o benef\u00edcio.","og_url":"https:\/\/www.em.com.br\/emfoco\/2025\/12\/07\/como-funciona-quem-recebe-e-quando-cai-o-vale-gas\/","og_site_name":"Estado de Minas - Em foco","article_published_time":"2025-12-07T20:25:00+00:00","article_modified_time":"2025-12-05T21:21:38+00:00","og_image":[{"width":1280,"height":720,"url":"https:\/\/www.em.com.br\/emfoco\/wp-content\/uploads\/2025\/10\/gas-de-cozinha_1761107626661.jpg","type":"image\/jpeg"}],"author":"Ingrid Diniz","twitter_card":"summary_large_image","twitter_misc":{"Escrito por":"Ingrid Diniz","Est. tempo de leitura":"4 minutos"},"schema":{"@context":"https:\/\/schema.org","@graph":[{"@type":"WebPage","@id":"https:\/\/www.em.com.br\/emfoco\/2025\/12\/07\/como-funciona-quem-recebe-e-quando-cai-o-vale-gas\/","url":"https:\/\/www.em.com.br\/emfoco\/2025\/12\/07\/como-funciona-quem-recebe-e-quando-cai-o-vale-gas\/","name":"Como funciona, quem recebe e quando cai o vale-g\u00e1s - Estado de Minas - Em foco","isPartOf":{"@id":"https:\/\/www.em.com.br\/emfoco\/#website"},"primaryImageOfPage":{"@id":"https:\/\/www.em.com.br\/emfoco\/2025\/12\/07\/como-funciona-quem-recebe-e-quando-cai-o-vale-gas\/#primaryimage"},"image":{"@id":"https:\/\/www.em.com.br\/emfoco\/2025\/12\/07\/como-funciona-quem-recebe-e-quando-cai-o-vale-gas\/#primaryimage"},"thumbnailUrl":"https:\/\/www.em.com.br\/emfoco\/wp-content\/uploads\/2025\/10\/gas-de-cozinha_1761107626661.jpg","datePublished":"2025-12-07T20:25:00+00:00","dateModified":"2025-12-05T21:21:38+00:00","author":{"@id":"https:\/\/www.em.com.br\/emfoco\/#\/schema\/person\/649e610b4eb8fff87ff394e54fe17b2b"},"description":"Como funciona, quem recebe e quando cai o vale-g\u00e1s, explicando regras, calend\u00e1rio e crit\u00e9rios para garantir o benef\u00edcio.","breadcrumb":{"@id":"https:\/\/www.em.com.br\/emfoco\/2025\/12\/07\/como-funciona-quem-recebe-e-quando-cai-o-vale-gas\/#breadcrumb"},"inLanguage":"pt-BR","potentialAction":[{"@type":"ReadAction","target":["https:\/\/www.em.com.br\/emfoco\/2025\/12\/07\/como-funciona-quem-recebe-e-quando-cai-o-vale-gas\/"]}]},{"@type":"ImageObject","inLanguage":"pt-BR","@id":"https:\/\/www.em.com.br\/emfoco\/2025\/12\/07\/como-funciona-quem-recebe-e-quando-cai-o-vale-gas\/#primaryimage","url":"https:\/\/www.em.com.br\/emfoco\/wp-content\/uploads\/2025\/10\/gas-de-cozinha_1761107626661.jpg","contentUrl":"https:\/\/www.em.com.br\/emfoco\/wp-content\/uploads\/2025\/10\/gas-de-cozinha_1761107626661.jpg","width":1280,"height":720,"caption":"Mudan\u00e7as no Aux\u00edlio G\u00e1s e impactos para NIS final 6 - Cr\u00e9ditos: depositphotos.com \/ rafapress"},{"@type":"BreadcrumbList","@id":"https:\/\/www.em.com.br\/emfoco\/2025\/12\/07\/como-funciona-quem-recebe-e-quando-cai-o-vale-gas\/#breadcrumb","itemListElement":[{"@type":"ListItem","position":1,"name":"In\u00edcio","item":"https:\/\/www.em.com.br\/emfoco\/"},{"@type":"ListItem","position":2,"name":"Como funciona, quem recebe e quando cai o vale-g\u00e1s"}]},{"@type":"WebSite","@id":"https:\/\/www.em.com.br\/emfoco\/#website","url":"https:\/\/www.em.com.br\/emfoco\/","name":"Estado de Minas - Em foco","description":"Acompanhe as \u00faltimas not\u00edcias e fique bem informado sobre tudo o que acontece em Minas Gerais, Brasil e no mundo.","potentialAction":[{"@type":"SearchAction","target":{"@type":"EntryPoint","urlTemplate":"https:\/\/www.em.com.br\/emfoco\/?s={search_term_string}"},"query-input":{"@type":"PropertyValueSpecification","valueRequired":true,"valueName":"search_term_string"}}],"inLanguage":"pt-BR"},{"@type":"Person","@id":"https:\/\/www.em.com.br\/emfoco\/#\/schema\/person\/649e610b4eb8fff87ff394e54fe17b2b","name":"Ingrid Diniz","image":{"@type":"ImageObject","inLanguage":"pt-BR","@id":"https:\/\/www.em.com.br\/emfoco\/#\/schema\/person\/image\/","url":"https:\/\/secure.gravatar.com\/avatar\/a3baa1449ec5c39b4c42babc9d4f3951?s=96&d=mm&r=g","contentUrl":"https:\/\/secure.gravatar.com\/avatar\/a3baa1449ec5c39b4c42babc9d4f3951?s=96&d=mm&r=g","caption":"Ingrid Diniz"},"sameAs":["https:\/\/www.em.com.br\/"],"url":"https:\/\/www.em.com.br\/emfoco\/author\/ingridmyth\/"}]}},"_links":{"self":[{"href":"https:\/\/www.em.com.br\/emfoco\/wp-json\/wp\/v2\/posts\/136428","targetHints":{"allow":["GET"]}}],"collection":[{"href":"https:\/\/www.em.com.br\/emfoco\/wp-json\/wp\/v2\/posts"}],"about":[{"href":"https:\/\/www.em.com.br\/emfoco\/wp-json\/wp\/v2\/types\/post"}],"author":[{"embeddable":true,"href":"https:\/\/www.em.com.br\/emfoco\/wp-json\/wp\/v2\/users\/20"}],"replies":[{"embeddable":true,"href":"https:\/\/www.em.com.br\/emfoco\/wp-json\/wp\/v2\/comments?post=136428"}],"version-history":[{"count":2,"href":"https:\/\/www.em.com.br\/emfoco\/wp-json\/wp\/v2\/posts\/136428\/revisions"}],"predecessor-version":[{"id":136440,"href":"https:\/\/www.em.com.br\/emfoco\/wp-json\/wp\/v2\/posts\/136428\/revisions\/136440"}],"wp:featuredmedia":[{"embeddable":true,"href":"https:\/\/www.em.com.br\/emfoco\/wp-json\/wp\/v2\/media\/121415"}],"wp:attachment":[{"href":"https:\/\/www.em.com.br\/emfoco\/wp-json\/wp\/v2\/media?parent=136428"}],"wp:term":[{"taxonomy":"category","embeddable":true,"href":"https:\/\/www.em.com.br\/emfoco\/wp-json\/wp\/v2\/categories?post=136428"},{"taxonomy":"post_tag","embeddable":true,"href":"https:\/\/www.em.com.br\/emfoco\/wp-json\/wp\/v2\/tags?post=136428"}],"curies":[{"name":"wp","href":"https:\/\/api.w.org\/{rel}","templated":true}]}}