{"id":136422,"date":"2025-12-08T18:55:00","date_gmt":"2025-12-08T21:55:00","guid":{"rendered":"https:\/\/www.em.com.br\/emfoco\/?p=136422"},"modified":"2025-12-05T19:01:55","modified_gmt":"2025-12-05T22:01:55","slug":"quer-comecar-2026-com-o-visual-em-alta-aposte-no-corte-leve-com-brilho-nas-pontas","status":"publish","type":"post","link":"https:\/\/www.em.com.br\/emfoco\/2025\/12\/08\/quer-comecar-2026-com-o-visual-em-alta-aposte-no-corte-leve-com-brilho-nas-pontas\/","title":{"rendered":"Quer come\u00e7ar 2026 com o visual em alta? Aposte no corte leve com brilho nas pontas"},"content":{"rendered":"\n<p>O ver\u00e3o inspira mudan\u00e7as no visual e, entre tantas tend\u00eancias, o <strong>corte leve com pontas iluminadas<\/strong> virou o queridinho da esta\u00e7\u00e3o por unir frescor, movimento e um brilho natural que transforma qualquer cabelo. Para muitas mulheres, ele \u00e9 o visual perfeito para combinar com sol, vento e dias luminosos.<\/p>\n\n\n\n<h2 class=\"wp-block-heading\">Por que o corte leve domina os sal\u00f5es nesta temporada?<\/h2>\n\n\n\n<p>O charme desse corte est\u00e1 nas <strong>camadas discretas<\/strong>, que tiram peso dos fios sem comprometer o comprimento. O resultado \u00e9 um balan\u00e7o cont\u00ednuo, perfeito para o clima quente, criando a sensa\u00e7\u00e3o de fios mais soltos, arejados e com volume natural.<\/p>\n\n\n\n<p>J\u00e1 as <strong>pontas iluminadas<\/strong> \u2014 feitas com t\u00e9cnicas suaves como iluminura, microbalaiagem ou splashlight \u2014 entregam claridade apenas nas extremidades, simulando o brilho de um cabelo naturalmente beijado pelo sol, sem marcas artificiais ou contrastes pesados.<\/p>\n\n\n\n<figure class=\"wp-block-image size-large\"><img loading=\"lazy\" decoding=\"async\" width=\"1024\" height=\"576\" src=\"https:\/\/www.em.com.br\/emfoco\/wp-content\/uploads\/2025\/12\/IA-IMG-81-1024x576.jpg\" alt=\"Quer come\u00e7ar 2026 com o visual em alta? Aposte no corte leve com brilho nas pontas\" class=\"wp-image-136474\" srcset=\"https:\/\/www.em.com.br\/emfoco\/wp-content\/uploads\/2025\/12\/IA-IMG-81-1024x576.jpg 1024w, https:\/\/www.em.com.br\/emfoco\/wp-content\/uploads\/2025\/12\/IA-IMG-81-300x169.jpg 300w, https:\/\/www.em.com.br\/emfoco\/wp-content\/uploads\/2025\/12\/IA-IMG-81-768x432.jpg 768w, https:\/\/www.em.com.br\/emfoco\/wp-content\/uploads\/2025\/12\/IA-IMG-81-750x422.jpg 750w, https:\/\/www.em.com.br\/emfoco\/wp-content\/uploads\/2025\/12\/IA-IMG-81-1140x641.jpg 1140w, https:\/\/www.em.com.br\/emfoco\/wp-content\/uploads\/2025\/12\/IA-IMG-81.jpg 1280w\" sizes=\"auto, (max-width: 1024px) 100vw, 1024px\" \/><figcaption class=\"wp-element-caption\">As camadas discretas deixam o cabelo leve, solto e naturalmente iluminado<\/figcaption><\/figure>\n\n\n\n<p><em>Leia mais: <strong><a href=\"https:\/\/www.em.com.br\/emfoco\/2025\/12\/05\/corte-voce-mesma-o-cabelo-em-2-minutos-com-passo-a-passo-super-facil-e-rapido\/\" target=\"_blank\" rel=\"noreferrer noopener\">Corte voc\u00ea mesma o cabelo em 2 minutos com passo a passo super f\u00e1cil e r\u00e1pido<\/a><\/strong><\/em><\/p>\n\n\n\n<h2 class=\"wp-block-heading\">Como pedir o corte leve com pontas iluminadas no sal\u00e3o?<\/h2>\n\n\n\n<p>A explica\u00e7\u00e3o ideal no sal\u00e3o \u00e9 pedir <strong>camadas leves e desconectadas<\/strong>, preservando a estrutura dos fios para evitar frizz e mantendo o caimento natural. Entre os pedidos principais que garantem o resultado perfeito est\u00e3o os que voc\u00ea v\u00ea a seguir.<\/p>\n\n\n\n<ul class=\"wp-block-list\">\n<li><strong>Formato das camadas:<\/strong> leves, longas e com desconex\u00e3o suave.<\/li>\n\n\n\n<li><strong>Tonalidade das pontas:<\/strong> dois ou tr\u00eas tons mais claras que a base.<\/li>\n\n\n\n<li><strong>Tipo de mechas:<\/strong> finas, difusas e sem marca\u00e7\u00f5es aparentes.<\/li>\n<\/ul>\n\n\n\n<h2 class=\"wp-block-heading\">Como cuidar do visual no dia a dia para manter o brilho?<\/h2>\n\n\n\n<p>Para preservar o efeito iluminado, \u00e9 indispens\u00e1vel usar <strong>protetor t\u00e9rmico<\/strong> antes de qualquer fonte de calor, j\u00e1 que o sol, o mar e a piscina tendem a ressecar as pontas. Hidrata\u00e7\u00f5es semanais devolvem \u00e1gua aos fios e evitam que o clareado fique opaco.<\/p>\n\n\n\n<p>Finalizadores com <strong>efeito iluminador<\/strong> ajudam a destacar o brilho das pontas, enquanto ondas suaves feitas com difusor ou modelador real\u00e7am ainda mais a leveza do corte, criando aquele visual praiano sofisticado e natural.<\/p>\n\n\n\n<figure class=\"wp-block-image size-large\"><img loading=\"lazy\" decoding=\"async\" width=\"1024\" height=\"576\" src=\"https:\/\/www.em.com.br\/emfoco\/wp-content\/uploads\/2025\/12\/IA-IMG-1-64-1024x576.jpg\" alt=\"Quer come\u00e7ar 2026 com o visual em alta? Aposte no corte leve com brilho nas pontas\" class=\"wp-image-136476\" srcset=\"https:\/\/www.em.com.br\/emfoco\/wp-content\/uploads\/2025\/12\/IA-IMG-1-64-1024x576.jpg 1024w, https:\/\/www.em.com.br\/emfoco\/wp-content\/uploads\/2025\/12\/IA-IMG-1-64-300x169.jpg 300w, https:\/\/www.em.com.br\/emfoco\/wp-content\/uploads\/2025\/12\/IA-IMG-1-64-768x432.jpg 768w, https:\/\/www.em.com.br\/emfoco\/wp-content\/uploads\/2025\/12\/IA-IMG-1-64-750x422.jpg 750w, https:\/\/www.em.com.br\/emfoco\/wp-content\/uploads\/2025\/12\/IA-IMG-1-64-1140x641.jpg 1140w, https:\/\/www.em.com.br\/emfoco\/wp-content\/uploads\/2025\/12\/IA-IMG-1-64.jpg 1280w\" sizes=\"auto, (max-width: 1024px) 100vw, 1024px\" \/><figcaption class=\"wp-element-caption\">Hidrata\u00e7\u00e3o e prote\u00e7\u00e3o t\u00e9rmica preservam o brilho das pontas iluminadas<\/figcaption><\/figure>\n\n\n\n<h2 class=\"wp-block-heading\">Quais cuidados extras prolongam a beleza do corte no ver\u00e3o?<\/h2>\n\n\n\n<p>Alguns h\u00e1bitos simples ajudam a manter as pontas iluminadas sempre bonitas e protegidas, evitando que desbotem r\u00e1pido ou fiquem ressecadas. Entre os cuidados que fazem diferen\u00e7a est\u00e3o os que voc\u00ea v\u00ea a seguir.<\/p>\n\n\n\n<ul class=\"wp-block-list\">\n<li><strong>Prote\u00e7\u00e3o solar:<\/strong> usar produtos com filtro UV em dias de exposi\u00e7\u00e3o intensa.<\/li>\n\n\n\n<li><strong>Hidrata\u00e7\u00e3o refor\u00e7ada:<\/strong> alternar m\u00e1scaras nutritivas e hidratantes.<\/li>\n\n\n\n<li><strong>Lavagens inteligentes:<\/strong> evitar \u00e1gua muito quente para n\u00e3o abrir as cut\u00edculas.<\/li>\n<\/ul>\n\n\n\n<p>O corte leve com pontas iluminadas \u00e9 a escolha perfeita para quem busca frescor, movimento e naturalidade em um \u00fanico visual. Testar essa tend\u00eancia \u00e9 abra\u00e7ar um brilho suave que acompanha cada passo sob o sol \u2014 e renovar o cabelo com a energia leve e radiante do ver\u00e3o.<\/p>\n","protected":false},"excerpt":{"rendered":"<p>O ver\u00e3o inspira mudan\u00e7as no visual e, entre tantas tend\u00eancias, o corte leve com pontas iluminadas virou o queridinho da esta\u00e7\u00e3o por unir frescor, movimento e um brilho natural que transforma qualquer cabelo. Para muitas mulheres, ele \u00e9 o visual perfeito para combinar com sol, vento e dias luminosos. Por que o corte leve domina [&hellip;]<\/p>\n","protected":false},"author":13,"featured_media":136473,"comment_status":"open","ping_status":"open","sticky":false,"template":"","format":"standard","meta":{"jnews-multi-image_gallery":[],"jnews_single_post":{"format":"standard"},"jnews_primary_category":[],"jnews_social_meta":[],"jnews_override_counter":[],"footnotes":""},"categories":[8819],"tags":[18112,19922,19923],"class_list":["post-136422","post","type-post","status-publish","format-standard","has-post-thumbnail","hentry","category-curiosidades","tag-corte-de-cabelo-feminino","tag-cortes-para-o-verao","tag-tendencia-de-cortes-de-cabelo"],"yoast_head":"<!-- This site is optimized with the Yoast SEO plugin v23.8 - https:\/\/yoast.com\/wordpress\/plugins\/seo\/ -->\n<title>Quer come\u00e7ar 2026 com o visual em alta? Aposte no corte leve com brilho nas pontas - Estado de Minas - Em foco<\/title>\n<meta name=\"description\" content=\"O corte leve com pontas iluminadas traz balan\u00e7o natural e brilho de sol para os fios, perfeito para enfrentar o ver\u00e3o com frescor e estilo.\" \/>\n<meta name=\"robots\" content=\"index, follow, max-snippet:-1, max-image-preview:large, max-video-preview:-1\" \/>\n<link rel=\"canonical\" href=\"https:\/\/www.em.com.br\/emfoco\/2025\/12\/08\/quer-comecar-2026-com-o-visual-em-alta-aposte-no-corte-leve-com-brilho-nas-pontas\/\" \/>\n<meta property=\"og:locale\" content=\"pt_BR\" \/>\n<meta property=\"og:type\" content=\"article\" \/>\n<meta property=\"og:title\" content=\"Quer come\u00e7ar 2026 com o visual em alta? Aposte no corte leve com brilho nas pontas - Estado de Minas - Em foco\" \/>\n<meta property=\"og:description\" content=\"O corte leve com pontas iluminadas traz balan\u00e7o natural e brilho de sol para os fios, perfeito para enfrentar o ver\u00e3o com frescor e estilo.\" \/>\n<meta property=\"og:url\" content=\"https:\/\/www.em.com.br\/emfoco\/2025\/12\/08\/quer-comecar-2026-com-o-visual-em-alta-aposte-no-corte-leve-com-brilho-nas-pontas\/\" \/>\n<meta property=\"og:site_name\" content=\"Estado de Minas - Em foco\" \/>\n<meta property=\"article:published_time\" content=\"2025-12-08T21:55:00+00:00\" \/>\n<meta property=\"article:modified_time\" content=\"2025-12-05T22:01:55+00:00\" \/>\n<meta property=\"og:image\" content=\"https:\/\/www.em.com.br\/emfoco\/wp-content\/uploads\/2025\/12\/IA-IMG-6-1.jpg\" \/>\n\t<meta property=\"og:image:width\" content=\"1280\" \/>\n\t<meta property=\"og:image:height\" content=\"720\" \/>\n\t<meta property=\"og:image:type\" content=\"image\/jpeg\" \/>\n<meta name=\"author\" content=\"Gabriel Martins\" \/>\n<meta name=\"twitter:card\" content=\"summary_large_image\" \/>\n<meta name=\"twitter:label1\" content=\"Escrito por\" \/>\n\t<meta name=\"twitter:data1\" content=\"Gabriel Martins\" \/>\n\t<meta name=\"twitter:label2\" content=\"Est. tempo de leitura\" \/>\n\t<meta name=\"twitter:data2\" content=\"4 minutos\" \/>\n<!-- \/ Yoast SEO plugin. -->","yoast_head_json":{"title":"Quer come\u00e7ar 2026 com o visual em alta? Aposte no corte leve com brilho nas pontas - Estado de Minas - Em foco","description":"O corte leve com pontas iluminadas traz balan\u00e7o natural e brilho de sol para os fios, perfeito para enfrentar o ver\u00e3o com frescor e estilo.","robots":{"index":"index","follow":"follow","max-snippet":"max-snippet:-1","max-image-preview":"max-image-preview:large","max-video-preview":"max-video-preview:-1"},"canonical":"https:\/\/www.em.com.br\/emfoco\/2025\/12\/08\/quer-comecar-2026-com-o-visual-em-alta-aposte-no-corte-leve-com-brilho-nas-pontas\/","og_locale":"pt_BR","og_type":"article","og_title":"Quer come\u00e7ar 2026 com o visual em alta? Aposte no corte leve com brilho nas pontas - Estado de Minas - Em foco","og_description":"O corte leve com pontas iluminadas traz balan\u00e7o natural e brilho de sol para os fios, perfeito para enfrentar o ver\u00e3o com frescor e estilo.","og_url":"https:\/\/www.em.com.br\/emfoco\/2025\/12\/08\/quer-comecar-2026-com-o-visual-em-alta-aposte-no-corte-leve-com-brilho-nas-pontas\/","og_site_name":"Estado de Minas - Em foco","article_published_time":"2025-12-08T21:55:00+00:00","article_modified_time":"2025-12-05T22:01:55+00:00","og_image":[{"width":1280,"height":720,"url":"https:\/\/www.em.com.br\/emfoco\/wp-content\/uploads\/2025\/12\/IA-IMG-6-1.jpg","type":"image\/jpeg"}],"author":"Gabriel Martins","twitter_card":"summary_large_image","twitter_misc":{"Escrito por":"Gabriel Martins","Est. tempo de leitura":"4 minutos"},"schema":{"@context":"https:\/\/schema.org","@graph":[{"@type":"WebPage","@id":"https:\/\/www.em.com.br\/emfoco\/2025\/12\/08\/quer-comecar-2026-com-o-visual-em-alta-aposte-no-corte-leve-com-brilho-nas-pontas\/","url":"https:\/\/www.em.com.br\/emfoco\/2025\/12\/08\/quer-comecar-2026-com-o-visual-em-alta-aposte-no-corte-leve-com-brilho-nas-pontas\/","name":"Quer come\u00e7ar 2026 com o visual em alta? Aposte no corte leve com brilho nas pontas - Estado de Minas - Em foco","isPartOf":{"@id":"https:\/\/www.em.com.br\/emfoco\/#website"},"primaryImageOfPage":{"@id":"https:\/\/www.em.com.br\/emfoco\/2025\/12\/08\/quer-comecar-2026-com-o-visual-em-alta-aposte-no-corte-leve-com-brilho-nas-pontas\/#primaryimage"},"image":{"@id":"https:\/\/www.em.com.br\/emfoco\/2025\/12\/08\/quer-comecar-2026-com-o-visual-em-alta-aposte-no-corte-leve-com-brilho-nas-pontas\/#primaryimage"},"thumbnailUrl":"https:\/\/www.em.com.br\/emfoco\/wp-content\/uploads\/2025\/12\/IA-IMG-6-1.jpg","datePublished":"2025-12-08T21:55:00+00:00","dateModified":"2025-12-05T22:01:55+00:00","author":{"@id":"https:\/\/www.em.com.br\/emfoco\/#\/schema\/person\/1c9ddeab18b98abeffef834667bcf08a"},"description":"O corte leve com pontas iluminadas traz balan\u00e7o natural e brilho de sol para os fios, perfeito para enfrentar o ver\u00e3o com frescor e estilo.","breadcrumb":{"@id":"https:\/\/www.em.com.br\/emfoco\/2025\/12\/08\/quer-comecar-2026-com-o-visual-em-alta-aposte-no-corte-leve-com-brilho-nas-pontas\/#breadcrumb"},"inLanguage":"pt-BR","potentialAction":[{"@type":"ReadAction","target":["https:\/\/www.em.com.br\/emfoco\/2025\/12\/08\/quer-comecar-2026-com-o-visual-em-alta-aposte-no-corte-leve-com-brilho-nas-pontas\/"]}]},{"@type":"ImageObject","inLanguage":"pt-BR","@id":"https:\/\/www.em.com.br\/emfoco\/2025\/12\/08\/quer-comecar-2026-com-o-visual-em-alta-aposte-no-corte-leve-com-brilho-nas-pontas\/#primaryimage","url":"https:\/\/www.em.com.br\/emfoco\/wp-content\/uploads\/2025\/12\/IA-IMG-6-1.jpg","contentUrl":"https:\/\/www.em.com.br\/emfoco\/wp-content\/uploads\/2025\/12\/IA-IMG-6-1.jpg","width":1280,"height":720,"caption":"O corte leve com pontas iluminadas cria movimento, frescor e brilho natural no ver\u00e3o"},{"@type":"BreadcrumbList","@id":"https:\/\/www.em.com.br\/emfoco\/2025\/12\/08\/quer-comecar-2026-com-o-visual-em-alta-aposte-no-corte-leve-com-brilho-nas-pontas\/#breadcrumb","itemListElement":[{"@type":"ListItem","position":1,"name":"In\u00edcio","item":"https:\/\/www.em.com.br\/emfoco\/"},{"@type":"ListItem","position":2,"name":"Quer come\u00e7ar 2026 com o visual em alta? Aposte no corte leve com brilho nas pontas"}]},{"@type":"WebSite","@id":"https:\/\/www.em.com.br\/emfoco\/#website","url":"https:\/\/www.em.com.br\/emfoco\/","name":"Estado de Minas - Em foco","description":"Acompanhe as \u00faltimas not\u00edcias e fique bem informado sobre tudo o que acontece em Minas Gerais, Brasil e no mundo.","potentialAction":[{"@type":"SearchAction","target":{"@type":"EntryPoint","urlTemplate":"https:\/\/www.em.com.br\/emfoco\/?s={search_term_string}"},"query-input":{"@type":"PropertyValueSpecification","valueRequired":true,"valueName":"search_term_string"}}],"inLanguage":"pt-BR"},{"@type":"Person","@id":"https:\/\/www.em.com.br\/emfoco\/#\/schema\/person\/1c9ddeab18b98abeffef834667bcf08a","name":"Gabriel Martins","image":{"@type":"ImageObject","inLanguage":"pt-BR","@id":"https:\/\/www.em.com.br\/emfoco\/#\/schema\/person\/image\/","url":"https:\/\/secure.gravatar.com\/avatar\/f0f1e2efdfd88f1ad2cb08c5c2731e50?s=96&d=mm&r=g","contentUrl":"https:\/\/secure.gravatar.com\/avatar\/f0f1e2efdfd88f1ad2cb08c5c2731e50?s=96&d=mm&r=g","caption":"Gabriel Martins"},"sameAs":["https:\/\/www.em.com.br\/emfoco\/"],"url":"https:\/\/www.em.com.br\/emfoco\/author\/gabrielmartinsmyth\/"}]}},"_links":{"self":[{"href":"https:\/\/www.em.com.br\/emfoco\/wp-json\/wp\/v2\/posts\/136422","targetHints":{"allow":["GET"]}}],"collection":[{"href":"https:\/\/www.em.com.br\/emfoco\/wp-json\/wp\/v2\/posts"}],"about":[{"href":"https:\/\/www.em.com.br\/emfoco\/wp-json\/wp\/v2\/types\/post"}],"author":[{"embeddable":true,"href":"https:\/\/www.em.com.br\/emfoco\/wp-json\/wp\/v2\/users\/13"}],"replies":[{"embeddable":true,"href":"https:\/\/www.em.com.br\/emfoco\/wp-json\/wp\/v2\/comments?post=136422"}],"version-history":[{"count":1,"href":"https:\/\/www.em.com.br\/emfoco\/wp-json\/wp\/v2\/posts\/136422\/revisions"}],"predecessor-version":[{"id":136477,"href":"https:\/\/www.em.com.br\/emfoco\/wp-json\/wp\/v2\/posts\/136422\/revisions\/136477"}],"wp:featuredmedia":[{"embeddable":true,"href":"https:\/\/www.em.com.br\/emfoco\/wp-json\/wp\/v2\/media\/136473"}],"wp:attachment":[{"href":"https:\/\/www.em.com.br\/emfoco\/wp-json\/wp\/v2\/media?parent=136422"}],"wp:term":[{"taxonomy":"category","embeddable":true,"href":"https:\/\/www.em.com.br\/emfoco\/wp-json\/wp\/v2\/categories?post=136422"},{"taxonomy":"post_tag","embeddable":true,"href":"https:\/\/www.em.com.br\/emfoco\/wp-json\/wp\/v2\/tags?post=136422"}],"curies":[{"name":"wp","href":"https:\/\/api.w.org\/{rel}","templated":true}]}}