{"id":136419,"date":"2025-12-08T17:25:00","date_gmt":"2025-12-08T20:25:00","guid":{"rendered":"https:\/\/www.em.com.br\/emfoco\/?p=136419"},"modified":"2025-12-05T18:43:06","modified_gmt":"2025-12-05T21:43:06","slug":"enquanto-outras-ervas-sofrem-no-verao-essa-floresce-com-muita-saude-e-ainda-cura","status":"publish","type":"post","link":"https:\/\/www.em.com.br\/emfoco\/2025\/12\/08\/enquanto-outras-ervas-sofrem-no-verao-essa-floresce-com-muita-saude-e-ainda-cura\/","title":{"rendered":"Enquanto outras ervas sofrem no ver\u00e3o, essa floresce com muita sa\u00fade e ainda cura"},"content":{"rendered":"\n<p>Muita gente evita plantar ervas no calor intenso, mas o <strong>boldo<\/strong> faz exatamente o contr\u00e1rio: cresce mais r\u00e1pido, fica mais arom\u00e1tico e desenvolve folhas medicinais ainda mais fortes no ver\u00e3o. \u00c9 nesse clima quente que a planta revela seu maior potencial terap\u00eautico.<\/p>\n\n\n\n<h2 class=\"wp-block-heading\">Por que o boldo fica mais forte quando \u00e9 cultivado no ver\u00e3o?<\/h2>\n\n\n\n<p>O boldo-da-terra adora temperaturas altas porque suas folhas <strong>carnudas armazenam \u00e1gua<\/strong> e se adaptam bem ao calor. Com mais luz e energia dispon\u00edvel, a planta intensifica a fotoss\u00edntese e produz folhas maiores, resistentes e cheias de aroma natural.<\/p>\n\n\n\n<p>Nessa esta\u00e7\u00e3o, o boldo aumenta a concentra\u00e7\u00e3o de <strong>boldina e \u00f3leos essenciais<\/strong>, compostos que ajudam na digest\u00e3o, aliviam enjoos, reduzem inflama\u00e7\u00f5es hep\u00e1ticas e equilibram o est\u00f4mago. Ou seja, quanto mais calor, mais potentes ficam suas propriedades medicinais.<\/p>\n\n\n\n<figure class=\"wp-block-image size-large\"><img loading=\"lazy\" decoding=\"async\" width=\"1024\" height=\"576\" src=\"https:\/\/www.em.com.br\/emfoco\/wp-content\/uploads\/2025\/12\/IA-IMG-1-62-1024x576.jpg\" alt=\"Enquanto outras ervas sofrem no ver\u00e3o, essa floresce com muita sa\u00fade e ainda cura\" class=\"wp-image-136444\" srcset=\"https:\/\/www.em.com.br\/emfoco\/wp-content\/uploads\/2025\/12\/IA-IMG-1-62-1024x576.jpg 1024w, https:\/\/www.em.com.br\/emfoco\/wp-content\/uploads\/2025\/12\/IA-IMG-1-62-300x169.jpg 300w, https:\/\/www.em.com.br\/emfoco\/wp-content\/uploads\/2025\/12\/IA-IMG-1-62-768x432.jpg 768w, https:\/\/www.em.com.br\/emfoco\/wp-content\/uploads\/2025\/12\/IA-IMG-1-62-750x422.jpg 750w, https:\/\/www.em.com.br\/emfoco\/wp-content\/uploads\/2025\/12\/IA-IMG-1-62-1140x641.jpg 1140w, https:\/\/www.em.com.br\/emfoco\/wp-content\/uploads\/2025\/12\/IA-IMG-1-62.jpg 1280w\" sizes=\"auto, (max-width: 1024px) 100vw, 1024px\" \/><figcaption class=\"wp-element-caption\">O calor aumenta a boldina e fortalece naturalmente as folhas medicinais<\/figcaption><\/figure>\n\n\n\n<p><em>Leia mais: <strong><a href=\"https:\/\/www.em.com.br\/emfoco\/2025\/12\/03\/essas-ervas-resistem-ao-sol-forte-e-transformam-qualquer-canto-quente-em-horta\/\" target=\"_blank\" rel=\"noreferrer noopener\">Essas ervas resistem ao sol forte e transformam qualquer canto quente em horta<\/a><\/strong><\/em><\/p>\n\n\n\n<h2 class=\"wp-block-heading\">Como plantar boldo no calor para garantir folhas mais arom\u00e1ticas?<\/h2>\n\n\n\n<p>Para aproveitar o melhor do ver\u00e3o, \u00e9 essencial escolher vasos m\u00e9dios ou plantar direto no solo usando um substrato leve, j\u00e1 que o boldo precisa de <strong>drenagem eficiente<\/strong> e espa\u00e7o para expandir seus galhos laterais. Entre os cuidados essenciais est\u00e3o os que voc\u00ea v\u00ea a seguir.<\/p>\n\n\n\n<ul class=\"wp-block-list\">\n<li><strong>Luminosidade:<\/strong> sol direto por algumas horas ou meia-sombra bem iluminada.<\/li>\n\n\n\n<li><strong>Regas moderadas:<\/strong> apenas quando o solo estiver seco.<\/li>\n\n\n\n<li><strong>Propaga\u00e7\u00e3o r\u00e1pida:<\/strong> estacas enra\u00edzam facilmente durante o ver\u00e3o.<\/li>\n<\/ul>\n\n\n\n<h2 class=\"wp-block-heading\">Quais cuidados evitam que o boldo sofra com o excesso de calor?<\/h2>\n\n\n\n<p>Apesar de gostar de altas temperaturas, o boldo \u00e9 sens\u00edvel ao <strong>encharcamento<\/strong>, que causa apodrecimento das ra\u00edzes. Por isso, o ideal \u00e9 manter o solo arejado e usar uma camada fina de cobertura vegetal para equilibrar a temperatura sem reter \u00e1gua em excesso.<\/p>\n\n\n\n<p>Podas leves ao longo do ver\u00e3o estimulam folhas jovens e mais concentradas em princ\u00edpios medicinais, ideais para ch\u00e1s. Al\u00e9m disso, a <strong>colheita matinal<\/strong> preserva melhor os \u00f3leos essenciais, garantindo sabor e efic\u00e1cia superiores.<\/p>\n\n\n\n<figure class=\"wp-block-image size-large\"><img loading=\"lazy\" decoding=\"async\" width=\"1024\" height=\"576\" src=\"https:\/\/www.em.com.br\/emfoco\/wp-content\/uploads\/2025\/12\/Cuidando-da-horta_1764970943657-1024x576.jpg\" alt=\"Enquanto outras ervas sofrem no ver\u00e3o, essa floresce com muita sa\u00fade e ainda cura\" class=\"wp-image-136446\" srcset=\"https:\/\/www.em.com.br\/emfoco\/wp-content\/uploads\/2025\/12\/Cuidando-da-horta_1764970943657-1024x576.jpg 1024w, https:\/\/www.em.com.br\/emfoco\/wp-content\/uploads\/2025\/12\/Cuidando-da-horta_1764970943657-300x169.jpg 300w, https:\/\/www.em.com.br\/emfoco\/wp-content\/uploads\/2025\/12\/Cuidando-da-horta_1764970943657-768x432.jpg 768w, https:\/\/www.em.com.br\/emfoco\/wp-content\/uploads\/2025\/12\/Cuidando-da-horta_1764970943657-750x422.jpg 750w, https:\/\/www.em.com.br\/emfoco\/wp-content\/uploads\/2025\/12\/Cuidando-da-horta_1764970943657-1140x641.jpg 1140w, https:\/\/www.em.com.br\/emfoco\/wp-content\/uploads\/2025\/12\/Cuidando-da-horta_1764970943657.jpg 1280w\" sizes=\"auto, (max-width: 1024px) 100vw, 1024px\" \/><figcaption class=\"wp-element-caption\">Solo arejado e podas leves protegem a planta do calor extremo &#8211; Cr\u00e9ditos: depositphotos.com \/ AllaSerebrina<\/figcaption><\/figure>\n\n\n\n<h2 class=\"wp-block-heading\">Quais pr\u00e1ticas deixam o boldo ainda mais produtivo no calor?<\/h2>\n\n\n\n<p>O ver\u00e3o \u00e9 o momento ideal para multiplicar, fortalecer e intensificar o aroma do boldo. Entre os h\u00e1bitos que potencializam o desenvolvimento da planta est\u00e3o os que voc\u00ea v\u00ea a seguir.<\/p>\n\n\n\n<ul class=\"wp-block-list\">\n<li><strong>Solo leve:<\/strong> melhora a oxigena\u00e7\u00e3o e acelera o crescimento.<\/li>\n\n\n\n<li><strong>Podas frequentes:<\/strong> estimulam brotos mais jovens e medicinais.<\/li>\n\n\n\n<li><strong>Estacas no calor:<\/strong> aumentam o enraizamento e produzem novas mudas.<\/li>\n<\/ul>\n\n\n\n<p>Plantar boldo no ver\u00e3o \u00e9 transformar o calor em um aliado poderoso da sa\u00fade: com cuidados simples, voc\u00ea colhe folhas mais fortes, arom\u00e1ticas e terap\u00eauticas. Experimente hoje mesmo e sinta como um \u00fanico cultivo pode renovar seu estoque natural de bem-estar.<\/p>\n","protected":false},"excerpt":{"rendered":"<p>Muita gente evita plantar ervas no calor intenso, mas o boldo faz exatamente o contr\u00e1rio: cresce mais r\u00e1pido, fica mais arom\u00e1tico e desenvolve folhas medicinais ainda mais fortes no ver\u00e3o. \u00c9 nesse clima quente que a planta revela seu maior potencial terap\u00eautico. Por que o boldo fica mais forte quando \u00e9 cultivado no ver\u00e3o? O [&hellip;]<\/p>\n","protected":false},"author":13,"featured_media":136443,"comment_status":"open","ping_status":"open","sticky":false,"template":"","format":"standard","meta":{"jnews-multi-image_gallery":[],"jnews_single_post":{"format":"standard"},"jnews_primary_category":[],"jnews_social_meta":[],"jnews_override_counter":[],"footnotes":""},"categories":[8819],"tags":[3358,13139,8659],"class_list":["post-136419","post","type-post","status-publish","format-standard","has-post-thumbnail","hentry","category-curiosidades","tag-jardinagem","tag-jardinagem-para-iniciantes","tag-plantar-boldo"],"yoast_head":"<!-- This site is optimized with the Yoast SEO plugin v23.8 - https:\/\/yoast.com\/wordpress\/plugins\/seo\/ -->\n<title>Enquanto outras ervas sofrem no ver\u00e3o, essa floresce com muita sa\u00fade e ainda cura - Estado de Minas - Em foco<\/title>\n<meta name=\"description\" content=\"Calor n\u00e3o atrapalha o boldo, ajuda. Aprenda a cultivar no ver\u00e3o e colha folhas mais arom\u00e1ticas, grandes e medicinais.\" \/>\n<meta name=\"robots\" content=\"index, follow, max-snippet:-1, max-image-preview:large, max-video-preview:-1\" \/>\n<link rel=\"canonical\" href=\"https:\/\/www.em.com.br\/emfoco\/2025\/12\/08\/enquanto-outras-ervas-sofrem-no-verao-essa-floresce-com-muita-saude-e-ainda-cura\/\" \/>\n<meta property=\"og:locale\" content=\"pt_BR\" \/>\n<meta property=\"og:type\" content=\"article\" \/>\n<meta property=\"og:title\" content=\"Enquanto outras ervas sofrem no ver\u00e3o, essa floresce com muita sa\u00fade e ainda cura - Estado de Minas - Em foco\" \/>\n<meta property=\"og:description\" content=\"Calor n\u00e3o atrapalha o boldo, ajuda. Aprenda a cultivar no ver\u00e3o e colha folhas mais arom\u00e1ticas, grandes e medicinais.\" \/>\n<meta property=\"og:url\" content=\"https:\/\/www.em.com.br\/emfoco\/2025\/12\/08\/enquanto-outras-ervas-sofrem-no-verao-essa-floresce-com-muita-saude-e-ainda-cura\/\" \/>\n<meta property=\"og:site_name\" content=\"Estado de Minas - Em foco\" \/>\n<meta property=\"article:published_time\" content=\"2025-12-08T20:25:00+00:00\" \/>\n<meta property=\"article:modified_time\" content=\"2025-12-05T21:43:06+00:00\" \/>\n<meta property=\"og:image\" content=\"https:\/\/www.em.com.br\/emfoco\/wp-content\/uploads\/2025\/12\/IA-IMG-79.jpg\" \/>\n\t<meta property=\"og:image:width\" content=\"1280\" \/>\n\t<meta property=\"og:image:height\" content=\"720\" \/>\n\t<meta property=\"og:image:type\" content=\"image\/jpeg\" \/>\n<meta name=\"author\" content=\"Gabriel Martins\" \/>\n<meta name=\"twitter:card\" content=\"summary_large_image\" \/>\n<meta name=\"twitter:label1\" content=\"Escrito por\" \/>\n\t<meta name=\"twitter:data1\" content=\"Gabriel Martins\" \/>\n\t<meta name=\"twitter:label2\" content=\"Est. tempo de leitura\" \/>\n\t<meta name=\"twitter:data2\" content=\"4 minutos\" \/>\n<!-- \/ Yoast SEO plugin. -->","yoast_head_json":{"title":"Enquanto outras ervas sofrem no ver\u00e3o, essa floresce com muita sa\u00fade e ainda cura - Estado de Minas - Em foco","description":"Calor n\u00e3o atrapalha o boldo, ajuda. Aprenda a cultivar no ver\u00e3o e colha folhas mais arom\u00e1ticas, grandes e medicinais.","robots":{"index":"index","follow":"follow","max-snippet":"max-snippet:-1","max-image-preview":"max-image-preview:large","max-video-preview":"max-video-preview:-1"},"canonical":"https:\/\/www.em.com.br\/emfoco\/2025\/12\/08\/enquanto-outras-ervas-sofrem-no-verao-essa-floresce-com-muita-saude-e-ainda-cura\/","og_locale":"pt_BR","og_type":"article","og_title":"Enquanto outras ervas sofrem no ver\u00e3o, essa floresce com muita sa\u00fade e ainda cura - Estado de Minas - Em foco","og_description":"Calor n\u00e3o atrapalha o boldo, ajuda. Aprenda a cultivar no ver\u00e3o e colha folhas mais arom\u00e1ticas, grandes e medicinais.","og_url":"https:\/\/www.em.com.br\/emfoco\/2025\/12\/08\/enquanto-outras-ervas-sofrem-no-verao-essa-floresce-com-muita-saude-e-ainda-cura\/","og_site_name":"Estado de Minas - Em foco","article_published_time":"2025-12-08T20:25:00+00:00","article_modified_time":"2025-12-05T21:43:06+00:00","og_image":[{"width":1280,"height":720,"url":"https:\/\/www.em.com.br\/emfoco\/wp-content\/uploads\/2025\/12\/IA-IMG-79.jpg","type":"image\/jpeg"}],"author":"Gabriel Martins","twitter_card":"summary_large_image","twitter_misc":{"Escrito por":"Gabriel Martins","Est. tempo de leitura":"4 minutos"},"schema":{"@context":"https:\/\/schema.org","@graph":[{"@type":"WebPage","@id":"https:\/\/www.em.com.br\/emfoco\/2025\/12\/08\/enquanto-outras-ervas-sofrem-no-verao-essa-floresce-com-muita-saude-e-ainda-cura\/","url":"https:\/\/www.em.com.br\/emfoco\/2025\/12\/08\/enquanto-outras-ervas-sofrem-no-verao-essa-floresce-com-muita-saude-e-ainda-cura\/","name":"Enquanto outras ervas sofrem no ver\u00e3o, essa floresce com muita sa\u00fade e ainda cura - Estado de Minas - Em foco","isPartOf":{"@id":"https:\/\/www.em.com.br\/emfoco\/#website"},"primaryImageOfPage":{"@id":"https:\/\/www.em.com.br\/emfoco\/2025\/12\/08\/enquanto-outras-ervas-sofrem-no-verao-essa-floresce-com-muita-saude-e-ainda-cura\/#primaryimage"},"image":{"@id":"https:\/\/www.em.com.br\/emfoco\/2025\/12\/08\/enquanto-outras-ervas-sofrem-no-verao-essa-floresce-com-muita-saude-e-ainda-cura\/#primaryimage"},"thumbnailUrl":"https:\/\/www.em.com.br\/emfoco\/wp-content\/uploads\/2025\/12\/IA-IMG-79.jpg","datePublished":"2025-12-08T20:25:00+00:00","dateModified":"2025-12-05T21:43:06+00:00","author":{"@id":"https:\/\/www.em.com.br\/emfoco\/#\/schema\/person\/1c9ddeab18b98abeffef834667bcf08a"},"description":"Calor n\u00e3o atrapalha o boldo, ajuda. Aprenda a cultivar no ver\u00e3o e colha folhas mais arom\u00e1ticas, grandes e medicinais.","breadcrumb":{"@id":"https:\/\/www.em.com.br\/emfoco\/2025\/12\/08\/enquanto-outras-ervas-sofrem-no-verao-essa-floresce-com-muita-saude-e-ainda-cura\/#breadcrumb"},"inLanguage":"pt-BR","potentialAction":[{"@type":"ReadAction","target":["https:\/\/www.em.com.br\/emfoco\/2025\/12\/08\/enquanto-outras-ervas-sofrem-no-verao-essa-floresce-com-muita-saude-e-ainda-cura\/"]}]},{"@type":"ImageObject","inLanguage":"pt-BR","@id":"https:\/\/www.em.com.br\/emfoco\/2025\/12\/08\/enquanto-outras-ervas-sofrem-no-verao-essa-floresce-com-muita-saude-e-ainda-cura\/#primaryimage","url":"https:\/\/www.em.com.br\/emfoco\/wp-content\/uploads\/2025\/12\/IA-IMG-79.jpg","contentUrl":"https:\/\/www.em.com.br\/emfoco\/wp-content\/uploads\/2025\/12\/IA-IMG-79.jpg","width":1280,"height":720,"caption":"O boldo cresce mais forte no ver\u00e3o e intensifica propriedades medicinais"},{"@type":"BreadcrumbList","@id":"https:\/\/www.em.com.br\/emfoco\/2025\/12\/08\/enquanto-outras-ervas-sofrem-no-verao-essa-floresce-com-muita-saude-e-ainda-cura\/#breadcrumb","itemListElement":[{"@type":"ListItem","position":1,"name":"In\u00edcio","item":"https:\/\/www.em.com.br\/emfoco\/"},{"@type":"ListItem","position":2,"name":"Enquanto outras ervas sofrem no ver\u00e3o, essa floresce com muita sa\u00fade e ainda cura"}]},{"@type":"WebSite","@id":"https:\/\/www.em.com.br\/emfoco\/#website","url":"https:\/\/www.em.com.br\/emfoco\/","name":"Estado de Minas - Em foco","description":"Acompanhe as \u00faltimas not\u00edcias e fique bem informado sobre tudo o que acontece em Minas Gerais, Brasil e no mundo.","potentialAction":[{"@type":"SearchAction","target":{"@type":"EntryPoint","urlTemplate":"https:\/\/www.em.com.br\/emfoco\/?s={search_term_string}"},"query-input":{"@type":"PropertyValueSpecification","valueRequired":true,"valueName":"search_term_string"}}],"inLanguage":"pt-BR"},{"@type":"Person","@id":"https:\/\/www.em.com.br\/emfoco\/#\/schema\/person\/1c9ddeab18b98abeffef834667bcf08a","name":"Gabriel Martins","image":{"@type":"ImageObject","inLanguage":"pt-BR","@id":"https:\/\/www.em.com.br\/emfoco\/#\/schema\/person\/image\/","url":"https:\/\/secure.gravatar.com\/avatar\/f0f1e2efdfd88f1ad2cb08c5c2731e50?s=96&d=mm&r=g","contentUrl":"https:\/\/secure.gravatar.com\/avatar\/f0f1e2efdfd88f1ad2cb08c5c2731e50?s=96&d=mm&r=g","caption":"Gabriel Martins"},"sameAs":["https:\/\/www.em.com.br\/emfoco\/"],"url":"https:\/\/www.em.com.br\/emfoco\/author\/gabrielmartinsmyth\/"}]}},"_links":{"self":[{"href":"https:\/\/www.em.com.br\/emfoco\/wp-json\/wp\/v2\/posts\/136419","targetHints":{"allow":["GET"]}}],"collection":[{"href":"https:\/\/www.em.com.br\/emfoco\/wp-json\/wp\/v2\/posts"}],"about":[{"href":"https:\/\/www.em.com.br\/emfoco\/wp-json\/wp\/v2\/types\/post"}],"author":[{"embeddable":true,"href":"https:\/\/www.em.com.br\/emfoco\/wp-json\/wp\/v2\/users\/13"}],"replies":[{"embeddable":true,"href":"https:\/\/www.em.com.br\/emfoco\/wp-json\/wp\/v2\/comments?post=136419"}],"version-history":[{"count":2,"href":"https:\/\/www.em.com.br\/emfoco\/wp-json\/wp\/v2\/posts\/136419\/revisions"}],"predecessor-version":[{"id":136448,"href":"https:\/\/www.em.com.br\/emfoco\/wp-json\/wp\/v2\/posts\/136419\/revisions\/136448"}],"wp:featuredmedia":[{"embeddable":true,"href":"https:\/\/www.em.com.br\/emfoco\/wp-json\/wp\/v2\/media\/136443"}],"wp:attachment":[{"href":"https:\/\/www.em.com.br\/emfoco\/wp-json\/wp\/v2\/media?parent=136419"}],"wp:term":[{"taxonomy":"category","embeddable":true,"href":"https:\/\/www.em.com.br\/emfoco\/wp-json\/wp\/v2\/categories?post=136419"},{"taxonomy":"post_tag","embeddable":true,"href":"https:\/\/www.em.com.br\/emfoco\/wp-json\/wp\/v2\/tags?post=136419"}],"curies":[{"name":"wp","href":"https:\/\/api.w.org\/{rel}","templated":true}]}}