{"id":136216,"date":"2025-12-06T13:45:00","date_gmt":"2025-12-06T16:45:00","guid":{"rendered":"https:\/\/www.em.com.br\/emfoco\/?p=136216"},"modified":"2025-12-05T20:25:38","modified_gmt":"2025-12-05T23:25:38","slug":"2026-sera-de-volta-ao-escritorio-nubank-muda-regra-de-trabalho-e-alerta-funcionarios","status":"publish","type":"post","link":"https:\/\/www.em.com.br\/emfoco\/2025\/12\/06\/2026-sera-de-volta-ao-escritorio-nubank-muda-regra-de-trabalho-e-alerta-funcionarios\/","title":{"rendered":"2026 ser\u00e1 de volta ao escrit\u00f3rio? Nubank muda regra de trabalho e alerta funcion\u00e1rios"},"content":{"rendered":"\n<p>O an\u00fancio do Nubank sobre a mudan\u00e7a para um modelo de trabalho h\u00edbrido gerou muitas d\u00favidas entre funcion\u00e1rios e profissionais de tecnologia. A partir do segundo semestre de 2026, o banco digital passar\u00e1 a exigir presen\u00e7a f\u00edsica nos escrit\u00f3rios em parte da semana, rompendo com a rotina predominantemente remota e investindo na expans\u00e3o de sua infraestrutura em diferentes pa\u00edses.<\/p>\n\n\n\n<h2 class=\"wp-block-heading\">O que \u00e9 o trabalho h\u00edbrido no Nubank e como vai funcionar<\/h2>\n\n\n\n<p>A express\u00e3o\u00a0<strong>trabalho h\u00edbrido no <\/strong><a href=\"https:\/\/nubank.com.br\/\" target=\"_blank\" rel=\"noreferrer noopener\"><strong>Nubank<\/strong>\u00a0<\/a>refere-se \u00e0 combina\u00e7\u00e3o estruturada de atividades presenciais e remotas, com dias fixos ou acordados entre equipes e lideran\u00e7as. A ideia \u00e9 equilibrar a flexibilidade do home office com momentos presenciais focados em colabora\u00e7\u00e3o, alinhamento e cultura.<\/p>\n\n\n\n<p>De acordo com o cronograma, a migra\u00e7\u00e3o come\u00e7a em 1\u00ba de julho de 2026, com dois dias obrigat\u00f3rios por semana no escrit\u00f3rio. A partir de 1\u00ba de janeiro de 2027, a exig\u00eancia sobe para tr\u00eas dias presenciais, mantendo o restante da semana em regime remoto para preservar autonomia e foco individual.<\/p>\n\n\n\n<figure class=\"wp-block-image\"><img decoding=\"async\" src=\"https:\/\/www.em.com.br\/emfoco\/wp-content\/uploads\/2025\/04\/nubank_1743524551946-1024x576.jpg\" alt=\"\"\/><figcaption class=\"wp-element-caption\">Trabalho h\u00edbrido no Nubank come\u00e7a em 2026 &#8211; Cr\u00e9ditos: depositphotos.com \/ rafapress<\/figcaption><\/figure>\n\n\n\n<h2 class=\"wp-block-heading\">Por que o Nubank est\u00e1 adotando o modelo h\u00edbrido<\/h2>\n\n\n\n<p>O\u00a0<strong>modelo h\u00edbrido do Nubank<\/strong>\u00a0foi anunciado ap\u00f3s um per\u00edodo de forte expans\u00e3o com foco no <a href=\"https:\/\/www.em.com.br\/emfoco\/2025\/08\/19\/trabalho-remoto-exige-equilibrio-entre-rotina-e-produtividade\/\" target=\"_blank\" rel=\"noreferrer noopener\">trabalho remoto<\/a>, mas com sinais de que decis\u00f5es estrat\u00e9gicas s\u00e3o mais \u00e1geis em intera\u00e7\u00f5es presenciais. A lideran\u00e7a v\u00ea valor em fortalecer trocas informais, inova\u00e7\u00e3o conjunta e integra\u00e7\u00e3o mais r\u00e1pida de novos talentos.<\/p>\n\n\n\n<p>A cultura corporativa tamb\u00e9m \u00e9 central: em ambientes quase totalmente virtuais, rituais internos e senso de pertencimento ficam dependentes de reuni\u00f5es online. Com o trabalho h\u00edbrido no Nubank, os escrit\u00f3rios voltam a ser espa\u00e7os de encontro estrat\u00e9gico, treinamentos, planejamento e a\u00e7\u00f5es de engajamento mais profundas.<\/p>\n\n\n\n<h2 class=\"wp-block-heading\">Como o Nubank est\u00e1 se estruturando para o novo modelo h\u00edbrido<\/h2>\n\n\n\n<p>Para sustentar o&nbsp;<strong>trabalho h\u00edbrido no Nubank<\/strong>, a empresa anunciou a amplia\u00e7\u00e3o e constru\u00e7\u00e3o de novos escrit\u00f3rios em diferentes localidades globais. O objetivo \u00e9 garantir infraestrutura moderna para receber times que hoje atuam majoritariamente \u00e0 dist\u00e2ncia, sem perder efici\u00eancia nem conforto.<\/p>\n\n\n\n<p>Nos<strong> Estados Unidos<\/strong>, haver\u00e1 expans\u00e3o em <strong>Washington D.C<\/strong>., <strong>Miami <\/strong>e <strong>Palo Alto<\/strong>, enquanto na <strong>Europa <\/strong>e <strong>Am\u00e9rica do Sul<\/strong> os centros de talentos em <strong>Berlim<\/strong>, <strong>Montevid\u00e9u <\/strong>e <strong>Durham <\/strong>ser\u00e3o refor\u00e7ados. Os ambientes devem priorizar \u00e1reas abertas, salas equipadas e tecnologia que conecte, em tempo real, quem est\u00e1 remoto e quem est\u00e1 presencial.<\/p>\n\n\n\n<h2 class=\"wp-block-heading\">Quais s\u00e3o os principais impactos do trabalho h\u00edbrido para funcion\u00e1rios<\/h2>\n\n\n\n<p>A mudan\u00e7a para o regime h\u00edbrido tende a alterar a rotina de milhares de profissionais, exigindo reorganiza\u00e7\u00e3o de deslocamentos, agendas e din\u00e2micas de equipe. Ao mesmo tempo, o Nubank afirma que quer preservar benef\u00edcios do teletrabalho, como redu\u00e7\u00e3o de tempo de tr\u00e2nsito e maior flexibilidade para conciliar vida pessoal e profissional.<\/p>\n\n\n\n<figure class=\"wp-block-image\"><img decoding=\"async\" src=\"https:\/\/www.em.com.br\/emfoco\/wp-content\/uploads\/2025\/04\/Nubank_1743524144920-1024x576.jpg\" alt=\"\"\/><figcaption class=\"wp-element-caption\">Trabalho h\u00edbrido no Nubank impacto para funcion\u00e1rios &#8211; Cr\u00e9ditos: depositphotos.com \/ rafapress<\/figcaption><\/figure>\n\n\n\n<p>Esses impactos aparecem sobretudo em ajustes pr\u00e1ticos do dia a dia, que pedem planejamento mais intencional por parte dos colaboradores. Entre os principais pontos de aten\u00e7\u00e3o do&nbsp;<strong>modelo h\u00edbrido no Nubank<\/strong>, destacam-se:<\/p>\n\n\n\n<ul class=\"wp-block-list\">\n<li><strong>Transporte e mobilidade:<\/strong>&nbsp;necessidade de organizar deslocamentos alguns dias da semana.<\/li>\n\n\n\n<li><strong>Rotina de equipes:<\/strong>&nbsp;concentra\u00e7\u00e3o de reuni\u00f5es presenciais e decis\u00f5es estrat\u00e9gicas nos dias de escrit\u00f3rio.<\/li>\n\n\n\n<li><strong>Integra\u00e7\u00e3o de novos funcion\u00e1rios:<\/strong>&nbsp;uso mais intenso do espa\u00e7o f\u00edsico para onboarding e treinamentos.<\/li>\n\n\n\n<li><strong>Uso da tecnologia:<\/strong>&nbsp;manuten\u00e7\u00e3o de ferramentas digitais para conectar times h\u00edbridos em tempo real.<\/li>\n<\/ul>\n\n\n\n<h2 class=\"wp-block-heading\">Como se preparar para o trabalho h\u00edbrido no Nubank<\/h2>\n\n\n\n<p>Para quem passar\u00e1 pela transi\u00e7\u00e3o, alguns cuidados podem facilitar a adapta\u00e7\u00e3o ao trabalho h\u00edbrido no Nubank. Organiza\u00e7\u00e3o pessoal, alinhamento claro com a lideran\u00e7a e defini\u00e7\u00e3o pr\u00e9via dos dias presenciais s\u00e3o essenciais para evitar agendas ca\u00f3ticas e conflitos de prioridades.<\/p>\n\n\n\n<ol class=\"wp-block-list\">\n<li><strong>Planejamento de agenda:<\/strong>&nbsp;concentrar atividades de alta intera\u00e7\u00e3o nos dias de escrit\u00f3rio, como reuni\u00f5es estrat\u00e9gicas e workshops.<\/li>\n\n\n\n<li><strong>Gest\u00e3o de tempo:<\/strong>&nbsp;reservar blocos de foco em home office para tarefas que exigem concentra\u00e7\u00e3o profunda.<\/li>\n\n\n\n<li><strong>Comunica\u00e7\u00e3o clara:<\/strong>&nbsp;combinar com anteced\u00eancia quais dias ser\u00e3o presenciais para facilitar a coordena\u00e7\u00e3o entre \u00e1reas.<\/li>\n\n\n\n<li><strong>Adequa\u00e7\u00e3o de espa\u00e7o:<\/strong>&nbsp;manter um ambiente de trabalho minimamente estruturado tanto em casa quanto no escrit\u00f3rio.<\/li>\n<\/ol>\n\n\n\n<h2 class=\"wp-block-heading\">Qual \u00e9 o futuro do trabalho h\u00edbrido no Nubank e por que isso importa<\/h2>\n\n\n\n<p>Ao anunciar essa mudan\u00e7a, o Nubank se alinha a bancos digitais e empresas de tecnologia que buscam um meio-termo entre remoto integral e presencial total. At\u00e9 2027, o formato ser\u00e1 ajustado conforme o impacto real na produtividade, no engajamento das equipes e na atra\u00e7\u00e3o e reten\u00e7\u00e3o de talentos.<\/p>\n\n\n\n<p>Se voc\u00ea j\u00e1 atua ou deseja atuar em empresas como o Nubank, o momento de agir \u00e9 agora: revise sua rotina, fortale\u00e7a habilidades de colabora\u00e7\u00e3o h\u00edbrida e organize sua vida para esse novo formato. N\u00e3o espere a mudan\u00e7a bater \u00e0 porta \u2014 comece hoje a adaptar sua carreira ao futuro do trabalho que j\u00e1 est\u00e1 em constru\u00e7\u00e3o.<\/p>\n\n\n\n<p><\/p>\n","protected":false},"excerpt":{"rendered":"<p>O an\u00fancio do Nubank sobre a mudan\u00e7a para um modelo de trabalho h\u00edbrido gerou muitas d\u00favidas entre funcion\u00e1rios e profissionais de tecnologia. A partir do segundo semestre de 2026, o banco digital passar\u00e1 a exigir presen\u00e7a f\u00edsica nos escrit\u00f3rios em parte da semana, rompendo com a rotina predominantemente remota e investindo na expans\u00e3o de sua [&hellip;]<\/p>\n","protected":false},"author":11,"featured_media":74656,"comment_status":"open","ping_status":"open","sticky":false,"template":"","format":"standard","meta":{"jnews-multi-image_gallery":[],"jnews_single_post":{"format":"standard"},"jnews_primary_category":[],"jnews_social_meta":[],"jnews_override_counter":[],"footnotes":""},"categories":[28,1],"tags":[3304,19929,19891],"class_list":["post-136216","post","type-post","status-publish","format-standard","has-post-thumbnail","hentry","category-economia","category-noticias","tag-home-office","tag-nubank-home-office","tag-trabalho-hibrido"],"yoast_head":"<!-- This site is optimized with the Yoast SEO plugin v23.8 - https:\/\/yoast.com\/wordpress\/plugins\/seo\/ -->\n<title>2026 ser\u00e1 de volta ao escrit\u00f3rio? Nubank muda regra de trabalho e alerta funcion\u00e1rios - Estado de Minas - Em foco<\/title>\n<meta name=\"description\" content=\"O Nubank adotar\u00e1 trabalho h\u00edbrido a partir de 2026, com dias obrigat\u00f3rios no escrit\u00f3rio. Entenda regras, impactos e como se preparar para a mudan\u00e7a.\" \/>\n<meta name=\"robots\" content=\"index, follow, max-snippet:-1, max-image-preview:large, max-video-preview:-1\" \/>\n<link rel=\"canonical\" href=\"https:\/\/www.em.com.br\/emfoco\/2025\/12\/06\/2026-sera-de-volta-ao-escritorio-nubank-muda-regra-de-trabalho-e-alerta-funcionarios\/\" \/>\n<meta property=\"og:locale\" content=\"pt_BR\" \/>\n<meta property=\"og:type\" content=\"article\" \/>\n<meta property=\"og:title\" content=\"2026 ser\u00e1 de volta ao escrit\u00f3rio? Nubank muda regra de trabalho e alerta funcion\u00e1rios - Estado de Minas - Em foco\" \/>\n<meta property=\"og:description\" content=\"O Nubank adotar\u00e1 trabalho h\u00edbrido a partir de 2026, com dias obrigat\u00f3rios no escrit\u00f3rio. Entenda regras, impactos e como se preparar para a mudan\u00e7a.\" \/>\n<meta property=\"og:url\" content=\"https:\/\/www.em.com.br\/emfoco\/2025\/12\/06\/2026-sera-de-volta-ao-escritorio-nubank-muda-regra-de-trabalho-e-alerta-funcionarios\/\" \/>\n<meta property=\"og:site_name\" content=\"Estado de Minas - Em foco\" \/>\n<meta property=\"article:published_time\" content=\"2025-12-06T16:45:00+00:00\" \/>\n<meta property=\"article:modified_time\" content=\"2025-12-05T23:25:38+00:00\" \/>\n<meta property=\"og:image\" content=\"https:\/\/www.em.com.br\/emfoco\/wp-content\/uploads\/2025\/07\/olho-estressado_1752261370976.jpg\" \/>\n\t<meta property=\"og:image:width\" content=\"1280\" \/>\n\t<meta property=\"og:image:height\" content=\"720\" \/>\n\t<meta property=\"og:image:type\" content=\"image\/jpeg\" \/>\n<meta name=\"author\" content=\"Andre\u0301 Rangel\u00a0\" \/>\n<meta name=\"twitter:card\" content=\"summary_large_image\" \/>\n<meta name=\"twitter:label1\" content=\"Escrito por\" \/>\n\t<meta name=\"twitter:data1\" content=\"Andre\u0301 Rangel\u00a0\" \/>\n\t<meta name=\"twitter:label2\" content=\"Est. tempo de leitura\" \/>\n\t<meta name=\"twitter:data2\" content=\"5 minutos\" \/>\n<!-- \/ Yoast SEO plugin. -->","yoast_head_json":{"title":"2026 ser\u00e1 de volta ao escrit\u00f3rio? Nubank muda regra de trabalho e alerta funcion\u00e1rios - Estado de Minas - Em foco","description":"O Nubank adotar\u00e1 trabalho h\u00edbrido a partir de 2026, com dias obrigat\u00f3rios no escrit\u00f3rio. Entenda regras, impactos e como se preparar para a mudan\u00e7a.","robots":{"index":"index","follow":"follow","max-snippet":"max-snippet:-1","max-image-preview":"max-image-preview:large","max-video-preview":"max-video-preview:-1"},"canonical":"https:\/\/www.em.com.br\/emfoco\/2025\/12\/06\/2026-sera-de-volta-ao-escritorio-nubank-muda-regra-de-trabalho-e-alerta-funcionarios\/","og_locale":"pt_BR","og_type":"article","og_title":"2026 ser\u00e1 de volta ao escrit\u00f3rio? Nubank muda regra de trabalho e alerta funcion\u00e1rios - Estado de Minas - Em foco","og_description":"O Nubank adotar\u00e1 trabalho h\u00edbrido a partir de 2026, com dias obrigat\u00f3rios no escrit\u00f3rio. Entenda regras, impactos e como se preparar para a mudan\u00e7a.","og_url":"https:\/\/www.em.com.br\/emfoco\/2025\/12\/06\/2026-sera-de-volta-ao-escritorio-nubank-muda-regra-de-trabalho-e-alerta-funcionarios\/","og_site_name":"Estado de Minas - Em foco","article_published_time":"2025-12-06T16:45:00+00:00","article_modified_time":"2025-12-05T23:25:38+00:00","og_image":[{"width":1280,"height":720,"url":"https:\/\/www.em.com.br\/emfoco\/wp-content\/uploads\/2025\/07\/olho-estressado_1752261370976.jpg","type":"image\/jpeg"}],"author":"Andre\u0301 Rangel\u00a0","twitter_card":"summary_large_image","twitter_misc":{"Escrito por":"Andre\u0301 Rangel\u00a0","Est. tempo de leitura":"5 minutos"},"schema":{"@context":"https:\/\/schema.org","@graph":[{"@type":"WebPage","@id":"https:\/\/www.em.com.br\/emfoco\/2025\/12\/06\/2026-sera-de-volta-ao-escritorio-nubank-muda-regra-de-trabalho-e-alerta-funcionarios\/","url":"https:\/\/www.em.com.br\/emfoco\/2025\/12\/06\/2026-sera-de-volta-ao-escritorio-nubank-muda-regra-de-trabalho-e-alerta-funcionarios\/","name":"2026 ser\u00e1 de volta ao escrit\u00f3rio? Nubank muda regra de trabalho e alerta funcion\u00e1rios - Estado de Minas - Em foco","isPartOf":{"@id":"https:\/\/www.em.com.br\/emfoco\/#website"},"primaryImageOfPage":{"@id":"https:\/\/www.em.com.br\/emfoco\/2025\/12\/06\/2026-sera-de-volta-ao-escritorio-nubank-muda-regra-de-trabalho-e-alerta-funcionarios\/#primaryimage"},"image":{"@id":"https:\/\/www.em.com.br\/emfoco\/2025\/12\/06\/2026-sera-de-volta-ao-escritorio-nubank-muda-regra-de-trabalho-e-alerta-funcionarios\/#primaryimage"},"thumbnailUrl":"https:\/\/www.em.com.br\/emfoco\/wp-content\/uploads\/2025\/07\/olho-estressado_1752261370976.jpg","datePublished":"2025-12-06T16:45:00+00:00","dateModified":"2025-12-05T23:25:38+00:00","author":{"@id":"https:\/\/www.em.com.br\/emfoco\/#\/schema\/person\/60eda09c1fedf0d6891f4cef4b60b8b8"},"description":"O Nubank adotar\u00e1 trabalho h\u00edbrido a partir de 2026, com dias obrigat\u00f3rios no escrit\u00f3rio. Entenda regras, impactos e como se preparar para a mudan\u00e7a.","breadcrumb":{"@id":"https:\/\/www.em.com.br\/emfoco\/2025\/12\/06\/2026-sera-de-volta-ao-escritorio-nubank-muda-regra-de-trabalho-e-alerta-funcionarios\/#breadcrumb"},"inLanguage":"pt-BR","potentialAction":[{"@type":"ReadAction","target":["https:\/\/www.em.com.br\/emfoco\/2025\/12\/06\/2026-sera-de-volta-ao-escritorio-nubank-muda-regra-de-trabalho-e-alerta-funcionarios\/"]}]},{"@type":"ImageObject","inLanguage":"pt-BR","@id":"https:\/\/www.em.com.br\/emfoco\/2025\/12\/06\/2026-sera-de-volta-ao-escritorio-nubank-muda-regra-de-trabalho-e-alerta-funcionarios\/#primaryimage","url":"https:\/\/www.em.com.br\/emfoco\/wp-content\/uploads\/2025\/07\/olho-estressado_1752261370976.jpg","contentUrl":"https:\/\/www.em.com.br\/emfoco\/wp-content\/uploads\/2025\/07\/olho-estressado_1752261370976.jpg","width":1280,"height":720,"caption":"Trabalho h\u00edbrido no Nubank expans\u00e3o de escrit\u00f3rios - Cr\u00e9ditos: depositphotos.com \/ jet_po.mail.ru"},{"@type":"BreadcrumbList","@id":"https:\/\/www.em.com.br\/emfoco\/2025\/12\/06\/2026-sera-de-volta-ao-escritorio-nubank-muda-regra-de-trabalho-e-alerta-funcionarios\/#breadcrumb","itemListElement":[{"@type":"ListItem","position":1,"name":"In\u00edcio","item":"https:\/\/www.em.com.br\/emfoco\/"},{"@type":"ListItem","position":2,"name":"2026 ser\u00e1 de volta ao escrit\u00f3rio? Nubank muda regra de trabalho e alerta funcion\u00e1rios"}]},{"@type":"WebSite","@id":"https:\/\/www.em.com.br\/emfoco\/#website","url":"https:\/\/www.em.com.br\/emfoco\/","name":"Estado de Minas - Em foco","description":"Acompanhe as \u00faltimas not\u00edcias e fique bem informado sobre tudo o que acontece em Minas Gerais, Brasil e no mundo.","potentialAction":[{"@type":"SearchAction","target":{"@type":"EntryPoint","urlTemplate":"https:\/\/www.em.com.br\/emfoco\/?s={search_term_string}"},"query-input":{"@type":"PropertyValueSpecification","valueRequired":true,"valueName":"search_term_string"}}],"inLanguage":"pt-BR"},{"@type":"Person","@id":"https:\/\/www.em.com.br\/emfoco\/#\/schema\/person\/60eda09c1fedf0d6891f4cef4b60b8b8","name":"Andre\u0301 Rangel\u00a0","image":{"@type":"ImageObject","inLanguage":"pt-BR","@id":"https:\/\/www.em.com.br\/emfoco\/#\/schema\/person\/image\/","url":"https:\/\/secure.gravatar.com\/avatar\/6234dc814c77c8ef6d8bba622c787efc?s=96&d=mm&r=g","contentUrl":"https:\/\/secure.gravatar.com\/avatar\/6234dc814c77c8ef6d8bba622c787efc?s=96&d=mm&r=g","caption":"Andre\u0301 Rangel\u00a0"},"url":"https:\/\/www.em.com.br\/emfoco\/author\/luizmyth\/"}]}},"_links":{"self":[{"href":"https:\/\/www.em.com.br\/emfoco\/wp-json\/wp\/v2\/posts\/136216","targetHints":{"allow":["GET"]}}],"collection":[{"href":"https:\/\/www.em.com.br\/emfoco\/wp-json\/wp\/v2\/posts"}],"about":[{"href":"https:\/\/www.em.com.br\/emfoco\/wp-json\/wp\/v2\/types\/post"}],"author":[{"embeddable":true,"href":"https:\/\/www.em.com.br\/emfoco\/wp-json\/wp\/v2\/users\/11"}],"replies":[{"embeddable":true,"href":"https:\/\/www.em.com.br\/emfoco\/wp-json\/wp\/v2\/comments?post=136216"}],"version-history":[{"count":2,"href":"https:\/\/www.em.com.br\/emfoco\/wp-json\/wp\/v2\/posts\/136216\/revisions"}],"predecessor-version":[{"id":136535,"href":"https:\/\/www.em.com.br\/emfoco\/wp-json\/wp\/v2\/posts\/136216\/revisions\/136535"}],"wp:featuredmedia":[{"embeddable":true,"href":"https:\/\/www.em.com.br\/emfoco\/wp-json\/wp\/v2\/media\/74656"}],"wp:attachment":[{"href":"https:\/\/www.em.com.br\/emfoco\/wp-json\/wp\/v2\/media?parent=136216"}],"wp:term":[{"taxonomy":"category","embeddable":true,"href":"https:\/\/www.em.com.br\/emfoco\/wp-json\/wp\/v2\/categories?post=136216"},{"taxonomy":"post_tag","embeddable":true,"href":"https:\/\/www.em.com.br\/emfoco\/wp-json\/wp\/v2\/tags?post=136216"}],"curies":[{"name":"wp","href":"https:\/\/api.w.org\/{rel}","templated":true}]}}