{"id":136212,"date":"2025-12-06T06:25:18","date_gmt":"2025-12-06T09:25:18","guid":{"rendered":"https:\/\/www.em.com.br\/emfoco\/?p=136212"},"modified":"2025-12-05T16:04:21","modified_gmt":"2025-12-05T19:04:21","slug":"essa-planta-ajuda-a-aliviar-o-nariz-entupido-e-deixa-a-respiracao-mais-leve","status":"publish","type":"post","link":"https:\/\/www.em.com.br\/emfoco\/2025\/12\/06\/essa-planta-ajuda-a-aliviar-o-nariz-entupido-e-deixa-a-respiracao-mais-leve\/","title":{"rendered":"Essa planta ajuda a aliviar o nariz entupido e deixa a respira\u00e7\u00e3o mais leve"},"content":{"rendered":"\n<p>Entre as plantas usadas tradicionalmente para aliviar desconfortos respirat\u00f3rios, o <strong>eucalipto<\/strong> ocupa posi\u00e7\u00e3o de destaque. Presente em xaropes, pomadas, ch\u00e1s e inala\u00e7\u00f5es, ele \u00e9 frequentemente associado \u00e0 sensa\u00e7\u00e3o de vias a\u00e9reas mais livres, gra\u00e7as ao composto <strong>1,8-cineol<\/strong>. O interesse n\u00e3o se limita \u00e0 medicina popular: pesquisadores t\u00eam estudado como seus componentes podem contribuir para o bem-estar da garganta, nariz e pulm\u00f5es, desde que usados com cuidado e dentro de orienta\u00e7\u00f5es seguras.<\/p>\n\n\n\n<h2 class=\"wp-block-heading\">O que torna o eucalipto bom para a respira\u00e7\u00e3o<\/h2>\n\n\n\n<p>O principal motivo para o eucalipto ser associado \u00e0 sa\u00fade respirat\u00f3ria est\u00e1 na presen\u00e7a do composto <strong>1,8-cineol<\/strong> (tamb\u00e9m chamado de <strong>eucaliptol<\/strong>). Essa subst\u00e2ncia \u00e9 estudada por seu potencial efeito expectorante, que ajuda a fluidificar secre\u00e7\u00f5es, facilitando a elimina\u00e7\u00e3o do muco e tornando a respira\u00e7\u00e3o mais confort\u00e1vel.<\/p>\n\n\n\n<p>Al\u00e9m disso, o eucalipto \u00e9 conhecido por ter a\u00e7\u00e3o descongestionante e leve efeito antiss\u00e9ptico, especialmente quando usado em inala\u00e7\u00f5es com vapor. Em alguns estudos, o eucaliptol demonstrou atuar na redu\u00e7\u00e3o de inflama\u00e7\u00f5es leves das vias a\u00e9reas, o que ajuda a explicar o interesse da <strong>fitoterapia<\/strong> e de pesquisas cl\u00ednicas na planta.<\/p>\n\n\n<div class=\"wp-block-image\">\n<figure class=\"aligncenter size-large\"><img loading=\"lazy\" decoding=\"async\" width=\"1024\" height=\"576\" src=\"https:\/\/www.em.com.br\/emfoco\/wp-content\/uploads\/2025\/11\/Eucalipto-arvore_1764358680771-1024x576.jpg\" alt=\"\" class=\"wp-image-133208\" srcset=\"https:\/\/www.em.com.br\/emfoco\/wp-content\/uploads\/2025\/11\/Eucalipto-arvore_1764358680771-1024x576.jpg 1024w, https:\/\/www.em.com.br\/emfoco\/wp-content\/uploads\/2025\/11\/Eucalipto-arvore_1764358680771-300x169.jpg 300w, https:\/\/www.em.com.br\/emfoco\/wp-content\/uploads\/2025\/11\/Eucalipto-arvore_1764358680771-768x432.jpg 768w, https:\/\/www.em.com.br\/emfoco\/wp-content\/uploads\/2025\/11\/Eucalipto-arvore_1764358680771-750x422.jpg 750w, https:\/\/www.em.com.br\/emfoco\/wp-content\/uploads\/2025\/11\/Eucalipto-arvore_1764358680771-1140x641.jpg 1140w, https:\/\/www.em.com.br\/emfoco\/wp-content\/uploads\/2025\/11\/Eucalipto-arvore_1764358680771.jpg 1280w\" sizes=\"auto, (max-width: 1024px) 100vw, 1024px\" \/><figcaption class=\"wp-element-caption\">Al\u00e9m disso, o eucalipto \u00e9 conhecido por ter a\u00e7\u00e3o descongestionante e leve efeito antiss\u00e9ptico &#8211; Cr\u00e9ditos: depositphotos.com \/ mingman<\/figcaption><\/figure><\/div>\n\n\n<p>Leia tamb\u00e9m:&nbsp;<a href=\"https:\/\/www.em.com.br\/emfoco\/2025\/12\/04\/tres-chas-que-aliviam-o-nariz-entupido-e-melhoram-a-respiracao-rapido\/\" target=\"_blank\" rel=\"noopener\">Tr\u00eas ch\u00e1s que aliviam o nariz entupido e melhoram a respira\u00e7\u00e3o r\u00e1pido<\/a><\/p>\n\n\n\n<h2 class=\"wp-block-heading\">Quais s\u00e3o as formas mais comuns de usar o eucalipto<\/h2>\n\n\n\n<p>O uso do eucalipto para a respira\u00e7\u00e3o pode ocorrer de maneiras variadas, sempre com aten\u00e7\u00e3o \u00e0 forma correta de preparo e \u00e0s recomenda\u00e7\u00f5es de seguran\u00e7a. A escolha entre inala\u00e7\u00f5es, \u00f3leo essencial, ch\u00e1s ou pomadas deve considerar idade, sensibilidade individual e poss\u00edveis doen\u00e7as pr\u00e9-existentes.<\/p>\n\n\n\n<ol class=\"wp-block-list\">\n<li><strong>Inala\u00e7\u00e3o com vapor:<\/strong> folhas de eucalipto s\u00e3o adicionadas \u00e0 \u00e1gua quente para liberar o aroma. A pessoa costuma inspirar o vapor a uma dist\u00e2ncia segura, evitando queimaduras.<\/li>\n\n\n\n<li><strong>\u00d3leo essencial dilu\u00eddo:<\/strong> o \u00f3leo \u00e9 altamente concentrado e deve ser misturado em bases vegetais (como \u00f3leo de coco ou am\u00eandoas) antes de ser usado em massagens no peito, costas ou p\u00e9s.<\/li>\n\n\n\n<li><strong>Ch\u00e1 de eucalipto:<\/strong> preparado com folhas secas ou frescas, pode ser ingerido em pequenas quantidades, desde que n\u00e3o haja contraindica\u00e7\u00e3o espec\u00edfica.<\/li>\n\n\n\n<li><strong>Pomadas e balms:<\/strong> produtos prontos \u00e0 base de eucalipto s\u00e3o aplicados na regi\u00e3o do peito ou pesco\u00e7o, liberando o aroma gradualmente.<\/li>\n\n\n\n<li><strong>Difusores e sprays ambientais:<\/strong> algumas gotas de \u00f3leo essencial s\u00e3o usadas em aparelhos aromatizadores, que liberam o cheiro no ambiente.<\/li>\n<\/ol>\n\n\n\n<h2 class=\"wp-block-heading\">Quais s\u00e3o os cuidados e contraindica\u00e7\u00f5es do uso do eucalipto<\/h2>\n\n\n\n<p>Mesmo sendo uma planta amplamente utilizada, o <strong>eucalipto para respira\u00e7\u00e3o<\/strong> exige alguns cuidados. Crian\u00e7as pequenas, especialmente abaixo de 2 anos, costumam ter recomenda\u00e7\u00f5es restritivas para o uso de \u00f3leos essenciais, incluindo o de eucalipto, devido ao risco de irrita\u00e7\u00e3o e dificuldade respirat\u00f3ria.<\/p>\n\n\n\n<p>Pessoas com <strong>asma<\/strong>, <strong>rinite al\u00e9rgica <\/strong>ou <strong>bronquite<\/strong> devem redobrar a aten\u00e7\u00e3o, pois odores fortes podem desencadear crises em vez de aliviar. Outro ponto relevante \u00e9 a ingest\u00e3o de ch\u00e1 ou gotas contendo extratos concentrados, j\u00e1 que doses elevadas podem causar n\u00e1useas, mal-estar e intera\u00e7\u00f5es com medicamentos, exigindo avalia\u00e7\u00e3o profissional.<\/p>\n\n\n\n<p>Para voc\u00ea que gosta de mais informa\u00e7\u00f5es, selecionamos um v\u00eddeo do canal da <a href=\"https:\/\/www.youtube.com\/@AngelaXavier\" target=\"_blank\" rel=\"noreferrer noopener\">Angela Xavier&nbsp;<\/a>onde ela fala dos benef\u00edcios dessa planta:<\/p>\n\n\n\n<figure class=\"wp-block-embed is-type-video is-provider-youtube wp-block-embed-youtube wp-embed-aspect-16-9 wp-has-aspect-ratio\"><div class=\"wp-block-embed__wrapper\">\n<div class=\"jeg_video_container jeg_video_content\"><iframe loading=\"lazy\" title=\"Benef\u00edcios do eucalipto: asma, bronquite, diabetes, etc.\" width=\"500\" height=\"281\" src=\"https:\/\/www.youtube.com\/embed\/f9KOPDWfLHo?feature=oembed\" frameborder=\"0\" allow=\"accelerometer; autoplay; clipboard-write; encrypted-media; gyroscope; picture-in-picture; web-share\" referrerpolicy=\"strict-origin-when-cross-origin\" allowfullscreen><\/iframe><\/div>\n<\/div><\/figure>\n\n\n\n<h2 class=\"wp-block-heading\">Como incluir o eucalipto na rotina respirat\u00f3ria com responsabilidade<\/h2>\n\n\n\n<p>Ao pensar em incorporar os benef\u00edcios do eucalipto ao dia a dia, muitas pessoas optam por medidas simples, como um banho quente com algumas gotas do \u00f3leo no box (sem contato direto com a pele) ou o uso de difusores em ambientes ventilados. Essas pr\u00e1ticas costumam ser vistas como complementares \u00e0 hidrata\u00e7\u00e3o adequada, lavagem nasal com soro e h\u00e1bitos saud\u00e1veis.<\/p>\n\n\n\n<p>O uso consciente passa por observar a rea\u00e7\u00e3o do organismo e suspender o produto se houver irrita\u00e7\u00e3o, dor de cabe\u00e7a, piora da tosse ou sensa\u00e7\u00e3o de falta de ar. Assim, o <strong>eucalipto<\/strong> pode atuar como um complemento interessante no cuidado com a respira\u00e7\u00e3o, desde que respeitados limites, orienta\u00e7\u00f5es de dosagem e as caracter\u00edsticas individuais de cada pessoa.<\/p>\n","protected":false},"excerpt":{"rendered":"<p>Entre as plantas usadas tradicionalmente para aliviar desconfortos respirat\u00f3rios, o eucalipto ocupa posi\u00e7\u00e3o de destaque. Presente em xaropes, pomadas, ch\u00e1s e inala\u00e7\u00f5es, ele \u00e9 frequentemente associado \u00e0 sensa\u00e7\u00e3o de vias a\u00e9reas mais livres, gra\u00e7as ao composto 1,8-cineol. O interesse n\u00e3o se limita \u00e0 medicina popular: pesquisadores t\u00eam estudado como seus componentes podem contribuir para o [&hellip;]<\/p>\n","protected":false},"author":9,"featured_media":136306,"comment_status":"open","ping_status":"open","sticky":false,"template":"","format":"standard","meta":{"jnews-multi-image_gallery":[],"jnews_single_post":{"format":"standard"},"jnews_primary_category":[],"jnews_social_meta":[],"jnews_override_counter":[],"footnotes":""},"categories":[8691,8819,1],"tags":[16204,14465,19877],"class_list":["post-136212","post","type-post","status-publish","format-standard","has-post-thumbnail","hentry","category-bem-estar","category-curiosidades","category-noticias","tag-eucalipto","tag-pulmoes","tag-respirar-mal"],"yoast_head":"<!-- This site is optimized with the Yoast SEO plugin v23.8 - https:\/\/yoast.com\/wordpress\/plugins\/seo\/ -->\n<title>Essa planta ajuda a aliviar o nariz entupido e deixa a respira\u00e7\u00e3o mais leve - Estado de Minas - Em foco<\/title>\n<meta name=\"description\" content=\"Rico em cineol, o eucalipto \u00e9 expectorante e descongestionante. Saiba como fazer inala\u00e7\u00f5es seguras e os cuidados a ter com crian\u00e7as e asm\u00e1ticos.\" \/>\n<meta name=\"robots\" content=\"index, follow, max-snippet:-1, max-image-preview:large, max-video-preview:-1\" \/>\n<link rel=\"canonical\" href=\"https:\/\/www.em.com.br\/emfoco\/2025\/12\/06\/essa-planta-ajuda-a-aliviar-o-nariz-entupido-e-deixa-a-respiracao-mais-leve\/\" \/>\n<meta property=\"og:locale\" content=\"pt_BR\" \/>\n<meta property=\"og:type\" content=\"article\" \/>\n<meta property=\"og:title\" content=\"Essa planta ajuda a aliviar o nariz entupido e deixa a respira\u00e7\u00e3o mais leve - Estado de Minas - Em foco\" \/>\n<meta property=\"og:description\" content=\"Rico em cineol, o eucalipto \u00e9 expectorante e descongestionante. Saiba como fazer inala\u00e7\u00f5es seguras e os cuidados a ter com crian\u00e7as e asm\u00e1ticos.\" \/>\n<meta property=\"og:url\" content=\"https:\/\/www.em.com.br\/emfoco\/2025\/12\/06\/essa-planta-ajuda-a-aliviar-o-nariz-entupido-e-deixa-a-respiracao-mais-leve\/\" \/>\n<meta property=\"og:site_name\" content=\"Estado de Minas - Em foco\" \/>\n<meta property=\"article:published_time\" content=\"2025-12-06T09:25:18+00:00\" \/>\n<meta property=\"article:modified_time\" content=\"2025-12-05T19:04:21+00:00\" \/>\n<meta property=\"og:image\" content=\"https:\/\/www.em.com.br\/emfoco\/wp-content\/uploads\/2025\/12\/respiracao_1764957349888.jpg\" \/>\n\t<meta property=\"og:image:width\" content=\"1280\" \/>\n\t<meta property=\"og:image:height\" content=\"720\" \/>\n\t<meta property=\"og:image:type\" content=\"image\/jpeg\" \/>\n<meta name=\"author\" content=\"Daniely Cardoso\" \/>\n<meta name=\"twitter:card\" content=\"summary_large_image\" \/>\n<meta name=\"twitter:label1\" content=\"Escrito por\" \/>\n\t<meta name=\"twitter:data1\" content=\"Daniely Cardoso\" \/>\n\t<meta name=\"twitter:label2\" content=\"Est. tempo de leitura\" \/>\n\t<meta name=\"twitter:data2\" content=\"4 minutos\" \/>\n<!-- \/ Yoast SEO plugin. -->","yoast_head_json":{"title":"Essa planta ajuda a aliviar o nariz entupido e deixa a respira\u00e7\u00e3o mais leve - Estado de Minas - Em foco","description":"Rico em cineol, o eucalipto \u00e9 expectorante e descongestionante. Saiba como fazer inala\u00e7\u00f5es seguras e os cuidados a ter com crian\u00e7as e asm\u00e1ticos.","robots":{"index":"index","follow":"follow","max-snippet":"max-snippet:-1","max-image-preview":"max-image-preview:large","max-video-preview":"max-video-preview:-1"},"canonical":"https:\/\/www.em.com.br\/emfoco\/2025\/12\/06\/essa-planta-ajuda-a-aliviar-o-nariz-entupido-e-deixa-a-respiracao-mais-leve\/","og_locale":"pt_BR","og_type":"article","og_title":"Essa planta ajuda a aliviar o nariz entupido e deixa a respira\u00e7\u00e3o mais leve - Estado de Minas - Em foco","og_description":"Rico em cineol, o eucalipto \u00e9 expectorante e descongestionante. Saiba como fazer inala\u00e7\u00f5es seguras e os cuidados a ter com crian\u00e7as e asm\u00e1ticos.","og_url":"https:\/\/www.em.com.br\/emfoco\/2025\/12\/06\/essa-planta-ajuda-a-aliviar-o-nariz-entupido-e-deixa-a-respiracao-mais-leve\/","og_site_name":"Estado de Minas - Em foco","article_published_time":"2025-12-06T09:25:18+00:00","article_modified_time":"2025-12-05T19:04:21+00:00","og_image":[{"width":1280,"height":720,"url":"https:\/\/www.em.com.br\/emfoco\/wp-content\/uploads\/2025\/12\/respiracao_1764957349888.jpg","type":"image\/jpeg"}],"author":"Daniely Cardoso","twitter_card":"summary_large_image","twitter_misc":{"Escrito por":"Daniely Cardoso","Est. tempo de leitura":"4 minutos"},"schema":{"@context":"https:\/\/schema.org","@graph":[{"@type":"WebPage","@id":"https:\/\/www.em.com.br\/emfoco\/2025\/12\/06\/essa-planta-ajuda-a-aliviar-o-nariz-entupido-e-deixa-a-respiracao-mais-leve\/","url":"https:\/\/www.em.com.br\/emfoco\/2025\/12\/06\/essa-planta-ajuda-a-aliviar-o-nariz-entupido-e-deixa-a-respiracao-mais-leve\/","name":"Essa planta ajuda a aliviar o nariz entupido e deixa a respira\u00e7\u00e3o mais leve - Estado de Minas - Em foco","isPartOf":{"@id":"https:\/\/www.em.com.br\/emfoco\/#website"},"primaryImageOfPage":{"@id":"https:\/\/www.em.com.br\/emfoco\/2025\/12\/06\/essa-planta-ajuda-a-aliviar-o-nariz-entupido-e-deixa-a-respiracao-mais-leve\/#primaryimage"},"image":{"@id":"https:\/\/www.em.com.br\/emfoco\/2025\/12\/06\/essa-planta-ajuda-a-aliviar-o-nariz-entupido-e-deixa-a-respiracao-mais-leve\/#primaryimage"},"thumbnailUrl":"https:\/\/www.em.com.br\/emfoco\/wp-content\/uploads\/2025\/12\/respiracao_1764957349888.jpg","datePublished":"2025-12-06T09:25:18+00:00","dateModified":"2025-12-05T19:04:21+00:00","author":{"@id":"https:\/\/www.em.com.br\/emfoco\/#\/schema\/person\/0a8186d72f2c3a5c6276d90b41f271a0"},"description":"Rico em cineol, o eucalipto \u00e9 expectorante e descongestionante. Saiba como fazer inala\u00e7\u00f5es seguras e os cuidados a ter com crian\u00e7as e asm\u00e1ticos.","breadcrumb":{"@id":"https:\/\/www.em.com.br\/emfoco\/2025\/12\/06\/essa-planta-ajuda-a-aliviar-o-nariz-entupido-e-deixa-a-respiracao-mais-leve\/#breadcrumb"},"inLanguage":"pt-BR","potentialAction":[{"@type":"ReadAction","target":["https:\/\/www.em.com.br\/emfoco\/2025\/12\/06\/essa-planta-ajuda-a-aliviar-o-nariz-entupido-e-deixa-a-respiracao-mais-leve\/"]}]},{"@type":"ImageObject","inLanguage":"pt-BR","@id":"https:\/\/www.em.com.br\/emfoco\/2025\/12\/06\/essa-planta-ajuda-a-aliviar-o-nariz-entupido-e-deixa-a-respiracao-mais-leve\/#primaryimage","url":"https:\/\/www.em.com.br\/emfoco\/wp-content\/uploads\/2025\/12\/respiracao_1764957349888.jpg","contentUrl":"https:\/\/www.em.com.br\/emfoco\/wp-content\/uploads\/2025\/12\/respiracao_1764957349888.jpg","width":1280,"height":720,"caption":"O principal motivo para o eucalipto ser associado \u00e0 sa\u00fade respirat\u00f3ria est\u00e1 na presen\u00e7a do composto 1,8-cineol - Cr\u00e9ditos: depositphotos.com \/ AndrewLozovyi"},{"@type":"BreadcrumbList","@id":"https:\/\/www.em.com.br\/emfoco\/2025\/12\/06\/essa-planta-ajuda-a-aliviar-o-nariz-entupido-e-deixa-a-respiracao-mais-leve\/#breadcrumb","itemListElement":[{"@type":"ListItem","position":1,"name":"In\u00edcio","item":"https:\/\/www.em.com.br\/emfoco\/"},{"@type":"ListItem","position":2,"name":"Essa planta ajuda a aliviar o nariz entupido e deixa a respira\u00e7\u00e3o mais leve"}]},{"@type":"WebSite","@id":"https:\/\/www.em.com.br\/emfoco\/#website","url":"https:\/\/www.em.com.br\/emfoco\/","name":"Estado de Minas - Em foco","description":"Acompanhe as \u00faltimas not\u00edcias e fique bem informado sobre tudo o que acontece em Minas Gerais, Brasil e no mundo.","potentialAction":[{"@type":"SearchAction","target":{"@type":"EntryPoint","urlTemplate":"https:\/\/www.em.com.br\/emfoco\/?s={search_term_string}"},"query-input":{"@type":"PropertyValueSpecification","valueRequired":true,"valueName":"search_term_string"}}],"inLanguage":"pt-BR"},{"@type":"Person","@id":"https:\/\/www.em.com.br\/emfoco\/#\/schema\/person\/0a8186d72f2c3a5c6276d90b41f271a0","name":"Daniely Cardoso","image":{"@type":"ImageObject","inLanguage":"pt-BR","@id":"https:\/\/www.em.com.br\/emfoco\/#\/schema\/person\/image\/","url":"https:\/\/secure.gravatar.com\/avatar\/4b80ddbd124d1f071b626d52d62e5dff?s=96&d=mm&r=g","contentUrl":"https:\/\/secure.gravatar.com\/avatar\/4b80ddbd124d1f071b626d52d62e5dff?s=96&d=mm&r=g","caption":"Daniely Cardoso"},"url":"https:\/\/www.em.com.br\/emfoco\/author\/danielymyth\/"}]}},"_links":{"self":[{"href":"https:\/\/www.em.com.br\/emfoco\/wp-json\/wp\/v2\/posts\/136212","targetHints":{"allow":["GET"]}}],"collection":[{"href":"https:\/\/www.em.com.br\/emfoco\/wp-json\/wp\/v2\/posts"}],"about":[{"href":"https:\/\/www.em.com.br\/emfoco\/wp-json\/wp\/v2\/types\/post"}],"author":[{"embeddable":true,"href":"https:\/\/www.em.com.br\/emfoco\/wp-json\/wp\/v2\/users\/9"}],"replies":[{"embeddable":true,"href":"https:\/\/www.em.com.br\/emfoco\/wp-json\/wp\/v2\/comments?post=136212"}],"version-history":[{"count":3,"href":"https:\/\/www.em.com.br\/emfoco\/wp-json\/wp\/v2\/posts\/136212\/revisions"}],"predecessor-version":[{"id":136327,"href":"https:\/\/www.em.com.br\/emfoco\/wp-json\/wp\/v2\/posts\/136212\/revisions\/136327"}],"wp:featuredmedia":[{"embeddable":true,"href":"https:\/\/www.em.com.br\/emfoco\/wp-json\/wp\/v2\/media\/136306"}],"wp:attachment":[{"href":"https:\/\/www.em.com.br\/emfoco\/wp-json\/wp\/v2\/media?parent=136212"}],"wp:term":[{"taxonomy":"category","embeddable":true,"href":"https:\/\/www.em.com.br\/emfoco\/wp-json\/wp\/v2\/categories?post=136212"},{"taxonomy":"post_tag","embeddable":true,"href":"https:\/\/www.em.com.br\/emfoco\/wp-json\/wp\/v2\/tags?post=136212"}],"curies":[{"name":"wp","href":"https:\/\/api.w.org\/{rel}","templated":true}]}}