{"id":136168,"date":"2025-12-06T16:05:00","date_gmt":"2025-12-06T19:05:00","guid":{"rendered":"https:\/\/www.em.com.br\/emfoco\/?p=136168"},"modified":"2025-12-05T20:26:12","modified_gmt":"2025-12-05T23:26:12","slug":"por-que-voce-deve-parar-de-fazer-certas-perguntas-a-alexa-e-a-siri-imediatamente","status":"publish","type":"post","link":"https:\/\/www.em.com.br\/emfoco\/2025\/12\/06\/por-que-voce-deve-parar-de-fazer-certas-perguntas-a-alexa-e-a-siri-imediatamente\/","title":{"rendered":"Por que voc\u00ea deve parar de fazer certas perguntas \u00e0 Alexa e \u00e0 Siri imediatamente"},"content":{"rendered":"\n<p>Falar com a Alexa ou a Siri j\u00e1 virou rotina: pedimos para apagar a luz, tocar m\u00fasica e organizar a casa inteira s\u00f3 na voz. \u00c9 pr\u00e1tico e parece m\u00e1gico, mas junto com essa facilidade vem um ponto importante: at\u00e9 que ponto estamos expondo nossa privacidade e entregando dados sens\u00edveis sem perceber?<\/p>\n\n\n\n<h2 class=\"wp-block-heading\">Quais dados nunca devem ser compartilhados com o assistente de voz<\/h2>\n\n\n\n<p>Por mais \u00fatil que o&nbsp;<strong>assistente de voz<\/strong>&nbsp;seja, alguns dados nunca deveriam ser ditos em voz alta perto desses aparelhos. Evite ao m\u00e1ximo falar n\u00fameros de cart\u00e3o de cr\u00e9dito, senhas, c\u00f3digos de banco, fotos de documentos (como RG e CPF) e endere\u00e7o completo em situa\u00e7\u00f5es em que algu\u00e9m possa se aproveitar disso.<\/p>\n\n\n\n<p>Mesmo com sistemas de seguran\u00e7a, qualquer coisa conectada \u00e0 internet pode ter falhas ou ser alvo de <a href=\"https:\/\/www.em.com.br\/emfoco\/2025\/12\/03\/como-escolher-produtos-que-realmente-economizam-energia-e-evitar-golpes\/\" target=\"_blank\" rel=\"noreferrer noopener\">golpes<\/a>. Quanto menos informa\u00e7\u00e3o sens\u00edvel voc\u00ea entrega, melhor. Tamb\u00e9m n\u00e3o \u00e9 indicado ditar dados de outras pessoas, como informa\u00e7\u00f5es financeiras de familiares, clientes ou colegas de trabalho, pois isso pode ficar registrado e ser acessado depois.<\/p>\n\n\n\n<figure class=\"wp-block-image size-large\"><img loading=\"lazy\" decoding=\"async\" width=\"1024\" height=\"576\" src=\"https:\/\/www.em.com.br\/emfoco\/wp-content\/uploads\/2025\/12\/Alexa_1764978366076-1024x576.jpg\" alt=\"\" class=\"wp-image-136541\" srcset=\"https:\/\/www.em.com.br\/emfoco\/wp-content\/uploads\/2025\/12\/Alexa_1764978366076-1024x576.jpg 1024w, https:\/\/www.em.com.br\/emfoco\/wp-content\/uploads\/2025\/12\/Alexa_1764978366076-300x169.jpg 300w, https:\/\/www.em.com.br\/emfoco\/wp-content\/uploads\/2025\/12\/Alexa_1764978366076-768x432.jpg 768w, https:\/\/www.em.com.br\/emfoco\/wp-content\/uploads\/2025\/12\/Alexa_1764978366076-750x422.jpg 750w, https:\/\/www.em.com.br\/emfoco\/wp-content\/uploads\/2025\/12\/Alexa_1764978366076-1140x641.jpg 1140w, https:\/\/www.em.com.br\/emfoco\/wp-content\/uploads\/2025\/12\/Alexa_1764978366076.jpg 1280w\" sizes=\"auto, (max-width: 1024px) 100vw, 1024px\" \/><figcaption class=\"wp-element-caption\">Assistente de voz riscos para privacidade e seguran\u00e7a &#8211; Cr\u00e9ditos: depositphotos.com \/ fabiomax <\/figcaption><\/figure>\n\n\n\n<h2 class=\"wp-block-heading\">Quais pedidos ao assistente de voz comprometem a privacidade<\/h2>\n\n\n\n<p>Alguns pedidos parecem inofensivos, mas podem ultrapassar limites de privacidade \u2013 especialmente quando envolvem terceiros. Evite comandos para rastrear localiza\u00e7\u00e3o de algu\u00e9m, ler mensagens alheias, acessar agenda ou liga\u00e7\u00f5es de outras pessoas sem que elas saibam, pois isso cria rastros digitais em contas e apps conectados.<\/p>\n\n\n\n<p>O jeito de falar tamb\u00e9m importa. Usar a <a href=\"https:\/\/alexa.amazon.com.br\/\" target=\"_blank\" rel=\"noreferrer noopener\">Alexa <\/a>ou a Siri para dizer coisas ofensivas, preconceituosas ou agressivas alimenta um ambiente digital mais t\u00f3xico. A forma como interagimos com as m\u00e1quinas influencia o tipo de conte\u00fado que circula e \u00e9 aprendido por sistemas de intelig\u00eancia artificial.<\/p>\n\n\n\n<h2 class=\"wp-block-heading\">Quais comandos s\u00e3o perigosos e quais s\u00e3o os limites para perguntas m\u00e9dicas<\/h2>\n\n\n\n<p>Existem pedidos que entram direto no campo do risco. Comandos relacionados a atividades ilegais ou perigosas n\u00e3o devem ser feitos ao&nbsp;<strong>assistente de voz<\/strong>, como pedir instru\u00e7\u00f5es para fabricar armas, mexer com drogas, burlar sistemas de seguran\u00e7a ou planejar crimes, pois podem ficar registrados e gerar problemas em investiga\u00e7\u00f5es.<\/p>\n\n\n\n<p>Na sa\u00fade, a aten\u00e7\u00e3o precisa ser ainda maior. Alexa e Siri podem ajudar com informa\u00e7\u00f5es gerais, como explicar sintomas ou lembrar de beber \u00e1gua, mas n\u00e3o substituem um m\u00e9dico. Pedir diagn\u00f3stico, interpreta\u00e7\u00e3o de exames, indica\u00e7\u00e3o de rem\u00e9dios ou tratamentos \u00e9 extremamente arriscado e pode atrasar um atendimento essencial.<\/p>\n\n\n\n<h2 class=\"wp-block-heading\">Como funciona a escuta cont\u00ednua e o armazenamento de \u00e1udios<\/h2>\n\n\n\n<p>Muita gente ainda se pergunta se esses aparelhos \u201couvem tudo\u201d o tempo todo. Na pr\u00e1tica, o microfone fica ligado esperando a palavra de ativa\u00e7\u00e3o, como \u201cAlexa\u201d ou \u201cHey Siri\u201d. Quando voc\u00ea fala essa palavra, o comando \u00e9 gravado e enviado para servidores, onde o \u00e1udio pode ser guardado para melhorar o reconhecimento e personalizar respostas.<\/p>\n\n\n\n<p>Para ter mais controle sobre isso, vale ajustar as configura\u00e7\u00f5es do aparelho e da conta. Assim, voc\u00ea decide o que \u00e9 salvo, por quanto tempo e em quais situa\u00e7\u00f5es os \u00e1udios podem ser usados para treinar algoritmos de intelig\u00eancia artificial.<\/p>\n\n\n\n<ul class=\"wp-block-list\">\n<li>Silenciar manualmente o microfone quando o equipamento n\u00e3o estiver em uso.<\/li>\n\n\n\n<li>Apagar grava\u00e7\u00f5es antigas no aplicativo ou nas configura\u00e7\u00f5es da conta.<\/li>\n\n\n\n<li>Ativar exclus\u00e3o autom\u00e1tica dos \u00e1udios ap\u00f3s determinado per\u00edodo.<\/li>\n\n\n\n<li>Restringir permiss\u00f5es de \u201cskills\u201d e aplicativos conectados ao assistente.<\/li>\n\n\n\n<li>Configurar perfis de voz separados para limitar acesso a fun\u00e7\u00f5es sens\u00edveis.<\/li>\n<\/ul>\n\n\n\n<figure class=\"wp-block-image size-large\"><img loading=\"lazy\" decoding=\"async\" width=\"1024\" height=\"576\" src=\"https:\/\/www.em.com.br\/emfoco\/wp-content\/uploads\/2025\/12\/siri_1764978459817-1024x576.jpg\" alt=\"\" class=\"wp-image-136542\" srcset=\"https:\/\/www.em.com.br\/emfoco\/wp-content\/uploads\/2025\/12\/siri_1764978459817-1024x576.jpg 1024w, https:\/\/www.em.com.br\/emfoco\/wp-content\/uploads\/2025\/12\/siri_1764978459817-300x169.jpg 300w, https:\/\/www.em.com.br\/emfoco\/wp-content\/uploads\/2025\/12\/siri_1764978459817-768x432.jpg 768w, https:\/\/www.em.com.br\/emfoco\/wp-content\/uploads\/2025\/12\/siri_1764978459817-750x422.jpg 750w, https:\/\/www.em.com.br\/emfoco\/wp-content\/uploads\/2025\/12\/siri_1764978459817-1140x641.jpg 1140w, https:\/\/www.em.com.br\/emfoco\/wp-content\/uploads\/2025\/12\/siri_1764978459817.jpg 1280w\" sizes=\"auto, (max-width: 1024px) 100vw, 1024px\" \/><figcaption class=\"wp-element-caption\">Assistente de voz o que evitar para n\u00e3o ser exposto Cr\u00e9ditos: depositphotos.com \/ dimarik<\/figcaption><\/figure>\n\n\n\n<h2 class=\"wp-block-heading\">Como usar o assistente de voz com seguran\u00e7a no dia a dia<\/h2>\n\n\n\n<p>Alguns cuidados simples j\u00e1 fazem muita diferen\u00e7a na prote\u00e7\u00e3o de dados. Al\u00e9m das configura\u00e7\u00f5es de privacidade, o contexto em que voc\u00ea fala com o assistente importa: evite comandos que envolvam dinheiro, dados pessoais ou detalhes da rotina em locais p\u00fablicos ou cheios de gente, como escrit\u00f3rios compartilhados e transporte.<\/p>\n\n\n\n<p>Especialistas recomendam revisar com frequ\u00eancia o hist\u00f3rico de intera\u00e7\u00f5es, desativar fun\u00e7\u00f5es pouco usadas (como compras por voz) e limitar o que crian\u00e7as podem fazer, principalmente em pagamentos e controles da casa. Tamb\u00e9m \u00e9 crucial manter aparelhos atualizados, com senhas fortes, autentica\u00e7\u00e3o em duas etapas e roteador protegido.<\/p>\n\n\n\n<h2 class=\"wp-block-heading\">Qual \u00e9 o caminho para usar assistentes de voz com seguran\u00e7a e responsabilidade<\/h2>\n\n\n\n<p>Assistentes de voz v\u00e3o estar em tudo: carro, TV, rel\u00f3gio, casa e trabalho. Esse avan\u00e7o s\u00f3 ser\u00e1 realmente positivo se voc\u00ea assumir o controle da pr\u00f3pria privacidade, sabendo o que n\u00e3o deve ser dito em voz alta, ajustando as configura\u00e7\u00f5es de seguran\u00e7a e cuidando da sua rede para evitar brechas.<\/p>\n\n\n\n<p>N\u00e3o adie esse cuidado. Agora mesmo, abra o app da sua Alexa ou Siri, revise permiss\u00f5es, apague hist\u00f3ricos desnecess\u00e1rios e combine com sua fam\u00edlia como esses dispositivos ser\u00e3o usados em casa. Cada ajuste feito hoje pode evitar um golpe amanh\u00e3. Proteja seus dados, proteja quem voc\u00ea ama e escolha, com urg\u00eancia, usar a tecnologia a seu favor antes que algu\u00e9m decida isso por voc\u00ea.<\/p>\n\n\n\n<p><\/p>\n","protected":false},"excerpt":{"rendered":"<p>Falar com a Alexa ou a Siri j\u00e1 virou rotina: pedimos para apagar a luz, tocar m\u00fasica e organizar a casa inteira s\u00f3 na voz. \u00c9 pr\u00e1tico e parece m\u00e1gico, mas junto com essa facilidade vem um ponto importante: at\u00e9 que ponto estamos expondo nossa privacidade e entregando dados sens\u00edveis sem perceber? Quais dados nunca [&hellip;]<\/p>\n","protected":false},"author":11,"featured_media":136540,"comment_status":"open","ping_status":"open","sticky":false,"template":"","format":"standard","meta":{"jnews-multi-image_gallery":[],"jnews_single_post":{"format":"standard"},"jnews_primary_category":[],"jnews_social_meta":[],"jnews_override_counter":[],"footnotes":""},"categories":[1,4204],"tags":[3335,19932,19931,4362],"class_list":["post-136168","post","type-post","status-publish","format-standard","has-post-thumbnail","hentry","category-noticias","category-tecnologia","tag-alexa","tag-assistentes-de-voz","tag-o-que-nao-falar-para-alexa","tag-siri"],"yoast_head":"<!-- This site is optimized with the Yoast SEO plugin v23.8 - https:\/\/yoast.com\/wordpress\/plugins\/seo\/ -->\n<title>Por que voc\u00ea deve parar de fazer certas perguntas \u00e0 Alexa e \u00e0 Siri imediatamente - Estado de Minas - Em foco<\/title>\n<meta name=\"description\" content=\"Saiba o que nunca dizer a assistentes de voz como Alexa e Siri. Veja dados que n\u00e3o devem ser falados e como proteger sua privacidade.\" \/>\n<meta name=\"robots\" content=\"index, follow, max-snippet:-1, max-image-preview:large, max-video-preview:-1\" \/>\n<link rel=\"canonical\" href=\"https:\/\/www.em.com.br\/emfoco\/2025\/12\/06\/por-que-voce-deve-parar-de-fazer-certas-perguntas-a-alexa-e-a-siri-imediatamente\/\" \/>\n<meta property=\"og:locale\" content=\"pt_BR\" \/>\n<meta property=\"og:type\" content=\"article\" \/>\n<meta property=\"og:title\" content=\"Por que voc\u00ea deve parar de fazer certas perguntas \u00e0 Alexa e \u00e0 Siri imediatamente - Estado de Minas - Em foco\" \/>\n<meta property=\"og:description\" content=\"Saiba o que nunca dizer a assistentes de voz como Alexa e Siri. Veja dados que n\u00e3o devem ser falados e como proteger sua privacidade.\" \/>\n<meta property=\"og:url\" content=\"https:\/\/www.em.com.br\/emfoco\/2025\/12\/06\/por-que-voce-deve-parar-de-fazer-certas-perguntas-a-alexa-e-a-siri-imediatamente\/\" \/>\n<meta property=\"og:site_name\" content=\"Estado de Minas - Em foco\" \/>\n<meta property=\"article:published_time\" content=\"2025-12-06T19:05:00+00:00\" \/>\n<meta property=\"article:modified_time\" content=\"2025-12-05T23:26:12+00:00\" \/>\n<meta property=\"og:image\" content=\"https:\/\/www.em.com.br\/emfoco\/wp-content\/uploads\/2025\/12\/mosaico_1764978530427.jpg\" \/>\n\t<meta property=\"og:image:width\" content=\"1280\" \/>\n\t<meta property=\"og:image:height\" content=\"720\" \/>\n\t<meta property=\"og:image:type\" content=\"image\/jpeg\" \/>\n<meta name=\"author\" content=\"Andre\u0301 Rangel\u00a0\" \/>\n<meta name=\"twitter:card\" content=\"summary_large_image\" \/>\n<meta name=\"twitter:label1\" content=\"Escrito por\" \/>\n\t<meta name=\"twitter:data1\" content=\"Andre\u0301 Rangel\u00a0\" \/>\n\t<meta name=\"twitter:label2\" content=\"Est. tempo de leitura\" \/>\n\t<meta name=\"twitter:data2\" content=\"5 minutos\" \/>\n<!-- \/ Yoast SEO plugin. -->","yoast_head_json":{"title":"Por que voc\u00ea deve parar de fazer certas perguntas \u00e0 Alexa e \u00e0 Siri imediatamente - Estado de Minas - Em foco","description":"Saiba o que nunca dizer a assistentes de voz como Alexa e Siri. Veja dados que n\u00e3o devem ser falados e como proteger sua privacidade.","robots":{"index":"index","follow":"follow","max-snippet":"max-snippet:-1","max-image-preview":"max-image-preview:large","max-video-preview":"max-video-preview:-1"},"canonical":"https:\/\/www.em.com.br\/emfoco\/2025\/12\/06\/por-que-voce-deve-parar-de-fazer-certas-perguntas-a-alexa-e-a-siri-imediatamente\/","og_locale":"pt_BR","og_type":"article","og_title":"Por que voc\u00ea deve parar de fazer certas perguntas \u00e0 Alexa e \u00e0 Siri imediatamente - Estado de Minas - Em foco","og_description":"Saiba o que nunca dizer a assistentes de voz como Alexa e Siri. Veja dados que n\u00e3o devem ser falados e como proteger sua privacidade.","og_url":"https:\/\/www.em.com.br\/emfoco\/2025\/12\/06\/por-que-voce-deve-parar-de-fazer-certas-perguntas-a-alexa-e-a-siri-imediatamente\/","og_site_name":"Estado de Minas - Em foco","article_published_time":"2025-12-06T19:05:00+00:00","article_modified_time":"2025-12-05T23:26:12+00:00","og_image":[{"width":1280,"height":720,"url":"https:\/\/www.em.com.br\/emfoco\/wp-content\/uploads\/2025\/12\/mosaico_1764978530427.jpg","type":"image\/jpeg"}],"author":"Andre\u0301 Rangel\u00a0","twitter_card":"summary_large_image","twitter_misc":{"Escrito por":"Andre\u0301 Rangel\u00a0","Est. tempo de leitura":"5 minutos"},"schema":{"@context":"https:\/\/schema.org","@graph":[{"@type":"WebPage","@id":"https:\/\/www.em.com.br\/emfoco\/2025\/12\/06\/por-que-voce-deve-parar-de-fazer-certas-perguntas-a-alexa-e-a-siri-imediatamente\/","url":"https:\/\/www.em.com.br\/emfoco\/2025\/12\/06\/por-que-voce-deve-parar-de-fazer-certas-perguntas-a-alexa-e-a-siri-imediatamente\/","name":"Por que voc\u00ea deve parar de fazer certas perguntas \u00e0 Alexa e \u00e0 Siri imediatamente - Estado de Minas - Em foco","isPartOf":{"@id":"https:\/\/www.em.com.br\/emfoco\/#website"},"primaryImageOfPage":{"@id":"https:\/\/www.em.com.br\/emfoco\/2025\/12\/06\/por-que-voce-deve-parar-de-fazer-certas-perguntas-a-alexa-e-a-siri-imediatamente\/#primaryimage"},"image":{"@id":"https:\/\/www.em.com.br\/emfoco\/2025\/12\/06\/por-que-voce-deve-parar-de-fazer-certas-perguntas-a-alexa-e-a-siri-imediatamente\/#primaryimage"},"thumbnailUrl":"https:\/\/www.em.com.br\/emfoco\/wp-content\/uploads\/2025\/12\/mosaico_1764978530427.jpg","datePublished":"2025-12-06T19:05:00+00:00","dateModified":"2025-12-05T23:26:12+00:00","author":{"@id":"https:\/\/www.em.com.br\/emfoco\/#\/schema\/person\/60eda09c1fedf0d6891f4cef4b60b8b8"},"description":"Saiba o que nunca dizer a assistentes de voz como Alexa e Siri. Veja dados que n\u00e3o devem ser falados e como proteger sua privacidade.","breadcrumb":{"@id":"https:\/\/www.em.com.br\/emfoco\/2025\/12\/06\/por-que-voce-deve-parar-de-fazer-certas-perguntas-a-alexa-e-a-siri-imediatamente\/#breadcrumb"},"inLanguage":"pt-BR","potentialAction":[{"@type":"ReadAction","target":["https:\/\/www.em.com.br\/emfoco\/2025\/12\/06\/por-que-voce-deve-parar-de-fazer-certas-perguntas-a-alexa-e-a-siri-imediatamente\/"]}]},{"@type":"ImageObject","inLanguage":"pt-BR","@id":"https:\/\/www.em.com.br\/emfoco\/2025\/12\/06\/por-que-voce-deve-parar-de-fazer-certas-perguntas-a-alexa-e-a-siri-imediatamente\/#primaryimage","url":"https:\/\/www.em.com.br\/emfoco\/wp-content\/uploads\/2025\/12\/mosaico_1764978530427.jpg","contentUrl":"https:\/\/www.em.com.br\/emfoco\/wp-content\/uploads\/2025\/12\/mosaico_1764978530427.jpg","width":1280,"height":720,"caption":"Assistente de voz o que revisar nas configura\u00e7\u00f5es - Cr\u00e9ditos: depositphotos.com \/ fabiomax Cr\u00e9ditos: depositphotos.com \/ dimarik Cr\u00e9ditos: depositphotos.com \/ epicimages"},{"@type":"BreadcrumbList","@id":"https:\/\/www.em.com.br\/emfoco\/2025\/12\/06\/por-que-voce-deve-parar-de-fazer-certas-perguntas-a-alexa-e-a-siri-imediatamente\/#breadcrumb","itemListElement":[{"@type":"ListItem","position":1,"name":"In\u00edcio","item":"https:\/\/www.em.com.br\/emfoco\/"},{"@type":"ListItem","position":2,"name":"Por que voc\u00ea deve parar de fazer certas perguntas \u00e0 Alexa e \u00e0 Siri imediatamente"}]},{"@type":"WebSite","@id":"https:\/\/www.em.com.br\/emfoco\/#website","url":"https:\/\/www.em.com.br\/emfoco\/","name":"Estado de Minas - Em foco","description":"Acompanhe as \u00faltimas not\u00edcias e fique bem informado sobre tudo o que acontece em Minas Gerais, Brasil e no mundo.","potentialAction":[{"@type":"SearchAction","target":{"@type":"EntryPoint","urlTemplate":"https:\/\/www.em.com.br\/emfoco\/?s={search_term_string}"},"query-input":{"@type":"PropertyValueSpecification","valueRequired":true,"valueName":"search_term_string"}}],"inLanguage":"pt-BR"},{"@type":"Person","@id":"https:\/\/www.em.com.br\/emfoco\/#\/schema\/person\/60eda09c1fedf0d6891f4cef4b60b8b8","name":"Andre\u0301 Rangel\u00a0","image":{"@type":"ImageObject","inLanguage":"pt-BR","@id":"https:\/\/www.em.com.br\/emfoco\/#\/schema\/person\/image\/","url":"https:\/\/secure.gravatar.com\/avatar\/6234dc814c77c8ef6d8bba622c787efc?s=96&d=mm&r=g","contentUrl":"https:\/\/secure.gravatar.com\/avatar\/6234dc814c77c8ef6d8bba622c787efc?s=96&d=mm&r=g","caption":"Andre\u0301 Rangel\u00a0"},"url":"https:\/\/www.em.com.br\/emfoco\/author\/luizmyth\/"}]}},"_links":{"self":[{"href":"https:\/\/www.em.com.br\/emfoco\/wp-json\/wp\/v2\/posts\/136168","targetHints":{"allow":["GET"]}}],"collection":[{"href":"https:\/\/www.em.com.br\/emfoco\/wp-json\/wp\/v2\/posts"}],"about":[{"href":"https:\/\/www.em.com.br\/emfoco\/wp-json\/wp\/v2\/types\/post"}],"author":[{"embeddable":true,"href":"https:\/\/www.em.com.br\/emfoco\/wp-json\/wp\/v2\/users\/11"}],"replies":[{"embeddable":true,"href":"https:\/\/www.em.com.br\/emfoco\/wp-json\/wp\/v2\/comments?post=136168"}],"version-history":[{"count":2,"href":"https:\/\/www.em.com.br\/emfoco\/wp-json\/wp\/v2\/posts\/136168\/revisions"}],"predecessor-version":[{"id":136543,"href":"https:\/\/www.em.com.br\/emfoco\/wp-json\/wp\/v2\/posts\/136168\/revisions\/136543"}],"wp:featuredmedia":[{"embeddable":true,"href":"https:\/\/www.em.com.br\/emfoco\/wp-json\/wp\/v2\/media\/136540"}],"wp:attachment":[{"href":"https:\/\/www.em.com.br\/emfoco\/wp-json\/wp\/v2\/media?parent=136168"}],"wp:term":[{"taxonomy":"category","embeddable":true,"href":"https:\/\/www.em.com.br\/emfoco\/wp-json\/wp\/v2\/categories?post=136168"},{"taxonomy":"post_tag","embeddable":true,"href":"https:\/\/www.em.com.br\/emfoco\/wp-json\/wp\/v2\/tags?post=136168"}],"curies":[{"name":"wp","href":"https:\/\/api.w.org\/{rel}","templated":true}]}}