{"id":136157,"date":"2025-12-06T14:45:00","date_gmt":"2025-12-06T17:45:00","guid":{"rendered":"https:\/\/www.em.com.br\/emfoco\/?p=136157"},"modified":"2025-12-05T20:25:55","modified_gmt":"2025-12-05T23:25:55","slug":"nao-jogue-fora-a-bandeja-de-isopor-ela-pode-virar-uma-arvore-de-natal-incrivel-com-um-truque-simples-que-custa-r-0","status":"publish","type":"post","link":"https:\/\/www.em.com.br\/emfoco\/2025\/12\/06\/nao-jogue-fora-a-bandeja-de-isopor-ela-pode-virar-uma-arvore-de-natal-incrivel-com-um-truque-simples-que-custa-r-0\/","title":{"rendered":"N\u00e3o jogue fora a bandeja de isopor, ela pode virar uma \u00e1rvore de Natal incr\u00edvel com um truque simples que custa R$ 0"},"content":{"rendered":"\n<p>Reaproveitar materiais que iriam para o lixo se tornou um h\u00e1bito cada vez mais presente nas casas, principalmente no fim de ano. Em vez de descartar as bandejas de isopor usadas em alimentos, muitas fam\u00edlias passaram a integr\u00e1-las \u00e0s decora\u00e7\u00f5es de Natal, transformando res\u00edduos em enfeites cheios de significado e alinhados ao consumo consciente em 2025.<\/p>\n\n\n\n<h2 class=\"wp-block-heading\">Por que a reciclagem com bandeja de isopor \u00e9 \u00fatil no Natal em 2025<\/h2>\n\n\n\n<p>O tema da&nbsp;<strong>reciclagem de bandejas de isopor<\/strong>&nbsp;ganha for\u00e7a por unir cuidado ambiental, economia dom\u00e9stica e criatividade. Em 2025, com o aumento do uso de embalagens, qualquer a\u00e7\u00e3o que reduza o volume de lixo faz diferen\u00e7a.<\/p>\n\n\n\n<p>Ao transformar uma bandeja em <a href=\"https:\/\/br.pinterest.com\/rosaemilia09\/enfeite-natalino\/\" target=\"_blank\" rel=\"noreferrer noopener\">enfeite natalino<\/a>, o morador reduz o descarte e cria uma decora\u00e7\u00e3o autoral, adaptada ao espa\u00e7o e ao estilo da casa. Isso evita depender de produtos industrializados e incentiva o olhar para o reaproveitamento di\u00e1rio.<\/p>\n\n\n\n<h2 class=\"wp-block-heading\">Quais s\u00e3o as vantagens da \u00e1rvore de Natal reciclada com isopor<\/h2>\n\n\n\n<p>O isopor, conhecido em alguns pa\u00edses como telgopor, \u00e9 leve, f\u00e1cil de manusear e muito comum nas resid\u00eancias. Ele chega em bandejas de frios, carnes, frutas e outros alimentos, que podem se tornar uma\u00a0<strong>\u00e1rvore de Natal reciclada,<\/strong>\u00a0simples, resistente e econ\u00f4mica.<\/p>\n\n\n\n<figure class=\"wp-block-image size-large\"><img loading=\"lazy\" decoding=\"async\" width=\"1024\" height=\"576\" src=\"https:\/\/www.em.com.br\/emfoco\/wp-content\/uploads\/2025\/12\/Gemini_Generated_Image_grta82grta82grta-1-1024x576.png\" alt=\"Reciclagem de bandeja de isopor decora\u00e7\u00e3o 2025\" class=\"wp-image-136546\" srcset=\"https:\/\/www.em.com.br\/emfoco\/wp-content\/uploads\/2025\/12\/Gemini_Generated_Image_grta82grta82grta-1-1024x576.png 1024w, https:\/\/www.em.com.br\/emfoco\/wp-content\/uploads\/2025\/12\/Gemini_Generated_Image_grta82grta82grta-1-300x169.png 300w, https:\/\/www.em.com.br\/emfoco\/wp-content\/uploads\/2025\/12\/Gemini_Generated_Image_grta82grta82grta-1-768x432.png 768w, https:\/\/www.em.com.br\/emfoco\/wp-content\/uploads\/2025\/12\/Gemini_Generated_Image_grta82grta82grta-1-750x422.png 750w, https:\/\/www.em.com.br\/emfoco\/wp-content\/uploads\/2025\/12\/Gemini_Generated_Image_grta82grta82grta-1-1140x641.png 1140w, https:\/\/www.em.com.br\/emfoco\/wp-content\/uploads\/2025\/12\/Gemini_Generated_Image_grta82grta82grta-1.png 1280w\" sizes=\"auto, (max-width: 1024px) 100vw, 1024px\" \/><figcaption class=\"wp-element-caption\">Reciclagem de bandeja de isopor decora\u00e7\u00e3o 2025<\/figcaption><\/figure>\n\n\n\n<p>Essas bandejas podem ser cortadas, lixadas e coladas sem exigir ferramentas complexas, permitindo que crian\u00e7as, adultos e idosos participem. O pinheiro natalino pode ser pintado em v\u00e1rios tons, receber detalhes metalizados e se adaptar a ambientes pequenos ou amplos.<\/p>\n\n\n\n<h2 class=\"wp-block-heading\">Como fazer um pinheiro de Natal com reciclagem de bandeja de isopor<\/h2>\n\n\n\n<p>Para montar um&nbsp;<strong>pinheiro de Natal com reciclagem<\/strong>&nbsp;usando bandejas de isopor, \u00e9 essencial que o material esteja limpo e seco. Res\u00edduos de alimento comprometem a durabilidade do enfeite, atraem insetos e dificultam a fixa\u00e7\u00e3o de tinta e cola.<\/p>\n\n\n\n<p>Depois de higienizar as bandejas, defina o tamanho do pinheiro considerando o local onde ser\u00e1 colocado, como mesa, estante ou parede. Em seguida, siga uma sequ\u00eancia simples para organizar o passo a passo de forma pr\u00e1tica:<\/p>\n\n\n\n<ul class=\"wp-block-list\">\n<li><strong>1. Preparar o material:<\/strong>&nbsp;separar bandejas de isopor, tesoura ou estilete, cola adequada, tinta acr\u00edlica verde e pinc\u00e9is ou esponja.<\/li>\n\n\n\n<li><strong>2. Desenhar as pe\u00e7as:<\/strong>&nbsp;tra\u00e7ar tri\u00e2ngulos de diferentes tamanhos, que juntos formar\u00e3o a silhueta do pinheiro de Natal.<\/li>\n\n\n\n<li><strong>3. Cortar com cuidado:<\/strong>&nbsp;recortar os tri\u00e2ngulos seguindo as marca\u00e7\u00f5es, mantendo as bordas o mais retas poss\u00edvel.<\/li>\n\n\n\n<li><strong>4. Montar a estrutura:<\/strong>&nbsp;organizar as partes do maior tri\u00e2ngulo na base ao menor na parte superior, colando pe\u00e7a por pe\u00e7a.<\/li>\n\n\n\n<li><strong>5. Pintar e decorar:<\/strong>&nbsp;aplicar tinta verde e, depois de seca, acrescentar brilhos, contas, bot\u00f5es ou retalhos.<\/li>\n<\/ul>\n\n\n\n<h2 class=\"wp-block-heading\">Quais s\u00e3o os benef\u00edcios ambientais e econ\u00f4micos da \u00e1rvore de Natal reciclada<\/h2>\n\n\n\n<p>Em 2025, falar de&nbsp;<strong>\u00e1rvore de Natal reciclada<\/strong>&nbsp;\u00e9 tratar de est\u00e9tica e responsabilidade ambiental ao mesmo tempo. O isopor costuma ter destino inadequado, e sua reutiliza\u00e7\u00e3o alivia a press\u00e3o sobre sistemas de coleta, rios e aterros sanit\u00e1rios.<\/p>\n\n\n\n<p>Do ponto de vista econ\u00f4mico, esse tipo de reciclagem reduz ou elimina gastos com enfeites sazonais. Em vez de comprar uma nova \u00e1rvore a cada ano, \u00e9 poss\u00edvel montar um conjunto completo com bandejas, papel\u00e3o, retalhos de tecido e rolhas, criando decora\u00e7\u00e3o de baixo custo.<\/p>\n\n\n\n<figure class=\"wp-block-image size-large\"><img loading=\"lazy\" decoding=\"async\" width=\"1024\" height=\"576\" src=\"https:\/\/www.em.com.br\/emfoco\/wp-content\/uploads\/2025\/12\/Gemini_Generated_Image_yl04fayl04fayl04-1-1024x576.png\" alt=\"Reciclagem de bandeja de isopor economia e beleza\" class=\"wp-image-136545\" srcset=\"https:\/\/www.em.com.br\/emfoco\/wp-content\/uploads\/2025\/12\/Gemini_Generated_Image_yl04fayl04fayl04-1-1024x576.png 1024w, https:\/\/www.em.com.br\/emfoco\/wp-content\/uploads\/2025\/12\/Gemini_Generated_Image_yl04fayl04fayl04-1-300x169.png 300w, https:\/\/www.em.com.br\/emfoco\/wp-content\/uploads\/2025\/12\/Gemini_Generated_Image_yl04fayl04fayl04-1-768x432.png 768w, https:\/\/www.em.com.br\/emfoco\/wp-content\/uploads\/2025\/12\/Gemini_Generated_Image_yl04fayl04fayl04-1-750x422.png 750w, https:\/\/www.em.com.br\/emfoco\/wp-content\/uploads\/2025\/12\/Gemini_Generated_Image_yl04fayl04fayl04-1-1140x641.png 1140w, https:\/\/www.em.com.br\/emfoco\/wp-content\/uploads\/2025\/12\/Gemini_Generated_Image_yl04fayl04fayl04-1.png 1280w\" sizes=\"auto, (max-width: 1024px) 100vw, 1024px\" \/><figcaption class=\"wp-element-caption\">Reciclagem de bandeja de isopor economia e beleza<\/figcaption><\/figure>\n\n\n\n<h2 class=\"wp-block-heading\">Como adaptar o pinheiro de isopor aos diferentes espa\u00e7os da casa<\/h2>\n\n\n\n<p>O&nbsp;<strong>pinheiro de Natal com bandeja de isopor<\/strong>&nbsp;se adapta bem a v\u00e1rios ambientes justamente por ser leve e f\u00e1cil de fixar. Em apartamentos pequenos, pode ser colado na parede, formando uma composi\u00e7\u00e3o em relevo; em casas maiores, pode ser montado sobre papel\u00e3o firme ou madeira reaproveitada.<\/p>\n\n\n\n<p>Com a mesma t\u00e9cnica de reciclagem, \u00e9 poss\u00edvel criar centros de mesa, <a href=\"https:\/\/www.em.com.br\/emfoco\/2025\/11\/27\/quer-um-natal-mais-elegante-e-acolhedor-essa-guirlanda-natural-e-a-escolha-perfeita\/\" target=\"_blank\" rel=\"noreferrer noopener\">guirlandas <\/a>e pain\u00e9is verticais. O importante \u00e9 usar o que j\u00e1 existe em casa, explorar alturas diferentes e combinar cores que dialoguem com o restante da decora\u00e7\u00e3o.<\/p>\n\n\n\n<h2 class=\"wp-block-heading\">Como o pinheiro de isopor refor\u00e7a a educa\u00e7\u00e3o ambiental no Natal<\/h2>\n\n\n\n<p>Quando crian\u00e7as participam da confec\u00e7\u00e3o do pinheiro de isopor, aprendem na pr\u00e1tica sobre reaproveitamento, consumo consciente e gest\u00e3o de res\u00edduos. A atividade manual estimula criatividade, coordena\u00e7\u00e3o motora e uma rela\u00e7\u00e3o mais cr\u00edtica com o lixo gerado em casa.<\/p>\n\n\n\n<p>Durante o processo, vale explicar de forma simples por que dar uma segunda vida aos materiais importa para o planeta. Esse di\u00e1logo ajuda a formar h\u00e1bitos sustent\u00e1veis duradouros, que se estendem muito al\u00e9m do per\u00edodo natalino.<\/p>\n\n\n\n<h2 class=\"wp-block-heading\">Como finalizar o pinheiro de isopor e agir agora para um Natal mais consciente<\/h2>\n\n\n\n<p>Ao concluir o&nbsp;<strong>pinheiro de Natal com bandeja de isopor<\/strong>, capriche nos detalhes finais, como estrelas de papel\u00e3o, la\u00e7os de tecido e pequenas luzes de LED reaproveitadas. Cada elemento extra refor\u00e7a o car\u00e1ter \u00fanico da pe\u00e7a e mostra que \u00e9 poss\u00edvel criar uma decora\u00e7\u00e3o bonita sem estimular o consumo excessivo.<\/p>\n\n\n\n<p>N\u00e3o espere o pr\u00f3ximo Natal para mudar sua rela\u00e7\u00e3o com o lixo: comece hoje a guardar bandejas limpas, separar materiais e envolver a fam\u00edlia nesse projeto. Transforme as embalagens de agora em enfeites cheios de afeto e fa\u00e7a deste Natal o ponto de virada para uma casa mais criativa, sustent\u00e1vel e consciente.<\/p>\n\n\n\n<p><\/p>\n","protected":false},"excerpt":{"rendered":"<p>Reaproveitar materiais que iriam para o lixo se tornou um h\u00e1bito cada vez mais presente nas casas, principalmente no fim de ano. Em vez de descartar as bandejas de isopor usadas em alimentos, muitas fam\u00edlias passaram a integr\u00e1-las \u00e0s decora\u00e7\u00f5es de Natal, transformando res\u00edduos em enfeites cheios de significado e alinhados ao consumo consciente em [&hellip;]<\/p>\n","protected":false},"author":11,"featured_media":136544,"comment_status":"open","ping_status":"open","sticky":false,"template":"","format":"standard","meta":{"jnews-multi-image_gallery":[],"jnews_single_post":{"format":"standard"},"jnews_primary_category":[],"jnews_social_meta":[],"jnews_override_counter":[],"footnotes":""},"categories":[8819,1],"tags":[17062,4687,19930],"class_list":["post-136157","post","type-post","status-publish","format-standard","has-post-thumbnail","hentry","category-curiosidades","category-noticias","tag-arvore-de-natal","tag-decoracao","tag-reciclagem-de-bandeja-de-isopor"],"yoast_head":"<!-- This site is optimized with the Yoast SEO plugin v23.8 - https:\/\/yoast.com\/wordpress\/plugins\/seo\/ -->\n<title>N\u00e3o jogue fora a bandeja de isopor, ela pode virar uma \u00e1rvore de Natal incr\u00edvel com um truque simples que custa R$ 0 - Estado de Minas - Em foco<\/title>\n<meta name=\"description\" content=\"Transforme bandejas de isopor em decora\u00e7\u00e3o de Natal. Aprenda a fazer um pinheiro reciclado, economizar e reduzir res\u00edduos em 2025.\" \/>\n<meta name=\"robots\" content=\"index, follow, max-snippet:-1, max-image-preview:large, max-video-preview:-1\" \/>\n<link rel=\"canonical\" href=\"https:\/\/www.em.com.br\/emfoco\/2025\/12\/06\/nao-jogue-fora-a-bandeja-de-isopor-ela-pode-virar-uma-arvore-de-natal-incrivel-com-um-truque-simples-que-custa-r-0\/\" \/>\n<meta property=\"og:locale\" content=\"pt_BR\" \/>\n<meta property=\"og:type\" content=\"article\" \/>\n<meta property=\"og:title\" content=\"N\u00e3o jogue fora a bandeja de isopor, ela pode virar uma \u00e1rvore de Natal incr\u00edvel com um truque simples que custa R$ 0 - Estado de Minas - Em foco\" \/>\n<meta property=\"og:description\" content=\"Transforme bandejas de isopor em decora\u00e7\u00e3o de Natal. Aprenda a fazer um pinheiro reciclado, economizar e reduzir res\u00edduos em 2025.\" \/>\n<meta property=\"og:url\" content=\"https:\/\/www.em.com.br\/emfoco\/2025\/12\/06\/nao-jogue-fora-a-bandeja-de-isopor-ela-pode-virar-uma-arvore-de-natal-incrivel-com-um-truque-simples-que-custa-r-0\/\" \/>\n<meta property=\"og:site_name\" content=\"Estado de Minas - Em foco\" \/>\n<meta property=\"article:published_time\" content=\"2025-12-06T17:45:00+00:00\" \/>\n<meta property=\"article:modified_time\" content=\"2025-12-05T23:25:55+00:00\" \/>\n<meta property=\"og:image\" content=\"https:\/\/www.em.com.br\/emfoco\/wp-content\/uploads\/2025\/12\/Gemini_Generated_Image_83azv083azv083az-1.png\" \/>\n\t<meta property=\"og:image:width\" content=\"1280\" \/>\n\t<meta property=\"og:image:height\" content=\"720\" \/>\n\t<meta property=\"og:image:type\" content=\"image\/png\" \/>\n<meta name=\"author\" content=\"Andre\u0301 Rangel\u00a0\" \/>\n<meta name=\"twitter:card\" content=\"summary_large_image\" \/>\n<meta name=\"twitter:label1\" content=\"Escrito por\" \/>\n\t<meta name=\"twitter:data1\" content=\"Andre\u0301 Rangel\u00a0\" \/>\n\t<meta name=\"twitter:label2\" content=\"Est. tempo de leitura\" \/>\n\t<meta name=\"twitter:data2\" content=\"6 minutos\" \/>\n<!-- \/ Yoast SEO plugin. -->","yoast_head_json":{"title":"N\u00e3o jogue fora a bandeja de isopor, ela pode virar uma \u00e1rvore de Natal incr\u00edvel com um truque simples que custa R$ 0 - Estado de Minas - Em foco","description":"Transforme bandejas de isopor em decora\u00e7\u00e3o de Natal. Aprenda a fazer um pinheiro reciclado, economizar e reduzir res\u00edduos em 2025.","robots":{"index":"index","follow":"follow","max-snippet":"max-snippet:-1","max-image-preview":"max-image-preview:large","max-video-preview":"max-video-preview:-1"},"canonical":"https:\/\/www.em.com.br\/emfoco\/2025\/12\/06\/nao-jogue-fora-a-bandeja-de-isopor-ela-pode-virar-uma-arvore-de-natal-incrivel-com-um-truque-simples-que-custa-r-0\/","og_locale":"pt_BR","og_type":"article","og_title":"N\u00e3o jogue fora a bandeja de isopor, ela pode virar uma \u00e1rvore de Natal incr\u00edvel com um truque simples que custa R$ 0 - Estado de Minas - Em foco","og_description":"Transforme bandejas de isopor em decora\u00e7\u00e3o de Natal. Aprenda a fazer um pinheiro reciclado, economizar e reduzir res\u00edduos em 2025.","og_url":"https:\/\/www.em.com.br\/emfoco\/2025\/12\/06\/nao-jogue-fora-a-bandeja-de-isopor-ela-pode-virar-uma-arvore-de-natal-incrivel-com-um-truque-simples-que-custa-r-0\/","og_site_name":"Estado de Minas - Em foco","article_published_time":"2025-12-06T17:45:00+00:00","article_modified_time":"2025-12-05T23:25:55+00:00","og_image":[{"width":1280,"height":720,"url":"https:\/\/www.em.com.br\/emfoco\/wp-content\/uploads\/2025\/12\/Gemini_Generated_Image_83azv083azv083az-1.png","type":"image\/png"}],"author":"Andre\u0301 Rangel\u00a0","twitter_card":"summary_large_image","twitter_misc":{"Escrito por":"Andre\u0301 Rangel\u00a0","Est. tempo de leitura":"6 minutos"},"schema":{"@context":"https:\/\/schema.org","@graph":[{"@type":"WebPage","@id":"https:\/\/www.em.com.br\/emfoco\/2025\/12\/06\/nao-jogue-fora-a-bandeja-de-isopor-ela-pode-virar-uma-arvore-de-natal-incrivel-com-um-truque-simples-que-custa-r-0\/","url":"https:\/\/www.em.com.br\/emfoco\/2025\/12\/06\/nao-jogue-fora-a-bandeja-de-isopor-ela-pode-virar-uma-arvore-de-natal-incrivel-com-um-truque-simples-que-custa-r-0\/","name":"N\u00e3o jogue fora a bandeja de isopor, ela pode virar uma \u00e1rvore de Natal incr\u00edvel com um truque simples que custa R$ 0 - Estado de Minas - Em foco","isPartOf":{"@id":"https:\/\/www.em.com.br\/emfoco\/#website"},"primaryImageOfPage":{"@id":"https:\/\/www.em.com.br\/emfoco\/2025\/12\/06\/nao-jogue-fora-a-bandeja-de-isopor-ela-pode-virar-uma-arvore-de-natal-incrivel-com-um-truque-simples-que-custa-r-0\/#primaryimage"},"image":{"@id":"https:\/\/www.em.com.br\/emfoco\/2025\/12\/06\/nao-jogue-fora-a-bandeja-de-isopor-ela-pode-virar-uma-arvore-de-natal-incrivel-com-um-truque-simples-que-custa-r-0\/#primaryimage"},"thumbnailUrl":"https:\/\/www.em.com.br\/emfoco\/wp-content\/uploads\/2025\/12\/Gemini_Generated_Image_83azv083azv083az-1.png","datePublished":"2025-12-06T17:45:00+00:00","dateModified":"2025-12-05T23:25:55+00:00","author":{"@id":"https:\/\/www.em.com.br\/emfoco\/#\/schema\/person\/60eda09c1fedf0d6891f4cef4b60b8b8"},"description":"Transforme bandejas de isopor em decora\u00e7\u00e3o de Natal. Aprenda a fazer um pinheiro reciclado, economizar e reduzir res\u00edduos em 2025.","breadcrumb":{"@id":"https:\/\/www.em.com.br\/emfoco\/2025\/12\/06\/nao-jogue-fora-a-bandeja-de-isopor-ela-pode-virar-uma-arvore-de-natal-incrivel-com-um-truque-simples-que-custa-r-0\/#breadcrumb"},"inLanguage":"pt-BR","potentialAction":[{"@type":"ReadAction","target":["https:\/\/www.em.com.br\/emfoco\/2025\/12\/06\/nao-jogue-fora-a-bandeja-de-isopor-ela-pode-virar-uma-arvore-de-natal-incrivel-com-um-truque-simples-que-custa-r-0\/"]}]},{"@type":"ImageObject","inLanguage":"pt-BR","@id":"https:\/\/www.em.com.br\/emfoco\/2025\/12\/06\/nao-jogue-fora-a-bandeja-de-isopor-ela-pode-virar-uma-arvore-de-natal-incrivel-com-um-truque-simples-que-custa-r-0\/#primaryimage","url":"https:\/\/www.em.com.br\/emfoco\/wp-content\/uploads\/2025\/12\/Gemini_Generated_Image_83azv083azv083az-1.png","contentUrl":"https:\/\/www.em.com.br\/emfoco\/wp-content\/uploads\/2025\/12\/Gemini_Generated_Image_83azv083azv083az-1.png","width":1280,"height":720,"caption":"Reciclagem de bandeja de isopor \u00e1rvore de Natal"},{"@type":"BreadcrumbList","@id":"https:\/\/www.em.com.br\/emfoco\/2025\/12\/06\/nao-jogue-fora-a-bandeja-de-isopor-ela-pode-virar-uma-arvore-de-natal-incrivel-com-um-truque-simples-que-custa-r-0\/#breadcrumb","itemListElement":[{"@type":"ListItem","position":1,"name":"In\u00edcio","item":"https:\/\/www.em.com.br\/emfoco\/"},{"@type":"ListItem","position":2,"name":"N\u00e3o jogue fora a bandeja de isopor, ela pode virar uma \u00e1rvore de Natal incr\u00edvel com um truque simples que custa R$ 0"}]},{"@type":"WebSite","@id":"https:\/\/www.em.com.br\/emfoco\/#website","url":"https:\/\/www.em.com.br\/emfoco\/","name":"Estado de Minas - Em foco","description":"Acompanhe as \u00faltimas not\u00edcias e fique bem informado sobre tudo o que acontece em Minas Gerais, Brasil e no mundo.","potentialAction":[{"@type":"SearchAction","target":{"@type":"EntryPoint","urlTemplate":"https:\/\/www.em.com.br\/emfoco\/?s={search_term_string}"},"query-input":{"@type":"PropertyValueSpecification","valueRequired":true,"valueName":"search_term_string"}}],"inLanguage":"pt-BR"},{"@type":"Person","@id":"https:\/\/www.em.com.br\/emfoco\/#\/schema\/person\/60eda09c1fedf0d6891f4cef4b60b8b8","name":"Andre\u0301 Rangel\u00a0","image":{"@type":"ImageObject","inLanguage":"pt-BR","@id":"https:\/\/www.em.com.br\/emfoco\/#\/schema\/person\/image\/","url":"https:\/\/secure.gravatar.com\/avatar\/6234dc814c77c8ef6d8bba622c787efc?s=96&d=mm&r=g","contentUrl":"https:\/\/secure.gravatar.com\/avatar\/6234dc814c77c8ef6d8bba622c787efc?s=96&d=mm&r=g","caption":"Andre\u0301 Rangel\u00a0"},"url":"https:\/\/www.em.com.br\/emfoco\/author\/luizmyth\/"}]}},"_links":{"self":[{"href":"https:\/\/www.em.com.br\/emfoco\/wp-json\/wp\/v2\/posts\/136157","targetHints":{"allow":["GET"]}}],"collection":[{"href":"https:\/\/www.em.com.br\/emfoco\/wp-json\/wp\/v2\/posts"}],"about":[{"href":"https:\/\/www.em.com.br\/emfoco\/wp-json\/wp\/v2\/types\/post"}],"author":[{"embeddable":true,"href":"https:\/\/www.em.com.br\/emfoco\/wp-json\/wp\/v2\/users\/11"}],"replies":[{"embeddable":true,"href":"https:\/\/www.em.com.br\/emfoco\/wp-json\/wp\/v2\/comments?post=136157"}],"version-history":[{"count":3,"href":"https:\/\/www.em.com.br\/emfoco\/wp-json\/wp\/v2\/posts\/136157\/revisions"}],"predecessor-version":[{"id":136547,"href":"https:\/\/www.em.com.br\/emfoco\/wp-json\/wp\/v2\/posts\/136157\/revisions\/136547"}],"wp:featuredmedia":[{"embeddable":true,"href":"https:\/\/www.em.com.br\/emfoco\/wp-json\/wp\/v2\/media\/136544"}],"wp:attachment":[{"href":"https:\/\/www.em.com.br\/emfoco\/wp-json\/wp\/v2\/media?parent=136157"}],"wp:term":[{"taxonomy":"category","embeddable":true,"href":"https:\/\/www.em.com.br\/emfoco\/wp-json\/wp\/v2\/categories?post=136157"},{"taxonomy":"post_tag","embeddable":true,"href":"https:\/\/www.em.com.br\/emfoco\/wp-json\/wp\/v2\/tags?post=136157"}],"curies":[{"name":"wp","href":"https:\/\/api.w.org\/{rel}","templated":true}]}}