{"id":136132,"date":"2025-12-06T10:05:00","date_gmt":"2025-12-06T13:05:00","guid":{"rendered":"https:\/\/www.em.com.br\/emfoco\/?p=136132"},"modified":"2025-12-05T19:03:06","modified_gmt":"2025-12-05T22:03:06","slug":"acabou-o-home-office-banco-confirma-retorno-presencial-de-quase-900-funcionarios-em-2026","status":"publish","type":"post","link":"https:\/\/www.em.com.br\/emfoco\/2025\/12\/06\/acabou-o-home-office-banco-confirma-retorno-presencial-de-quase-900-funcionarios-em-2026\/","title":{"rendered":"Acabou o home office: Banco confirma retorno presencial de quase 900 funcion\u00e1rios em 2026"},"content":{"rendered":"\n<p>O fim do home office para parte dos funcion\u00e1rios do Bradesco reacendeu um debate mais amplo sobre o futuro do trabalho no setor financeiro, em um contexto em que empresas tentam equilibrar produtividade, controle, cultura organizacional e qualidade de vida ap\u00f3s anos de expans\u00e3o dos modelos remoto e h\u00edbrido.<\/p>\n\n\n\n<h2 class=\"wp-block-heading\">Como ser\u00e1 o retorno ao trabalho presencial no Bradesco em 2026<\/h2>\n\n\n\n<p>De acordo com o Sindicato dos Banc\u00e1rios e Financi\u00e1rios de S\u00e3o Paulo, Osasco e Regi\u00e3o, o Bradesco encerrar\u00e1 o home office para quase 900 trabalhadores a partir de janeiro de 2026. A mudan\u00e7a atinge principalmente o departamento de investimentos, com 844 profissionais, e a tesouraria, com cerca de 50 banc\u00e1rios, todos na capital paulista e em Osasco.<\/p>\n\n\n\n<p>O banco afirma que a rotina de trabalho \u00e9 definida pela lideran\u00e7a de cada \u00e1rea, que combina dias remotos e presenciais conforme as necessidades operacionais. Hoje, aproximadamente metade dos mais de 82 mil empregados atua em regime h\u00edbrido, o que mostra que o fim do trabalho remoto n\u00e3o valer\u00e1 para toda a organiza\u00e7\u00e3o.<\/p>\n\n\n\n<figure class=\"wp-block-image\"><img decoding=\"async\" src=\"https:\/\/www.em.com.br\/emfoco\/wp-content\/uploads\/2025\/05\/home-office_1746123244873-1024x576.jpg\" alt=\"\"\/><figcaption class=\"wp-element-caption\">Fim do home office &#8211; Cr\u00e9ditos: depositphotos.com \/ alexeys<\/figcaption><\/figure>\n\n\n\n<h2 class=\"wp-block-heading\">O que muda na rotina dos banc\u00e1rios com o fim do home office<\/h2>\n\n\n\n<p>A decis\u00e3o de encerrar o home office para parte do quadro levanta d\u00favidas sobre impacto na vida pr\u00e1tica dos banc\u00e1rios e de suas fam\u00edlias. A altera\u00e7\u00e3o afeta deslocamentos di\u00e1rios, gastos com transporte e alimenta\u00e7\u00e3o, al\u00e9m da concilia\u00e7\u00e3o entre trabalho, estudos, cuidados com filhos e outras responsabilidades.<\/p>\n\n\n\n<ul class=\"wp-block-list\">\n<li>Aumento do tempo de deslocamento em grandes centros urbanos.<\/li>\n\n\n\n<li>Reajuste do or\u00e7amento mensal com novos custos fixos.<\/li>\n\n\n\n<li>Redefini\u00e7\u00e3o de rotinas familiares e de cuidados com dependentes.<\/li>\n\n\n\n<li>Adapta\u00e7\u00e3o emocional ao retorno a ambientes mais controlados.<\/li>\n<\/ul>\n\n\n\n<h2 class=\"wp-block-heading\">Por que grandes bancos est\u00e3o revendo o modelo de home office<\/h2>\n\n\n\n<p>A revers\u00e3o parcial do home office no Bradesco ocorre enquanto outros bancos tamb\u00e9m apertam as regras de presen\u00e7a. O Nubank passar\u00e1 a exigir ao menos dois dias por semana no escrit\u00f3rio a partir do segundo semestre de 2025, e o Ita\u00fa Unibanco j\u00e1 desligou empregados ap\u00f3s revisar condutas relacionadas ao trabalho remoto e ao registro de jornada.<\/p>\n\n\n\n<p>Especialistas em mercado de trabalho citam fatores como necessidade de monitorar desempenho, refor\u00e7ar cultura organizacional e atender exig\u00eancias regulat\u00f3rias e de seguran\u00e7a, especialmente em \u00e1reas sens\u00edveis como tesouraria e investimentos. H\u00e1 tamb\u00e9m o interesse em padronizar pol\u00edticas internas, reduzindo diferen\u00e7as entre equipes presenciais e remotas.<\/p>\n\n\n\n<figure class=\"wp-block-image\"><img decoding=\"async\" src=\"https:\/\/www.em.com.br\/emfoco\/wp-content\/uploads\/2025\/04\/Bradesco-_1743786020891-1024x576.jpg\" alt=\"\"\/><figcaption class=\"wp-element-caption\">Banco Bradesco &#8211; Cr\u00e9ditos: depositphotos.com \/ casadaphoto<\/figcaption><\/figure>\n\n\n\n<h2 class=\"wp-block-heading\">Quais s\u00e3o os principais desafios do fim do home office para bancos e trabalhadores<\/h2>\n\n\n\n<p>A migra\u00e7\u00e3o para o modelo 100% presencial exige que os bancos assegurem infraestrutura adequada, esta\u00e7\u00f5es de trabalho suficientes e pol\u00edticas claras de jornada. O sindicato afirma que acompanhar\u00e1 a transi\u00e7\u00e3o, cobrando limites \u00e0 carga hor\u00e1ria, respeito \u00e0s normas de sa\u00fade e seguran\u00e7a e ajustes realistas de metas.<\/p>\n\n\n\n<p>Para os banc\u00e1rios, o desafio est\u00e1 em reorganizar hor\u00e1rios, log\u00edstica pessoal e bem-estar, buscando manter equil\u00edbrio entre vida profissional e pessoal. Comunica\u00e7\u00e3o antecipada, per\u00edodos de adapta\u00e7\u00e3o e revis\u00e3o de benef\u00edcios costumam ser estrat\u00e9gias usadas para reduzir impactos na volta ao escrit\u00f3rio.<\/p>\n\n\n\n<h2 class=\"wp-block-heading\">Quais s\u00e3o as perspectivas para os modelos h\u00edbrido e presencial nos pr\u00f3ximos anos<\/h2>\n\n\n\n<p>O movimento de Bradesco, Nubank e outros bancos indica que o debate sobre trabalho remoto continuar\u00e1 forte nos pr\u00f3ximos anos. O modelo h\u00edbrido segue como alternativa dominante, mas com regras diferentes entre empresas e maior exig\u00eancia de presen\u00e7a em \u00e1reas cr\u00edticas, como tesouraria e determinados segmentos de investimentos.<\/p>\n\n\n\n<p>At\u00e9 2026, muitos profissionais viver\u00e3o uma fase de readequa\u00e7\u00e3o, avaliando se permanecem em empresas com exig\u00eancia maior de presencialidade ou se buscam oportunidades mais flex\u00edveis. Se voc\u00ea trabalha ou pretende trabalhar no setor financeiro, este \u00e9 o momento de se informar, participar ativamente das discuss\u00f5es internas e decidir, com urg\u00eancia e consci\u00eancia, qual modelo de trabalho melhor protege sua carreira e sua qualidade de vida.<\/p>\n\n\n\n<h2 class=\"wp-block-heading\"><\/h2>\n","protected":false},"excerpt":{"rendered":"<p>O fim do home office para parte dos funcion\u00e1rios do Bradesco reacendeu um debate mais amplo sobre o futuro do trabalho no setor financeiro, em um contexto em que empresas tentam equilibrar produtividade, controle, cultura organizacional e qualidade de vida ap\u00f3s anos de expans\u00e3o dos modelos remoto e h\u00edbrido. Como ser\u00e1 o retorno ao trabalho [&hellip;]<\/p>\n","protected":false},"author":11,"featured_media":136451,"comment_status":"open","ping_status":"open","sticky":false,"template":"","format":"standard","meta":{"jnews-multi-image_gallery":[],"jnews_single_post":{"format":"standard"},"jnews_primary_category":[],"jnews_social_meta":[],"jnews_override_counter":[],"footnotes":""},"categories":[28,1],"tags":[2291,1461,508,19891],"class_list":["post-136132","post","type-post","status-publish","format-standard","has-post-thumbnail","hentry","category-economia","category-noticias","tag-bancos","tag-setor-financeiro","tag-trabalho","tag-trabalho-hibrido"],"yoast_head":"<!-- This site is optimized with the Yoast SEO plugin v23.8 - https:\/\/yoast.com\/wordpress\/plugins\/seo\/ -->\n<title>Acabou o home office: Banco confirma retorno presencial de quase 900 funcion\u00e1rios em 2026 - Estado de Minas - Em foco<\/title>\n<meta name=\"description\" content=\"Bancos revisam pol\u00edticas de trabalho h\u00edbrido com foco em ergonomia, controle de jornada, bem-estar e di\u00e1logo com sindicatos. Entenda o cen\u00e1rio.\" \/>\n<meta name=\"robots\" content=\"index, follow, max-snippet:-1, max-image-preview:large, max-video-preview:-1\" \/>\n<link rel=\"canonical\" href=\"https:\/\/www.em.com.br\/emfoco\/2025\/12\/06\/acabou-o-home-office-banco-confirma-retorno-presencial-de-quase-900-funcionarios-em-2026\/\" \/>\n<meta property=\"og:locale\" content=\"pt_BR\" \/>\n<meta property=\"og:type\" content=\"article\" \/>\n<meta property=\"og:title\" content=\"Acabou o home office: Banco confirma retorno presencial de quase 900 funcion\u00e1rios em 2026 - Estado de Minas - Em foco\" \/>\n<meta property=\"og:description\" content=\"Bancos revisam pol\u00edticas de trabalho h\u00edbrido com foco em ergonomia, controle de jornada, bem-estar e di\u00e1logo com sindicatos. Entenda o cen\u00e1rio.\" \/>\n<meta property=\"og:url\" content=\"https:\/\/www.em.com.br\/emfoco\/2025\/12\/06\/acabou-o-home-office-banco-confirma-retorno-presencial-de-quase-900-funcionarios-em-2026\/\" \/>\n<meta property=\"og:site_name\" content=\"Estado de Minas - Em foco\" \/>\n<meta property=\"article:published_time\" content=\"2025-12-06T13:05:00+00:00\" \/>\n<meta property=\"article:modified_time\" content=\"2025-12-05T22:03:06+00:00\" \/>\n<meta property=\"og:image\" content=\"https:\/\/www.em.com.br\/emfoco\/wp-content\/uploads\/2025\/12\/Gemini_Generated_Image_lfoiphlfoiphlfoi-1.png\" \/>\n\t<meta property=\"og:image:width\" content=\"1280\" \/>\n\t<meta property=\"og:image:height\" content=\"720\" \/>\n\t<meta property=\"og:image:type\" content=\"image\/png\" \/>\n<meta name=\"author\" content=\"Andre\u0301 Rangel\u00a0\" \/>\n<meta name=\"twitter:card\" content=\"summary_large_image\" \/>\n<meta name=\"twitter:label1\" content=\"Escrito por\" \/>\n\t<meta name=\"twitter:data1\" content=\"Andre\u0301 Rangel\u00a0\" \/>\n\t<meta name=\"twitter:label2\" content=\"Est. tempo de leitura\" \/>\n\t<meta name=\"twitter:data2\" content=\"5 minutos\" \/>\n<!-- \/ Yoast SEO plugin. -->","yoast_head_json":{"title":"Acabou o home office: Banco confirma retorno presencial de quase 900 funcion\u00e1rios em 2026 - Estado de Minas - Em foco","description":"Bancos revisam pol\u00edticas de trabalho h\u00edbrido com foco em ergonomia, controle de jornada, bem-estar e di\u00e1logo com sindicatos. Entenda o cen\u00e1rio.","robots":{"index":"index","follow":"follow","max-snippet":"max-snippet:-1","max-image-preview":"max-image-preview:large","max-video-preview":"max-video-preview:-1"},"canonical":"https:\/\/www.em.com.br\/emfoco\/2025\/12\/06\/acabou-o-home-office-banco-confirma-retorno-presencial-de-quase-900-funcionarios-em-2026\/","og_locale":"pt_BR","og_type":"article","og_title":"Acabou o home office: Banco confirma retorno presencial de quase 900 funcion\u00e1rios em 2026 - Estado de Minas - Em foco","og_description":"Bancos revisam pol\u00edticas de trabalho h\u00edbrido com foco em ergonomia, controle de jornada, bem-estar e di\u00e1logo com sindicatos. Entenda o cen\u00e1rio.","og_url":"https:\/\/www.em.com.br\/emfoco\/2025\/12\/06\/acabou-o-home-office-banco-confirma-retorno-presencial-de-quase-900-funcionarios-em-2026\/","og_site_name":"Estado de Minas - Em foco","article_published_time":"2025-12-06T13:05:00+00:00","article_modified_time":"2025-12-05T22:03:06+00:00","og_image":[{"width":1280,"height":720,"url":"https:\/\/www.em.com.br\/emfoco\/wp-content\/uploads\/2025\/12\/Gemini_Generated_Image_lfoiphlfoiphlfoi-1.png","type":"image\/png"}],"author":"Andre\u0301 Rangel\u00a0","twitter_card":"summary_large_image","twitter_misc":{"Escrito por":"Andre\u0301 Rangel\u00a0","Est. tempo de leitura":"5 minutos"},"schema":{"@context":"https:\/\/schema.org","@graph":[{"@type":"WebPage","@id":"https:\/\/www.em.com.br\/emfoco\/2025\/12\/06\/acabou-o-home-office-banco-confirma-retorno-presencial-de-quase-900-funcionarios-em-2026\/","url":"https:\/\/www.em.com.br\/emfoco\/2025\/12\/06\/acabou-o-home-office-banco-confirma-retorno-presencial-de-quase-900-funcionarios-em-2026\/","name":"Acabou o home office: Banco confirma retorno presencial de quase 900 funcion\u00e1rios em 2026 - Estado de Minas - Em foco","isPartOf":{"@id":"https:\/\/www.em.com.br\/emfoco\/#website"},"primaryImageOfPage":{"@id":"https:\/\/www.em.com.br\/emfoco\/2025\/12\/06\/acabou-o-home-office-banco-confirma-retorno-presencial-de-quase-900-funcionarios-em-2026\/#primaryimage"},"image":{"@id":"https:\/\/www.em.com.br\/emfoco\/2025\/12\/06\/acabou-o-home-office-banco-confirma-retorno-presencial-de-quase-900-funcionarios-em-2026\/#primaryimage"},"thumbnailUrl":"https:\/\/www.em.com.br\/emfoco\/wp-content\/uploads\/2025\/12\/Gemini_Generated_Image_lfoiphlfoiphlfoi-1.png","datePublished":"2025-12-06T13:05:00+00:00","dateModified":"2025-12-05T22:03:06+00:00","author":{"@id":"https:\/\/www.em.com.br\/emfoco\/#\/schema\/person\/60eda09c1fedf0d6891f4cef4b60b8b8"},"description":"Bancos revisam pol\u00edticas de trabalho h\u00edbrido com foco em ergonomia, controle de jornada, bem-estar e di\u00e1logo com sindicatos. Entenda o cen\u00e1rio.","breadcrumb":{"@id":"https:\/\/www.em.com.br\/emfoco\/2025\/12\/06\/acabou-o-home-office-banco-confirma-retorno-presencial-de-quase-900-funcionarios-em-2026\/#breadcrumb"},"inLanguage":"pt-BR","potentialAction":[{"@type":"ReadAction","target":["https:\/\/www.em.com.br\/emfoco\/2025\/12\/06\/acabou-o-home-office-banco-confirma-retorno-presencial-de-quase-900-funcionarios-em-2026\/"]}]},{"@type":"ImageObject","inLanguage":"pt-BR","@id":"https:\/\/www.em.com.br\/emfoco\/2025\/12\/06\/acabou-o-home-office-banco-confirma-retorno-presencial-de-quase-900-funcionarios-em-2026\/#primaryimage","url":"https:\/\/www.em.com.br\/emfoco\/wp-content\/uploads\/2025\/12\/Gemini_Generated_Image_lfoiphlfoiphlfoi-1.png","contentUrl":"https:\/\/www.em.com.br\/emfoco\/wp-content\/uploads\/2025\/12\/Gemini_Generated_Image_lfoiphlfoiphlfoi-1.png","width":1280,"height":720,"caption":"Bancos revisam pol\u00edticas de trabalho"},{"@type":"BreadcrumbList","@id":"https:\/\/www.em.com.br\/emfoco\/2025\/12\/06\/acabou-o-home-office-banco-confirma-retorno-presencial-de-quase-900-funcionarios-em-2026\/#breadcrumb","itemListElement":[{"@type":"ListItem","position":1,"name":"In\u00edcio","item":"https:\/\/www.em.com.br\/emfoco\/"},{"@type":"ListItem","position":2,"name":"Acabou o home office: Banco confirma retorno presencial de quase 900 funcion\u00e1rios em 2026"}]},{"@type":"WebSite","@id":"https:\/\/www.em.com.br\/emfoco\/#website","url":"https:\/\/www.em.com.br\/emfoco\/","name":"Estado de Minas - Em foco","description":"Acompanhe as \u00faltimas not\u00edcias e fique bem informado sobre tudo o que acontece em Minas Gerais, Brasil e no mundo.","potentialAction":[{"@type":"SearchAction","target":{"@type":"EntryPoint","urlTemplate":"https:\/\/www.em.com.br\/emfoco\/?s={search_term_string}"},"query-input":{"@type":"PropertyValueSpecification","valueRequired":true,"valueName":"search_term_string"}}],"inLanguage":"pt-BR"},{"@type":"Person","@id":"https:\/\/www.em.com.br\/emfoco\/#\/schema\/person\/60eda09c1fedf0d6891f4cef4b60b8b8","name":"Andre\u0301 Rangel\u00a0","image":{"@type":"ImageObject","inLanguage":"pt-BR","@id":"https:\/\/www.em.com.br\/emfoco\/#\/schema\/person\/image\/","url":"https:\/\/secure.gravatar.com\/avatar\/6234dc814c77c8ef6d8bba622c787efc?s=96&d=mm&r=g","contentUrl":"https:\/\/secure.gravatar.com\/avatar\/6234dc814c77c8ef6d8bba622c787efc?s=96&d=mm&r=g","caption":"Andre\u0301 Rangel\u00a0"},"url":"https:\/\/www.em.com.br\/emfoco\/author\/luizmyth\/"}]}},"_links":{"self":[{"href":"https:\/\/www.em.com.br\/emfoco\/wp-json\/wp\/v2\/posts\/136132","targetHints":{"allow":["GET"]}}],"collection":[{"href":"https:\/\/www.em.com.br\/emfoco\/wp-json\/wp\/v2\/posts"}],"about":[{"href":"https:\/\/www.em.com.br\/emfoco\/wp-json\/wp\/v2\/types\/post"}],"author":[{"embeddable":true,"href":"https:\/\/www.em.com.br\/emfoco\/wp-json\/wp\/v2\/users\/11"}],"replies":[{"embeddable":true,"href":"https:\/\/www.em.com.br\/emfoco\/wp-json\/wp\/v2\/comments?post=136132"}],"version-history":[{"count":5,"href":"https:\/\/www.em.com.br\/emfoco\/wp-json\/wp\/v2\/posts\/136132\/revisions"}],"predecessor-version":[{"id":136454,"href":"https:\/\/www.em.com.br\/emfoco\/wp-json\/wp\/v2\/posts\/136132\/revisions\/136454"}],"wp:featuredmedia":[{"embeddable":true,"href":"https:\/\/www.em.com.br\/emfoco\/wp-json\/wp\/v2\/media\/136451"}],"wp:attachment":[{"href":"https:\/\/www.em.com.br\/emfoco\/wp-json\/wp\/v2\/media?parent=136132"}],"wp:term":[{"taxonomy":"category","embeddable":true,"href":"https:\/\/www.em.com.br\/emfoco\/wp-json\/wp\/v2\/categories?post=136132"},{"taxonomy":"post_tag","embeddable":true,"href":"https:\/\/www.em.com.br\/emfoco\/wp-json\/wp\/v2\/tags?post=136132"}],"curies":[{"name":"wp","href":"https:\/\/api.w.org\/{rel}","templated":true}]}}