{"id":136125,"date":"2025-12-07T09:35:00","date_gmt":"2025-12-07T12:35:00","guid":{"rendered":"https:\/\/www.em.com.br\/emfoco\/?p=136125"},"modified":"2025-12-05T13:58:59","modified_gmt":"2025-12-05T16:58:59","slug":"previsao-preve-calor-intenso-e-chuvas-acima-da-media-em-minas-gerais-esse-mes","status":"publish","type":"post","link":"https:\/\/www.em.com.br\/emfoco\/2025\/12\/07\/previsao-preve-calor-intenso-e-chuvas-acima-da-media-em-minas-gerais-esse-mes\/","title":{"rendered":"Previs\u00e3o prev\u00ea calor intenso e chuvas acima da m\u00e9dia em Minas Gerais esse m\u00eas"},"content":{"rendered":"\n<p>O ver\u00e3o mineiro de dezembro de 2025 deve ser marcado por calor elevado e chuvas frequentes. Segundo a previs\u00e3o sazonal do <strong>INMET<\/strong>, v\u00e1rias regi\u00f5es ter\u00e3o precipita\u00e7\u00e3o acima da m\u00e9dia hist\u00f3rica, refor\u00e7ando o cuidado com temporais, alagamentos e instabilidade t\u00edpica desta \u00e9poca do ano.<\/p>\n\n\n\n<h2 class=\"wp-block-heading\">Como ser\u00e1 o clima em MG<\/h2>\n\n\n<div class=\"wp-block-image\">\n<figure class=\"aligncenter size-large\"><img loading=\"lazy\" decoding=\"async\" width=\"1024\" height=\"576\" src=\"https:\/\/www.em.com.br\/emfoco\/wp-content\/uploads\/2025\/09\/igreja-minas-gerais_1756938322738-1024x576.jpg\" alt=\"Minas Gerais cresce em 74% em reservas de turistas estrangeiros\" class=\"wp-image-109486\" srcset=\"https:\/\/www.em.com.br\/emfoco\/wp-content\/uploads\/2025\/09\/igreja-minas-gerais_1756938322738-1024x576.jpg 1024w, https:\/\/www.em.com.br\/emfoco\/wp-content\/uploads\/2025\/09\/igreja-minas-gerais_1756938322738-300x169.jpg 300w, https:\/\/www.em.com.br\/emfoco\/wp-content\/uploads\/2025\/09\/igreja-minas-gerais_1756938322738-768x432.jpg 768w, https:\/\/www.em.com.br\/emfoco\/wp-content\/uploads\/2025\/09\/igreja-minas-gerais_1756938322738-750x422.jpg 750w, https:\/\/www.em.com.br\/emfoco\/wp-content\/uploads\/2025\/09\/igreja-minas-gerais_1756938322738-1140x641.jpg 1140w, https:\/\/www.em.com.br\/emfoco\/wp-content\/uploads\/2025\/09\/igreja-minas-gerais_1756938322738.jpg 1280w\" sizes=\"auto, (max-width: 1024px) 100vw, 1024px\" \/><figcaption class=\"wp-element-caption\">Calor intenso e chuvas fortes em Minas Gerais &#8211; Cr\u00e9ditos: depositphotos.com \/ fredpinheiro.hotmail.com.br<\/figcaption><\/figure><\/div>\n\n\n<p>A <strong>previs\u00e3o do tempo em Minas Gerais<\/strong> indica um m\u00eas quente e \u00famido, com influ\u00eancia da ZCAS e de massas de ar quente. Esse padr\u00e3o deixa a atmosfera inst\u00e1vel e favorece pancadas fortes, tempestades isoladas e dias abafados.<br>O dia deve seguir o cl\u00e1ssico ritmo do ver\u00e3o mineiro: manh\u00e3s mais est\u00e1veis, aumento de nuvens e chuva no fim da tarde ou \u00e0 noite, com potencial maior para volumes intensos em 2025.<\/p>\n\n\n\n<p>O calor aliado \u00e0 alta umidade aumenta o desconforto t\u00e9rmico. Crian\u00e7as, idosos e pessoas com doen\u00e7as cr\u00f4nicas precisam de mais hidrata\u00e7\u00e3o e cuidado ao se expor ao sol nos hor\u00e1rios de maior aquecimento.<\/p>\n\n\n\n<h2 class=\"wp-block-heading\">Como variam as chuvas no estado<\/h2>\n\n\n\n<p>Centro, Sul e Zona da Mata devem concentrar os maiores volumes, com dias mais chuvosos e risco de encharcamento do solo.<br>No Norte e Noroeste, a chuva aparece de forma mais irregular, alternando per\u00edodos secos com tempestades severas e isoladas.<\/p>\n\n\n\n<p>O Tri\u00e2ngulo e o Oeste seguem padr\u00e3o intermedi\u00e1rio: sol forte em alguns dias e pancadas intensas no fim da tarde em outros, com calor acentuado durante aberturas prolongadas.<\/p>\n\n\n\n<p>Leia mais: <a href=\"https:\/\/www.em.com.br\/emfoco\/2025\/12\/03\/inmet-preve-dezembro-com-clima-instavel-veja-como-isso-impacta-transporte-energia-e-saude\/\" target=\"_blank\" rel=\"noreferrer noopener\">INMET prev\u00ea dezembro com clima inst\u00e1vel; veja como isso impacta transporte, energia e sa\u00fade<\/a><\/p>\n\n\n\n<p>Tend\u00eancia de chuva por regi\u00e3o:<\/p>\n\n\n\n<figure class=\"wp-block-table\"><table class=\"has-fixed-layout\"><thead><tr><th>Regi\u00e3o de MG<\/th><th>Tend\u00eancia de dezembro<\/th><th>Riscos principais<\/th><\/tr><\/thead><tbody><tr><td>Centro\/Sul\/Zona da Mata<\/td><td>Acima da m\u00e9dia<\/td><td>Alagamentos e deslizamentos<\/td><\/tr><tr><td>Norte\/Noroeste<\/td><td>Irregular e forte em pontos<\/td><td>Tempestades isoladas<\/td><\/tr><tr><td>Tri\u00e2ngulo\/Oeste<\/td><td>Moderada e alternada<\/td><td>Chuva forte ao fim da tarde<\/td><\/tr><\/tbody><\/table><\/figure>\n\n\n\n<h2 class=\"wp-block-heading\">Quais riscos das chuvas acima da m\u00e9dia<\/h2>\n\n\n\n<p>O excesso de chuva impacta cidades com drenagem fraca, aumentando alagamentos, enxurradas e interrup\u00e7\u00f5es no tr\u00e2nsito.<br>Em \u00e1reas de relevo acidentado, como Sul e Zona da Mata, cresce o risco de deslizamentos em solo encharcado e danos \u00e0 rede el\u00e9trica por ventos e raios.<\/p>\n\n\n\n<p>Entre os riscos mais comuns est\u00e3o:<\/p>\n\n\n\n<ul class=\"wp-block-list\">\n<li>Alagamentos urbanos<\/li>\n\n\n\n<li>Enxurradas r\u00e1pidas<\/li>\n\n\n\n<li>Deslizamentos em encostas<\/li>\n\n\n\n<li>Queda de \u00e1rvores e interrup\u00e7\u00e3o de energia<\/li>\n<\/ul>\n\n\n\n<p>Na zona rural, excesso de chuva afeta estradas vicinais, colheitas e o transporte escolar, al\u00e9m de elevar o risco de contamina\u00e7\u00e3o de nascentes.<\/p>\n\n\n\n<p>Leia mais: <a href=\"https:\/\/www.em.com.br\/emfoco\/2025\/11\/30\/temperaturas-acima-de-30c-e-chuvas-a-noite-o-que-esperar-do-clima-neste-comeco-de-mes-em-bh\/\" target=\"_blank\" rel=\"noreferrer noopener\">Temperaturas acima de 30\u00b0C e chuvas \u00e0 noite, o que esperar do clima neste come\u00e7o de m\u00eas em BH<\/a><\/p>\n\n\n\n<h2 class=\"wp-block-heading\">Como se preparar para o tempo<\/h2>\n\n\n\n<p>Com a previs\u00e3o de chuvas acima da m\u00e9dia, medidas simples ajudam a reduzir danos.<br>Manter casas, rotas e rotinas organizadas faz diferen\u00e7a durante tempestades mais fortes.<\/p>\n\n\n\n<ul class=\"wp-block-list\">\n<li>Limpar calhas, ralos e telhados<\/li>\n\n\n\n<li>Observar sinais de instabilidade em muros e encostas<\/li>\n\n\n\n<li>Evitar atravessar ruas alagadas<\/li>\n\n\n\n<li>Acompanhar alertas da <strong><a href=\"https:\/\/www.mg.gov.br\/defesacivil\" target=\"_blank\" rel=\"noreferrer noopener\">Defesa Civil e INMET<\/a><\/strong><\/li>\n\n\n\n<li>Refor\u00e7ar hidrata\u00e7\u00e3o e evitar exposi\u00e7\u00e3o ao sol excessivo<\/li>\n<\/ul>\n\n\n\n<p>A combina\u00e7\u00e3o de calor forte e umidade elevada exige aten\u00e7\u00e3o ao longo de todo dezembro. Com monitoramento e preven\u00e7\u00e3o, moradores e autoridades conseguem enfrentar o per\u00edodo chuvoso de forma mais segura e organizada.<\/p>\n","protected":false},"excerpt":{"rendered":"<p>O ver\u00e3o mineiro de dezembro de 2025 deve ser marcado por calor elevado e chuvas frequentes. Segundo a previs\u00e3o sazonal do INMET, v\u00e1rias regi\u00f5es ter\u00e3o precipita\u00e7\u00e3o acima da m\u00e9dia hist\u00f3rica, refor\u00e7ando o cuidado com temporais, alagamentos e instabilidade t\u00edpica desta \u00e9poca do ano. Como ser\u00e1 o clima em MG A previs\u00e3o do tempo em Minas [&hellip;]<\/p>\n","protected":false},"author":20,"featured_media":113256,"comment_status":"open","ping_status":"open","sticky":false,"template":"","format":"standard","meta":{"jnews-multi-image_gallery":[],"jnews_single_post":{"format":"standard"},"jnews_primary_category":[],"jnews_social_meta":[],"jnews_override_counter":[],"footnotes":""},"categories":[28,1],"tags":[705,492,9344],"class_list":["post-136125","post","type-post","status-publish","format-standard","has-post-thumbnail","hentry","category-economia","category-noticias","tag-calor","tag-inmet","tag-minas"],"yoast_head":"<!-- This site is optimized with the Yoast SEO plugin v23.8 - https:\/\/yoast.com\/wordpress\/plugins\/seo\/ -->\n<title>Previs\u00e3o prev\u00ea calor intenso e chuvas acima da m\u00e9dia em Minas Gerais esse m\u00eas - Estado de Minas - Em foco<\/title>\n<meta name=\"description\" content=\"Previs\u00e3o indica calor intenso e chuvas acima da m\u00e9dia em Minas Gerais neste m\u00eas, exigindo aten\u00e7\u00e3o redobrada para impactos no estado.\" \/>\n<meta name=\"robots\" content=\"index, follow, max-snippet:-1, max-image-preview:large, max-video-preview:-1\" \/>\n<link rel=\"canonical\" href=\"https:\/\/www.em.com.br\/emfoco\/2025\/12\/07\/previsao-preve-calor-intenso-e-chuvas-acima-da-media-em-minas-gerais-esse-mes\/\" \/>\n<meta property=\"og:locale\" content=\"pt_BR\" \/>\n<meta property=\"og:type\" content=\"article\" \/>\n<meta property=\"og:title\" content=\"Previs\u00e3o prev\u00ea calor intenso e chuvas acima da m\u00e9dia em Minas Gerais esse m\u00eas - Estado de Minas - Em foco\" \/>\n<meta property=\"og:description\" content=\"Previs\u00e3o indica calor intenso e chuvas acima da m\u00e9dia em Minas Gerais neste m\u00eas, exigindo aten\u00e7\u00e3o redobrada para impactos no estado.\" \/>\n<meta property=\"og:url\" content=\"https:\/\/www.em.com.br\/emfoco\/2025\/12\/07\/previsao-preve-calor-intenso-e-chuvas-acima-da-media-em-minas-gerais-esse-mes\/\" \/>\n<meta property=\"og:site_name\" content=\"Estado de Minas - Em foco\" \/>\n<meta property=\"article:published_time\" content=\"2025-12-07T12:35:00+00:00\" \/>\n<meta property=\"article:modified_time\" content=\"2025-12-05T16:58:59+00:00\" \/>\n<meta property=\"og:image\" content=\"https:\/\/www.em.com.br\/emfoco\/wp-content\/uploads\/2025\/10\/plantacao-cafe_1757081940582.jpg\" \/>\n\t<meta property=\"og:image:width\" content=\"1280\" \/>\n\t<meta property=\"og:image:height\" content=\"720\" \/>\n\t<meta property=\"og:image:type\" content=\"image\/jpeg\" \/>\n<meta name=\"author\" content=\"Ingrid Diniz\" \/>\n<meta name=\"twitter:card\" content=\"summary_large_image\" \/>\n<meta name=\"twitter:label1\" content=\"Escrito por\" \/>\n\t<meta name=\"twitter:data1\" content=\"Ingrid Diniz\" \/>\n\t<meta name=\"twitter:label2\" content=\"Est. tempo de leitura\" \/>\n\t<meta name=\"twitter:data2\" content=\"4 minutos\" \/>\n<!-- \/ Yoast SEO plugin. -->","yoast_head_json":{"title":"Previs\u00e3o prev\u00ea calor intenso e chuvas acima da m\u00e9dia em Minas Gerais esse m\u00eas - Estado de Minas - Em foco","description":"Previs\u00e3o indica calor intenso e chuvas acima da m\u00e9dia em Minas Gerais neste m\u00eas, exigindo aten\u00e7\u00e3o redobrada para impactos no estado.","robots":{"index":"index","follow":"follow","max-snippet":"max-snippet:-1","max-image-preview":"max-image-preview:large","max-video-preview":"max-video-preview:-1"},"canonical":"https:\/\/www.em.com.br\/emfoco\/2025\/12\/07\/previsao-preve-calor-intenso-e-chuvas-acima-da-media-em-minas-gerais-esse-mes\/","og_locale":"pt_BR","og_type":"article","og_title":"Previs\u00e3o prev\u00ea calor intenso e chuvas acima da m\u00e9dia em Minas Gerais esse m\u00eas - Estado de Minas - Em foco","og_description":"Previs\u00e3o indica calor intenso e chuvas acima da m\u00e9dia em Minas Gerais neste m\u00eas, exigindo aten\u00e7\u00e3o redobrada para impactos no estado.","og_url":"https:\/\/www.em.com.br\/emfoco\/2025\/12\/07\/previsao-preve-calor-intenso-e-chuvas-acima-da-media-em-minas-gerais-esse-mes\/","og_site_name":"Estado de Minas - Em foco","article_published_time":"2025-12-07T12:35:00+00:00","article_modified_time":"2025-12-05T16:58:59+00:00","og_image":[{"width":1280,"height":720,"url":"https:\/\/www.em.com.br\/emfoco\/wp-content\/uploads\/2025\/10\/plantacao-cafe_1757081940582.jpg","type":"image\/jpeg"}],"author":"Ingrid Diniz","twitter_card":"summary_large_image","twitter_misc":{"Escrito por":"Ingrid Diniz","Est. tempo de leitura":"4 minutos"},"schema":{"@context":"https:\/\/schema.org","@graph":[{"@type":"WebPage","@id":"https:\/\/www.em.com.br\/emfoco\/2025\/12\/07\/previsao-preve-calor-intenso-e-chuvas-acima-da-media-em-minas-gerais-esse-mes\/","url":"https:\/\/www.em.com.br\/emfoco\/2025\/12\/07\/previsao-preve-calor-intenso-e-chuvas-acima-da-media-em-minas-gerais-esse-mes\/","name":"Previs\u00e3o prev\u00ea calor intenso e chuvas acima da m\u00e9dia em Minas Gerais esse m\u00eas - Estado de Minas - Em foco","isPartOf":{"@id":"https:\/\/www.em.com.br\/emfoco\/#website"},"primaryImageOfPage":{"@id":"https:\/\/www.em.com.br\/emfoco\/2025\/12\/07\/previsao-preve-calor-intenso-e-chuvas-acima-da-media-em-minas-gerais-esse-mes\/#primaryimage"},"image":{"@id":"https:\/\/www.em.com.br\/emfoco\/2025\/12\/07\/previsao-preve-calor-intenso-e-chuvas-acima-da-media-em-minas-gerais-esse-mes\/#primaryimage"},"thumbnailUrl":"https:\/\/www.em.com.br\/emfoco\/wp-content\/uploads\/2025\/10\/plantacao-cafe_1757081940582.jpg","datePublished":"2025-12-07T12:35:00+00:00","dateModified":"2025-12-05T16:58:59+00:00","author":{"@id":"https:\/\/www.em.com.br\/emfoco\/#\/schema\/person\/649e610b4eb8fff87ff394e54fe17b2b"},"description":"Previs\u00e3o indica calor intenso e chuvas acima da m\u00e9dia em Minas Gerais neste m\u00eas, exigindo aten\u00e7\u00e3o redobrada para impactos no estado.","breadcrumb":{"@id":"https:\/\/www.em.com.br\/emfoco\/2025\/12\/07\/previsao-preve-calor-intenso-e-chuvas-acima-da-media-em-minas-gerais-esse-mes\/#breadcrumb"},"inLanguage":"pt-BR","potentialAction":[{"@type":"ReadAction","target":["https:\/\/www.em.com.br\/emfoco\/2025\/12\/07\/previsao-preve-calor-intenso-e-chuvas-acima-da-media-em-minas-gerais-esse-mes\/"]}]},{"@type":"ImageObject","inLanguage":"pt-BR","@id":"https:\/\/www.em.com.br\/emfoco\/2025\/12\/07\/previsao-preve-calor-intenso-e-chuvas-acima-da-media-em-minas-gerais-esse-mes\/#primaryimage","url":"https:\/\/www.em.com.br\/emfoco\/wp-content\/uploads\/2025\/10\/plantacao-cafe_1757081940582.jpg","contentUrl":"https:\/\/www.em.com.br\/emfoco\/wp-content\/uploads\/2025\/10\/plantacao-cafe_1757081940582.jpg","width":1280,"height":720,"caption":"Calor intenso e chuvas fortes em Minas Gerais - Cr\u00e9ditos: depositphotos.com \/ diy13@ya.ru"},{"@type":"BreadcrumbList","@id":"https:\/\/www.em.com.br\/emfoco\/2025\/12\/07\/previsao-preve-calor-intenso-e-chuvas-acima-da-media-em-minas-gerais-esse-mes\/#breadcrumb","itemListElement":[{"@type":"ListItem","position":1,"name":"In\u00edcio","item":"https:\/\/www.em.com.br\/emfoco\/"},{"@type":"ListItem","position":2,"name":"Previs\u00e3o prev\u00ea calor intenso e chuvas acima da m\u00e9dia em Minas Gerais esse m\u00eas"}]},{"@type":"WebSite","@id":"https:\/\/www.em.com.br\/emfoco\/#website","url":"https:\/\/www.em.com.br\/emfoco\/","name":"Estado de Minas - Em foco","description":"Acompanhe as \u00faltimas not\u00edcias e fique bem informado sobre tudo o que acontece em Minas Gerais, Brasil e no mundo.","potentialAction":[{"@type":"SearchAction","target":{"@type":"EntryPoint","urlTemplate":"https:\/\/www.em.com.br\/emfoco\/?s={search_term_string}"},"query-input":{"@type":"PropertyValueSpecification","valueRequired":true,"valueName":"search_term_string"}}],"inLanguage":"pt-BR"},{"@type":"Person","@id":"https:\/\/www.em.com.br\/emfoco\/#\/schema\/person\/649e610b4eb8fff87ff394e54fe17b2b","name":"Ingrid Diniz","image":{"@type":"ImageObject","inLanguage":"pt-BR","@id":"https:\/\/www.em.com.br\/emfoco\/#\/schema\/person\/image\/","url":"https:\/\/secure.gravatar.com\/avatar\/a3baa1449ec5c39b4c42babc9d4f3951?s=96&d=mm&r=g","contentUrl":"https:\/\/secure.gravatar.com\/avatar\/a3baa1449ec5c39b4c42babc9d4f3951?s=96&d=mm&r=g","caption":"Ingrid Diniz"},"sameAs":["https:\/\/www.em.com.br\/"],"url":"https:\/\/www.em.com.br\/emfoco\/author\/ingridmyth\/"}]}},"_links":{"self":[{"href":"https:\/\/www.em.com.br\/emfoco\/wp-json\/wp\/v2\/posts\/136125","targetHints":{"allow":["GET"]}}],"collection":[{"href":"https:\/\/www.em.com.br\/emfoco\/wp-json\/wp\/v2\/posts"}],"about":[{"href":"https:\/\/www.em.com.br\/emfoco\/wp-json\/wp\/v2\/types\/post"}],"author":[{"embeddable":true,"href":"https:\/\/www.em.com.br\/emfoco\/wp-json\/wp\/v2\/users\/20"}],"replies":[{"embeddable":true,"href":"https:\/\/www.em.com.br\/emfoco\/wp-json\/wp\/v2\/comments?post=136125"}],"version-history":[{"count":1,"href":"https:\/\/www.em.com.br\/emfoco\/wp-json\/wp\/v2\/posts\/136125\/revisions"}],"predecessor-version":[{"id":136209,"href":"https:\/\/www.em.com.br\/emfoco\/wp-json\/wp\/v2\/posts\/136125\/revisions\/136209"}],"wp:featuredmedia":[{"embeddable":true,"href":"https:\/\/www.em.com.br\/emfoco\/wp-json\/wp\/v2\/media\/113256"}],"wp:attachment":[{"href":"https:\/\/www.em.com.br\/emfoco\/wp-json\/wp\/v2\/media?parent=136125"}],"wp:term":[{"taxonomy":"category","embeddable":true,"href":"https:\/\/www.em.com.br\/emfoco\/wp-json\/wp\/v2\/categories?post=136125"},{"taxonomy":"post_tag","embeddable":true,"href":"https:\/\/www.em.com.br\/emfoco\/wp-json\/wp\/v2\/tags?post=136125"}],"curies":[{"name":"wp","href":"https:\/\/api.w.org\/{rel}","templated":true}]}}