{"id":136124,"date":"2025-12-07T07:15:00","date_gmt":"2025-12-07T10:15:00","guid":{"rendered":"https:\/\/www.em.com.br\/emfoco\/?p=136124"},"modified":"2025-12-05T13:47:40","modified_gmt":"2025-12-05T16:47:40","slug":"como-interpretar-alertas-da-defesa-civil-e-saber-o-que-fazer-em-cada-risco","status":"publish","type":"post","link":"https:\/\/www.em.com.br\/emfoco\/2025\/12\/07\/como-interpretar-alertas-da-defesa-civil-e-saber-o-que-fazer-em-cada-risco\/","title":{"rendered":"Como interpretar alertas da Defesa Civil e saber o que fazer em cada risco"},"content":{"rendered":"\n<p>Mensagens de alerta da <strong>Defesa Civil<\/strong> passaram a fazer parte da rotina em muitas cidades brasileiras, especialmente em per\u00edodos de chuva intensa, calor extremo ou risco de desastres naturais. Entender o que cada aviso quer dizer e como agir em cada situa\u00e7\u00e3o reduz riscos e ajuda a popula\u00e7\u00e3o a se organizar com anteced\u00eancia, evitando decis\u00f5es tomadas \u00e0s pressas e fortalecendo a prote\u00e7\u00e3o de fam\u00edlias, vizinhos e comunidades inteiras.<\/p>\n\n\n\n<h2 class=\"wp-block-heading\">O que \u00e9 um alerta?<\/h2>\n\n\n<div class=\"wp-block-image\">\n<figure class=\"aligncenter size-large\"><img loading=\"lazy\" decoding=\"async\" width=\"1024\" height=\"576\" src=\"https:\/\/www.em.com.br\/emfoco\/wp-content\/uploads\/2025\/09\/sms_1756770655458-1024x576.jpg\" alt=\"\" class=\"wp-image-104837\" srcset=\"https:\/\/www.em.com.br\/emfoco\/wp-content\/uploads\/2025\/09\/sms_1756770655458-1024x576.jpg 1024w, https:\/\/www.em.com.br\/emfoco\/wp-content\/uploads\/2025\/09\/sms_1756770655458-300x169.jpg 300w, https:\/\/www.em.com.br\/emfoco\/wp-content\/uploads\/2025\/09\/sms_1756770655458-768x432.jpg 768w, https:\/\/www.em.com.br\/emfoco\/wp-content\/uploads\/2025\/09\/sms_1756770655458-750x422.jpg 750w, https:\/\/www.em.com.br\/emfoco\/wp-content\/uploads\/2025\/09\/sms_1756770655458-1140x641.jpg 1140w, https:\/\/www.em.com.br\/emfoco\/wp-content\/uploads\/2025\/09\/sms_1756770655458.jpg 1280w\" sizes=\"auto, (max-width: 1024px) 100vw, 1024px\" \/><figcaption class=\"wp-element-caption\">Entenda e aja diante dos alertas da Defesa Civil &#8211; Cr\u00e9ditos: depositphotos.com \/ antstang@yahoo.com<\/figcaption><\/figure><\/div>\n\n\n<p>Um alerta da <strong>Defesa Civil<\/strong> \u00e9 uma comunica\u00e7\u00e3o preventiva emitida por \u00f3rg\u00e3os respons\u00e1veis pela prote\u00e7\u00e3o da popula\u00e7\u00e3o diante de amea\u00e7as como chuvas fortes, deslizamentos, alagamentos, enchentes, vendavais, granizo, queimadas ou ondas de calor. A palavra-chave central nesse contexto \u00e9 <strong>mensagem de alerta<\/strong>, pois ela sintetiza o objetivo de informar rapidamente sobre um risco para que as pessoas adotem medidas de autoprote\u00e7\u00e3o.<\/p>\n\n\n\n<p>Esses avisos s\u00e3o baseados em dados de meteorologia, monitoramento de \u00e1reas de risco e an\u00e1lises t\u00e9cnicas de equipes especializadas. Em geral, descrevem o perigo, indicam o n\u00edvel de severidade e apontam recomenda\u00e7\u00f5es espec\u00edficas, como evitar \u00e1reas alagadas, n\u00e3o se abrigar debaixo de \u00e1rvores ou procurar abrigo seguro em locais indicados pelos \u00f3rg\u00e3os oficiais. <\/p>\n\n\n\n<h2 class=\"wp-block-heading\">Como entender o risco?<\/h2>\n\n\n\n<p>Para interpretar uma mensagem de alerta da <strong>Defesa Civil<\/strong>, \u00e9 importante observar tr\u00eas elementos principais: o tipo de fen\u00f4meno, o n\u00edvel de perigo e o per\u00edodo de validade. Muitos alertas utilizam uma classifica\u00e7\u00e3o de cores ou termos como \u201caten\u00e7\u00e3o\u201d, \u201calerta\u201d e \u201cemerg\u00eancia\u201d, o que ajuda a diferenciar entre monitoramento preventivo e situa\u00e7\u00f5es que exigem a\u00e7\u00e3o imediata.<\/p>\n\n\n\n<p>De forma geral, os n\u00edveis de risco mais comuns podem ser entendidos da seguinte maneira, servindo como refer\u00eancia r\u00e1pida para o p\u00fablico:<\/p>\n\n\n\n<ul class=\"wp-block-list\">\n<li><strong>N\u00edvel de aten\u00e7\u00e3o:<\/strong> indica condi\u00e7\u00e3o favor\u00e1vel \u00e0 ocorr\u00eancia de problemas, mas sem registro de dano imediato; recomenda-se acompanhar as atualiza\u00e7\u00f5es.<\/li>\n\n\n\n<li><strong>N\u00edvel de alerta:<\/strong> sinaliza risco significativo, com possibilidade concreta de deslizamentos, alagamentos ou outros eventos; orienta-se refor\u00e7o das medidas de seguran\u00e7a.<\/li>\n\n\n\n<li><strong>N\u00edvel de emerg\u00eancia:<\/strong> aponta perigo iminente ou em andamento, exigindo a\u00e7\u00f5es r\u00e1pidas, como sa\u00edda de \u00e1reas de risco ou busca de abrigo em locais indicados.<\/li>\n<\/ul>\n\n\n\n<p>Alguns sistemas tamb\u00e9m incluem \u00edcones e mapas interativos, facilitando a compreens\u00e3o para pessoas com menor familiaridade com termos t\u00e9cnicos, e podem trazer informa\u00e7\u00f5es espec\u00edficas por bairro ou regi\u00e3o.<\/p>\n\n\n\n<p>Leia mais: <a href=\"https:\/\/www.em.com.br\/emfoco\/2025\/12\/04\/inmet-alerta-para-dezembro-instavel-em-minas-gerais-com-chuva-forte-e-calor\/\" target=\"_blank\" rel=\"noreferrer noopener\">INMET alerta para dezembro inst\u00e1vel em Minas Gerais com chuva forte e calor<\/a><\/p>\n\n\n\n<h2 class=\"wp-block-heading\">Como agir na pr\u00e1tica?<\/h2>\n\n\n\n<p>Um guia simples para agir diante das mensagens de alerta da <strong>Defesa Civil<\/strong> come\u00e7a pela leitura completa do comunicado, sem considerar apenas o t\u00edtulo ou trechos isolados. Em seguida, \u00e9 essencial verificar a fonte da informa\u00e7\u00e3o, dando prioridade a canais oficiais, como prefeituras, governos estaduais, \u00f3rg\u00e3os de meteorologia e a pr\u00f3pria <strong>Defesa Civil<\/strong>.<\/p>\n\n\n\n<p>Na rotina, \u00e9 importante identificar o tipo de risco, observar o n\u00edvel do alerta e adequar planos de deslocamento, evitando \u00e1reas alagadas ou encostas inst\u00e1veis. Em \u00e1reas de encosta, \u00e9 preciso aten\u00e7\u00e3o a sinais como rachaduras no solo ou postes inclinados; j\u00e1 em regi\u00f5es sujeitas a enchentes, deve-se evitar atravessar correntezas a p\u00e9 ou de carro e manter dist\u00e2ncia de fios ca\u00eddos.<\/p>\n\n\n\n<p>Quando poss\u00edvel, combine previamente com familiares e vizinhos pontos de encontro seguros, defina quem ajudar\u00e1 crian\u00e7as, idosos e pessoas com defici\u00eancia e mantenha aparelhos eletr\u00f4nicos carregados para continuar recebendo orienta\u00e7\u00f5es oficiais.<\/p>\n\n\n\n<h2 class=\"wp-block-heading\">Como se preparar antes?<\/h2>\n\n\n<div class=\"wp-block-image\">\n<figure class=\"aligncenter size-large\"><img loading=\"lazy\" decoding=\"async\" width=\"1024\" height=\"576\" src=\"https:\/\/www.em.com.br\/emfoco\/wp-content\/uploads\/2025\/12\/imagem_2025-11-22_214913090-e1764623116419-1024x576.png\" alt=\"\" class=\"wp-image-134251\" srcset=\"https:\/\/www.em.com.br\/emfoco\/wp-content\/uploads\/2025\/12\/imagem_2025-11-22_214913090-e1764623116419-1024x576.png 1024w, https:\/\/www.em.com.br\/emfoco\/wp-content\/uploads\/2025\/12\/imagem_2025-11-22_214913090-e1764623116419-300x169.png 300w, https:\/\/www.em.com.br\/emfoco\/wp-content\/uploads\/2025\/12\/imagem_2025-11-22_214913090-e1764623116419-768x432.png 768w, https:\/\/www.em.com.br\/emfoco\/wp-content\/uploads\/2025\/12\/imagem_2025-11-22_214913090-e1764623116419-750x422.png 750w, https:\/\/www.em.com.br\/emfoco\/wp-content\/uploads\/2025\/12\/imagem_2025-11-22_214913090-e1764623116419-1140x641.png 1140w, https:\/\/www.em.com.br\/emfoco\/wp-content\/uploads\/2025\/12\/imagem_2025-11-22_214913090-e1764623116419.png 1280w\" sizes=\"auto, (max-width: 1024px) 100vw, 1024px\" \/><figcaption class=\"wp-element-caption\">Entenda e aja diante dos alertas da Defesa Civil<\/figcaption><\/figure><\/div>\n\n\n<p>Al\u00e9m de reagir \u00e0s mensagens de alerta, muitas medidas preventivas podem ser tomadas com anteced\u00eancia para reduzir danos e facilitar decis\u00f5es em momentos cr\u00edticos. O cadastro em sistemas de envio de SMS, disponibilizados gratuitamente em todo o pa\u00eds, \u00e9 um exemplo simples e eficaz, permitindo que moradores recebam avisos espec\u00edficos da sua regi\u00e3o ao informar o CEP.<\/p>\n\n\n\n<p>Essa prepara\u00e7\u00e3o pr\u00e9via torna mais simples colocar em pr\u00e1tica as recomenda\u00e7\u00f5es contidas nas mensagens de alerta e favorece uma resposta mais coordenada. Entre as a\u00e7\u00f5es recomendadas, destacam-se cuidados b\u00e1sicos que podem ser planejados com calma ao longo do tempo:<\/p>\n\n\n\n<ul class=\"wp-block-list\">\n<li>Manter documentos pessoais em local de f\u00e1cil acesso e protegidos contra \u00e1gua, sempre que poss\u00edvel.<\/li>\n\n\n\n<li>Conhecer rotas de sa\u00edda do bairro e pontos de abrigo indicados pela <strong>Defesa Civil<\/strong> local.<\/li>\n\n\n\n<li>Guardar contatos de emerg\u00eancia, como <strong>Defesa Civil, Corpo de Bombeiros<\/strong> e servi\u00e7os de sa\u00fade.<\/li>\n\n\n\n<li>Organizar uma pequena mochila com itens essenciais para eventual necessidade de sa\u00edda r\u00e1pida.<\/li>\n\n\n\n<li>Acompanhar previs\u00f5es do tempo e boletins em per\u00edodos historicamente mais cr\u00edticos, como \u00e9pocas de chuva forte.<\/li>\n<\/ul>\n\n\n\n<p>Tamb\u00e9m \u00e9 \u00fatil participar de campanhas educativas, simulados de evacua\u00e7\u00e3o promovidos por escolas ou comunidades e reuni\u00f5es com a <strong>Defesa Civil<\/strong> local, para esclarecer d\u00favidas e conhecer melhor os procedimentos oficiais.<\/p>\n\n\n\n<p>Leia mais: <a href=\"https:\/\/www.em.com.br\/emfoco\/2025\/12\/05\/banco-bradesco-emite-alerta-importante-para-todos-os-brasileiros-que-possuem-contas-correntes-e-poupancas\/\" target=\"_blank\" rel=\"noreferrer noopener\">Banco Bradesco emite alerta importante para todos os brasileiros que possuem contas-correntes e poupan\u00e7as<\/a><\/p>\n\n\n\n<h2 class=\"wp-block-heading\">Por que seguir e compartilhar?<\/h2>\n\n\n\n<p>As mensagens de alerta da <strong><a href=\"https:\/\/www.mg.gov.br\/defesacivil\" target=\"_blank\" rel=\"noreferrer noopener\">Defesa Civil<\/a><\/strong> cumprem papel central na redu\u00e7\u00e3o de danos em desastres naturais e eventos extremos, pois orientam decis\u00f5es r\u00e1pidas e bem-informadas. Seguir as recomenda\u00e7\u00f5es, evitar deslocamentos desnecess\u00e1rios em momentos cr\u00edticos e priorizar abrigos seguros contribui diretamente para a seguran\u00e7a individual e coletiva.<\/p>\n\n\n\n<p>Compartilhar apenas informa\u00e7\u00f5es verificadas, sem distor\u00e7\u00f5es ou boatos, \u00e9 fundamental para que a popula\u00e7\u00e3o se mantenha bem informada e possa agir com seguran\u00e7a. Com a amplia\u00e7\u00e3o dos sistemas de monitoramento e comunica\u00e7\u00e3o, a tend\u00eancia \u00e9 que esses avisos se tornem ainda mais frequentes e detalhados, refor\u00e7ando a import\u00e2ncia de saber interpret\u00e1-los e utiliz\u00e1-los no dia a dia.<\/p>\n\n\n\n<p>Antes de repassar uma mensagem, \u00e9 importante conferir se ela vem de um canal oficial e se n\u00e3o est\u00e1 desatualizada. Assim, evita-se p\u00e2nico desnecess\u00e1rio e garante-se que as pessoas recebam instru\u00e7\u00f5es claras, atuais e confi\u00e1veis.<\/p>\n","protected":false},"excerpt":{"rendered":"<p>Mensagens de alerta da Defesa Civil passaram a fazer parte da rotina em muitas cidades brasileiras, especialmente em per\u00edodos de chuva intensa, calor extremo ou risco de desastres naturais. Entender o que cada aviso quer dizer e como agir em cada situa\u00e7\u00e3o reduz riscos e ajuda a popula\u00e7\u00e3o a se organizar com anteced\u00eancia, evitando decis\u00f5es [&hellip;]<\/p>\n","protected":false},"author":20,"featured_media":134248,"comment_status":"open","ping_status":"open","sticky":false,"template":"","format":"standard","meta":{"jnews-multi-image_gallery":[],"jnews_single_post":{"format":"standard"},"jnews_primary_category":[],"jnews_social_meta":[],"jnews_override_counter":[],"footnotes":""},"categories":[28,1],"tags":[204,670],"class_list":["post-136124","post","type-post","status-publish","format-standard","has-post-thumbnail","hentry","category-economia","category-noticias","tag-alerta","tag-defesa-civil"],"yoast_head":"<!-- This site is optimized with the Yoast SEO plugin v23.8 - https:\/\/yoast.com\/wordpress\/plugins\/seo\/ -->\n<title>Como interpretar alertas da Defesa Civil e saber o que fazer em cada risco - Estado de Minas - Em foco<\/title>\n<meta name=\"description\" content=\"Como interpretar alertas da Defesa Civil e saber agir em cada tipo de risco, ajudando a prevenir danos, evitar acidentes e proteger todos.\" \/>\n<meta name=\"robots\" content=\"index, follow, max-snippet:-1, max-image-preview:large, max-video-preview:-1\" \/>\n<link rel=\"canonical\" href=\"https:\/\/www.em.com.br\/emfoco\/2025\/12\/07\/como-interpretar-alertas-da-defesa-civil-e-saber-o-que-fazer-em-cada-risco\/\" \/>\n<meta property=\"og:locale\" content=\"pt_BR\" \/>\n<meta property=\"og:type\" content=\"article\" \/>\n<meta property=\"og:title\" content=\"Como interpretar alertas da Defesa Civil e saber o que fazer em cada risco - Estado de Minas - Em foco\" \/>\n<meta property=\"og:description\" content=\"Como interpretar alertas da Defesa Civil e saber agir em cada tipo de risco, ajudando a prevenir danos, evitar acidentes e proteger todos.\" \/>\n<meta property=\"og:url\" content=\"https:\/\/www.em.com.br\/emfoco\/2025\/12\/07\/como-interpretar-alertas-da-defesa-civil-e-saber-o-que-fazer-em-cada-risco\/\" \/>\n<meta property=\"og:site_name\" content=\"Estado de Minas - Em foco\" \/>\n<meta property=\"article:published_time\" content=\"2025-12-07T10:15:00+00:00\" \/>\n<meta property=\"article:modified_time\" content=\"2025-12-05T16:47:40+00:00\" \/>\n<meta property=\"og:image\" content=\"https:\/\/www.em.com.br\/emfoco\/wp-content\/uploads\/2025\/12\/imagem_2025-11-22_214451569-e1764622866573.png\" \/>\n\t<meta property=\"og:image:width\" content=\"1280\" \/>\n\t<meta property=\"og:image:height\" content=\"720\" \/>\n\t<meta property=\"og:image:type\" content=\"image\/png\" \/>\n<meta name=\"author\" content=\"Ingrid Diniz\" \/>\n<meta name=\"twitter:card\" content=\"summary_large_image\" \/>\n<meta name=\"twitter:label1\" content=\"Escrito por\" \/>\n\t<meta name=\"twitter:data1\" content=\"Ingrid Diniz\" \/>\n\t<meta name=\"twitter:label2\" content=\"Est. tempo de leitura\" \/>\n\t<meta name=\"twitter:data2\" content=\"6 minutos\" \/>\n<!-- \/ Yoast SEO plugin. -->","yoast_head_json":{"title":"Como interpretar alertas da Defesa Civil e saber o que fazer em cada risco - Estado de Minas - Em foco","description":"Como interpretar alertas da Defesa Civil e saber agir em cada tipo de risco, ajudando a prevenir danos, evitar acidentes e proteger todos.","robots":{"index":"index","follow":"follow","max-snippet":"max-snippet:-1","max-image-preview":"max-image-preview:large","max-video-preview":"max-video-preview:-1"},"canonical":"https:\/\/www.em.com.br\/emfoco\/2025\/12\/07\/como-interpretar-alertas-da-defesa-civil-e-saber-o-que-fazer-em-cada-risco\/","og_locale":"pt_BR","og_type":"article","og_title":"Como interpretar alertas da Defesa Civil e saber o que fazer em cada risco - Estado de Minas - Em foco","og_description":"Como interpretar alertas da Defesa Civil e saber agir em cada tipo de risco, ajudando a prevenir danos, evitar acidentes e proteger todos.","og_url":"https:\/\/www.em.com.br\/emfoco\/2025\/12\/07\/como-interpretar-alertas-da-defesa-civil-e-saber-o-que-fazer-em-cada-risco\/","og_site_name":"Estado de Minas - Em foco","article_published_time":"2025-12-07T10:15:00+00:00","article_modified_time":"2025-12-05T16:47:40+00:00","og_image":[{"width":1280,"height":720,"url":"https:\/\/www.em.com.br\/emfoco\/wp-content\/uploads\/2025\/12\/imagem_2025-11-22_214451569-e1764622866573.png","type":"image\/png"}],"author":"Ingrid Diniz","twitter_card":"summary_large_image","twitter_misc":{"Escrito por":"Ingrid Diniz","Est. tempo de leitura":"6 minutos"},"schema":{"@context":"https:\/\/schema.org","@graph":[{"@type":"WebPage","@id":"https:\/\/www.em.com.br\/emfoco\/2025\/12\/07\/como-interpretar-alertas-da-defesa-civil-e-saber-o-que-fazer-em-cada-risco\/","url":"https:\/\/www.em.com.br\/emfoco\/2025\/12\/07\/como-interpretar-alertas-da-defesa-civil-e-saber-o-que-fazer-em-cada-risco\/","name":"Como interpretar alertas da Defesa Civil e saber o que fazer em cada risco - Estado de Minas - Em foco","isPartOf":{"@id":"https:\/\/www.em.com.br\/emfoco\/#website"},"primaryImageOfPage":{"@id":"https:\/\/www.em.com.br\/emfoco\/2025\/12\/07\/como-interpretar-alertas-da-defesa-civil-e-saber-o-que-fazer-em-cada-risco\/#primaryimage"},"image":{"@id":"https:\/\/www.em.com.br\/emfoco\/2025\/12\/07\/como-interpretar-alertas-da-defesa-civil-e-saber-o-que-fazer-em-cada-risco\/#primaryimage"},"thumbnailUrl":"https:\/\/www.em.com.br\/emfoco\/wp-content\/uploads\/2025\/12\/imagem_2025-11-22_214451569-e1764622866573.png","datePublished":"2025-12-07T10:15:00+00:00","dateModified":"2025-12-05T16:47:40+00:00","author":{"@id":"https:\/\/www.em.com.br\/emfoco\/#\/schema\/person\/649e610b4eb8fff87ff394e54fe17b2b"},"description":"Como interpretar alertas da Defesa Civil e saber agir em cada tipo de risco, ajudando a prevenir danos, evitar acidentes e proteger todos.","breadcrumb":{"@id":"https:\/\/www.em.com.br\/emfoco\/2025\/12\/07\/como-interpretar-alertas-da-defesa-civil-e-saber-o-que-fazer-em-cada-risco\/#breadcrumb"},"inLanguage":"pt-BR","potentialAction":[{"@type":"ReadAction","target":["https:\/\/www.em.com.br\/emfoco\/2025\/12\/07\/como-interpretar-alertas-da-defesa-civil-e-saber-o-que-fazer-em-cada-risco\/"]}]},{"@type":"ImageObject","inLanguage":"pt-BR","@id":"https:\/\/www.em.com.br\/emfoco\/2025\/12\/07\/como-interpretar-alertas-da-defesa-civil-e-saber-o-que-fazer-em-cada-risco\/#primaryimage","url":"https:\/\/www.em.com.br\/emfoco\/wp-content\/uploads\/2025\/12\/imagem_2025-11-22_214451569-e1764622866573.png","contentUrl":"https:\/\/www.em.com.br\/emfoco\/wp-content\/uploads\/2025\/12\/imagem_2025-11-22_214451569-e1764622866573.png","width":1280,"height":720,"caption":"Aux\u00edlio G\u00e1s de R$ 110 come\u00e7a a ser pago nesta semana"},{"@type":"BreadcrumbList","@id":"https:\/\/www.em.com.br\/emfoco\/2025\/12\/07\/como-interpretar-alertas-da-defesa-civil-e-saber-o-que-fazer-em-cada-risco\/#breadcrumb","itemListElement":[{"@type":"ListItem","position":1,"name":"In\u00edcio","item":"https:\/\/www.em.com.br\/emfoco\/"},{"@type":"ListItem","position":2,"name":"Como interpretar alertas da Defesa Civil e saber o que fazer em cada risco"}]},{"@type":"WebSite","@id":"https:\/\/www.em.com.br\/emfoco\/#website","url":"https:\/\/www.em.com.br\/emfoco\/","name":"Estado de Minas - Em foco","description":"Acompanhe as \u00faltimas not\u00edcias e fique bem informado sobre tudo o que acontece em Minas Gerais, Brasil e no mundo.","potentialAction":[{"@type":"SearchAction","target":{"@type":"EntryPoint","urlTemplate":"https:\/\/www.em.com.br\/emfoco\/?s={search_term_string}"},"query-input":{"@type":"PropertyValueSpecification","valueRequired":true,"valueName":"search_term_string"}}],"inLanguage":"pt-BR"},{"@type":"Person","@id":"https:\/\/www.em.com.br\/emfoco\/#\/schema\/person\/649e610b4eb8fff87ff394e54fe17b2b","name":"Ingrid Diniz","image":{"@type":"ImageObject","inLanguage":"pt-BR","@id":"https:\/\/www.em.com.br\/emfoco\/#\/schema\/person\/image\/","url":"https:\/\/secure.gravatar.com\/avatar\/a3baa1449ec5c39b4c42babc9d4f3951?s=96&d=mm&r=g","contentUrl":"https:\/\/secure.gravatar.com\/avatar\/a3baa1449ec5c39b4c42babc9d4f3951?s=96&d=mm&r=g","caption":"Ingrid Diniz"},"sameAs":["https:\/\/www.em.com.br\/"],"url":"https:\/\/www.em.com.br\/emfoco\/author\/ingridmyth\/"}]}},"_links":{"self":[{"href":"https:\/\/www.em.com.br\/emfoco\/wp-json\/wp\/v2\/posts\/136124","targetHints":{"allow":["GET"]}}],"collection":[{"href":"https:\/\/www.em.com.br\/emfoco\/wp-json\/wp\/v2\/posts"}],"about":[{"href":"https:\/\/www.em.com.br\/emfoco\/wp-json\/wp\/v2\/types\/post"}],"author":[{"embeddable":true,"href":"https:\/\/www.em.com.br\/emfoco\/wp-json\/wp\/v2\/users\/20"}],"replies":[{"embeddable":true,"href":"https:\/\/www.em.com.br\/emfoco\/wp-json\/wp\/v2\/comments?post=136124"}],"version-history":[{"count":1,"href":"https:\/\/www.em.com.br\/emfoco\/wp-json\/wp\/v2\/posts\/136124\/revisions"}],"predecessor-version":[{"id":136202,"href":"https:\/\/www.em.com.br\/emfoco\/wp-json\/wp\/v2\/posts\/136124\/revisions\/136202"}],"wp:featuredmedia":[{"embeddable":true,"href":"https:\/\/www.em.com.br\/emfoco\/wp-json\/wp\/v2\/media\/134248"}],"wp:attachment":[{"href":"https:\/\/www.em.com.br\/emfoco\/wp-json\/wp\/v2\/media?parent=136124"}],"wp:term":[{"taxonomy":"category","embeddable":true,"href":"https:\/\/www.em.com.br\/emfoco\/wp-json\/wp\/v2\/categories?post=136124"},{"taxonomy":"post_tag","embeddable":true,"href":"https:\/\/www.em.com.br\/emfoco\/wp-json\/wp\/v2\/tags?post=136124"}],"curies":[{"name":"wp","href":"https:\/\/api.w.org\/{rel}","templated":true}]}}