{"id":136089,"date":"2025-12-06T20:35:00","date_gmt":"2025-12-06T23:35:00","guid":{"rendered":"https:\/\/www.em.com.br\/emfoco\/?p=136089"},"modified":"2025-12-05T11:35:13","modified_gmt":"2025-12-05T14:35:13","slug":"gov-br-recusando-seus-dados-o-passo-a-passo-nada-obvio-para-destravar-seu-cadastro-agora","status":"publish","type":"post","link":"https:\/\/www.em.com.br\/emfoco\/2025\/12\/06\/gov-br-recusando-seus-dados-o-passo-a-passo-nada-obvio-para-destravar-seu-cadastro-agora\/","title":{"rendered":"Gov.br recusando seus dados? O passo a passo nada \u00f3bvio para destravar seu cadastro AGORA"},"content":{"rendered":"\n<p>Quando o aplicativo do Gov.br n\u00e3o reconhece os dados de quem tenta se cadastrar, o acesso a servi\u00e7os digitais do governo pode ficar temporariamente bloqueado, sobretudo em per\u00edodos de maior demanda, como declara\u00e7\u00e3o de imposto de renda ou inscri\u00e7\u00e3o em programas sociais, tornando essencial entender as causas mais comuns e os caminhos para regularizar o cadastro com rapidez e seguran\u00e7a.<\/p>\n\n\n\n<h2 class=\"wp-block-heading\">O que \u00e9 o Gov.br e por que ele pode n\u00e3o reconhecer seus dados<\/h2>\n\n\n<div class=\"wp-block-image\">\n<figure class=\"aligncenter size-large\"><img loading=\"lazy\" decoding=\"async\" width=\"1024\" height=\"576\" src=\"https:\/\/www.em.com.br\/emfoco\/wp-content\/uploads\/2025\/12\/imagem_2025-11-22_215835797-e1764623714187-1024x576.png\" alt=\"Aprenda a usar o aplicativo Meu INSS com esse passo a passo\" class=\"wp-image-134261\" srcset=\"https:\/\/www.em.com.br\/emfoco\/wp-content\/uploads\/2025\/12\/imagem_2025-11-22_215835797-e1764623714187-1024x576.png 1024w, https:\/\/www.em.com.br\/emfoco\/wp-content\/uploads\/2025\/12\/imagem_2025-11-22_215835797-e1764623714187-300x169.png 300w, https:\/\/www.em.com.br\/emfoco\/wp-content\/uploads\/2025\/12\/imagem_2025-11-22_215835797-e1764623714187-768x432.png 768w, https:\/\/www.em.com.br\/emfoco\/wp-content\/uploads\/2025\/12\/imagem_2025-11-22_215835797-e1764623714187-750x422.png 750w, https:\/\/www.em.com.br\/emfoco\/wp-content\/uploads\/2025\/12\/imagem_2025-11-22_215835797-e1764623714187-1140x641.png 1140w, https:\/\/www.em.com.br\/emfoco\/wp-content\/uploads\/2025\/12\/imagem_2025-11-22_215835797-e1764623714187.png 1280w\" sizes=\"auto, (max-width: 1024px) 100vw, 1024px\" \/><figcaption class=\"wp-element-caption\">Como destravar cadastro no Gov.br<\/figcaption><\/figure><\/div>\n\n\n<p>O Gov.br \u00e9 a plataforma oficial que centraliza o acesso eletr\u00f4nico a servi\u00e7os do governo federal, estados e munic\u00edpios, conectando o CPF do cidad\u00e3o a bases como <strong>Receita Federal, INSS, Justi\u00e7a Eleitoral<\/strong> e bancos credenciados. Quando alguma informa\u00e7\u00e3o n\u00e3o confere com o que est\u00e1 registrado nesses \u00f3rg\u00e3os, o aplicativo acusa erro de identifica\u00e7\u00e3o e impede o avan\u00e7o do cadastro.<\/p>\n\n\n\n<p>Entre as falhas mais recorrentes est\u00e3o dados pessoais desatualizados, mudan\u00e7a de nome n\u00e3o registrada corretamente, CPF irregular, diverg\u00eancia de data de nascimento ou nome da m\u00e3e e registros antigos com erro em bancos ou \u00f3rg\u00e3os p\u00fablicos. Na maior parte dos casos, o problema est\u00e1 na origem das informa\u00e7\u00f5es que alimentam o Gov.br, e n\u00e3o no aplicativo em si.<\/p>\n\n\n\n<h2 class=\"wp-block-heading\">Como seguir o passo a passo para resolver problemas de cadastro no Gov.br<\/h2>\n\n\n\n<p>Para resolver dificuldades de cadastro no Gov.br, o primeiro passo \u00e9 identificar em qual etapa o erro aparece, observando a mensagem exibida na tela. Ela costuma indicar se a falha \u00e9 na digita\u00e7\u00e3o dos dados, na valida\u00e7\u00e3o do CPF ou na checagem com alguma base externa conectada ao sistema.<\/p>\n\n\n\n<ol class=\"wp-block-list\">\n<li><strong>Conferir os dados b\u00e1sicos<\/strong>: verificar se CPF, nome completo, data de nascimento e nome da m\u00e3e foram digitados exatamente como constam em documentos oficiais.<\/li>\n\n\n\n<li><strong>Checar a situa\u00e7\u00e3o do CPF<\/strong>: consultar no site da <strong>Receita Federal<\/strong> se o CPF est\u00e1 regular; se estiver suspenso, pendente ou cancelado, \u00e9 necess\u00e1rio regulariz\u00e1-lo antes de tentar novo cadastro.<\/li>\n\n\n\n<li><strong>Atualizar informa\u00e7\u00f5es na Receita Federal<\/strong>: em caso de diverg\u00eancia de dados, como nome de casado ou altera\u00e7\u00e3o de estado civil, atualizar o cadastro da <strong>Receita <\/strong>facilita o reconhecimento pelo Gov.br.<\/li>\n\n\n\n<li><strong>Tentar outro n\u00edvel de valida\u00e7\u00e3o<\/strong>: se a valida\u00e7\u00e3o falhar por banco, tente reconhecimento facial, internet banking de outra institui\u00e7\u00e3o parceira ou valida\u00e7\u00e3o por dados do <strong>INSS<\/strong>, quando dispon\u00edvel.<\/li>\n\n\n\n<li><strong>Aguardar e repetir o processo<\/strong>: em hor\u00e1rios de pico, instabilidades podem causar falhas tempor\u00e1rias; repetir o procedimento em outro hor\u00e1rio muitas vezes resolve o problema.<\/li>\n<\/ol>\n\n\n\n<p>Leia mais: <a href=\"https:\/\/www.em.com.br\/emfoco\/2025\/12\/02\/perdeu-o-acesso-ao-meu-inss-saiba-como-redefinir-a-senha\/\" target=\"_blank\" rel=\"noreferrer noopener\">Perdeu o acesso ao Meu INSS? Saiba como redefinir a senha<\/a><\/p>\n\n\n\n<h2 class=\"wp-block-heading\">Quais erros mais comuns impedem o Gov.br de reconhecer o cadastro<\/h2>\n\n\n<div class=\"wp-block-image\">\n<figure class=\"aligncenter size-large\"><img loading=\"lazy\" decoding=\"async\" width=\"1024\" height=\"576\" src=\"https:\/\/www.em.com.br\/emfoco\/wp-content\/uploads\/2025\/12\/imagem_2025-11-23_023539013-e1764680644655-1024x576.png\" alt=\"Como pedir a 2\u00aa via de documentos importantes pela internet sem sair de casa\" class=\"wp-image-134472\" srcset=\"https:\/\/www.em.com.br\/emfoco\/wp-content\/uploads\/2025\/12\/imagem_2025-11-23_023539013-e1764680644655-1024x576.png 1024w, https:\/\/www.em.com.br\/emfoco\/wp-content\/uploads\/2025\/12\/imagem_2025-11-23_023539013-e1764680644655-300x169.png 300w, https:\/\/www.em.com.br\/emfoco\/wp-content\/uploads\/2025\/12\/imagem_2025-11-23_023539013-e1764680644655-768x432.png 768w, https:\/\/www.em.com.br\/emfoco\/wp-content\/uploads\/2025\/12\/imagem_2025-11-23_023539013-e1764680644655-750x422.png 750w, https:\/\/www.em.com.br\/emfoco\/wp-content\/uploads\/2025\/12\/imagem_2025-11-23_023539013-e1764680644655-1140x641.png 1140w, https:\/\/www.em.com.br\/emfoco\/wp-content\/uploads\/2025\/12\/imagem_2025-11-23_023539013-e1764680644655.png 1280w\" sizes=\"auto, (max-width: 1024px) 100vw, 1024px\" \/><figcaption class=\"wp-element-caption\">Como destravar cadastro no Gov.br<\/figcaption><\/figure><\/div>\n\n\n<p>Alguns erros se repetem com frequ\u00eancia entre pessoas que n\u00e3o conseguem criar ou validar a conta no Gov.br, geralmente ligados \u00e0 inconsist\u00eancia de dados. Identificar esses pontos ajuda a ajustar o cadastro de forma objetiva e a evitar tentativas sucessivas sem sucesso, reduzindo bloqueios e mensagens de erro.<\/p>\n\n\n\n<ul class=\"wp-block-list\">\n<li><strong>Diverg\u00eancia de nome<\/strong>: uso de abrevia\u00e7\u00f5es, sobrenomes a mais ou a menos e ordem diferente de sobrenomes gera incompatibilidade com a base da <strong>Receita Federal<\/strong>.<\/li>\n\n\n\n<li><strong>Data de nascimento diferente<\/strong>: informa\u00e7\u00f5es registradas de forma errada em cadastros antigos entram em conflito com documentos atuais.<\/li>\n\n\n\n<li><strong>Nome da m\u00e3e incorreto ou abreviado<\/strong>: uso de apenas parte do nome ou troca de sobrenomes muitas vezes impede a confirma\u00e7\u00e3o da identidade.<\/li>\n\n\n\n<li><strong>CPF n\u00e3o regular<\/strong>: situa\u00e7\u00e3o irregular na <strong><a href=\"https:\/\/www.gov.br\/receitafederal\/pt-br\" target=\"_blank\" rel=\"noreferrer noopener\">Receita Federal<\/a><\/strong> impede a correta vincula\u00e7\u00e3o ao Gov.br.<\/li>\n\n\n\n<li><strong>Cadastro antigo em banco parceiro com erro<\/strong>: dados desatualizados em institui\u00e7\u00f5es financeiras usadas para valida\u00e7\u00e3o tamb\u00e9m podem barrar o processo.<\/li>\n<\/ul>\n\n\n\n<p>Al\u00e9m disso, o reconhecimento facial falha quando a c\u00e2mera do celular tem baixa qualidade, o ambiente est\u00e1 escuro ou a pessoa se afasta demais do enquadramento. Fazer o teste em local bem iluminado, com o aparelho est\u00e1vel e o rosto centralizado geralmente melhora a leitura e a aprova\u00e7\u00e3o.<\/p>\n\n\n\n<p>Leia mais: <a href=\"https:\/\/www.em.com.br\/emfoco\/2025\/12\/04\/o-que-fazer-caso-o-seu-beneficio-do-bpc-seja-negado-pelo-inss\/\" target=\"_blank\" rel=\"noreferrer noopener\">O que fazer caso o seu benef\u00edcio do BPC seja negado pelo INSS<\/a><\/p>\n\n\n\n<h2 class=\"wp-block-heading\">Quando buscar atendimento humano para regularizar o cadastro no Gov.br<\/h2>\n\n\n\n<p>Se, ap\u00f3s revisar dados e tentar diferentes formas de valida\u00e7\u00e3o, o Gov.br continuar sem reconhecer o cadastro, \u00e9 recomend\u00e1vel procurar atendimento especializado. Em 2025, h\u00e1 canais oficiais que auxiliam nesse processo, tanto on-line quanto presenciais, podendo orientar sobre erros espec\u00edficos e necessidades de atualiza\u00e7\u00e3o cadastral.<\/p>\n\n\n\n<ul class=\"wp-block-list\">\n<li><strong>Central de atendimento oficial<\/strong>: canais de suporte indicados no portal Gov.br orientam procedimentos conforme o tipo de erro apresentado.<\/li>\n\n\n\n<li><strong>Postos presenciais de atendimento<\/strong>: unidades da <strong>Receita Federal, INSS, Poupatempo<\/strong> ou correspondentes locais ajudam a corrigir dados que alimentam o Gov.br.<\/li>\n\n\n\n<li><strong>Ag\u00eancias de bancos parceiros<\/strong>: quando a valida\u00e7\u00e3o depende de institui\u00e7\u00e3o financeira, pode ser necess\u00e1rio atualizar o cadastro diretamente no banco.<\/li>\n<\/ul>\n\n\n\n<p>Manter documentos pessoais atualizados, guardar comprovantes de altera\u00e7\u00f5es de nome ou estado civil e revisar periodicamente o cadastro em \u00f3rg\u00e3os oficiais reduz as chances de erro no aplicativo. Com informa\u00e7\u00f5es organizadas e consistentes entre as bases, o acesso ao Gov.br tende a ser mais fluido, permitindo o uso cont\u00ednuo e seguro dos servi\u00e7os digitais do governo.<\/p>\n","protected":false},"excerpt":{"rendered":"<p>Quando o aplicativo do Gov.br n\u00e3o reconhece os dados de quem tenta se cadastrar, o acesso a servi\u00e7os digitais do governo pode ficar temporariamente bloqueado, sobretudo em per\u00edodos de maior demanda, como declara\u00e7\u00e3o de imposto de renda ou inscri\u00e7\u00e3o em programas sociais, tornando essencial entender as causas mais comuns e os caminhos para regularizar o [&hellip;]<\/p>\n","protected":false},"author":20,"featured_media":134245,"comment_status":"open","ping_status":"open","sticky":false,"template":"","format":"standard","meta":{"jnews-multi-image_gallery":[],"jnews_single_post":{"format":"standard"},"jnews_primary_category":[],"jnews_social_meta":[],"jnews_override_counter":[],"footnotes":""},"categories":[28,1],"tags":[346,2436,2208],"class_list":["post-136089","post","type-post","status-publish","format-standard","has-post-thumbnail","hentry","category-economia","category-noticias","tag-cadastro","tag-gov-br","tag-receita-federal"],"yoast_head":"<!-- This site is optimized with the Yoast SEO plugin v23.8 - https:\/\/yoast.com\/wordpress\/plugins\/seo\/ -->\n<title>Gov.br recusando seus dados? O passo a passo nada \u00f3bvio para destravar seu cadastro AGORA - Estado de Minas - Em foco<\/title>\n<meta name=\"description\" content=\"Passo a passo para destravar cadastro no Gov.br quando os dados s\u00e3o recusados, garantindo acesso r\u00e1pido aos servi\u00e7os e evitando bloqueios.\" \/>\n<meta name=\"robots\" content=\"index, follow, max-snippet:-1, max-image-preview:large, max-video-preview:-1\" \/>\n<link rel=\"canonical\" href=\"https:\/\/www.em.com.br\/emfoco\/2025\/12\/06\/gov-br-recusando-seus-dados-o-passo-a-passo-nada-obvio-para-destravar-seu-cadastro-agora\/\" \/>\n<meta property=\"og:locale\" content=\"pt_BR\" \/>\n<meta property=\"og:type\" content=\"article\" \/>\n<meta property=\"og:title\" content=\"Gov.br recusando seus dados? O passo a passo nada \u00f3bvio para destravar seu cadastro AGORA - Estado de Minas - Em foco\" \/>\n<meta property=\"og:description\" content=\"Passo a passo para destravar cadastro no Gov.br quando os dados s\u00e3o recusados, garantindo acesso r\u00e1pido aos servi\u00e7os e evitando bloqueios.\" \/>\n<meta property=\"og:url\" content=\"https:\/\/www.em.com.br\/emfoco\/2025\/12\/06\/gov-br-recusando-seus-dados-o-passo-a-passo-nada-obvio-para-destravar-seu-cadastro-agora\/\" \/>\n<meta property=\"og:site_name\" content=\"Estado de Minas - Em foco\" \/>\n<meta property=\"article:published_time\" content=\"2025-12-06T23:35:00+00:00\" \/>\n<meta property=\"article:modified_time\" content=\"2025-12-05T14:35:13+00:00\" \/>\n<meta property=\"og:image\" content=\"https:\/\/www.em.com.br\/emfoco\/wp-content\/uploads\/2025\/12\/imagem_2025-11-22_213637344-e1764622370977.png\" \/>\n\t<meta property=\"og:image:width\" content=\"1280\" \/>\n\t<meta property=\"og:image:height\" content=\"720\" \/>\n\t<meta property=\"og:image:type\" content=\"image\/png\" \/>\n<meta name=\"author\" content=\"Ingrid Diniz\" \/>\n<meta name=\"twitter:card\" content=\"summary_large_image\" \/>\n<meta name=\"twitter:label1\" content=\"Escrito por\" \/>\n\t<meta name=\"twitter:data1\" content=\"Ingrid Diniz\" \/>\n\t<meta name=\"twitter:label2\" content=\"Est. tempo de leitura\" \/>\n\t<meta name=\"twitter:data2\" content=\"6 minutos\" \/>\n<!-- \/ Yoast SEO plugin. -->","yoast_head_json":{"title":"Gov.br recusando seus dados? O passo a passo nada \u00f3bvio para destravar seu cadastro AGORA - Estado de Minas - Em foco","description":"Passo a passo para destravar cadastro no Gov.br quando os dados s\u00e3o recusados, garantindo acesso r\u00e1pido aos servi\u00e7os e evitando bloqueios.","robots":{"index":"index","follow":"follow","max-snippet":"max-snippet:-1","max-image-preview":"max-image-preview:large","max-video-preview":"max-video-preview:-1"},"canonical":"https:\/\/www.em.com.br\/emfoco\/2025\/12\/06\/gov-br-recusando-seus-dados-o-passo-a-passo-nada-obvio-para-destravar-seu-cadastro-agora\/","og_locale":"pt_BR","og_type":"article","og_title":"Gov.br recusando seus dados? O passo a passo nada \u00f3bvio para destravar seu cadastro AGORA - Estado de Minas - Em foco","og_description":"Passo a passo para destravar cadastro no Gov.br quando os dados s\u00e3o recusados, garantindo acesso r\u00e1pido aos servi\u00e7os e evitando bloqueios.","og_url":"https:\/\/www.em.com.br\/emfoco\/2025\/12\/06\/gov-br-recusando-seus-dados-o-passo-a-passo-nada-obvio-para-destravar-seu-cadastro-agora\/","og_site_name":"Estado de Minas - Em foco","article_published_time":"2025-12-06T23:35:00+00:00","article_modified_time":"2025-12-05T14:35:13+00:00","og_image":[{"width":1280,"height":720,"url":"https:\/\/www.em.com.br\/emfoco\/wp-content\/uploads\/2025\/12\/imagem_2025-11-22_213637344-e1764622370977.png","type":"image\/png"}],"author":"Ingrid Diniz","twitter_card":"summary_large_image","twitter_misc":{"Escrito por":"Ingrid Diniz","Est. tempo de leitura":"6 minutos"},"schema":{"@context":"https:\/\/schema.org","@graph":[{"@type":"WebPage","@id":"https:\/\/www.em.com.br\/emfoco\/2025\/12\/06\/gov-br-recusando-seus-dados-o-passo-a-passo-nada-obvio-para-destravar-seu-cadastro-agora\/","url":"https:\/\/www.em.com.br\/emfoco\/2025\/12\/06\/gov-br-recusando-seus-dados-o-passo-a-passo-nada-obvio-para-destravar-seu-cadastro-agora\/","name":"Gov.br recusando seus dados? O passo a passo nada \u00f3bvio para destravar seu cadastro AGORA - Estado de Minas - Em foco","isPartOf":{"@id":"https:\/\/www.em.com.br\/emfoco\/#website"},"primaryImageOfPage":{"@id":"https:\/\/www.em.com.br\/emfoco\/2025\/12\/06\/gov-br-recusando-seus-dados-o-passo-a-passo-nada-obvio-para-destravar-seu-cadastro-agora\/#primaryimage"},"image":{"@id":"https:\/\/www.em.com.br\/emfoco\/2025\/12\/06\/gov-br-recusando-seus-dados-o-passo-a-passo-nada-obvio-para-destravar-seu-cadastro-agora\/#primaryimage"},"thumbnailUrl":"https:\/\/www.em.com.br\/emfoco\/wp-content\/uploads\/2025\/12\/imagem_2025-11-22_213637344-e1764622370977.png","datePublished":"2025-12-06T23:35:00+00:00","dateModified":"2025-12-05T14:35:13+00:00","author":{"@id":"https:\/\/www.em.com.br\/emfoco\/#\/schema\/person\/649e610b4eb8fff87ff394e54fe17b2b"},"description":"Passo a passo para destravar cadastro no Gov.br quando os dados s\u00e3o recusados, garantindo acesso r\u00e1pido aos servi\u00e7os e evitando bloqueios.","breadcrumb":{"@id":"https:\/\/www.em.com.br\/emfoco\/2025\/12\/06\/gov-br-recusando-seus-dados-o-passo-a-passo-nada-obvio-para-destravar-seu-cadastro-agora\/#breadcrumb"},"inLanguage":"pt-BR","potentialAction":[{"@type":"ReadAction","target":["https:\/\/www.em.com.br\/emfoco\/2025\/12\/06\/gov-br-recusando-seus-dados-o-passo-a-passo-nada-obvio-para-destravar-seu-cadastro-agora\/"]}]},{"@type":"ImageObject","inLanguage":"pt-BR","@id":"https:\/\/www.em.com.br\/emfoco\/2025\/12\/06\/gov-br-recusando-seus-dados-o-passo-a-passo-nada-obvio-para-destravar-seu-cadastro-agora\/#primaryimage","url":"https:\/\/www.em.com.br\/emfoco\/wp-content\/uploads\/2025\/12\/imagem_2025-11-22_213637344-e1764622370977.png","contentUrl":"https:\/\/www.em.com.br\/emfoco\/wp-content\/uploads\/2025\/12\/imagem_2025-11-22_213637344-e1764622370977.png","width":1280,"height":720,"caption":"Como destravar cadastro no Gov.br"},{"@type":"BreadcrumbList","@id":"https:\/\/www.em.com.br\/emfoco\/2025\/12\/06\/gov-br-recusando-seus-dados-o-passo-a-passo-nada-obvio-para-destravar-seu-cadastro-agora\/#breadcrumb","itemListElement":[{"@type":"ListItem","position":1,"name":"In\u00edcio","item":"https:\/\/www.em.com.br\/emfoco\/"},{"@type":"ListItem","position":2,"name":"Gov.br recusando seus dados? O passo a passo nada \u00f3bvio para destravar seu cadastro AGORA"}]},{"@type":"WebSite","@id":"https:\/\/www.em.com.br\/emfoco\/#website","url":"https:\/\/www.em.com.br\/emfoco\/","name":"Estado de Minas - Em foco","description":"Acompanhe as \u00faltimas not\u00edcias e fique bem informado sobre tudo o que acontece em Minas Gerais, Brasil e no mundo.","potentialAction":[{"@type":"SearchAction","target":{"@type":"EntryPoint","urlTemplate":"https:\/\/www.em.com.br\/emfoco\/?s={search_term_string}"},"query-input":{"@type":"PropertyValueSpecification","valueRequired":true,"valueName":"search_term_string"}}],"inLanguage":"pt-BR"},{"@type":"Person","@id":"https:\/\/www.em.com.br\/emfoco\/#\/schema\/person\/649e610b4eb8fff87ff394e54fe17b2b","name":"Ingrid Diniz","image":{"@type":"ImageObject","inLanguage":"pt-BR","@id":"https:\/\/www.em.com.br\/emfoco\/#\/schema\/person\/image\/","url":"https:\/\/secure.gravatar.com\/avatar\/a3baa1449ec5c39b4c42babc9d4f3951?s=96&d=mm&r=g","contentUrl":"https:\/\/secure.gravatar.com\/avatar\/a3baa1449ec5c39b4c42babc9d4f3951?s=96&d=mm&r=g","caption":"Ingrid Diniz"},"sameAs":["https:\/\/www.em.com.br\/"],"url":"https:\/\/www.em.com.br\/emfoco\/author\/ingridmyth\/"}]}},"_links":{"self":[{"href":"https:\/\/www.em.com.br\/emfoco\/wp-json\/wp\/v2\/posts\/136089","targetHints":{"allow":["GET"]}}],"collection":[{"href":"https:\/\/www.em.com.br\/emfoco\/wp-json\/wp\/v2\/posts"}],"about":[{"href":"https:\/\/www.em.com.br\/emfoco\/wp-json\/wp\/v2\/types\/post"}],"author":[{"embeddable":true,"href":"https:\/\/www.em.com.br\/emfoco\/wp-json\/wp\/v2\/users\/20"}],"replies":[{"embeddable":true,"href":"https:\/\/www.em.com.br\/emfoco\/wp-json\/wp\/v2\/comments?post=136089"}],"version-history":[{"count":1,"href":"https:\/\/www.em.com.br\/emfoco\/wp-json\/wp\/v2\/posts\/136089\/revisions"}],"predecessor-version":[{"id":136107,"href":"https:\/\/www.em.com.br\/emfoco\/wp-json\/wp\/v2\/posts\/136089\/revisions\/136107"}],"wp:featuredmedia":[{"embeddable":true,"href":"https:\/\/www.em.com.br\/emfoco\/wp-json\/wp\/v2\/media\/134245"}],"wp:attachment":[{"href":"https:\/\/www.em.com.br\/emfoco\/wp-json\/wp\/v2\/media?parent=136089"}],"wp:term":[{"taxonomy":"category","embeddable":true,"href":"https:\/\/www.em.com.br\/emfoco\/wp-json\/wp\/v2\/categories?post=136089"},{"taxonomy":"post_tag","embeddable":true,"href":"https:\/\/www.em.com.br\/emfoco\/wp-json\/wp\/v2\/tags?post=136089"}],"curies":[{"name":"wp","href":"https:\/\/api.w.org\/{rel}","templated":true}]}}