{"id":136078,"date":"2025-12-05T18:30:00","date_gmt":"2025-12-05T21:30:00","guid":{"rendered":"https:\/\/www.em.com.br\/emfoco\/?p=136078"},"modified":"2025-12-05T10:13:02","modified_gmt":"2025-12-05T13:13:02","slug":"o-hidratante-mais-potente-da-linha-nivea-para-combater-flacidez-e-rugas","status":"publish","type":"post","link":"https:\/\/www.em.com.br\/emfoco\/2025\/12\/05\/o-hidratante-mais-potente-da-linha-nivea-para-combater-flacidez-e-rugas\/","title":{"rendered":"O hidratante mais potente da linha NIVEA para combater flacidez e rugas"},"content":{"rendered":"\n<p>Escolher o melhor hidratante para pele madura vai muito al\u00e9m de pegar o primeiro creme da prateleira. Depois dos 40 ou 50 anos, a pele perde firmeza, fica mais seca, sens\u00edvel e as linhas ficam mais evidentes. Nessa fase, o hidratante deixa de ser \u201capenas um bom creme\u201d e passa a ser um cuidado di\u00e1rio estrat\u00e9gico. A linha NIVEA 2025 para pele madura chega com a proposta de oferecer hidrata\u00e7\u00e3o poderosa, textura confort\u00e1vel para o clima brasileiro e apoio real para deixar a pele mais macia, vi\u00e7osa e com apar\u00eancia de mais vida.<\/p>\n\n\n\n<h2 class=\"wp-block-heading\">O que diferencia a linha NIVEA 2025 para pele madura<\/h2>\n\n\n\n<p>A linha NIVEA 2025 foi criada pensando na rotina agitada e nas mudan\u00e7as naturais da pele madura. O objetivo \u00e9 manter a pele hidratada por mais tempo, evitando sensa\u00e7\u00e3o de repuxamento e deixando o rosto mais macio e confort\u00e1vel ao longo do dia.<\/p>\n\n\n\n<p>As f\u00f3rmulas combinam ingredientes que seguram a \u00e1gua na pele, reduzem o ressecamento e refor\u00e7am a barreira natural de prote\u00e7\u00e3o. Tudo isso vem em texturas leves, de r\u00e1pida absor\u00e7\u00e3o, que n\u00e3o deixam o rosto brilhando ou pegajoso, mesmo em climas quentes e \u00famidos.<\/p>\n\n\n\n<figure class=\"wp-block-image\"><img decoding=\"async\" src=\"https:\/\/www.em.com.br\/emfoco\/wp-content\/uploads\/2025\/11\/Gemini_Generated_Image_ay4kspay4kspay4k-1-1024x576.png\" alt=\"\"\/><figcaption class=\"wp-element-caption\">O que pode acontecer quando voc\u00ea passa qualquer creme na pele<\/figcaption><\/figure>\n\n\n\n<h2 class=\"wp-block-heading\">Como a textura e a firmeza da pele madura podem ser beneficiadas<\/h2>\n\n\n\n<p>A partir de 2025, muitas marcas passaram a apostar em cremes que n\u00e3o pesam, mas mant\u00eam a hidrata\u00e7\u00e3o por horas. Isso \u00e9 ideal para quem vive em regi\u00f5es quentes ou \u00famidas e quer conforto sem excesso de brilho na pele.<\/p>\n\n\n\n<p>Em algumas vers\u00f5es da linha NIVEA 2025, entram ainda ingredientes voltados \u00e0 sensa\u00e7\u00e3o de firmeza e sustenta\u00e7\u00e3o, ajudando em casos de flacidez e rugas marcadas. O resultado \u00e9 uma pele com apar\u00eancia de mais preenchida, com contornos mais definidos e textura mais uniforme.<\/p>\n\n\n\n<h2 class=\"wp-block-heading\">Como escolher o NIVEA 2025 ideal para cada tipo de pele madura<\/h2>\n\n\n\n<p>Para encontrar a vers\u00e3o de NIVEA 2025 mais adequada, \u00e9 importante observar o tipo de pele: seca, mista, oleosa ou sens\u00edvel. Esse cuidado influencia no conforto, na dura\u00e7\u00e3o da hidrata\u00e7\u00e3o e em como o produto se encaixa na rotina de manh\u00e3 e \u00e0 noite.<\/p>\n\n\n\n<p>Tamb\u00e9m vale definir a principal prioridade do momento, j\u00e1 que cada f\u00f3rmula costuma focar em um resultado-chave. A partir disso, fica bem mais f\u00e1cil escolher a melhor op\u00e7\u00e3o para o seu dia a dia.<\/p>\n\n\n\n<ul class=\"wp-block-list\">\n<li><strong>Redu\u00e7\u00e3o de linhas finas:<\/strong>\u00a0vers\u00f5es com hidrata\u00e7\u00e3o intensa, que ajudam a \u201cpreencher\u201d o visual da pele e suavizar ruguinhas.<\/li>\n\n\n\n<li><strong>Firmeza e elasticidade:<\/strong>\u00a0f\u00f3rmulas com ativos que d\u00e3o mais sustenta\u00e7\u00e3o \u00e0 pele, para contornos menos \u201cmolinhos\u201d.<\/li>\n\n\n\n<li><strong>Prote\u00e7\u00e3o di\u00e1ria:<\/strong>\u00a0op\u00e7\u00f5es com prote\u00e7\u00e3o solar, ideais para uso diurno e exposi\u00e7\u00e3o \u00e0 luz natural ou artificial.<\/li>\n<\/ul>\n\n\n\n<h2 class=\"wp-block-heading\">Como o principal ingrediente hidratante atua na pele madura<\/h2>\n\n\n\n<p>Um destaque dos hidratantes para pele madura \u00e9 um ingrediente que funciona como um \u00edm\u00e3 de \u00e1gua, capaz de atrair e reter hidrata\u00e7\u00e3o nas camadas da pele. Na pr\u00e1tica, isso deixa a superf\u00edcie mais lisa, com apar\u00eancia de mais volume e sensa\u00e7\u00e3o de conforto imediato.<\/p>\n\n\n\n<p>Nos hidratantes da linha NIVEA 2025, esse ingrediente aparece em vers\u00f5es que alcan\u00e7am camadas mais superficiais e um pouco mais profundas. Com o uso cont\u00ednuo, tende a suavizar linhas finas, diminuir repuxamento e contribuir para uma pele mais el\u00e1stica, macia e resiliente.<\/p>\n\n\n\n<figure class=\"wp-block-image\"><img decoding=\"async\" src=\"https:\/\/www.em.com.br\/emfoco\/wp-content\/uploads\/2025\/08\/Nivea_1754755411854-1024x576.jpg\" alt=\"\"\/><figcaption class=\"wp-element-caption\">Creme Nivea conseguiu vencer o tempo- Cr\u00e9ditos: depositphotos.com \/ Sasha2109<\/figcaption><\/figure>\n\n\n\n<h2 class=\"wp-block-heading\">Qual \u00e9 o melhor hor\u00e1rio para usar o hidratante NIVEA 2025<\/h2>\n\n\n\n<p>Na rotina com NIVEA 2025 para pele madura, o mais indicado \u00e9 aplicar o hidratante duas vezes ao dia. De manh\u00e3, as vers\u00f5es com prote\u00e7\u00e3o solar criam uma \u201ccapa\u201d de defesa contra raios solares, polui\u00e7\u00e3o e ar seco, que podem acelerar o envelhecimento.<\/p>\n\n\n\n<p>\u00c0 noite, as vers\u00f5es sem filtro solar, geralmente mais concentradas em ingredientes de cuidado, funcionam como um tratamento extra. Elas aproveitam o per\u00edodo em que a pele naturalmente se renova, potencializando a recupera\u00e7\u00e3o e a hidrata\u00e7\u00e3o profunda.<\/p>\n\n\n\n<h2 class=\"wp-block-heading\">Quais etapas de aplica\u00e7\u00e3o potencializam o uso do NIVEA 2025<\/h2>\n\n\n\n<p>Para tirar melhor proveito do hidratante, vale montar uma rotina b\u00e1sica que prepare a pele e ajude na absor\u00e7\u00e3o dos ativos. A seguir est\u00e3o etapas simples que podem ser adaptadas conforme a indica\u00e7\u00e3o de um profissional de cuidados com a pele.<\/p>\n\n\n\n<ul class=\"wp-block-list\">\n<li>Limpeza suave com produto adequado ao tipo de pele, sem ressecar.<\/li>\n\n\n\n<li>Aplica\u00e7\u00e3o de lo\u00e7\u00e3o leve ou \u00e1gua em spray, quando indicado, para refor\u00e7ar a hidrata\u00e7\u00e3o.<\/li>\n\n\n\n<li>Uso de s\u00e9rum ou concentrado espec\u00edfico, conforme necessidade individual.<\/li>\n\n\n\n<li>Aplica\u00e7\u00e3o do hidratante NIVEA 2025 adequado ao tipo de pele e ao hor\u00e1rio (dia ou noite).<\/li>\n<\/ul>\n\n\n\n<h2 class=\"wp-block-heading\">Quais h\u00e1bitos complementares aumentam os resultados do NIVEA 2025<\/h2>\n\n\n\n<p>O resultado de qualquer hidratante para pele madura tamb\u00e9m depende dos h\u00e1bitos di\u00e1rios. Alimenta\u00e7\u00e3o equilibrada, boa ingest\u00e3o de \u00e1gua, sono regular e uso consistente de protetor solar influenciam diretamente na forma como a pele responde ao produto.<\/p>\n\n\n\n<p>Para potencializar o efeito da linha NIVEA 2025, vale priorizar frutas, verduras e gr\u00e3os integrais, manter o corpo ativo, evitar cigarro e excesso de \u00e1lcool e, se poss\u00edvel, contar com orienta\u00e7\u00e3o profissional. Associar esses cuidados ao uso constante do hidratante aumenta as chances de manter a pele mais hidratada, uniforme e com apar\u00eancia saud\u00e1vel.<\/p>\n\n\n\n<p><\/p>\n","protected":false},"excerpt":{"rendered":"<p>Escolher o melhor hidratante para pele madura vai muito al\u00e9m de pegar o primeiro creme da prateleira. Depois dos 40 ou 50 anos, a pele perde firmeza, fica mais seca, sens\u00edvel e as linhas ficam mais evidentes. Nessa fase, o hidratante deixa de ser \u201capenas um bom creme\u201d e passa a ser um cuidado di\u00e1rio [&hellip;]<\/p>\n","protected":false},"author":11,"featured_media":136083,"comment_status":"open","ping_status":"open","sticky":false,"template":"","format":"standard","meta":{"jnews-multi-image_gallery":[],"jnews_single_post":{"format":"standard"},"jnews_primary_category":[],"jnews_social_meta":[],"jnews_override_counter":[],"footnotes":""},"categories":[8819,1],"tags":[7618,14799,8822,19854,7073,5776],"class_list":["post-136078","post","type-post","status-publish","format-standard","has-post-thumbnail","hentry","category-curiosidades","category-noticias","tag-creme","tag-creme-facial","tag-creme-nivea","tag-creme-pele-madura","tag-pele-madura","tag-rugas"],"yoast_head":"<!-- This site is optimized with the Yoast SEO plugin v23.8 - https:\/\/yoast.com\/wordpress\/plugins\/seo\/ -->\n<title>O hidratante mais potente da linha NIVEA para combater flacidez e rugas - Estado de Minas - Em foco<\/title>\n<meta name=\"description\" content=\"A linha NIVEA 2025 est\u00e1 dando o que falar entre mulheres acima dos 50. Veja qual vers\u00e3o \u00e9 ideal para o seu tipo de pele.\" \/>\n<meta name=\"robots\" content=\"index, follow, max-snippet:-1, max-image-preview:large, max-video-preview:-1\" \/>\n<link rel=\"canonical\" href=\"https:\/\/www.em.com.br\/emfoco\/2025\/12\/05\/o-hidratante-mais-potente-da-linha-nivea-para-combater-flacidez-e-rugas\/\" \/>\n<meta property=\"og:locale\" content=\"pt_BR\" \/>\n<meta property=\"og:type\" content=\"article\" \/>\n<meta property=\"og:title\" content=\"O hidratante mais potente da linha NIVEA para combater flacidez e rugas - Estado de Minas - Em foco\" \/>\n<meta property=\"og:description\" content=\"A linha NIVEA 2025 est\u00e1 dando o que falar entre mulheres acima dos 50. Veja qual vers\u00e3o \u00e9 ideal para o seu tipo de pele.\" \/>\n<meta property=\"og:url\" content=\"https:\/\/www.em.com.br\/emfoco\/2025\/12\/05\/o-hidratante-mais-potente-da-linha-nivea-para-combater-flacidez-e-rugas\/\" \/>\n<meta property=\"og:site_name\" content=\"Estado de Minas - Em foco\" \/>\n<meta property=\"article:published_time\" content=\"2025-12-05T21:30:00+00:00\" \/>\n<meta property=\"article:modified_time\" content=\"2025-12-05T13:13:02+00:00\" \/>\n<meta property=\"og:image\" content=\"https:\/\/www.em.com.br\/emfoco\/wp-content\/uploads\/2025\/12\/Gemini_Generated_Image_jyalxmjyalxmjyal-1.png\" \/>\n\t<meta property=\"og:image:width\" content=\"1280\" \/>\n\t<meta property=\"og:image:height\" content=\"720\" \/>\n\t<meta property=\"og:image:type\" content=\"image\/png\" \/>\n<meta name=\"author\" content=\"Andre\u0301 Rangel\u00a0\" \/>\n<meta name=\"twitter:card\" content=\"summary_large_image\" \/>\n<meta name=\"twitter:label1\" content=\"Escrito por\" \/>\n\t<meta name=\"twitter:data1\" content=\"Andre\u0301 Rangel\u00a0\" \/>\n\t<meta name=\"twitter:label2\" content=\"Est. tempo de leitura\" \/>\n\t<meta name=\"twitter:data2\" content=\"6 minutos\" \/>\n<!-- \/ Yoast SEO plugin. -->","yoast_head_json":{"title":"O hidratante mais potente da linha NIVEA para combater flacidez e rugas - Estado de Minas - Em foco","description":"A linha NIVEA 2025 est\u00e1 dando o que falar entre mulheres acima dos 50. Veja qual vers\u00e3o \u00e9 ideal para o seu tipo de pele.","robots":{"index":"index","follow":"follow","max-snippet":"max-snippet:-1","max-image-preview":"max-image-preview:large","max-video-preview":"max-video-preview:-1"},"canonical":"https:\/\/www.em.com.br\/emfoco\/2025\/12\/05\/o-hidratante-mais-potente-da-linha-nivea-para-combater-flacidez-e-rugas\/","og_locale":"pt_BR","og_type":"article","og_title":"O hidratante mais potente da linha NIVEA para combater flacidez e rugas - Estado de Minas - Em foco","og_description":"A linha NIVEA 2025 est\u00e1 dando o que falar entre mulheres acima dos 50. Veja qual vers\u00e3o \u00e9 ideal para o seu tipo de pele.","og_url":"https:\/\/www.em.com.br\/emfoco\/2025\/12\/05\/o-hidratante-mais-potente-da-linha-nivea-para-combater-flacidez-e-rugas\/","og_site_name":"Estado de Minas - Em foco","article_published_time":"2025-12-05T21:30:00+00:00","article_modified_time":"2025-12-05T13:13:02+00:00","og_image":[{"width":1280,"height":720,"url":"https:\/\/www.em.com.br\/emfoco\/wp-content\/uploads\/2025\/12\/Gemini_Generated_Image_jyalxmjyalxmjyal-1.png","type":"image\/png"}],"author":"Andre\u0301 Rangel\u00a0","twitter_card":"summary_large_image","twitter_misc":{"Escrito por":"Andre\u0301 Rangel\u00a0","Est. tempo de leitura":"6 minutos"},"schema":{"@context":"https:\/\/schema.org","@graph":[{"@type":"WebPage","@id":"https:\/\/www.em.com.br\/emfoco\/2025\/12\/05\/o-hidratante-mais-potente-da-linha-nivea-para-combater-flacidez-e-rugas\/","url":"https:\/\/www.em.com.br\/emfoco\/2025\/12\/05\/o-hidratante-mais-potente-da-linha-nivea-para-combater-flacidez-e-rugas\/","name":"O hidratante mais potente da linha NIVEA para combater flacidez e rugas - Estado de Minas - Em foco","isPartOf":{"@id":"https:\/\/www.em.com.br\/emfoco\/#website"},"primaryImageOfPage":{"@id":"https:\/\/www.em.com.br\/emfoco\/2025\/12\/05\/o-hidratante-mais-potente-da-linha-nivea-para-combater-flacidez-e-rugas\/#primaryimage"},"image":{"@id":"https:\/\/www.em.com.br\/emfoco\/2025\/12\/05\/o-hidratante-mais-potente-da-linha-nivea-para-combater-flacidez-e-rugas\/#primaryimage"},"thumbnailUrl":"https:\/\/www.em.com.br\/emfoco\/wp-content\/uploads\/2025\/12\/Gemini_Generated_Image_jyalxmjyalxmjyal-1.png","datePublished":"2025-12-05T21:30:00+00:00","dateModified":"2025-12-05T13:13:02+00:00","author":{"@id":"https:\/\/www.em.com.br\/emfoco\/#\/schema\/person\/60eda09c1fedf0d6891f4cef4b60b8b8"},"description":"A linha NIVEA 2025 est\u00e1 dando o que falar entre mulheres acima dos 50. Veja qual vers\u00e3o \u00e9 ideal para o seu tipo de pele.","breadcrumb":{"@id":"https:\/\/www.em.com.br\/emfoco\/2025\/12\/05\/o-hidratante-mais-potente-da-linha-nivea-para-combater-flacidez-e-rugas\/#breadcrumb"},"inLanguage":"pt-BR","potentialAction":[{"@type":"ReadAction","target":["https:\/\/www.em.com.br\/emfoco\/2025\/12\/05\/o-hidratante-mais-potente-da-linha-nivea-para-combater-flacidez-e-rugas\/"]}]},{"@type":"ImageObject","inLanguage":"pt-BR","@id":"https:\/\/www.em.com.br\/emfoco\/2025\/12\/05\/o-hidratante-mais-potente-da-linha-nivea-para-combater-flacidez-e-rugas\/#primaryimage","url":"https:\/\/www.em.com.br\/emfoco\/wp-content\/uploads\/2025\/12\/Gemini_Generated_Image_jyalxmjyalxmjyal-1.png","contentUrl":"https:\/\/www.em.com.br\/emfoco\/wp-content\/uploads\/2025\/12\/Gemini_Generated_Image_jyalxmjyalxmjyal-1.png","width":1280,"height":720,"caption":"Creme Nivea conseguiu vencer o tempo"},{"@type":"BreadcrumbList","@id":"https:\/\/www.em.com.br\/emfoco\/2025\/12\/05\/o-hidratante-mais-potente-da-linha-nivea-para-combater-flacidez-e-rugas\/#breadcrumb","itemListElement":[{"@type":"ListItem","position":1,"name":"In\u00edcio","item":"https:\/\/www.em.com.br\/emfoco\/"},{"@type":"ListItem","position":2,"name":"O hidratante mais potente da linha NIVEA para combater flacidez e rugas"}]},{"@type":"WebSite","@id":"https:\/\/www.em.com.br\/emfoco\/#website","url":"https:\/\/www.em.com.br\/emfoco\/","name":"Estado de Minas - Em foco","description":"Acompanhe as \u00faltimas not\u00edcias e fique bem informado sobre tudo o que acontece em Minas Gerais, Brasil e no mundo.","potentialAction":[{"@type":"SearchAction","target":{"@type":"EntryPoint","urlTemplate":"https:\/\/www.em.com.br\/emfoco\/?s={search_term_string}"},"query-input":{"@type":"PropertyValueSpecification","valueRequired":true,"valueName":"search_term_string"}}],"inLanguage":"pt-BR"},{"@type":"Person","@id":"https:\/\/www.em.com.br\/emfoco\/#\/schema\/person\/60eda09c1fedf0d6891f4cef4b60b8b8","name":"Andre\u0301 Rangel\u00a0","image":{"@type":"ImageObject","inLanguage":"pt-BR","@id":"https:\/\/www.em.com.br\/emfoco\/#\/schema\/person\/image\/","url":"https:\/\/secure.gravatar.com\/avatar\/6234dc814c77c8ef6d8bba622c787efc?s=96&d=mm&r=g","contentUrl":"https:\/\/secure.gravatar.com\/avatar\/6234dc814c77c8ef6d8bba622c787efc?s=96&d=mm&r=g","caption":"Andre\u0301 Rangel\u00a0"},"url":"https:\/\/www.em.com.br\/emfoco\/author\/luizmyth\/"}]}},"_links":{"self":[{"href":"https:\/\/www.em.com.br\/emfoco\/wp-json\/wp\/v2\/posts\/136078","targetHints":{"allow":["GET"]}}],"collection":[{"href":"https:\/\/www.em.com.br\/emfoco\/wp-json\/wp\/v2\/posts"}],"about":[{"href":"https:\/\/www.em.com.br\/emfoco\/wp-json\/wp\/v2\/types\/post"}],"author":[{"embeddable":true,"href":"https:\/\/www.em.com.br\/emfoco\/wp-json\/wp\/v2\/users\/11"}],"replies":[{"embeddable":true,"href":"https:\/\/www.em.com.br\/emfoco\/wp-json\/wp\/v2\/comments?post=136078"}],"version-history":[{"count":1,"href":"https:\/\/www.em.com.br\/emfoco\/wp-json\/wp\/v2\/posts\/136078\/revisions"}],"predecessor-version":[{"id":136084,"href":"https:\/\/www.em.com.br\/emfoco\/wp-json\/wp\/v2\/posts\/136078\/revisions\/136084"}],"wp:featuredmedia":[{"embeddable":true,"href":"https:\/\/www.em.com.br\/emfoco\/wp-json\/wp\/v2\/media\/136083"}],"wp:attachment":[{"href":"https:\/\/www.em.com.br\/emfoco\/wp-json\/wp\/v2\/media?parent=136078"}],"wp:term":[{"taxonomy":"category","embeddable":true,"href":"https:\/\/www.em.com.br\/emfoco\/wp-json\/wp\/v2\/categories?post=136078"},{"taxonomy":"post_tag","embeddable":true,"href":"https:\/\/www.em.com.br\/emfoco\/wp-json\/wp\/v2\/tags?post=136078"}],"curies":[{"name":"wp","href":"https:\/\/api.w.org\/{rel}","templated":true}]}}