{"id":136072,"date":"2025-12-05T11:00:00","date_gmt":"2025-12-05T14:00:00","guid":{"rendered":"https:\/\/www.em.com.br\/emfoco\/?p=136072"},"modified":"2025-12-05T10:13:33","modified_gmt":"2025-12-05T13:13:33","slug":"comunicado-urgente-para-todos-que-informam-o-cpf-ao-fazer-compras-em-supermercados-no-brasil","status":"publish","type":"post","link":"https:\/\/www.em.com.br\/emfoco\/2025\/12\/05\/comunicado-urgente-para-todos-que-informam-o-cpf-ao-fazer-compras-em-supermercados-no-brasil\/","title":{"rendered":"Comunicado urgente para todos que informam o CPF ao fazer compras em supermercados no Brasil"},"content":{"rendered":"\n<p>Voc\u00ea j\u00e1 reparou que, na hora de pagar uma compra, sempre perguntam: \u201cVai CPF na nota?\u201d. Muita gente responde no autom\u00e1tico, sem nem saber que est\u00e1 deixando dinheiro e benef\u00edcios na mesa. O programa&nbsp;<strong>CPF na Nota<\/strong>&nbsp;pode render pr\u00eamios, descontos e ainda ajudar a combater a sonega\u00e7\u00e3o de impostos \u2013 e tudo isso com um simples h\u00e1bito no dia a dia.<\/p>\n\n\n\n<h2 class=\"wp-block-heading\">O que \u00e9 o CPF na Nota e qual \u00e9 a l\u00f3gica do programa<\/h2>\n\n\n\n<p>O&nbsp;<strong>CPF na Nota<\/strong>&nbsp;\u00e9 um programa dos estados que conecta cada compra feita ao seu CPF. Quando voc\u00ea pede para colocar o CPF na nota, essa compra vai para um sistema da Secretaria da Fazenda, que registra tudo o que foi comprado, onde e por quanto.<\/p>\n\n\n\n<p>Com essas informa\u00e7\u00f5es, o governo consegue calcular cr\u00e9ditos para voc\u00ea, gerar n\u00fameros da sorte para sorteios e organizar o hist\u00f3rico de compras no seu nome. Em muitos estados, esses cr\u00e9ditos podem virar desconto no IPVA, dinheiro na conta ou outros benef\u00edcios previstos na lei local.<\/p>\n\n\n\n<figure class=\"wp-block-image size-large\"><img loading=\"lazy\" decoding=\"async\" width=\"1024\" height=\"576\" src=\"https:\/\/www.em.com.br\/emfoco\/wp-content\/uploads\/2025\/05\/supermercado-nota-_1746141353162-1024x576.jpg\" alt=\"Programa CPF na Nota atualiza regras e premia consumidores conscientes\" class=\"wp-image-43610\" srcset=\"https:\/\/www.em.com.br\/emfoco\/wp-content\/uploads\/2025\/05\/supermercado-nota-_1746141353162-1024x576.jpg 1024w, https:\/\/www.em.com.br\/emfoco\/wp-content\/uploads\/2025\/05\/supermercado-nota-_1746141353162-300x169.jpg 300w, https:\/\/www.em.com.br\/emfoco\/wp-content\/uploads\/2025\/05\/supermercado-nota-_1746141353162-768x432.jpg 768w, https:\/\/www.em.com.br\/emfoco\/wp-content\/uploads\/2025\/05\/supermercado-nota-_1746141353162-750x422.jpg 750w, https:\/\/www.em.com.br\/emfoco\/wp-content\/uploads\/2025\/05\/supermercado-nota-_1746141353162-1140x642.jpg 1140w, https:\/\/www.em.com.br\/emfoco\/wp-content\/uploads\/2025\/05\/supermercado-nota-_1746141353162.jpg 1279w\" sizes=\"auto, (max-width: 1024px) 100vw, 1024px\" \/><figcaption class=\"wp-element-caption\">O benef\u00edcio pode vir de um simples gesto no caixa &#8211; Cr\u00e9ditos: depositphotos.com \/ innu_asha84<\/figcaption><\/figure>\n\n\n\n<h2 class=\"wp-block-heading\">Como funciona o CPF na Nota na pr\u00e1tica<\/h2>\n\n\n\n<p>No dia a dia, \u00e9 bem simples: voc\u00ea faz a compra, informa seu CPF no caixa ou no aplicativo da loja, a empresa emite a nota fiscal com o seu documento e manda tudo automaticamente para o sistema do governo. Depois, esse sistema transforma essas compras em cr\u00e9ditos e chances de participar de sorteios.<\/p>\n\n\n\n<p>Quando a nota \u00e9 registrada com o CPF, fica mais dif\u00edcil \u201cesconder\u201d vendas do governo, porque cada opera\u00e7\u00e3o tem um consumidor vinculado a ela. Ao mesmo tempo, voc\u00ea ganha poder de controle: pode ver todas as notas emitidas no seu nome e reclamar se encontrar algo errado pelos canais oficiais das Secretarias da Fazenda.<\/p>\n\n\n\n<h2 class=\"wp-block-heading\">Quais s\u00e3o os principais benef\u00edcios do CPF na Nota para o consumidor<\/h2>\n\n\n\n<p>Um dos benef\u00edcios mais famosos do&nbsp;<strong>CPF na Nota fiscal<\/strong>&nbsp;\u00e9 receber cr\u00e9ditos em dinheiro de acordo com o que voc\u00ea compra e com o tipo de produto ou servi\u00e7o. Em v\u00e1rios estados, esses valores podem ser transferidos para sua conta banc\u00e1ria, usados para diminuir impostos estaduais ou guardados para resgatar depois.<\/p>\n\n\n\n<p>Outro ponto bem interessante \u00e9 a chance de participar de sorteios: cada nota com CPF vira um bilhete eletr\u00f4nico para concorrer a pr\u00eamios em dinheiro. Al\u00e9m disso, voc\u00ea passa a ter uma esp\u00e9cie de \u201cextrato de compras\u201d, que pode ser acessado em sites e aplicativos oficiais, ajudando no controle das finan\u00e7as pessoais. Entre os benef\u00edcios mais comuns est\u00e3o:<\/p>\n\n\n\n<ul class=\"wp-block-list\">\n<li><strong>Cr\u00e9ditos em dinheiro<\/strong>\u00a0acumulados diretamente no CPF do participante;<\/li>\n\n\n\n<li><strong>Sorteios frequentes<\/strong>\u00a0com pr\u00eamios em dinheiro para quem participa;<\/li>\n\n\n\n<li><strong>Visualiza\u00e7\u00e3o de todas as compras<\/strong>\u00a0e notas emitidas em seu nome;<\/li>\n\n\n\n<li><strong>Canal para reclamar<\/strong>\u00a0se a loja n\u00e3o emitir a nota ou lan\u00e7ar algo errado;<\/li>\n\n\n\n<li><strong>Incentivo \u00e0 formaliza\u00e7\u00e3o<\/strong>\u00a0do com\u00e9rcio, o que ajuda a manter uma concorr\u00eancia mais justa.<\/li>\n<\/ul>\n\n\n\n<h2 class=\"wp-block-heading\">Quais estados oferecem atualmente o programa CPF na Nota<\/h2>\n\n\n\n<p>Em 2025, a maior parte dos estados brasileiros tem algum tipo de programa que incentiva o uso do CPF na nota. Os nomes, as regras e os benef\u00edcios mudam de um lugar para outro. S\u00e3o Paulo foi um dos primeiros a ter um sistema forte de cr\u00e9ditos e sorteios; outros estados investem mais em aplicativos, campanhas e grandes premia\u00e7\u00f5es em datas especiais.<\/p>\n\n\n\n<figure class=\"wp-block-image size-large\"><img loading=\"lazy\" decoding=\"async\" width=\"1024\" height=\"576\" src=\"https:\/\/www.em.com.br\/emfoco\/wp-content\/uploads\/2025\/12\/Gemini_Generated_Image_wnwqm1wnwqm1wnwq-1-1024x576.png\" alt=\"Comunicado urgente para todos que informam o CPF ao fazer compras em supermercados no Brasil\" class=\"wp-image-136074\" srcset=\"https:\/\/www.em.com.br\/emfoco\/wp-content\/uploads\/2025\/12\/Gemini_Generated_Image_wnwqm1wnwqm1wnwq-1-1024x576.png 1024w, https:\/\/www.em.com.br\/emfoco\/wp-content\/uploads\/2025\/12\/Gemini_Generated_Image_wnwqm1wnwqm1wnwq-1-300x169.png 300w, https:\/\/www.em.com.br\/emfoco\/wp-content\/uploads\/2025\/12\/Gemini_Generated_Image_wnwqm1wnwqm1wnwq-1-768x432.png 768w, https:\/\/www.em.com.br\/emfoco\/wp-content\/uploads\/2025\/12\/Gemini_Generated_Image_wnwqm1wnwqm1wnwq-1-750x422.png 750w, https:\/\/www.em.com.br\/emfoco\/wp-content\/uploads\/2025\/12\/Gemini_Generated_Image_wnwqm1wnwqm1wnwq-1-1140x641.png 1140w, https:\/\/www.em.com.br\/emfoco\/wp-content\/uploads\/2025\/12\/Gemini_Generated_Image_wnwqm1wnwqm1wnwq-1.png 1280w\" sizes=\"auto, (max-width: 1024px) 100vw, 1024px\" \/><figcaption class=\"wp-element-caption\">CPF na Nota tudo o que voc\u00ea ganha pedindo na compra<\/figcaption><\/figure>\n\n\n\n<p>Como cada estado cria suas pr\u00f3prias regras, \u00e9 importante entrar no site da Secretaria da Fazenda da sua regi\u00e3o para ver como funciona: como se cadastrar, quanto tempo os cr\u00e9ditos duram, como resgatar e quais benef\u00edcios existem. Entre os programas mais conhecidos est\u00e3o os de S\u00e3o Paulo, Rio de Janeiro, Bahia, Paran\u00e1, Pernambuco, Amazonas e v\u00e1rios outros estados.<\/p>\n\n\n\n<h2 class=\"wp-block-heading\">Como aumentar suas chances nos sorteios do CPF na Nota<\/h2>\n\n\n\n<p>Os sorteios ligados ao&nbsp;<strong>CPF na Nota<\/strong>&nbsp;seguem as regras de cada estado, mas alguns h\u00e1bitos simples podem ajudar a melhorar suas chances. Em geral, quanto mais notas voc\u00ea gera com o CPF, maior \u00e9 a quantidade de bilhetes eletr\u00f4nicos acumulados para cada per\u00edodo dos sorteios.<\/p>\n\n\n\n<p>Al\u00e9m de pedir CPF em todas as compras, manter seu cadastro atualizado \u00e9 essencial para conseguir receber os pr\u00eamios e resgatar os cr\u00e9ditos sem dor de cabe\u00e7a. Fique de olho tamb\u00e9m em campanhas especiais, como fim de ano ou datas comemorativas, e consulte sempre o seu extrato de notas para confirmar se todas as compras foram registradas certinho.<\/p>\n\n\n\n<h2 class=\"wp-block-heading\">Como consultar cr\u00e9ditos e proteger seus dados no CPF na Nota<\/h2>\n\n\n\n<p>Normalmente, voc\u00ea consulta o saldo e o extrato do&nbsp;<strong>CPF na Nota<\/strong>&nbsp;pela internet, em sites oficiais ou aplicativos das Secretarias da Fazenda. Para acessar, costuma ser necess\u00e1rio fazer login com CPF e senha, e alguns estados j\u00e1 pedem uma segunda etapa de verifica\u00e7\u00e3o para deixar tudo mais seguro.<\/p>\n\n\n\n<p>Como o programa envolve seus dados pessoais e informa\u00e7\u00f5es sobre dinheiro, \u00e9 fundamental usar apenas canais oficiais e desconfiar de links recebidos por mensagem, e-mail ou redes sociais. Usar senhas fortes, manter o celular e o computador protegidos e nunca passar c\u00f3digos ou senhas para terceiros s\u00e3o atitudes b\u00e1sicas para evitar golpes e garantir que voc\u00ea aproveite todos os benef\u00edcios.<\/p>\n\n\n\n<p>N\u00e3o deixe para depois: a cada compra sem CPF na nota, voc\u00ea pode estar jogando fora dinheiro, pr\u00eamios e vantagens que j\u00e1 s\u00e3o seus por direito. Comece ainda hoje a pedir seu CPF em todas as compras, fa\u00e7a seu cadastro no programa do seu estado e acompanhe seus cr\u00e9ditos. O pr\u00f3ximo pr\u00eamio pode sair justamente daquela compra que voc\u00ea quase deixou passar.<\/p>\n","protected":false},"excerpt":{"rendered":"<p>Voc\u00ea j\u00e1 reparou que, na hora de pagar uma compra, sempre perguntam: \u201cVai CPF na nota?\u201d. Muita gente responde no autom\u00e1tico, sem nem saber que est\u00e1 deixando dinheiro e benef\u00edcios na mesa. O programa&nbsp;CPF na Nota&nbsp;pode render pr\u00eamios, descontos e ainda ajudar a combater a sonega\u00e7\u00e3o de impostos \u2013 e tudo isso com um simples [&hellip;]<\/p>\n","protected":false},"author":11,"featured_media":136073,"comment_status":"open","ping_status":"open","sticky":false,"template":"","format":"standard","meta":{"jnews-multi-image_gallery":[],"jnews_single_post":{"format":"standard"},"jnews_primary_category":[],"jnews_social_meta":[],"jnews_override_counter":[],"footnotes":""},"categories":[28,1],"tags":[848,398,3134,7127,2588,15377],"class_list":["post-136072","post","type-post","status-publish","format-standard","has-post-thumbnail","hentry","category-economia","category-noticias","tag-cpf","tag-cpf-na-nota","tag-cpf-na-nota-fiscal","tag-nota-fiscal-com-cpf","tag-programa-cpf-na-nota","tag-supermercado"],"yoast_head":"<!-- This site is optimized with the Yoast SEO plugin v23.8 - https:\/\/yoast.com\/wordpress\/plugins\/seo\/ -->\n<title>Comunicado urgente para todos que informam o CPF ao fazer compras em supermercados no Brasil - Estado de Minas - Em foco<\/title>\n<meta name=\"description\" content=\"O programa &quot;CPF na Nota&quot; \u00e9 uma iniciativa adotada em diferentes partes do Brasil com a finalidade de estimular a emiss\u00e3o de documentos fiscais.\" \/>\n<meta name=\"robots\" content=\"index, follow, max-snippet:-1, max-image-preview:large, max-video-preview:-1\" \/>\n<link rel=\"canonical\" href=\"https:\/\/www.em.com.br\/emfoco\/2025\/12\/05\/comunicado-urgente-para-todos-que-informam-o-cpf-ao-fazer-compras-em-supermercados-no-brasil\/\" \/>\n<meta property=\"og:locale\" content=\"pt_BR\" \/>\n<meta property=\"og:type\" content=\"article\" \/>\n<meta property=\"og:title\" content=\"Comunicado urgente para todos que informam o CPF ao fazer compras em supermercados no Brasil - Estado de Minas - Em foco\" \/>\n<meta property=\"og:description\" content=\"O programa &quot;CPF na Nota&quot; \u00e9 uma iniciativa adotada em diferentes partes do Brasil com a finalidade de estimular a emiss\u00e3o de documentos fiscais.\" \/>\n<meta property=\"og:url\" content=\"https:\/\/www.em.com.br\/emfoco\/2025\/12\/05\/comunicado-urgente-para-todos-que-informam-o-cpf-ao-fazer-compras-em-supermercados-no-brasil\/\" \/>\n<meta property=\"og:site_name\" content=\"Estado de Minas - Em foco\" \/>\n<meta property=\"article:published_time\" content=\"2025-12-05T14:00:00+00:00\" \/>\n<meta property=\"article:modified_time\" content=\"2025-12-05T13:13:33+00:00\" \/>\n<meta property=\"og:image\" content=\"https:\/\/www.em.com.br\/emfoco\/wp-content\/uploads\/2025\/12\/Gemini_Generated_Image_flmzwgflmzwgflmz-1.png\" \/>\n\t<meta property=\"og:image:width\" content=\"1280\" \/>\n\t<meta property=\"og:image:height\" content=\"720\" \/>\n\t<meta property=\"og:image:type\" content=\"image\/png\" \/>\n<meta name=\"author\" content=\"Andre\u0301 Rangel\u00a0\" \/>\n<meta name=\"twitter:card\" content=\"summary_large_image\" \/>\n<meta name=\"twitter:label1\" content=\"Escrito por\" \/>\n\t<meta name=\"twitter:data1\" content=\"Andre\u0301 Rangel\u00a0\" \/>\n\t<meta name=\"twitter:label2\" content=\"Est. tempo de leitura\" \/>\n\t<meta name=\"twitter:data2\" content=\"6 minutos\" \/>\n<!-- \/ Yoast SEO plugin. -->","yoast_head_json":{"title":"Comunicado urgente para todos que informam o CPF ao fazer compras em supermercados no Brasil - Estado de Minas - Em foco","description":"O programa \"CPF na Nota\" \u00e9 uma iniciativa adotada em diferentes partes do Brasil com a finalidade de estimular a emiss\u00e3o de documentos fiscais.","robots":{"index":"index","follow":"follow","max-snippet":"max-snippet:-1","max-image-preview":"max-image-preview:large","max-video-preview":"max-video-preview:-1"},"canonical":"https:\/\/www.em.com.br\/emfoco\/2025\/12\/05\/comunicado-urgente-para-todos-que-informam-o-cpf-ao-fazer-compras-em-supermercados-no-brasil\/","og_locale":"pt_BR","og_type":"article","og_title":"Comunicado urgente para todos que informam o CPF ao fazer compras em supermercados no Brasil - Estado de Minas - Em foco","og_description":"O programa \"CPF na Nota\" \u00e9 uma iniciativa adotada em diferentes partes do Brasil com a finalidade de estimular a emiss\u00e3o de documentos fiscais.","og_url":"https:\/\/www.em.com.br\/emfoco\/2025\/12\/05\/comunicado-urgente-para-todos-que-informam-o-cpf-ao-fazer-compras-em-supermercados-no-brasil\/","og_site_name":"Estado de Minas - Em foco","article_published_time":"2025-12-05T14:00:00+00:00","article_modified_time":"2025-12-05T13:13:33+00:00","og_image":[{"width":1280,"height":720,"url":"https:\/\/www.em.com.br\/emfoco\/wp-content\/uploads\/2025\/12\/Gemini_Generated_Image_flmzwgflmzwgflmz-1.png","type":"image\/png"}],"author":"Andre\u0301 Rangel\u00a0","twitter_card":"summary_large_image","twitter_misc":{"Escrito por":"Andre\u0301 Rangel\u00a0","Est. tempo de leitura":"6 minutos"},"schema":{"@context":"https:\/\/schema.org","@graph":[{"@type":"WebPage","@id":"https:\/\/www.em.com.br\/emfoco\/2025\/12\/05\/comunicado-urgente-para-todos-que-informam-o-cpf-ao-fazer-compras-em-supermercados-no-brasil\/","url":"https:\/\/www.em.com.br\/emfoco\/2025\/12\/05\/comunicado-urgente-para-todos-que-informam-o-cpf-ao-fazer-compras-em-supermercados-no-brasil\/","name":"Comunicado urgente para todos que informam o CPF ao fazer compras em supermercados no Brasil - Estado de Minas - Em foco","isPartOf":{"@id":"https:\/\/www.em.com.br\/emfoco\/#website"},"primaryImageOfPage":{"@id":"https:\/\/www.em.com.br\/emfoco\/2025\/12\/05\/comunicado-urgente-para-todos-que-informam-o-cpf-ao-fazer-compras-em-supermercados-no-brasil\/#primaryimage"},"image":{"@id":"https:\/\/www.em.com.br\/emfoco\/2025\/12\/05\/comunicado-urgente-para-todos-que-informam-o-cpf-ao-fazer-compras-em-supermercados-no-brasil\/#primaryimage"},"thumbnailUrl":"https:\/\/www.em.com.br\/emfoco\/wp-content\/uploads\/2025\/12\/Gemini_Generated_Image_flmzwgflmzwgflmz-1.png","datePublished":"2025-12-05T14:00:00+00:00","dateModified":"2025-12-05T13:13:33+00:00","author":{"@id":"https:\/\/www.em.com.br\/emfoco\/#\/schema\/person\/60eda09c1fedf0d6891f4cef4b60b8b8"},"description":"O programa \"CPF na Nota\" \u00e9 uma iniciativa adotada em diferentes partes do Brasil com a finalidade de estimular a emiss\u00e3o de documentos fiscais.","breadcrumb":{"@id":"https:\/\/www.em.com.br\/emfoco\/2025\/12\/05\/comunicado-urgente-para-todos-que-informam-o-cpf-ao-fazer-compras-em-supermercados-no-brasil\/#breadcrumb"},"inLanguage":"pt-BR","potentialAction":[{"@type":"ReadAction","target":["https:\/\/www.em.com.br\/emfoco\/2025\/12\/05\/comunicado-urgente-para-todos-que-informam-o-cpf-ao-fazer-compras-em-supermercados-no-brasil\/"]}]},{"@type":"ImageObject","inLanguage":"pt-BR","@id":"https:\/\/www.em.com.br\/emfoco\/2025\/12\/05\/comunicado-urgente-para-todos-que-informam-o-cpf-ao-fazer-compras-em-supermercados-no-brasil\/#primaryimage","url":"https:\/\/www.em.com.br\/emfoco\/wp-content\/uploads\/2025\/12\/Gemini_Generated_Image_flmzwgflmzwgflmz-1.png","contentUrl":"https:\/\/www.em.com.br\/emfoco\/wp-content\/uploads\/2025\/12\/Gemini_Generated_Image_flmzwgflmzwgflmz-1.png","width":1280,"height":720,"caption":"CPF na Nota programa que devolve dinheiro ao consumidor"},{"@type":"BreadcrumbList","@id":"https:\/\/www.em.com.br\/emfoco\/2025\/12\/05\/comunicado-urgente-para-todos-que-informam-o-cpf-ao-fazer-compras-em-supermercados-no-brasil\/#breadcrumb","itemListElement":[{"@type":"ListItem","position":1,"name":"In\u00edcio","item":"https:\/\/www.em.com.br\/emfoco\/"},{"@type":"ListItem","position":2,"name":"Comunicado urgente para todos que informam o CPF ao fazer compras em supermercados no Brasil"}]},{"@type":"WebSite","@id":"https:\/\/www.em.com.br\/emfoco\/#website","url":"https:\/\/www.em.com.br\/emfoco\/","name":"Estado de Minas - Em foco","description":"Acompanhe as \u00faltimas not\u00edcias e fique bem informado sobre tudo o que acontece em Minas Gerais, Brasil e no mundo.","potentialAction":[{"@type":"SearchAction","target":{"@type":"EntryPoint","urlTemplate":"https:\/\/www.em.com.br\/emfoco\/?s={search_term_string}"},"query-input":{"@type":"PropertyValueSpecification","valueRequired":true,"valueName":"search_term_string"}}],"inLanguage":"pt-BR"},{"@type":"Person","@id":"https:\/\/www.em.com.br\/emfoco\/#\/schema\/person\/60eda09c1fedf0d6891f4cef4b60b8b8","name":"Andre\u0301 Rangel\u00a0","image":{"@type":"ImageObject","inLanguage":"pt-BR","@id":"https:\/\/www.em.com.br\/emfoco\/#\/schema\/person\/image\/","url":"https:\/\/secure.gravatar.com\/avatar\/6234dc814c77c8ef6d8bba622c787efc?s=96&d=mm&r=g","contentUrl":"https:\/\/secure.gravatar.com\/avatar\/6234dc814c77c8ef6d8bba622c787efc?s=96&d=mm&r=g","caption":"Andre\u0301 Rangel\u00a0"},"url":"https:\/\/www.em.com.br\/emfoco\/author\/luizmyth\/"}]}},"_links":{"self":[{"href":"https:\/\/www.em.com.br\/emfoco\/wp-json\/wp\/v2\/posts\/136072","targetHints":{"allow":["GET"]}}],"collection":[{"href":"https:\/\/www.em.com.br\/emfoco\/wp-json\/wp\/v2\/posts"}],"about":[{"href":"https:\/\/www.em.com.br\/emfoco\/wp-json\/wp\/v2\/types\/post"}],"author":[{"embeddable":true,"href":"https:\/\/www.em.com.br\/emfoco\/wp-json\/wp\/v2\/users\/11"}],"replies":[{"embeddable":true,"href":"https:\/\/www.em.com.br\/emfoco\/wp-json\/wp\/v2\/comments?post=136072"}],"version-history":[{"count":1,"href":"https:\/\/www.em.com.br\/emfoco\/wp-json\/wp\/v2\/posts\/136072\/revisions"}],"predecessor-version":[{"id":136075,"href":"https:\/\/www.em.com.br\/emfoco\/wp-json\/wp\/v2\/posts\/136072\/revisions\/136075"}],"wp:featuredmedia":[{"embeddable":true,"href":"https:\/\/www.em.com.br\/emfoco\/wp-json\/wp\/v2\/media\/136073"}],"wp:attachment":[{"href":"https:\/\/www.em.com.br\/emfoco\/wp-json\/wp\/v2\/media?parent=136072"}],"wp:term":[{"taxonomy":"category","embeddable":true,"href":"https:\/\/www.em.com.br\/emfoco\/wp-json\/wp\/v2\/categories?post=136072"},{"taxonomy":"post_tag","embeddable":true,"href":"https:\/\/www.em.com.br\/emfoco\/wp-json\/wp\/v2\/tags?post=136072"}],"curies":[{"name":"wp","href":"https:\/\/api.w.org\/{rel}","templated":true}]}}