{"id":1360,"date":"2024-11-25T15:39:24","date_gmt":"2024-11-25T18:39:24","guid":{"rendered":"https:\/\/www.em.com.br\/emfoco\/?p=1360"},"modified":"2024-11-25T15:39:26","modified_gmt":"2024-11-25T18:39:26","slug":"comunicado-para-brasileiros-que-informam-o-cpf-ao-comprar-em-supermercados","status":"publish","type":"post","link":"https:\/\/www.em.com.br\/emfoco\/2024\/11\/25\/comunicado-para-brasileiros-que-informam-o-cpf-ao-comprar-em-supermercados\/","title":{"rendered":"Comunicado para brasileiros que informam o CPF ao comprar em supermercados"},"content":{"rendered":"\n<p>O programa &#8220;CPF na Nota&#8221; tem se destacado em v\u00e1rios estados do Brasil, oferecendo vantagens variadas aos consumidores e auxiliando no combate \u00e0 sonega\u00e7\u00e3o fiscal. Ao solicitar a inclus\u00e3o do CPF nas notas fiscais, os consumidores podem perceber que existem cr\u00e9ditos aguardando por eles. Mas como essa din\u00e2mica funciona e quais s\u00e3o as maneiras de se beneficiar dela?<\/p>\n\n\n\n<p>Introduzido como um mecanismo para incentivar a emiss\u00e3o de notas fiscais, o programa proporciona aos participantes a oportunidade de receber cr\u00e9ditos em dinheiro, participar de sorteios e, em alguns casos, obter descontos em impostos estaduais como o IPVA. Vamos explorar mais a fundo como o &#8220;CPF na Nota&#8221; opera e quais os passos para aproveitar suas vantagens.<\/p>\n\n\n\n<h2 class=\"wp-block-heading\">Como Funciona o Programa CPF na Nota?<\/h2>\n\n\n\n<p>O &#8220;<a href=\"https:\/\/brasil.perfil.com\/economia\/comunicado-para-brasileiros-que-informam-o-cpf-ao-comprar-em-supermercados.phtml\" target=\"_blank\" rel=\"noreferrer noopener\">CPF na Nota<\/a>&#8221; \u00e9 uma estrat\u00e9gia que estimula os consumidores a inserirem seu CPF nas notas fiscais durante as compras. Essa pr\u00e1tica n\u00e3o apenas ajuda a diminuir a sonega\u00e7\u00e3o fiscal, mas tamb\u00e9m garante uma maior transpar\u00eancia nas transa\u00e7\u00f5es comerciais. Com a inclus\u00e3o do CPF, os consumidores acumulam cr\u00e9ditos que podem ser resgatados posteriormente.<\/p>\n\n\n\n<h2 class=\"wp-block-heading\">Quais Benef\u00edcios o CPF na Nota Oferece?<\/h2>\n\n\n\n<p>Incluir o CPF na Nota pode trazer v\u00e1rias vantagens aos consumidores. Entre os principais benef\u00edcios est\u00e3o:<\/p>\n\n\n\n<ul class=\"wp-block-list\">\n<li><strong>Benef\u00edcio financeiro:<\/strong> Uma parte do imposto pago retorna aos consumidores, seja como dinheiro ou como descontos em tributos estaduais.<\/li>\n\n\n\n<li><strong>Sorteios atrativos:<\/strong> Muitos estados realizam sorteios com pr\u00eamios significativos, por vezes alcan\u00e7ando R$ 1 milh\u00e3o.<\/li>\n\n\n\n<li><strong>Transpar\u00eancia fiscal:<\/strong> Auxilia o governo no monitoramento das transa\u00e7\u00f5es comerciais, reduzindo a evas\u00e3o fiscal.<\/li>\n\n\n\n<li><strong>Apoio a causas sociais:<\/strong> Em alguns lugares, os valores podem ser direcionados a institui\u00e7\u00f5es de caridade.<\/li>\n<\/ul>\n\n\n\n<figure class=\"wp-block-image size-large\"><img loading=\"lazy\" decoding=\"async\" width=\"1024\" height=\"576\" src=\"https:\/\/www.em.com.br\/emfoco\/wp-content\/uploads\/2024\/11\/notas-de-real_1732559030175-1024x576.jpg\" alt=\"Cr\u00e9ditos: depositphotos.com \/ rafapress\" class=\"wp-image-1404\" srcset=\"https:\/\/www.em.com.br\/emfoco\/wp-content\/uploads\/2024\/11\/notas-de-real_1732559030175-1024x576.jpg 1024w, https:\/\/www.em.com.br\/emfoco\/wp-content\/uploads\/2024\/11\/notas-de-real_1732559030175-300x169.jpg 300w, https:\/\/www.em.com.br\/emfoco\/wp-content\/uploads\/2024\/11\/notas-de-real_1732559030175-768x432.jpg 768w, https:\/\/www.em.com.br\/emfoco\/wp-content\/uploads\/2024\/11\/notas-de-real_1732559030175-750x422.jpg 750w, https:\/\/www.em.com.br\/emfoco\/wp-content\/uploads\/2024\/11\/notas-de-real_1732559030175-1140x641.jpg 1140w, https:\/\/www.em.com.br\/emfoco\/wp-content\/uploads\/2024\/11\/notas-de-real_1732559030175.jpg 1280w\" sizes=\"auto, (max-width: 1024px) 100vw, 1024px\" \/><figcaption class=\"wp-element-caption\">Cr\u00e9ditos: depositphotos.com \/ rafapress<\/figcaption><\/figure>\n\n\n\n<h2 class=\"wp-block-heading\">Como Consultar Seus Cr\u00e9ditos?<\/h2>\n\n\n\n<p>Para verificar se possui cr\u00e9ditos a receber, \u00e9 necess\u00e1rio acessar a plataforma digital do programa em seu estado. O processo \u00e9 geralmente simples:<\/p>\n\n\n\n<ol class=\"wp-block-list\">\n<li>Visite o portal do programa do seu estado.<\/li>\n\n\n\n<li>Fa\u00e7a o login utilizando seu CPF e senha.<\/li>\n\n\n\n<li>Verifique o saldo dispon\u00edvel e os bilhetes eletr\u00f4nicos para sorteios.<\/li>\n\n\n\n<li>Solicite o resgate, que pode ser transferido para sua conta banc\u00e1ria, utilizado como desconto em impostos ou doado, dependendo das op\u00e7\u00f5es do programa estadual.<\/li>\n<\/ol>\n\n\n\n<h2 class=\"wp-block-heading\">Em Quais Estados o Programa Est\u00e1 Dispon\u00edvel?<\/h2>\n\n\n\n<p>V\u00e1rios estados brasileiros implementaram o programa, cada um com suas peculiaridades:<\/p>\n\n\n\n<ul class=\"wp-block-list\">\n<li><strong>S\u00e3o Paulo:<\/strong> Com a <a href=\"https:\/\/www.em.com.br\/emfoco\/categoria\/economia\/\" target=\"_blank\" rel=\"noreferrer noopener\">Nota Fiscal Paulista<\/a>, os consumidores recebem cr\u00e9ditos em dinheiro, participam de sorteios e podem usar esses cr\u00e9ditos como abatimento no IPVA.<\/li>\n\n\n\n<li><strong>Rio Grande do Sul:<\/strong> A Nota Fiscal Ga\u00facha, al\u00e9m dos sorteios e descontos no IPVA, possibilita a doa\u00e7\u00e3o de partes dos valores acumulados para institui\u00e7\u00f5es de caridade.<\/li>\n\n\n\n<li><strong>Minas Gerais:<\/strong> A Nota Fiscal Mineira permite aos consumidores resgatar cr\u00e9ditos ou utiliz\u00e1-los como dedu\u00e7\u00f5es tribut\u00e1rias.<\/li>\n<\/ul>\n\n\n\n<h2 class=\"wp-block-heading\">Como Aumentar Suas Chances em Sorteios?<\/h2>\n\n\n\n<p>Para maximizar as chances nos sorteios oferecidos por alguns estados, \u00e9 recomend\u00e1vel:<\/p>\n\n\n\n<ul class=\"wp-block-list\">\n<li>Registrar-se no programa do seu estado.<\/li>\n\n\n\n<li>Acompanhar os bilhetes gerados a cada compra.<\/li>\n\n\n\n<li>Ficar atento aos resultados divulgados oficialmente.<\/li>\n<\/ul>\n\n\n\n<h2 class=\"wp-block-heading\">Vantagens Adicionais do Uso do CPF na Nota<\/h2>\n\n\n\n<p>Al\u00e9m de benef\u00edcios financeiros, o uso do CPF na Nota promove uma arrecada\u00e7\u00e3o mais transparente e auxilia no combate \u00e0 sonega\u00e7\u00e3o fiscal. Ademais, colabora para a destina\u00e7\u00e3o de recursos a projetos sociais. Com tantas vantagens, \u00e9 convite para que os consumidores aproveitem as oportunidades proporcionadas pelos programas estaduais.<\/p>\n","protected":false},"excerpt":{"rendered":"<p>O programa &#8220;CPF na Nota&#8221; tem se destacado em v\u00e1rios estados do Brasil, oferecendo vantagens variadas aos consumidores e auxiliando no combate \u00e0 sonega\u00e7\u00e3o fiscal. Ao solicitar a inclus\u00e3o do CPF nas notas fiscais<\/p>\n","protected":false},"author":2,"featured_media":1361,"comment_status":"open","ping_status":"open","sticky":false,"template":"","format":"standard","meta":{"jnews-multi-image_gallery":[],"jnews_single_post":{"format":"standard"},"jnews_primary_category":[],"jnews_social_meta":[],"jnews_override_counter":[],"footnotes":""},"categories":[28],"tags":[942,398,296,941,401],"class_list":["post-1360","post","type-post","status-publish","format-standard","has-post-thumbnail","hentry","category-economia","tag-combate-a-sonegacao","tag-cpf-na-nota","tag-dinheiro","tag-imposto","tag-sorteios"],"yoast_head":"<!-- This site is optimized with the Yoast SEO plugin v23.8 - https:\/\/yoast.com\/wordpress\/plugins\/seo\/ -->\n<title>Comunicado para brasileiros que informam o CPF ao comprar em supermercados - Estado de Minas - Em foco<\/title>\n<meta name=\"description\" content=\"O programa &quot;CPF na Nota&quot; tem se destacado em v\u00e1rios estados do Brasil, oferecendo vantagens variadas aos consumidores e auxiliando no combate \u00e0 sonega\u00e7\u00e3o fiscal. Ao solicitar a inclus\u00e3o do CPF nas notas fiscais\" \/>\n<meta name=\"robots\" content=\"index, follow, max-snippet:-1, max-image-preview:large, max-video-preview:-1\" \/>\n<link rel=\"canonical\" href=\"https:\/\/www.em.com.br\/emfoco\/2024\/11\/25\/comunicado-para-brasileiros-que-informam-o-cpf-ao-comprar-em-supermercados\/\" \/>\n<meta property=\"og:locale\" content=\"pt_BR\" \/>\n<meta property=\"og:type\" content=\"article\" \/>\n<meta property=\"og:title\" content=\"Comunicado para brasileiros que informam o CPF ao comprar em supermercados - Estado de Minas - Em foco\" \/>\n<meta property=\"og:description\" content=\"O programa &quot;CPF na Nota&quot; tem se destacado em v\u00e1rios estados do Brasil, oferecendo vantagens variadas aos consumidores e auxiliando no combate \u00e0 sonega\u00e7\u00e3o fiscal. Ao solicitar a inclus\u00e3o do CPF nas notas fiscais\" \/>\n<meta property=\"og:url\" content=\"https:\/\/www.em.com.br\/emfoco\/2024\/11\/25\/comunicado-para-brasileiros-que-informam-o-cpf-ao-comprar-em-supermercados\/\" \/>\n<meta property=\"og:site_name\" content=\"Estado de Minas - Em foco\" \/>\n<meta property=\"article:published_time\" content=\"2024-11-25T18:39:24+00:00\" \/>\n<meta property=\"article:modified_time\" content=\"2024-11-25T18:39:26+00:00\" \/>\n<meta property=\"og:image\" content=\"https:\/\/www.em.com.br\/emfoco\/wp-content\/uploads\/2024\/11\/264a4243-06b2-4fbd-bc76-1fb74877b7d5.jpeg\" \/>\n\t<meta property=\"og:image:width\" content=\"1280\" \/>\n\t<meta property=\"og:image:height\" content=\"720\" \/>\n\t<meta property=\"og:image:type\" content=\"image\/jpeg\" \/>\n<meta name=\"author\" content=\"Guilherme\" \/>\n<meta name=\"twitter:card\" content=\"summary_large_image\" \/>\n<meta name=\"twitter:label1\" content=\"Escrito por\" \/>\n\t<meta name=\"twitter:data1\" content=\"Guilherme\" \/>\n\t<meta name=\"twitter:label2\" content=\"Est. tempo de leitura\" \/>\n\t<meta name=\"twitter:data2\" content=\"4 minutos\" \/>\n<!-- \/ Yoast SEO plugin. -->","yoast_head_json":{"title":"Comunicado para brasileiros que informam o CPF ao comprar em supermercados - Estado de Minas - Em foco","description":"O programa \"CPF na Nota\" tem se destacado em v\u00e1rios estados do Brasil, oferecendo vantagens variadas aos consumidores e auxiliando no combate \u00e0 sonega\u00e7\u00e3o fiscal. Ao solicitar a inclus\u00e3o do CPF nas notas fiscais","robots":{"index":"index","follow":"follow","max-snippet":"max-snippet:-1","max-image-preview":"max-image-preview:large","max-video-preview":"max-video-preview:-1"},"canonical":"https:\/\/www.em.com.br\/emfoco\/2024\/11\/25\/comunicado-para-brasileiros-que-informam-o-cpf-ao-comprar-em-supermercados\/","og_locale":"pt_BR","og_type":"article","og_title":"Comunicado para brasileiros que informam o CPF ao comprar em supermercados - Estado de Minas - Em foco","og_description":"O programa \"CPF na Nota\" tem se destacado em v\u00e1rios estados do Brasil, oferecendo vantagens variadas aos consumidores e auxiliando no combate \u00e0 sonega\u00e7\u00e3o fiscal. Ao solicitar a inclus\u00e3o do CPF nas notas fiscais","og_url":"https:\/\/www.em.com.br\/emfoco\/2024\/11\/25\/comunicado-para-brasileiros-que-informam-o-cpf-ao-comprar-em-supermercados\/","og_site_name":"Estado de Minas - Em foco","article_published_time":"2024-11-25T18:39:24+00:00","article_modified_time":"2024-11-25T18:39:26+00:00","og_image":[{"width":1280,"height":720,"url":"https:\/\/www.em.com.br\/emfoco\/wp-content\/uploads\/2024\/11\/264a4243-06b2-4fbd-bc76-1fb74877b7d5.jpeg","type":"image\/jpeg"}],"author":"Guilherme","twitter_card":"summary_large_image","twitter_misc":{"Escrito por":"Guilherme","Est. tempo de leitura":"4 minutos"},"schema":{"@context":"https:\/\/schema.org","@graph":[{"@type":"WebPage","@id":"https:\/\/www.em.com.br\/emfoco\/2024\/11\/25\/comunicado-para-brasileiros-que-informam-o-cpf-ao-comprar-em-supermercados\/","url":"https:\/\/www.em.com.br\/emfoco\/2024\/11\/25\/comunicado-para-brasileiros-que-informam-o-cpf-ao-comprar-em-supermercados\/","name":"Comunicado para brasileiros que informam o CPF ao comprar em supermercados - Estado de Minas - Em foco","isPartOf":{"@id":"https:\/\/www.em.com.br\/emfoco\/#website"},"primaryImageOfPage":{"@id":"https:\/\/www.em.com.br\/emfoco\/2024\/11\/25\/comunicado-para-brasileiros-que-informam-o-cpf-ao-comprar-em-supermercados\/#primaryimage"},"image":{"@id":"https:\/\/www.em.com.br\/emfoco\/2024\/11\/25\/comunicado-para-brasileiros-que-informam-o-cpf-ao-comprar-em-supermercados\/#primaryimage"},"thumbnailUrl":"https:\/\/www.em.com.br\/emfoco\/wp-content\/uploads\/2024\/11\/264a4243-06b2-4fbd-bc76-1fb74877b7d5.jpeg","datePublished":"2024-11-25T18:39:24+00:00","dateModified":"2024-11-25T18:39:26+00:00","author":{"@id":"https:\/\/www.em.com.br\/emfoco\/#\/schema\/person\/097c4a57cc4dc96be3b74aaf7185dd84"},"description":"O programa \"CPF na Nota\" tem se destacado em v\u00e1rios estados do Brasil, oferecendo vantagens variadas aos consumidores e auxiliando no combate \u00e0 sonega\u00e7\u00e3o fiscal. Ao solicitar a inclus\u00e3o do CPF nas notas fiscais","breadcrumb":{"@id":"https:\/\/www.em.com.br\/emfoco\/2024\/11\/25\/comunicado-para-brasileiros-que-informam-o-cpf-ao-comprar-em-supermercados\/#breadcrumb"},"inLanguage":"pt-BR","potentialAction":[{"@type":"ReadAction","target":["https:\/\/www.em.com.br\/emfoco\/2024\/11\/25\/comunicado-para-brasileiros-que-informam-o-cpf-ao-comprar-em-supermercados\/"]}]},{"@type":"ImageObject","inLanguage":"pt-BR","@id":"https:\/\/www.em.com.br\/emfoco\/2024\/11\/25\/comunicado-para-brasileiros-que-informam-o-cpf-ao-comprar-em-supermercados\/#primaryimage","url":"https:\/\/www.em.com.br\/emfoco\/wp-content\/uploads\/2024\/11\/264a4243-06b2-4fbd-bc76-1fb74877b7d5.jpeg","contentUrl":"https:\/\/www.em.com.br\/emfoco\/wp-content\/uploads\/2024\/11\/264a4243-06b2-4fbd-bc76-1fb74877b7d5.jpeg","width":1280,"height":720,"caption":"Comunicado para brasileiros que informam o CPF ao comprar em supermercados Cr\u00e9ditos: depositphotos.com \/ joelfotos"},{"@type":"BreadcrumbList","@id":"https:\/\/www.em.com.br\/emfoco\/2024\/11\/25\/comunicado-para-brasileiros-que-informam-o-cpf-ao-comprar-em-supermercados\/#breadcrumb","itemListElement":[{"@type":"ListItem","position":1,"name":"In\u00edcio","item":"https:\/\/www.em.com.br\/emfoco\/"},{"@type":"ListItem","position":2,"name":"Comunicado para brasileiros que informam o CPF ao comprar em supermercados"}]},{"@type":"WebSite","@id":"https:\/\/www.em.com.br\/emfoco\/#website","url":"https:\/\/www.em.com.br\/emfoco\/","name":"Estado de Minas - Em foco","description":"Acompanhe as \u00faltimas not\u00edcias e fique bem informado sobre tudo o que acontece em Minas Gerais, Brasil e no mundo.","potentialAction":[{"@type":"SearchAction","target":{"@type":"EntryPoint","urlTemplate":"https:\/\/www.em.com.br\/emfoco\/?s={search_term_string}"},"query-input":{"@type":"PropertyValueSpecification","valueRequired":true,"valueName":"search_term_string"}}],"inLanguage":"pt-BR"},{"@type":"Person","@id":"https:\/\/www.em.com.br\/emfoco\/#\/schema\/person\/097c4a57cc4dc96be3b74aaf7185dd84","name":"Guilherme","image":{"@type":"ImageObject","inLanguage":"pt-BR","@id":"https:\/\/www.em.com.br\/emfoco\/#\/schema\/person\/image\/","url":"https:\/\/secure.gravatar.com\/avatar\/6a059d20d980bdeb1d1d6b0fa2b4633c?s=96&d=mm&r=g","contentUrl":"https:\/\/secure.gravatar.com\/avatar\/6a059d20d980bdeb1d1d6b0fa2b4633c?s=96&d=mm&r=g","caption":"Guilherme"},"url":"https:\/\/www.em.com.br\/emfoco\/author\/guilhermemyth\/"}]}},"_links":{"self":[{"href":"https:\/\/www.em.com.br\/emfoco\/wp-json\/wp\/v2\/posts\/1360","targetHints":{"allow":["GET"]}}],"collection":[{"href":"https:\/\/www.em.com.br\/emfoco\/wp-json\/wp\/v2\/posts"}],"about":[{"href":"https:\/\/www.em.com.br\/emfoco\/wp-json\/wp\/v2\/types\/post"}],"author":[{"embeddable":true,"href":"https:\/\/www.em.com.br\/emfoco\/wp-json\/wp\/v2\/users\/2"}],"replies":[{"embeddable":true,"href":"https:\/\/www.em.com.br\/emfoco\/wp-json\/wp\/v2\/comments?post=1360"}],"version-history":[{"count":4,"href":"https:\/\/www.em.com.br\/emfoco\/wp-json\/wp\/v2\/posts\/1360\/revisions"}],"predecessor-version":[{"id":1405,"href":"https:\/\/www.em.com.br\/emfoco\/wp-json\/wp\/v2\/posts\/1360\/revisions\/1405"}],"wp:featuredmedia":[{"embeddable":true,"href":"https:\/\/www.em.com.br\/emfoco\/wp-json\/wp\/v2\/media\/1361"}],"wp:attachment":[{"href":"https:\/\/www.em.com.br\/emfoco\/wp-json\/wp\/v2\/media?parent=1360"}],"wp:term":[{"taxonomy":"category","embeddable":true,"href":"https:\/\/www.em.com.br\/emfoco\/wp-json\/wp\/v2\/categories?post=1360"},{"taxonomy":"post_tag","embeddable":true,"href":"https:\/\/www.em.com.br\/emfoco\/wp-json\/wp\/v2\/tags?post=1360"}],"curies":[{"name":"wp","href":"https:\/\/api.w.org\/{rel}","templated":true}]}}