{"id":135962,"date":"2025-12-06T09:35:00","date_gmt":"2025-12-06T12:35:00","guid":{"rendered":"https:\/\/www.em.com.br\/emfoco\/?p=135962"},"modified":"2025-12-04T21:09:09","modified_gmt":"2025-12-05T00:09:09","slug":"risco-de-temporais-cresce-no-sudeste-calor-extremo-segue-em-outras-regioes","status":"publish","type":"post","link":"https:\/\/www.em.com.br\/emfoco\/2025\/12\/06\/risco-de-temporais-cresce-no-sudeste-calor-extremo-segue-em-outras-regioes\/","title":{"rendered":"Risco de temporais cresce no Sudeste; calor extremo segue em outras regi\u00f5es"},"content":{"rendered":"\n<p>Os temporais voltaram a ganhar for\u00e7a no Brasil, principalmente entre Sudeste e Centro-Oeste. A combina\u00e7\u00e3o de calor, umidade elevada e chegada de frente fria cria ambiente favor\u00e1vel a chuva forte, descargas el\u00e9tricas e rajadas de vento, com risco maior entre <strong>Esp\u00edrito Santo<\/strong> e partes de <strong>Minas Gerais<\/strong>.<\/p>\n\n\n\n<h2 class=\"wp-block-heading\">Como ser\u00e3o os temporais nos pr\u00f3ximos dias<\/h2>\n\n\n<div class=\"wp-block-image\">\n<figure class=\"aligncenter size-large\"><img loading=\"lazy\" decoding=\"async\" width=\"1024\" height=\"576\" src=\"https:\/\/www.em.com.br\/emfoco\/wp-content\/uploads\/2025\/12\/imagem_2025-11-22_193540207-e1764615162718-1024x576.png\" alt=\"INMET alerta para dezembro inst\u00e1vel em Minas Gerais com chuva forte e calor\" class=\"wp-image-134151\" srcset=\"https:\/\/www.em.com.br\/emfoco\/wp-content\/uploads\/2025\/12\/imagem_2025-11-22_193540207-e1764615162718-1024x576.png 1024w, https:\/\/www.em.com.br\/emfoco\/wp-content\/uploads\/2025\/12\/imagem_2025-11-22_193540207-e1764615162718-300x169.png 300w, https:\/\/www.em.com.br\/emfoco\/wp-content\/uploads\/2025\/12\/imagem_2025-11-22_193540207-e1764615162718-768x432.png 768w, https:\/\/www.em.com.br\/emfoco\/wp-content\/uploads\/2025\/12\/imagem_2025-11-22_193540207-e1764615162718-750x422.png 750w, https:\/\/www.em.com.br\/emfoco\/wp-content\/uploads\/2025\/12\/imagem_2025-11-22_193540207-e1764615162718-1140x641.png 1140w, https:\/\/www.em.com.br\/emfoco\/wp-content\/uploads\/2025\/12\/imagem_2025-11-22_193540207-e1764615162718.png 1280w\" sizes=\"auto, (max-width: 1024px) 100vw, 1024px\" \/><figcaption class=\"wp-element-caption\">Temporais no Sudeste e calor forte em outras regi\u00f5es<\/figcaption><\/figure><\/div>\n\n\n<p>A instabilidade ocorre devido ao avan\u00e7o de uma frente fria no litoral, que estimula nuvens de grande desenvolvimento vertical. Isso aumenta a chance de chuva volumosa, vento forte, raios e granizo em pontos isolados.<br>A \u00e1rea mais sens\u00edvel fica entre <strong>Esp\u00edrito Santo<\/strong>, norte do <strong>Rio de Janeiro<\/strong> e partes de <strong>Minas<\/strong>, com risco de alagamentos, deslizamentos e transtornos em estradas.<\/p>\n\n\n\n<p>Em trechos de rodovias, podem ocorrer interdi\u00e7\u00f5es por queda de barreira ou ac\u00famulo de \u00e1gua. Por isso, moradores e viajantes devem acompanhar boletins meteorol\u00f3gicos e atualiza\u00e7\u00f5es de tr\u00e2nsito antes de se deslocar.<\/p>\n\n\n\n<h2 class=\"wp-block-heading\">Como varia o tempo nas capitais do pa\u00eds<\/h2>\n\n\n\n<p>As capitais apresentam condi\u00e7\u00f5es muito diferentes entre si. Algumas enfrentam chuva intensa, enquanto outras lidam com sol forte e baixa umidade.<br><strong>S\u00e3o Paulo<\/strong> tem c\u00e9u nublado, m\u00ednima de 17\u00b0C e m\u00e1xima de 24\u00b0C. No Rio, os term\u00f4metros variam de 20\u00b0C a 27\u00b0C, com chance de chuva \u00e0 tarde e \u00e0 noite. No Sul, <strong>Porto Alegre e Florian\u00f3polis<\/strong> seguem com tempo firme.<\/p>\n\n\n\n<p>Leia mais: <a href=\"https:\/\/www.em.com.br\/emfoco\/2025\/12\/04\/inmet-alerta-para-dezembro-instavel-em-minas-gerais-com-chuva-forte-e-calor\/\" target=\"_blank\" rel=\"noreferrer noopener\">INMET alerta para dezembro inst\u00e1vel em Minas Gerais com chuva forte e calor<\/a><\/p>\n\n\n\n<h2 class=\"wp-block-heading\">Onde far\u00e1 mais calor no Brasil<\/h2>\n\n\n\n<p>As temperaturas variam bastante entre as regi\u00f5es, com destaque para o calor do Centro-Oeste, Nordeste e Norte. <strong>Porto Alegre<\/strong> pode marcar 29\u00b0C, enquanto <strong>Florian\u00f3polis <\/strong>fica em torno de 25\u00b0C.<br>J\u00e1 <strong>Campo Grande<\/strong> atinge 31\u00b0C, <strong>Salvador e Recife<\/strong> ficam em 30\u00b0C, Teresina chega a 36\u00b0C e <strong>Manaus <\/strong>alcan\u00e7a 32\u00b0C com umidade elevada.<\/p>\n\n\n\n<p><strong>Tabela simples de temperaturas nas capitais<\/strong>:<\/p>\n\n\n\n<figure class=\"wp-block-table\"><table class=\"has-fixed-layout\"><thead><tr><th>Capital<\/th><th>M\u00ednima<\/th><th>M\u00e1xima<\/th><th>Condi\u00e7\u00e3o predominante<\/th><\/tr><\/thead><tbody><tr><td>S\u00e3o Paulo<\/td><td>17\u00b0C<\/td><td>24\u00b0C<\/td><td>Nublado e chuva isolada<\/td><\/tr><tr><td>Rio de Janeiro<\/td><td>20\u00b0C<\/td><td>27\u00b0C<\/td><td>Chuva \u00e0 tarde e \u00e0 noite<\/td><\/tr><tr><td>Porto Alegre<\/td><td>\u2014<\/td><td>29\u00b0C<\/td><td>Sol e tempo firme<\/td><\/tr><tr><td>Florian\u00f3polis<\/td><td>\u2014<\/td><td>25\u00b0C<\/td><td>Sol com pouca chuva<\/td><\/tr><tr><td>Campo Grande<\/td><td>\u2014<\/td><td>31\u00b0C<\/td><td>Calor intenso<\/td><\/tr><tr><td>Salvador<\/td><td>\u2014<\/td><td>30\u00b0C<\/td><td>Calor e alta umidade<\/td><\/tr><tr><td>Recife<\/td><td>\u2014<\/td><td>30\u00b0C<\/td><td>Calor \u00famido<\/td><\/tr><tr><td>Teresina<\/td><td>\u2014<\/td><td>36\u00b0C<\/td><td>Muito calor e tempo seco<\/td><\/tr><tr><td>Manaus<\/td><td>\u2014<\/td><td>32\u00b0C<\/td><td>Calor e pancadas de chuva<\/td><\/tr><\/tbody><\/table><\/figure>\n\n\n\n<h2 class=\"wp-block-heading\">Quais cuidados ter durante temporais<\/h2>\n\n\n<div class=\"wp-block-image\">\n<figure class=\"aligncenter size-large\"><img loading=\"lazy\" decoding=\"async\" width=\"1024\" height=\"576\" src=\"https:\/\/www.em.com.br\/emfoco\/wp-content\/uploads\/2025\/12\/imagem_2025-11-23_021814889-e1764679589327-1024x576.png\" alt=\"INMET prev\u00ea dezembro com clima inst\u00e1vel; veja como isso impacta transporte, energia e sa\u00fade\" class=\"wp-image-134464\" srcset=\"https:\/\/www.em.com.br\/emfoco\/wp-content\/uploads\/2025\/12\/imagem_2025-11-23_021814889-e1764679589327-1024x576.png 1024w, https:\/\/www.em.com.br\/emfoco\/wp-content\/uploads\/2025\/12\/imagem_2025-11-23_021814889-e1764679589327-300x169.png 300w, https:\/\/www.em.com.br\/emfoco\/wp-content\/uploads\/2025\/12\/imagem_2025-11-23_021814889-e1764679589327-768x432.png 768w, https:\/\/www.em.com.br\/emfoco\/wp-content\/uploads\/2025\/12\/imagem_2025-11-23_021814889-e1764679589327-750x422.png 750w, https:\/\/www.em.com.br\/emfoco\/wp-content\/uploads\/2025\/12\/imagem_2025-11-23_021814889-e1764679589327-1140x641.png 1140w, https:\/\/www.em.com.br\/emfoco\/wp-content\/uploads\/2025\/12\/imagem_2025-11-23_021814889-e1764679589327.png 1280w\" sizes=\"auto, (max-width: 1024px) 100vw, 1024px\" \/><figcaption class=\"wp-element-caption\">Temporais no Sudeste e calor forte em outras regi\u00f5es<\/figcaption><\/figure><\/div>\n\n\n<p>Durante tempo severo, \u00e9 essencial acompanhar alertas da <strong>Defesa Civil<\/strong> e previs\u00f5es atualizadas. Evite \u00e1reas de alagamento e regi\u00f5es de encosta, redobrando aten\u00e7\u00e3o em deslocamentos.<br>Medidas preventivas ajudam a reduzir danos em resid\u00eancias, com\u00e9rcios e vias urbanas.<\/p>\n\n\n\n<p><strong>Cuidados importantes:<\/strong><\/p>\n\n\n\n<ul class=\"wp-block-list\">\n<li>Limpar calhas e bueiros<\/li>\n\n\n\n<li>Desligar eletr\u00f4nicos durante tempestades<\/li>\n\n\n\n<li>Evitar enxurradas a p\u00e9 ou de carro<\/li>\n\n\n\n<li>Manter contatos de emerg\u00eancia acess\u00edveis<\/li>\n<\/ul>\n\n\n\n<p>Em dias secos e quentes, a hidrata\u00e7\u00e3o, o uso de roupas leves e evitar exposi\u00e7\u00e3o ao sol no pico do dia s\u00e3o medidas essenciais, principalmente para crian\u00e7as, idosos e pessoas com doen\u00e7as cr\u00f4nicas.<\/p>\n\n\n\n<p>Leia mais: <a href=\"https:\/\/www.em.com.br\/emfoco\/2025\/12\/04\/tres-cidades-no-interior-de-minas-gerais-que-entram-na-lista-de-melhores-lugares-para-se-viver-no-brasil\/\" target=\"_blank\" rel=\"noreferrer noopener\">Tr\u00eas cidades no interior de Minas Gerais que entram na lista de melhores lugares para se viver no Brasil<\/a><\/p>\n\n\n\n<h2 class=\"wp-block-heading\">Quais s\u00e3o os pontos de aten\u00e7\u00e3o nos mapas de risco<\/h2>\n\n\n\n<p>Mapas de risco utilizam cores como amarelo, laranja e vermelho para indicar gravidade. \u00c1reas vermelhas t\u00eam maior chance de danos estruturais, queda de \u00e1rvores e interrup\u00e7\u00e3o de energia.<br>Entender esses n\u00edveis ajuda a ajustar rotinas e preparar ambientes antes das chuvas mais intensas.<\/p>\n\n\n\n<p><strong>Pontos chave:<\/strong><\/p>\n\n\n\n<ul class=\"wp-block-list\">\n<li>Monitorar atualiza\u00e7\u00f5es ao longo do dia<\/li>\n\n\n\n<li>Entender o n\u00edvel de alerta da regi\u00e3o<\/li>\n\n\n\n<li>Refor\u00e7ar estruturas e proteger documentos importantes<\/li>\n<\/ul>\n\n\n\n<p>Esse acompanhamento melhora o planejamento de moradores e autoridades, especialmente em grandes cidades. Ele tamb\u00e9m orienta o transporte p\u00fablico, escolas e servi\u00e7os essenciais em dias de tempestade.<\/p>\n","protected":false},"excerpt":{"rendered":"<p>Os temporais voltaram a ganhar for\u00e7a no Brasil, principalmente entre Sudeste e Centro-Oeste. A combina\u00e7\u00e3o de calor, umidade elevada e chegada de frente fria cria ambiente favor\u00e1vel a chuva forte, descargas el\u00e9tricas e rajadas de vento, com risco maior entre Esp\u00edrito Santo e partes de Minas Gerais. Como ser\u00e3o os temporais nos pr\u00f3ximos dias A [&hellip;]<\/p>\n","protected":false},"author":20,"featured_media":136003,"comment_status":"open","ping_status":"open","sticky":false,"template":"","format":"standard","meta":{"jnews-multi-image_gallery":[],"jnews_single_post":{"format":"standard"},"jnews_primary_category":[],"jnews_social_meta":[],"jnews_override_counter":[],"footnotes":""},"categories":[30,1],"tags":[10283,152,1192,155],"class_list":["post-135962","post","type-post","status-publish","format-standard","has-post-thumbnail","hentry","category-clima","category-noticias","tag-centro-oeste","tag-clima","tag-sudeste","tag-tempo"],"yoast_head":"<!-- This site is optimized with the Yoast SEO plugin v23.8 - https:\/\/yoast.com\/wordpress\/plugins\/seo\/ -->\n<title>Risco de temporais cresce no Sudeste; calor extremo segue em outras regi\u00f5es - Estado de Minas - Em foco<\/title>\n<meta name=\"description\" content=\"Risco de temporais aumenta no Sudeste enquanto o calor extremo continua em outras regi\u00f5es, exigindo aten\u00e7\u00e3o e cuidados redobrados.\" \/>\n<meta name=\"robots\" content=\"index, follow, max-snippet:-1, max-image-preview:large, max-video-preview:-1\" \/>\n<link rel=\"canonical\" href=\"https:\/\/www.em.com.br\/emfoco\/2025\/12\/06\/risco-de-temporais-cresce-no-sudeste-calor-extremo-segue-em-outras-regioes\/\" \/>\n<meta property=\"og:locale\" content=\"pt_BR\" \/>\n<meta property=\"og:type\" content=\"article\" \/>\n<meta property=\"og:title\" content=\"Risco de temporais cresce no Sudeste; calor extremo segue em outras regi\u00f5es - Estado de Minas - Em foco\" \/>\n<meta property=\"og:description\" content=\"Risco de temporais aumenta no Sudeste enquanto o calor extremo continua em outras regi\u00f5es, exigindo aten\u00e7\u00e3o e cuidados redobrados.\" \/>\n<meta property=\"og:url\" content=\"https:\/\/www.em.com.br\/emfoco\/2025\/12\/06\/risco-de-temporais-cresce-no-sudeste-calor-extremo-segue-em-outras-regioes\/\" \/>\n<meta property=\"og:site_name\" content=\"Estado de Minas - Em foco\" \/>\n<meta property=\"article:published_time\" content=\"2025-12-06T12:35:00+00:00\" \/>\n<meta property=\"article:modified_time\" content=\"2025-12-05T00:09:09+00:00\" \/>\n<meta property=\"og:image\" content=\"https:\/\/www.em.com.br\/emfoco\/wp-content\/uploads\/2025\/12\/imagem_2025-11-24_075750973-e1764893259758.png\" \/>\n\t<meta property=\"og:image:width\" content=\"1280\" \/>\n\t<meta property=\"og:image:height\" content=\"720\" \/>\n\t<meta property=\"og:image:type\" content=\"image\/png\" \/>\n<meta name=\"author\" content=\"Ingrid Diniz\" \/>\n<meta name=\"twitter:card\" content=\"summary_large_image\" \/>\n<meta name=\"twitter:label1\" content=\"Escrito por\" \/>\n\t<meta name=\"twitter:data1\" content=\"Ingrid Diniz\" \/>\n\t<meta name=\"twitter:label2\" content=\"Est. tempo de leitura\" \/>\n\t<meta name=\"twitter:data2\" content=\"4 minutos\" \/>\n<!-- \/ Yoast SEO plugin. -->","yoast_head_json":{"title":"Risco de temporais cresce no Sudeste; calor extremo segue em outras regi\u00f5es - Estado de Minas - Em foco","description":"Risco de temporais aumenta no Sudeste enquanto o calor extremo continua em outras regi\u00f5es, exigindo aten\u00e7\u00e3o e cuidados redobrados.","robots":{"index":"index","follow":"follow","max-snippet":"max-snippet:-1","max-image-preview":"max-image-preview:large","max-video-preview":"max-video-preview:-1"},"canonical":"https:\/\/www.em.com.br\/emfoco\/2025\/12\/06\/risco-de-temporais-cresce-no-sudeste-calor-extremo-segue-em-outras-regioes\/","og_locale":"pt_BR","og_type":"article","og_title":"Risco de temporais cresce no Sudeste; calor extremo segue em outras regi\u00f5es - Estado de Minas - Em foco","og_description":"Risco de temporais aumenta no Sudeste enquanto o calor extremo continua em outras regi\u00f5es, exigindo aten\u00e7\u00e3o e cuidados redobrados.","og_url":"https:\/\/www.em.com.br\/emfoco\/2025\/12\/06\/risco-de-temporais-cresce-no-sudeste-calor-extremo-segue-em-outras-regioes\/","og_site_name":"Estado de Minas - Em foco","article_published_time":"2025-12-06T12:35:00+00:00","article_modified_time":"2025-12-05T00:09:09+00:00","og_image":[{"width":1280,"height":720,"url":"https:\/\/www.em.com.br\/emfoco\/wp-content\/uploads\/2025\/12\/imagem_2025-11-24_075750973-e1764893259758.png","type":"image\/png"}],"author":"Ingrid Diniz","twitter_card":"summary_large_image","twitter_misc":{"Escrito por":"Ingrid Diniz","Est. tempo de leitura":"4 minutos"},"schema":{"@context":"https:\/\/schema.org","@graph":[{"@type":"WebPage","@id":"https:\/\/www.em.com.br\/emfoco\/2025\/12\/06\/risco-de-temporais-cresce-no-sudeste-calor-extremo-segue-em-outras-regioes\/","url":"https:\/\/www.em.com.br\/emfoco\/2025\/12\/06\/risco-de-temporais-cresce-no-sudeste-calor-extremo-segue-em-outras-regioes\/","name":"Risco de temporais cresce no Sudeste; calor extremo segue em outras regi\u00f5es - Estado de Minas - Em foco","isPartOf":{"@id":"https:\/\/www.em.com.br\/emfoco\/#website"},"primaryImageOfPage":{"@id":"https:\/\/www.em.com.br\/emfoco\/2025\/12\/06\/risco-de-temporais-cresce-no-sudeste-calor-extremo-segue-em-outras-regioes\/#primaryimage"},"image":{"@id":"https:\/\/www.em.com.br\/emfoco\/2025\/12\/06\/risco-de-temporais-cresce-no-sudeste-calor-extremo-segue-em-outras-regioes\/#primaryimage"},"thumbnailUrl":"https:\/\/www.em.com.br\/emfoco\/wp-content\/uploads\/2025\/12\/imagem_2025-11-24_075750973-e1764893259758.png","datePublished":"2025-12-06T12:35:00+00:00","dateModified":"2025-12-05T00:09:09+00:00","author":{"@id":"https:\/\/www.em.com.br\/emfoco\/#\/schema\/person\/649e610b4eb8fff87ff394e54fe17b2b"},"description":"Risco de temporais aumenta no Sudeste enquanto o calor extremo continua em outras regi\u00f5es, exigindo aten\u00e7\u00e3o e cuidados redobrados.","breadcrumb":{"@id":"https:\/\/www.em.com.br\/emfoco\/2025\/12\/06\/risco-de-temporais-cresce-no-sudeste-calor-extremo-segue-em-outras-regioes\/#breadcrumb"},"inLanguage":"pt-BR","potentialAction":[{"@type":"ReadAction","target":["https:\/\/www.em.com.br\/emfoco\/2025\/12\/06\/risco-de-temporais-cresce-no-sudeste-calor-extremo-segue-em-outras-regioes\/"]}]},{"@type":"ImageObject","inLanguage":"pt-BR","@id":"https:\/\/www.em.com.br\/emfoco\/2025\/12\/06\/risco-de-temporais-cresce-no-sudeste-calor-extremo-segue-em-outras-regioes\/#primaryimage","url":"https:\/\/www.em.com.br\/emfoco\/wp-content\/uploads\/2025\/12\/imagem_2025-11-24_075750973-e1764893259758.png","contentUrl":"https:\/\/www.em.com.br\/emfoco\/wp-content\/uploads\/2025\/12\/imagem_2025-11-24_075750973-e1764893259758.png","width":1280,"height":720,"caption":"Temporais no Sudeste e calor forte em outras regi\u00f5es"},{"@type":"BreadcrumbList","@id":"https:\/\/www.em.com.br\/emfoco\/2025\/12\/06\/risco-de-temporais-cresce-no-sudeste-calor-extremo-segue-em-outras-regioes\/#breadcrumb","itemListElement":[{"@type":"ListItem","position":1,"name":"In\u00edcio","item":"https:\/\/www.em.com.br\/emfoco\/"},{"@type":"ListItem","position":2,"name":"Risco de temporais cresce no Sudeste; calor extremo segue em outras regi\u00f5es"}]},{"@type":"WebSite","@id":"https:\/\/www.em.com.br\/emfoco\/#website","url":"https:\/\/www.em.com.br\/emfoco\/","name":"Estado de Minas - Em foco","description":"Acompanhe as \u00faltimas not\u00edcias e fique bem informado sobre tudo o que acontece em Minas Gerais, Brasil e no mundo.","potentialAction":[{"@type":"SearchAction","target":{"@type":"EntryPoint","urlTemplate":"https:\/\/www.em.com.br\/emfoco\/?s={search_term_string}"},"query-input":{"@type":"PropertyValueSpecification","valueRequired":true,"valueName":"search_term_string"}}],"inLanguage":"pt-BR"},{"@type":"Person","@id":"https:\/\/www.em.com.br\/emfoco\/#\/schema\/person\/649e610b4eb8fff87ff394e54fe17b2b","name":"Ingrid Diniz","image":{"@type":"ImageObject","inLanguage":"pt-BR","@id":"https:\/\/www.em.com.br\/emfoco\/#\/schema\/person\/image\/","url":"https:\/\/secure.gravatar.com\/avatar\/a3baa1449ec5c39b4c42babc9d4f3951?s=96&d=mm&r=g","contentUrl":"https:\/\/secure.gravatar.com\/avatar\/a3baa1449ec5c39b4c42babc9d4f3951?s=96&d=mm&r=g","caption":"Ingrid Diniz"},"sameAs":["https:\/\/www.em.com.br\/"],"url":"https:\/\/www.em.com.br\/emfoco\/author\/ingridmyth\/"}]}},"_links":{"self":[{"href":"https:\/\/www.em.com.br\/emfoco\/wp-json\/wp\/v2\/posts\/135962","targetHints":{"allow":["GET"]}}],"collection":[{"href":"https:\/\/www.em.com.br\/emfoco\/wp-json\/wp\/v2\/posts"}],"about":[{"href":"https:\/\/www.em.com.br\/emfoco\/wp-json\/wp\/v2\/types\/post"}],"author":[{"embeddable":true,"href":"https:\/\/www.em.com.br\/emfoco\/wp-json\/wp\/v2\/users\/20"}],"replies":[{"embeddable":true,"href":"https:\/\/www.em.com.br\/emfoco\/wp-json\/wp\/v2\/comments?post=135962"}],"version-history":[{"count":1,"href":"https:\/\/www.em.com.br\/emfoco\/wp-json\/wp\/v2\/posts\/135962\/revisions"}],"predecessor-version":[{"id":136004,"href":"https:\/\/www.em.com.br\/emfoco\/wp-json\/wp\/v2\/posts\/135962\/revisions\/136004"}],"wp:featuredmedia":[{"embeddable":true,"href":"https:\/\/www.em.com.br\/emfoco\/wp-json\/wp\/v2\/media\/136003"}],"wp:attachment":[{"href":"https:\/\/www.em.com.br\/emfoco\/wp-json\/wp\/v2\/media?parent=135962"}],"wp:term":[{"taxonomy":"category","embeddable":true,"href":"https:\/\/www.em.com.br\/emfoco\/wp-json\/wp\/v2\/categories?post=135962"},{"taxonomy":"post_tag","embeddable":true,"href":"https:\/\/www.em.com.br\/emfoco\/wp-json\/wp\/v2\/tags?post=135962"}],"curies":[{"name":"wp","href":"https:\/\/api.w.org\/{rel}","templated":true}]}}