{"id":135961,"date":"2025-12-06T07:15:00","date_gmt":"2025-12-06T10:15:00","guid":{"rendered":"https:\/\/www.em.com.br\/emfoco\/?p=135961"},"modified":"2025-12-04T20:35:48","modified_gmt":"2025-12-04T23:35:48","slug":"como-atualizar-o-cadastro-unico-mesmo-sem-acesso-ao-aplicativo","status":"publish","type":"post","link":"https:\/\/www.em.com.br\/emfoco\/2025\/12\/06\/como-atualizar-o-cadastro-unico-mesmo-sem-acesso-ao-aplicativo\/","title":{"rendered":"Como atualizar o Cadastro \u00danico mesmo sem acesso ao aplicativo"},"content":{"rendered":"\n<p>Manter o <strong>Cadastro \u00danico<\/strong> atualizado \u00e9 uma exig\u00eancia para fam\u00edlias que recebem benef\u00edcios sociais do governo federal, como <strong>Bolsa Fam\u00edlia, Tarifa Social de Energia El\u00e9trica e Benef\u00edcio de Presta\u00e7\u00e3o Continuada<\/strong>. Mesmo sem acesso ao aplicativo oficial, \u00e9 poss\u00edvel fazer a atualiza\u00e7\u00e3o dos dados por outros caminhos, desde que algumas orienta\u00e7\u00f5es b\u00e1sicas sejam seguidas e a fam\u00edlia esteja atenta aos prazos.<\/p>\n\n\n\n<h2 class=\"wp-block-heading\">O que \u00e9 o Cadastro \u00danico?<\/h2>\n\n\n<div class=\"wp-block-image\">\n<figure class=\"aligncenter size-large\"><img loading=\"lazy\" decoding=\"async\" width=\"1024\" height=\"576\" src=\"https:\/\/www.em.com.br\/emfoco\/wp-content\/uploads\/2025\/07\/documentos_1753313365287-1024x576.jpg\" alt=\"Clima inst\u00e1vel pode definir se a tarifa de energia ficar\u00e1 mais barata\" class=\"wp-image-80574\" srcset=\"https:\/\/www.em.com.br\/emfoco\/wp-content\/uploads\/2025\/07\/documentos_1753313365287-1024x576.jpg 1024w, https:\/\/www.em.com.br\/emfoco\/wp-content\/uploads\/2025\/07\/documentos_1753313365287-300x169.jpg 300w, https:\/\/www.em.com.br\/emfoco\/wp-content\/uploads\/2025\/07\/documentos_1753313365287-768x432.jpg 768w, https:\/\/www.em.com.br\/emfoco\/wp-content\/uploads\/2025\/07\/documentos_1753313365287-750x422.jpg 750w, https:\/\/www.em.com.br\/emfoco\/wp-content\/uploads\/2025\/07\/documentos_1753313365287-1140x641.jpg 1140w, https:\/\/www.em.com.br\/emfoco\/wp-content\/uploads\/2025\/07\/documentos_1753313365287.jpg 1280w\" sizes=\"auto, (max-width: 1024px) 100vw, 1024px\" \/><figcaption class=\"wp-element-caption\">Atualiza\u00e7\u00e3o do Cad\u00danico sem app &#8211; Cr\u00e9ditos: depositphotos.com \/ gpointstudio<\/figcaption><\/figure><\/div>\n\n\n<p>O <strong>Cadastro \u00danico<\/strong> \u00e9 um registro mantido pelo governo federal que re\u00fane informa\u00e7\u00f5es sobre fam\u00edlias de baixa renda em todo o pa\u00eds. Com base nesses dados, diferentes programas sociais identificam quem tem direito aos benef\u00edcios e calculam valores de forma adequada.<\/p>\n\n\n\n<p>A atualiza\u00e7\u00e3o \u00e9 necess\u00e1ria sempre que houver mudan\u00e7as importantes, como nascimento ou sa\u00edda de um morador, mudan\u00e7a de endere\u00e7o, altera\u00e7\u00e3o de renda, troca de escola ou estado civil. Mesmo sem altera\u00e7\u00f5es, recomenda-se revisar os dados pelo menos a cada dois anos para evitar bloqueios indevidos. Em alguns casos, o pr\u00f3prio munic\u00edpio pode convocar fam\u00edlias para revis\u00e3o cadastral em datas espec\u00edficas, o que tamb\u00e9m deve ser respeitado para n\u00e3o perder benef\u00edcios.<\/p>\n\n\n\n<h2 class=\"wp-block-heading\">Como atualizar sem o app?<\/h2>\n\n\n\n<p>Quem n\u00e3o consegue acessar o aplicativo do <strong>Cadastro \u00danico<\/strong>, seja por falta de celular compat\u00edvel, internet ou dificuldades de uso, pode fazer a atualiza\u00e7\u00e3o por meio do atendimento presencial. Em muitos munic\u00edpios, essa ainda \u00e9 a principal forma de manter o cadastro em dia.<\/p>\n\n\n\n<p>De forma geral, o procedimento costuma seguir estes passos b\u00e1sicos, que podem variar levemente conforme o munic\u00edpio:<\/p>\n\n\n\n<ul class=\"wp-block-list\">\n<li>Identificar o respons\u00e1vel familiar j\u00e1 cadastrado no sistema;<\/li>\n\n\n\n<li>Separar documentos obrigat\u00f3rios de todos os moradores;<\/li>\n\n\n\n<li>Localizar o posto de atendimento do <strong>Cadastro \u00danico<\/strong> ou do <strong>CRAS <\/strong>mais pr\u00f3ximo;<\/li>\n\n\n\n<li>Verificar se \u00e9 necess\u00e1rio agendar hor\u00e1rio;<\/li>\n\n\n\n<li>Comparecer ao local para entrevista e atualiza\u00e7\u00e3o dos dados.<\/li>\n<\/ul>\n\n\n\n<p>Em alguns locais, h\u00e1 ainda atendimento itinerante, realizado em escolas, associa\u00e7\u00f5es de bairro ou unidades de sa\u00fade em datas definidas pela prefeitura, o que facilita o acesso de fam\u00edlias que moram em \u00e1reas rurais ou distantes do centro.<\/p>\n\n\n\n<h2 class=\"wp-block-heading\">Quais documentos levar?<\/h2>\n\n\n\n<p>Para manter o <strong>Cad\u00danico <\/strong>atualizado, geralmente \u00e9 exigida a presen\u00e7a do respons\u00e1vel pela fam\u00edlia, com pelo menos 16 anos, preferencialmente mulher, portando CPF ou t\u00edtulo de eleitor. Os demais membros tamb\u00e9m devem ter seus documentos apresentados, mesmo que n\u00e3o compare\u00e7am ao local.<\/p>\n\n\n\n<p>Al\u00e9m dos documentos pessoais, \u00e9 importante levar comprovantes de endere\u00e7o e, sempre que poss\u00edvel, de renda, pois essas informa\u00e7\u00f5es ajudam na an\u00e1lise dos programas sociais. Quando faltar algum documento, o servidor poder\u00e1 orientar sobre prazos e formas de complementar os dados.<\/p>\n\n\n\n<ul class=\"wp-block-list\">\n<li><strong>Respons\u00e1vel familiar:<\/strong> CPF ou t\u00edtulo de eleitor e, quando poss\u00edvel, documento com foto;<\/li>\n\n\n\n<li><strong>Demais moradores:<\/strong> CPF, certid\u00e3o de nascimento ou casamento, RG, carteira de trabalho ou outro documento oficial;<\/li>\n\n\n\n<li><strong>Comprovante de resid\u00eancia:<\/strong> conta recente de luz, \u00e1gua ou outro documento que comprove o endere\u00e7o;<\/li>\n\n\n\n<li><strong>Comprova\u00e7\u00e3o de renda:<\/strong> contracheques, extratos, declara\u00e7\u00f5es de trabalho informal ou outros registros dispon\u00edveis.<\/li>\n<\/ul>\n\n\n\n<p>Em casos de fam\u00edlias em situa\u00e7\u00e3o de rua ou em moradias informais, o comprovante de endere\u00e7o pode ser substitu\u00eddo por declara\u00e7\u00e3o emitida pelo servi\u00e7o socioassistencial ou por entidades parceiras, seguindo as orienta\u00e7\u00f5es do munic\u00edpio.<\/p>\n\n\n\n<p>Leia mais: <a href=\"https:\/\/www.em.com.br\/emfoco\/2025\/11\/25\/tarifa-social-exige-o-cadunico-para-zerar-o-seu-gasto-com-a-conta-de-agua\/\" target=\"_blank\" rel=\"noreferrer noopener\">Tarifa Social exige o Cad\u00danico para zerar o seu gasto com a conta de \u00e1gua<\/a><\/p>\n\n\n\n<h2 class=\"wp-block-heading\">Onde \u00e9 feito o atendimento?<\/h2>\n\n\n\n<p>O atendimento para atualiza\u00e7\u00e3o do <strong>Cadastro \u00danico<\/strong> costuma ser realizado em locais administrativos mantidos pelas prefeituras. Em geral, o registro \u00e9 feito nos <strong>Centros de Refer\u00eancia de Assist\u00eancia Social<\/strong> (CRAS) ou em setores espec\u00edficos de cadastro, ligados \u00e0 secretaria municipal de assist\u00eancia social.<\/p>\n\n\n\n<p>Para encontrar o endere\u00e7o e as formas de atendimento, a fam\u00edlia pode utilizar diferentes canais oficiais do munic\u00edpio ou dos programas sociais que recebe, sempre confirmando hor\u00e1rios e necessidade de agendamento.<\/p>\n\n\n\n<p>Algumas prefeituras tamb\u00e9m divulgam essas informa\u00e7\u00f5es em r\u00e1dios comunit\u00e1rias, sites oficiais, redes sociais e cartazes em postos de sa\u00fade e escolas, facilitando que as fam\u00edlias saibam onde e quando procurar atendimento.<\/p>\n\n\n\n<h2 class=\"wp-block-heading\">Quando preciso atualizar?<\/h2>\n\n\n<div class=\"wp-block-image\">\n<figure class=\"aligncenter size-large\"><img loading=\"lazy\" decoding=\"async\" width=\"1024\" height=\"576\" src=\"https:\/\/www.em.com.br\/emfoco\/wp-content\/uploads\/2025\/06\/bolsa-familia_1748976702558-1024x576.jpg\" alt=\"Governo divulga calend\u00e1rio do Bolsa Fam\u00edlia, veja quem recebe primeiro em dezembro\" class=\"wp-image-54997\" srcset=\"https:\/\/www.em.com.br\/emfoco\/wp-content\/uploads\/2025\/06\/bolsa-familia_1748976702558-1024x576.jpg 1024w, https:\/\/www.em.com.br\/emfoco\/wp-content\/uploads\/2025\/06\/bolsa-familia_1748976702558-300x169.jpg 300w, https:\/\/www.em.com.br\/emfoco\/wp-content\/uploads\/2025\/06\/bolsa-familia_1748976702558-768x432.jpg 768w, https:\/\/www.em.com.br\/emfoco\/wp-content\/uploads\/2025\/06\/bolsa-familia_1748976702558-750x422.jpg 750w, https:\/\/www.em.com.br\/emfoco\/wp-content\/uploads\/2025\/06\/bolsa-familia_1748976702558-1140x641.jpg 1140w, https:\/\/www.em.com.br\/emfoco\/wp-content\/uploads\/2025\/06\/bolsa-familia_1748976702558.jpg 1280w\" sizes=\"auto, (max-width: 1024px) 100vw, 1024px\" \/><figcaption class=\"wp-element-caption\">Atualiza\u00e7\u00e3o do Cad\u00danico sem app &#8211; Cr\u00e9ditos: depositphotos.com \/ Photografeus<\/figcaption><\/figure><\/div>\n\n\n<p>Mesmo sem o aplicativo, h\u00e1 sinais claros de que o cadastro pode estar desatualizado. Programas como o <strong>Bolsa Fam\u00edlia<\/strong> costumam enviar avisos no extrato de pagamento, no comprovante impresso ou em comunicados oficiais quando identificam necessidade de revis\u00e3o.<\/p>\n\n\n\n<p>Situa\u00e7\u00f5es como bloqueio tempor\u00e1rio, mudan\u00e7a recente na composi\u00e7\u00e3o familiar ou mais de dois anos sem recadastro indicam que \u00e9 hora de procurar o <strong>CRAS <\/strong>ou setor do <strong>Cadastro \u00danico<\/strong>. Nessas situa\u00e7\u00f5es, a regulariza\u00e7\u00e3o r\u00e1pida evita suspens\u00e3o ou cancelamento definitivo de benef\u00edcios. Sempre que houver qualquer altera\u00e7\u00e3o importante na vida da fam\u00edlia, o ideal \u00e9 n\u00e3o esperar a convoca\u00e7\u00e3o: procurar o atendimento o quanto antes reduz o risco de atrasos nos pagamentos.<\/p>\n\n\n\n<p>Leia mais: <a href=\"https:\/\/www.em.com.br\/emfoco\/2025\/12\/02\/celular-facilita-a-atualizacao-do-cadunico-sem-ir-ao-cras\/\" target=\"_blank\" rel=\"noreferrer noopener\">Celular facilita a atualiza\u00e7\u00e3o do Cad\u00danico sem ir ao CRAS<\/a><\/p>\n\n\n\n<h2 class=\"wp-block-heading\">Que cuidados devo ter?<\/h2>\n\n\n\n<p>Ao atualizar o <strong><a href=\"https:\/\/www.gov.br\/pt-br\/servicos\/consultar-dados-do-cadastro-unico-cadunico\" target=\"_blank\" rel=\"noreferrer noopener\">Cadastro \u00danico<\/a><\/strong> presencialmente ou por outros canais, \u00e9 fundamental garantir que as informa\u00e7\u00f5es sejam verdadeiras e coerentes. Dados incorretos podem gerar an\u00e1lises adicionais, pedidos de comprova\u00e7\u00e3o e at\u00e9 suspens\u00e3o tempor\u00e1ria de benef\u00edcios.<\/p>\n\n\n\n<p>Alguns cuidados simples ajudam a tornar o processo mais r\u00e1pido e seguro, al\u00e9m de reduzir o risco de erros no sistema:<\/p>\n\n\n\n<ul class=\"wp-block-list\">\n<li>Levar todos os documentos dispon\u00edveis, mesmo que n\u00e3o sejam exigidos em todos os casos;<\/li>\n\n\n\n<li>Informar com clareza a renda de todas as fontes, inclusive trabalhos informais e tempor\u00e1rios;<\/li>\n\n\n\n<li>Atualizar telefones de contato, endere\u00e7o completo e pontos de refer\u00eancia para visita domiciliar;<\/li>\n\n\n\n<li>Guardar protocolos, comprovantes de atendimento e formul\u00e1rios recebidos no posto;<\/li>\n\n\n\n<li>Consultar periodicamente o setor respons\u00e1vel em caso de d\u00favidas sobre a situa\u00e7\u00e3o do cadastro.<\/li>\n<\/ul>\n\n\n\n<p>Tamb\u00e9m \u00e9 importante informar sempre que algum morador come\u00e7ar ou parar de receber benef\u00edcios previdenci\u00e1rios, pens\u00f5es, aux\u00edlios tempor\u00e1rios ou qualquer outro rendimento, pois isso pode alterar o enquadramento da fam\u00edlia nos programas sociais.<\/p>\n","protected":false},"excerpt":{"rendered":"<p>Manter o Cadastro \u00danico atualizado \u00e9 uma exig\u00eancia para fam\u00edlias que recebem benef\u00edcios sociais do governo federal, como Bolsa Fam\u00edlia, Tarifa Social de Energia El\u00e9trica e Benef\u00edcio de Presta\u00e7\u00e3o Continuada. Mesmo sem acesso ao aplicativo oficial, \u00e9 poss\u00edvel fazer a atualiza\u00e7\u00e3o dos dados por outros caminhos, desde que algumas orienta\u00e7\u00f5es b\u00e1sicas sejam seguidas e a [&hellip;]<\/p>\n","protected":false},"author":20,"featured_media":135134,"comment_status":"open","ping_status":"open","sticky":false,"template":"","format":"standard","meta":{"jnews-multi-image_gallery":[],"jnews_single_post":{"format":"standard"},"jnews_primary_category":[],"jnews_social_meta":[],"jnews_override_counter":[],"footnotes":""},"categories":[28,1],"tags":[255,256,12081],"class_list":["post-135961","post","type-post","status-publish","format-standard","has-post-thumbnail","hentry","category-economia","category-noticias","tag-aplicativo","tag-beneficios","tag-cadastro-unico-2"],"yoast_head":"<!-- This site is optimized with the Yoast SEO plugin v23.8 - https:\/\/yoast.com\/wordpress\/plugins\/seo\/ -->\n<title>Como atualizar o Cadastro \u00danico mesmo sem acesso ao aplicativo - Estado de Minas - Em foco<\/title>\n<meta name=\"description\" content=\"Como atualizar o Cadastro \u00danico sem usar o aplicativo seguindo caminhos alternativos para manter seus dados corretos evitar perder o benef\u00edcio.\" \/>\n<meta name=\"robots\" content=\"index, follow, max-snippet:-1, max-image-preview:large, max-video-preview:-1\" \/>\n<link rel=\"canonical\" href=\"https:\/\/www.em.com.br\/emfoco\/2025\/12\/06\/como-atualizar-o-cadastro-unico-mesmo-sem-acesso-ao-aplicativo\/\" \/>\n<meta property=\"og:locale\" content=\"pt_BR\" \/>\n<meta property=\"og:type\" content=\"article\" \/>\n<meta property=\"og:title\" content=\"Como atualizar o Cadastro \u00danico mesmo sem acesso ao aplicativo - Estado de Minas - Em foco\" \/>\n<meta property=\"og:description\" content=\"Como atualizar o Cadastro \u00danico sem usar o aplicativo seguindo caminhos alternativos para manter seus dados corretos evitar perder o benef\u00edcio.\" \/>\n<meta property=\"og:url\" content=\"https:\/\/www.em.com.br\/emfoco\/2025\/12\/06\/como-atualizar-o-cadastro-unico-mesmo-sem-acesso-ao-aplicativo\/\" \/>\n<meta property=\"og:site_name\" content=\"Estado de Minas - Em foco\" \/>\n<meta property=\"article:published_time\" content=\"2025-12-06T10:15:00+00:00\" \/>\n<meta property=\"article:modified_time\" content=\"2025-12-04T23:35:48+00:00\" \/>\n<meta property=\"og:image\" content=\"https:\/\/www.em.com.br\/emfoco\/wp-content\/uploads\/2025\/12\/imagem_2025-11-23_151613189-e1764783014314.png\" \/>\n\t<meta property=\"og:image:width\" content=\"1280\" \/>\n\t<meta property=\"og:image:height\" content=\"720\" \/>\n\t<meta property=\"og:image:type\" content=\"image\/png\" \/>\n<meta name=\"author\" content=\"Ingrid Diniz\" \/>\n<meta name=\"twitter:card\" content=\"summary_large_image\" \/>\n<meta name=\"twitter:label1\" content=\"Escrito por\" \/>\n\t<meta name=\"twitter:data1\" content=\"Ingrid Diniz\" \/>\n\t<meta name=\"twitter:label2\" content=\"Est. tempo de leitura\" \/>\n\t<meta name=\"twitter:data2\" content=\"6 minutos\" \/>\n<!-- \/ Yoast SEO plugin. -->","yoast_head_json":{"title":"Como atualizar o Cadastro \u00danico mesmo sem acesso ao aplicativo - Estado de Minas - Em foco","description":"Como atualizar o Cadastro \u00danico sem usar o aplicativo seguindo caminhos alternativos para manter seus dados corretos evitar perder o benef\u00edcio.","robots":{"index":"index","follow":"follow","max-snippet":"max-snippet:-1","max-image-preview":"max-image-preview:large","max-video-preview":"max-video-preview:-1"},"canonical":"https:\/\/www.em.com.br\/emfoco\/2025\/12\/06\/como-atualizar-o-cadastro-unico-mesmo-sem-acesso-ao-aplicativo\/","og_locale":"pt_BR","og_type":"article","og_title":"Como atualizar o Cadastro \u00danico mesmo sem acesso ao aplicativo - Estado de Minas - Em foco","og_description":"Como atualizar o Cadastro \u00danico sem usar o aplicativo seguindo caminhos alternativos para manter seus dados corretos evitar perder o benef\u00edcio.","og_url":"https:\/\/www.em.com.br\/emfoco\/2025\/12\/06\/como-atualizar-o-cadastro-unico-mesmo-sem-acesso-ao-aplicativo\/","og_site_name":"Estado de Minas - Em foco","article_published_time":"2025-12-06T10:15:00+00:00","article_modified_time":"2025-12-04T23:35:48+00:00","og_image":[{"width":1280,"height":720,"url":"https:\/\/www.em.com.br\/emfoco\/wp-content\/uploads\/2025\/12\/imagem_2025-11-23_151613189-e1764783014314.png","type":"image\/png"}],"author":"Ingrid Diniz","twitter_card":"summary_large_image","twitter_misc":{"Escrito por":"Ingrid Diniz","Est. tempo de leitura":"6 minutos"},"schema":{"@context":"https:\/\/schema.org","@graph":[{"@type":"WebPage","@id":"https:\/\/www.em.com.br\/emfoco\/2025\/12\/06\/como-atualizar-o-cadastro-unico-mesmo-sem-acesso-ao-aplicativo\/","url":"https:\/\/www.em.com.br\/emfoco\/2025\/12\/06\/como-atualizar-o-cadastro-unico-mesmo-sem-acesso-ao-aplicativo\/","name":"Como atualizar o Cadastro \u00danico mesmo sem acesso ao aplicativo - Estado de Minas - Em foco","isPartOf":{"@id":"https:\/\/www.em.com.br\/emfoco\/#website"},"primaryImageOfPage":{"@id":"https:\/\/www.em.com.br\/emfoco\/2025\/12\/06\/como-atualizar-o-cadastro-unico-mesmo-sem-acesso-ao-aplicativo\/#primaryimage"},"image":{"@id":"https:\/\/www.em.com.br\/emfoco\/2025\/12\/06\/como-atualizar-o-cadastro-unico-mesmo-sem-acesso-ao-aplicativo\/#primaryimage"},"thumbnailUrl":"https:\/\/www.em.com.br\/emfoco\/wp-content\/uploads\/2025\/12\/imagem_2025-11-23_151613189-e1764783014314.png","datePublished":"2025-12-06T10:15:00+00:00","dateModified":"2025-12-04T23:35:48+00:00","author":{"@id":"https:\/\/www.em.com.br\/emfoco\/#\/schema\/person\/649e610b4eb8fff87ff394e54fe17b2b"},"description":"Como atualizar o Cadastro \u00danico sem usar o aplicativo seguindo caminhos alternativos para manter seus dados corretos evitar perder o benef\u00edcio.","breadcrumb":{"@id":"https:\/\/www.em.com.br\/emfoco\/2025\/12\/06\/como-atualizar-o-cadastro-unico-mesmo-sem-acesso-ao-aplicativo\/#breadcrumb"},"inLanguage":"pt-BR","potentialAction":[{"@type":"ReadAction","target":["https:\/\/www.em.com.br\/emfoco\/2025\/12\/06\/como-atualizar-o-cadastro-unico-mesmo-sem-acesso-ao-aplicativo\/"]}]},{"@type":"ImageObject","inLanguage":"pt-BR","@id":"https:\/\/www.em.com.br\/emfoco\/2025\/12\/06\/como-atualizar-o-cadastro-unico-mesmo-sem-acesso-ao-aplicativo\/#primaryimage","url":"https:\/\/www.em.com.br\/emfoco\/wp-content\/uploads\/2025\/12\/imagem_2025-11-23_151613189-e1764783014314.png","contentUrl":"https:\/\/www.em.com.br\/emfoco\/wp-content\/uploads\/2025\/12\/imagem_2025-11-23_151613189-e1764783014314.png","width":1280,"height":720,"caption":"O que muda no BPC e por que erros bloqueiam o acesso"},{"@type":"BreadcrumbList","@id":"https:\/\/www.em.com.br\/emfoco\/2025\/12\/06\/como-atualizar-o-cadastro-unico-mesmo-sem-acesso-ao-aplicativo\/#breadcrumb","itemListElement":[{"@type":"ListItem","position":1,"name":"In\u00edcio","item":"https:\/\/www.em.com.br\/emfoco\/"},{"@type":"ListItem","position":2,"name":"Como atualizar o Cadastro \u00danico mesmo sem acesso ao aplicativo"}]},{"@type":"WebSite","@id":"https:\/\/www.em.com.br\/emfoco\/#website","url":"https:\/\/www.em.com.br\/emfoco\/","name":"Estado de Minas - Em foco","description":"Acompanhe as \u00faltimas not\u00edcias e fique bem informado sobre tudo o que acontece em Minas Gerais, Brasil e no mundo.","potentialAction":[{"@type":"SearchAction","target":{"@type":"EntryPoint","urlTemplate":"https:\/\/www.em.com.br\/emfoco\/?s={search_term_string}"},"query-input":{"@type":"PropertyValueSpecification","valueRequired":true,"valueName":"search_term_string"}}],"inLanguage":"pt-BR"},{"@type":"Person","@id":"https:\/\/www.em.com.br\/emfoco\/#\/schema\/person\/649e610b4eb8fff87ff394e54fe17b2b","name":"Ingrid Diniz","image":{"@type":"ImageObject","inLanguage":"pt-BR","@id":"https:\/\/www.em.com.br\/emfoco\/#\/schema\/person\/image\/","url":"https:\/\/secure.gravatar.com\/avatar\/a3baa1449ec5c39b4c42babc9d4f3951?s=96&d=mm&r=g","contentUrl":"https:\/\/secure.gravatar.com\/avatar\/a3baa1449ec5c39b4c42babc9d4f3951?s=96&d=mm&r=g","caption":"Ingrid Diniz"},"sameAs":["https:\/\/www.em.com.br\/"],"url":"https:\/\/www.em.com.br\/emfoco\/author\/ingridmyth\/"}]}},"_links":{"self":[{"href":"https:\/\/www.em.com.br\/emfoco\/wp-json\/wp\/v2\/posts\/135961","targetHints":{"allow":["GET"]}}],"collection":[{"href":"https:\/\/www.em.com.br\/emfoco\/wp-json\/wp\/v2\/posts"}],"about":[{"href":"https:\/\/www.em.com.br\/emfoco\/wp-json\/wp\/v2\/types\/post"}],"author":[{"embeddable":true,"href":"https:\/\/www.em.com.br\/emfoco\/wp-json\/wp\/v2\/users\/20"}],"replies":[{"embeddable":true,"href":"https:\/\/www.em.com.br\/emfoco\/wp-json\/wp\/v2\/comments?post=135961"}],"version-history":[{"count":1,"href":"https:\/\/www.em.com.br\/emfoco\/wp-json\/wp\/v2\/posts\/135961\/revisions"}],"predecessor-version":[{"id":136002,"href":"https:\/\/www.em.com.br\/emfoco\/wp-json\/wp\/v2\/posts\/135961\/revisions\/136002"}],"wp:featuredmedia":[{"embeddable":true,"href":"https:\/\/www.em.com.br\/emfoco\/wp-json\/wp\/v2\/media\/135134"}],"wp:attachment":[{"href":"https:\/\/www.em.com.br\/emfoco\/wp-json\/wp\/v2\/media?parent=135961"}],"wp:term":[{"taxonomy":"category","embeddable":true,"href":"https:\/\/www.em.com.br\/emfoco\/wp-json\/wp\/v2\/categories?post=135961"},{"taxonomy":"post_tag","embeddable":true,"href":"https:\/\/www.em.com.br\/emfoco\/wp-json\/wp\/v2\/tags?post=135961"}],"curies":[{"name":"wp","href":"https:\/\/api.w.org\/{rel}","templated":true}]}}