{"id":135930,"date":"2025-12-07T21:45:00","date_gmt":"2025-12-08T00:45:00","guid":{"rendered":"https:\/\/www.em.com.br\/emfoco\/?p=135930"},"modified":"2025-12-04T19:15:43","modified_gmt":"2025-12-04T22:15:43","slug":"como-planejar-o-mes-sem-se-afogar-em-metas-nem-sentir-culpa-por-descansar","status":"publish","type":"post","link":"https:\/\/www.em.com.br\/emfoco\/2025\/12\/07\/como-planejar-o-mes-sem-se-afogar-em-metas-nem-sentir-culpa-por-descansar\/","title":{"rendered":"Como planejar o m\u00eas sem se afogar em metas nem sentir culpa por descansar"},"content":{"rendered":"\n<p>Muita gente come\u00e7a o m\u00eas com listas e metas achando que est\u00e1 se organizando, mas acaba criando ainda mais press\u00e3o. O planejamento deveria trazer <strong>clareza e tranquilidade<\/strong>, n\u00e3o cobran\u00e7a. Aqui voc\u00ea encontra uma forma mais humana e leve de organizar o m\u00eas sem aumentar a ansiedade.<\/p>\n\n\n\n<h2 class=\"wp-block-heading\">Por que o planejamento r\u00edgido aumenta tanto a ansiedade?<\/h2>\n\n\n\n<p>Quando o m\u00eas \u00e9 estruturado com metas inalcan\u00e7\u00e1veis e tarefas acumuladas, o c\u00e9rebro entra em alerta. A organiza\u00e7\u00e3o vira fonte de cobran\u00e7a e se afasta da proposta de criar <strong>rotina equilibrada<\/strong>. Por isso, planejar precisa come\u00e7ar com a redefini\u00e7\u00e3o do objetivo.<\/p>\n\n\n\n<p>O primeiro passo \u00e9 entender que o m\u00eas n\u00e3o precisa \u201crender mais\u201d, mas <strong>caber na sua vida<\/strong>. Priorizar apenas o essencial \u2014 contas fixas, compromissos obrigat\u00f3rios e responsabilidades reais \u2014 abre espa\u00e7o para respirar. \u00c9 isso que diminui a autocobran\u00e7a e devolve controle emocional.<\/p>\n\n\n\n<figure class=\"wp-block-table\"><table class=\"has-fixed-layout\"><tbody><tr><th><strong>Categoria<\/strong><\/th><th><strong>O que incluir<\/strong><\/th><\/tr><tr><td>Essencial<\/td><td>Contas fixas, compromissos obrigat\u00f3rios, prazos inadi\u00e1veis<\/td><\/tr><tr><td>Flex\u00edvel<\/td><td>Tarefas ajust\u00e1veis, metas leves, pequenas a\u00e7\u00f5es di\u00e1rias<\/td><\/tr><tr><td>Espa\u00e7o de folga<\/td><td>Hor\u00e1rios livres, pausas, imprevistos e descanso<\/td><\/tr><\/tbody><\/table><\/figure>\n\n\n\n<figure class=\"wp-block-image size-large\"><img loading=\"lazy\" decoding=\"async\" width=\"1024\" height=\"576\" src=\"https:\/\/www.em.com.br\/emfoco\/wp-content\/uploads\/2025\/12\/Planejamento-financeiro_1764886395971-1024x576.jpg\" alt=\"Como planejar o m\u00eas sem se afogar em metas nem sentir culpa por descansar\" class=\"wp-image-135951\" srcset=\"https:\/\/www.em.com.br\/emfoco\/wp-content\/uploads\/2025\/12\/Planejamento-financeiro_1764886395971-1024x576.jpg 1024w, https:\/\/www.em.com.br\/emfoco\/wp-content\/uploads\/2025\/12\/Planejamento-financeiro_1764886395971-300x169.jpg 300w, https:\/\/www.em.com.br\/emfoco\/wp-content\/uploads\/2025\/12\/Planejamento-financeiro_1764886395971-768x432.jpg 768w, https:\/\/www.em.com.br\/emfoco\/wp-content\/uploads\/2025\/12\/Planejamento-financeiro_1764886395971-750x422.jpg 750w, https:\/\/www.em.com.br\/emfoco\/wp-content\/uploads\/2025\/12\/Planejamento-financeiro_1764886395971-1140x641.jpg 1140w, https:\/\/www.em.com.br\/emfoco\/wp-content\/uploads\/2025\/12\/Planejamento-financeiro_1764886395971.jpg 1280w\" sizes=\"auto, (max-width: 1024px) 100vw, 1024px\" \/><figcaption class=\"wp-element-caption\">Metas duras ativam alerta mental e transformam organiza\u00e7\u00e3o em cobran\u00e7a &#8211; Cr\u00e9ditos: depositphotos.com \/ pressmaster<\/figcaption><\/figure>\n\n\n\n<p><em>Leia mais: <strong><a href=\"https:\/\/www.em.com.br\/emfoco\/2025\/11\/30\/como-reduzir-os-juros-altos-de-emprestimos-sem-alterar-nada-no-contrato\/\" target=\"_blank\" rel=\"noreferrer noopener\">Como reduzir os juros altos de empr\u00e9stimos sem alterar nada no contrato<\/a><\/strong><\/em><\/p>\n\n\n\n<h2 class=\"wp-block-heading\">Como transformar o planejamento em algo visual, leve e funcional?<\/h2>\n\n\n\n<p>Quando o m\u00eas \u00e9 dividido em blocos simples, a mente relaxa. Criar uma estrutura visual ajuda a enxergar o equil\u00edbrio entre \u00e1reas da vida. Entre as principais formas de organizar est\u00e3o as que voc\u00ea v\u00ea a seguir.<\/p>\n\n\n\n<ul class=\"wp-block-list\">\n<li><strong>Financeiro<\/strong>: despesas fixas, vari\u00e1veis e previs\u00e3o do m\u00eas.<\/li>\n\n\n\n<li><strong>Compromissos<\/strong>: consultas, prazos, reuni\u00f5es e obriga\u00e7\u00f5es.<\/li>\n\n\n\n<li><strong>Autocuidado<\/strong>: descanso, pausas, lazer e sa\u00fade emocional.<\/li>\n\n\n\n<li><strong>Metas leves<\/strong>: pequenas a\u00e7\u00f5es poss\u00edveis no dia a dia.<\/li>\n<\/ul>\n\n\n\n<h2 class=\"wp-block-heading\">Por que deixar espa\u00e7o em branco no calend\u00e1rio reduz a ansiedade?<\/h2>\n\n\n\n<p>Planejamentos sufocantes criam a sensa\u00e7\u00e3o de fracasso quando os imprevistos surgem. Ao deixar espa\u00e7o em branco, voc\u00ea cria margens saud\u00e1veis para lidar com mudan\u00e7as sem culpa. Isso transforma o m\u00eas em algo <strong>adapt\u00e1vel e real<\/strong>.<\/p>\n\n\n\n<p>Revisar o m\u00eas uma vez por semana tamb\u00e9m evita o sentimento de que \u201ctudo desandou\u201d. Assim, ajustes s\u00e3o feitos aos poucos e o planejamento se torna uma ferramenta de suporte \u2014 n\u00e3o de press\u00e3o. Essa estrat\u00e9gia fortalece o <strong>equil\u00edbrio emocional<\/strong>.<\/p>\n\n\n\n<figure class=\"wp-block-image size-large\"><img loading=\"lazy\" decoding=\"async\" width=\"1024\" height=\"576\" src=\"https:\/\/www.em.com.br\/emfoco\/wp-content\/uploads\/2025\/12\/IA-IMG-2-27-1024x576.jpg\" alt=\"Como planejar o m\u00eas sem se afogar em metas nem sentir culpa por descansar\" class=\"wp-image-135954\" srcset=\"https:\/\/www.em.com.br\/emfoco\/wp-content\/uploads\/2025\/12\/IA-IMG-2-27-1024x576.jpg 1024w, https:\/\/www.em.com.br\/emfoco\/wp-content\/uploads\/2025\/12\/IA-IMG-2-27-300x169.jpg 300w, https:\/\/www.em.com.br\/emfoco\/wp-content\/uploads\/2025\/12\/IA-IMG-2-27-768x432.jpg 768w, https:\/\/www.em.com.br\/emfoco\/wp-content\/uploads\/2025\/12\/IA-IMG-2-27-750x422.jpg 750w, https:\/\/www.em.com.br\/emfoco\/wp-content\/uploads\/2025\/12\/IA-IMG-2-27-1140x641.jpg 1140w, https:\/\/www.em.com.br\/emfoco\/wp-content\/uploads\/2025\/12\/IA-IMG-2-27.jpg 1280w\" sizes=\"auto, (max-width: 1024px) 100vw, 1024px\" \/><figcaption class=\"wp-element-caption\">Folgas no calend\u00e1rio evitam frustra\u00e7\u00e3o e tornam o m\u00eas adapt\u00e1vel<\/figcaption><\/figure>\n\n\n\n<h2 class=\"wp-block-heading\">Como dividir o m\u00eas para organizar sem sobrecarregar?<\/h2>\n\n\n\n<p>Dividir o planejamento em n\u00edveis reduz drasticamente a cobran\u00e7a interna. Essa estrutura torna vis\u00edvel o que \u00e9 realmente prioridade e o que pode aguardar. Entre as formas mais eficientes est\u00e3o as que voc\u00ea v\u00ea na lista abaixo.<\/p>\n\n\n\n<ul class=\"wp-block-list\">\n<li><strong>\u201cPreciso fazer\u201d<\/strong>: compromissos indispens\u00e1veis e responsabilidades reais.<\/li>\n\n\n\n<li><strong>\u201cSeria bom fazer\u201d<\/strong>: tarefas \u00fateis, mas n\u00e3o urgentes.<\/li>\n\n\n\n<li><strong>\u201cSe der tempo\u201d<\/strong>: a\u00e7\u00f5es extras que n\u00e3o devem gerar press\u00e3o.<\/li>\n<\/ul>\n\n\n\n<p>Planejar o m\u00eas n\u00e3o \u00e9 sobre produtividade extrema, mas sobre criar um mapa que acalma a mente e organiza a vida com gentileza. Monte seu planejamento leve hoje mesmo e sinta a diferen\u00e7a de viver um m\u00eas criado para <strong>ajudar, n\u00e3o para cobrar<\/strong>.<\/p>\n","protected":false},"excerpt":{"rendered":"<p>Muita gente come\u00e7a o m\u00eas com listas e metas achando que est\u00e1 se organizando, mas acaba criando ainda mais press\u00e3o. O planejamento deveria trazer clareza e tranquilidade, n\u00e3o cobran\u00e7a. Aqui voc\u00ea encontra uma forma mais humana e leve de organizar o m\u00eas sem aumentar a ansiedade. Por que o planejamento r\u00edgido aumenta tanto a ansiedade? [&hellip;]<\/p>\n","protected":false},"author":13,"featured_media":135949,"comment_status":"open","ping_status":"open","sticky":false,"template":"","format":"standard","meta":{"jnews-multi-image_gallery":[],"jnews_single_post":{"format":"standard"},"jnews_primary_category":[],"jnews_social_meta":[],"jnews_override_counter":[],"footnotes":""},"categories":[8819],"tags":[15882,19843,15745],"class_list":["post-135930","post","type-post","status-publish","format-standard","has-post-thumbnail","hentry","category-curiosidades","tag-organizacao-financeira","tag-planejamento-mensal","tag-vida-financeira"],"yoast_head":"<!-- This site is optimized with the Yoast SEO plugin v23.8 - https:\/\/yoast.com\/wordpress\/plugins\/seo\/ -->\n<title>Como planejar o m\u00eas sem se afogar em metas nem sentir culpa por descansar - Estado de Minas - Em foco<\/title>\n<meta name=\"description\" content=\"Planejar o m\u00eas pode ser leve, visual e sem autocobran\u00e7a. Veja como criar uma rotina que acalma em vez de sobrecarregar.\" \/>\n<meta name=\"robots\" content=\"index, follow, max-snippet:-1, max-image-preview:large, max-video-preview:-1\" \/>\n<link rel=\"canonical\" href=\"https:\/\/www.em.com.br\/emfoco\/2025\/12\/07\/como-planejar-o-mes-sem-se-afogar-em-metas-nem-sentir-culpa-por-descansar\/\" \/>\n<meta property=\"og:locale\" content=\"pt_BR\" \/>\n<meta property=\"og:type\" content=\"article\" \/>\n<meta property=\"og:title\" content=\"Como planejar o m\u00eas sem se afogar em metas nem sentir culpa por descansar - Estado de Minas - Em foco\" \/>\n<meta property=\"og:description\" content=\"Planejar o m\u00eas pode ser leve, visual e sem autocobran\u00e7a. Veja como criar uma rotina que acalma em vez de sobrecarregar.\" \/>\n<meta property=\"og:url\" content=\"https:\/\/www.em.com.br\/emfoco\/2025\/12\/07\/como-planejar-o-mes-sem-se-afogar-em-metas-nem-sentir-culpa-por-descansar\/\" \/>\n<meta property=\"og:site_name\" content=\"Estado de Minas - Em foco\" \/>\n<meta property=\"article:published_time\" content=\"2025-12-08T00:45:00+00:00\" \/>\n<meta property=\"article:modified_time\" content=\"2025-12-04T22:15:43+00:00\" \/>\n<meta property=\"og:image\" content=\"https:\/\/www.em.com.br\/emfoco\/wp-content\/uploads\/2025\/12\/IA-IMG-1-47.jpg\" \/>\n\t<meta property=\"og:image:width\" content=\"1280\" \/>\n\t<meta property=\"og:image:height\" content=\"720\" \/>\n\t<meta property=\"og:image:type\" content=\"image\/jpeg\" \/>\n<meta name=\"author\" content=\"Gabriel Martins\" \/>\n<meta name=\"twitter:card\" content=\"summary_large_image\" \/>\n<meta name=\"twitter:label1\" content=\"Escrito por\" \/>\n\t<meta name=\"twitter:data1\" content=\"Gabriel Martins\" \/>\n\t<meta name=\"twitter:label2\" content=\"Est. tempo de leitura\" \/>\n\t<meta name=\"twitter:data2\" content=\"4 minutos\" \/>\n<!-- \/ Yoast SEO plugin. -->","yoast_head_json":{"title":"Como planejar o m\u00eas sem se afogar em metas nem sentir culpa por descansar - Estado de Minas - Em foco","description":"Planejar o m\u00eas pode ser leve, visual e sem autocobran\u00e7a. Veja como criar uma rotina que acalma em vez de sobrecarregar.","robots":{"index":"index","follow":"follow","max-snippet":"max-snippet:-1","max-image-preview":"max-image-preview:large","max-video-preview":"max-video-preview:-1"},"canonical":"https:\/\/www.em.com.br\/emfoco\/2025\/12\/07\/como-planejar-o-mes-sem-se-afogar-em-metas-nem-sentir-culpa-por-descansar\/","og_locale":"pt_BR","og_type":"article","og_title":"Como planejar o m\u00eas sem se afogar em metas nem sentir culpa por descansar - Estado de Minas - Em foco","og_description":"Planejar o m\u00eas pode ser leve, visual e sem autocobran\u00e7a. Veja como criar uma rotina que acalma em vez de sobrecarregar.","og_url":"https:\/\/www.em.com.br\/emfoco\/2025\/12\/07\/como-planejar-o-mes-sem-se-afogar-em-metas-nem-sentir-culpa-por-descansar\/","og_site_name":"Estado de Minas - Em foco","article_published_time":"2025-12-08T00:45:00+00:00","article_modified_time":"2025-12-04T22:15:43+00:00","og_image":[{"width":1280,"height":720,"url":"https:\/\/www.em.com.br\/emfoco\/wp-content\/uploads\/2025\/12\/IA-IMG-1-47.jpg","type":"image\/jpeg"}],"author":"Gabriel Martins","twitter_card":"summary_large_image","twitter_misc":{"Escrito por":"Gabriel Martins","Est. tempo de leitura":"4 minutos"},"schema":{"@context":"https:\/\/schema.org","@graph":[{"@type":"WebPage","@id":"https:\/\/www.em.com.br\/emfoco\/2025\/12\/07\/como-planejar-o-mes-sem-se-afogar-em-metas-nem-sentir-culpa-por-descansar\/","url":"https:\/\/www.em.com.br\/emfoco\/2025\/12\/07\/como-planejar-o-mes-sem-se-afogar-em-metas-nem-sentir-culpa-por-descansar\/","name":"Como planejar o m\u00eas sem se afogar em metas nem sentir culpa por descansar - Estado de Minas - Em foco","isPartOf":{"@id":"https:\/\/www.em.com.br\/emfoco\/#website"},"primaryImageOfPage":{"@id":"https:\/\/www.em.com.br\/emfoco\/2025\/12\/07\/como-planejar-o-mes-sem-se-afogar-em-metas-nem-sentir-culpa-por-descansar\/#primaryimage"},"image":{"@id":"https:\/\/www.em.com.br\/emfoco\/2025\/12\/07\/como-planejar-o-mes-sem-se-afogar-em-metas-nem-sentir-culpa-por-descansar\/#primaryimage"},"thumbnailUrl":"https:\/\/www.em.com.br\/emfoco\/wp-content\/uploads\/2025\/12\/IA-IMG-1-47.jpg","datePublished":"2025-12-08T00:45:00+00:00","dateModified":"2025-12-04T22:15:43+00:00","author":{"@id":"https:\/\/www.em.com.br\/emfoco\/#\/schema\/person\/1c9ddeab18b98abeffef834667bcf08a"},"description":"Planejar o m\u00eas pode ser leve, visual e sem autocobran\u00e7a. Veja como criar uma rotina que acalma em vez de sobrecarregar.","breadcrumb":{"@id":"https:\/\/www.em.com.br\/emfoco\/2025\/12\/07\/como-planejar-o-mes-sem-se-afogar-em-metas-nem-sentir-culpa-por-descansar\/#breadcrumb"},"inLanguage":"pt-BR","potentialAction":[{"@type":"ReadAction","target":["https:\/\/www.em.com.br\/emfoco\/2025\/12\/07\/como-planejar-o-mes-sem-se-afogar-em-metas-nem-sentir-culpa-por-descansar\/"]}]},{"@type":"ImageObject","inLanguage":"pt-BR","@id":"https:\/\/www.em.com.br\/emfoco\/2025\/12\/07\/como-planejar-o-mes-sem-se-afogar-em-metas-nem-sentir-culpa-por-descansar\/#primaryimage","url":"https:\/\/www.em.com.br\/emfoco\/wp-content\/uploads\/2025\/12\/IA-IMG-1-47.jpg","contentUrl":"https:\/\/www.em.com.br\/emfoco\/wp-content\/uploads\/2025\/12\/IA-IMG-1-47.jpg","width":1280,"height":720,"caption":"Um planejamento leve organiza o m\u00eas sem cobran\u00e7a e reduz a ansiedade"},{"@type":"BreadcrumbList","@id":"https:\/\/www.em.com.br\/emfoco\/2025\/12\/07\/como-planejar-o-mes-sem-se-afogar-em-metas-nem-sentir-culpa-por-descansar\/#breadcrumb","itemListElement":[{"@type":"ListItem","position":1,"name":"In\u00edcio","item":"https:\/\/www.em.com.br\/emfoco\/"},{"@type":"ListItem","position":2,"name":"Como planejar o m\u00eas sem se afogar em metas nem sentir culpa por descansar"}]},{"@type":"WebSite","@id":"https:\/\/www.em.com.br\/emfoco\/#website","url":"https:\/\/www.em.com.br\/emfoco\/","name":"Estado de Minas - Em foco","description":"Acompanhe as \u00faltimas not\u00edcias e fique bem informado sobre tudo o que acontece em Minas Gerais, Brasil e no mundo.","potentialAction":[{"@type":"SearchAction","target":{"@type":"EntryPoint","urlTemplate":"https:\/\/www.em.com.br\/emfoco\/?s={search_term_string}"},"query-input":{"@type":"PropertyValueSpecification","valueRequired":true,"valueName":"search_term_string"}}],"inLanguage":"pt-BR"},{"@type":"Person","@id":"https:\/\/www.em.com.br\/emfoco\/#\/schema\/person\/1c9ddeab18b98abeffef834667bcf08a","name":"Gabriel Martins","image":{"@type":"ImageObject","inLanguage":"pt-BR","@id":"https:\/\/www.em.com.br\/emfoco\/#\/schema\/person\/image\/","url":"https:\/\/secure.gravatar.com\/avatar\/f0f1e2efdfd88f1ad2cb08c5c2731e50?s=96&d=mm&r=g","contentUrl":"https:\/\/secure.gravatar.com\/avatar\/f0f1e2efdfd88f1ad2cb08c5c2731e50?s=96&d=mm&r=g","caption":"Gabriel Martins"},"sameAs":["https:\/\/www.em.com.br\/emfoco\/"],"url":"https:\/\/www.em.com.br\/emfoco\/author\/gabrielmartinsmyth\/"}]}},"_links":{"self":[{"href":"https:\/\/www.em.com.br\/emfoco\/wp-json\/wp\/v2\/posts\/135930","targetHints":{"allow":["GET"]}}],"collection":[{"href":"https:\/\/www.em.com.br\/emfoco\/wp-json\/wp\/v2\/posts"}],"about":[{"href":"https:\/\/www.em.com.br\/emfoco\/wp-json\/wp\/v2\/types\/post"}],"author":[{"embeddable":true,"href":"https:\/\/www.em.com.br\/emfoco\/wp-json\/wp\/v2\/users\/13"}],"replies":[{"embeddable":true,"href":"https:\/\/www.em.com.br\/emfoco\/wp-json\/wp\/v2\/comments?post=135930"}],"version-history":[{"count":1,"href":"https:\/\/www.em.com.br\/emfoco\/wp-json\/wp\/v2\/posts\/135930\/revisions"}],"predecessor-version":[{"id":135955,"href":"https:\/\/www.em.com.br\/emfoco\/wp-json\/wp\/v2\/posts\/135930\/revisions\/135955"}],"wp:featuredmedia":[{"embeddable":true,"href":"https:\/\/www.em.com.br\/emfoco\/wp-json\/wp\/v2\/media\/135949"}],"wp:attachment":[{"href":"https:\/\/www.em.com.br\/emfoco\/wp-json\/wp\/v2\/media?parent=135930"}],"wp:term":[{"taxonomy":"category","embeddable":true,"href":"https:\/\/www.em.com.br\/emfoco\/wp-json\/wp\/v2\/categories?post=135930"},{"taxonomy":"post_tag","embeddable":true,"href":"https:\/\/www.em.com.br\/emfoco\/wp-json\/wp\/v2\/tags?post=135930"}],"curies":[{"name":"wp","href":"https:\/\/api.w.org\/{rel}","templated":true}]}}