{"id":135882,"date":"2025-12-07T18:45:00","date_gmt":"2025-12-07T21:45:00","guid":{"rendered":"https:\/\/www.em.com.br\/emfoco\/?p=135882"},"modified":"2025-12-04T18:32:37","modified_gmt":"2025-12-04T21:32:37","slug":"como-lidar-com-a-culpa-e-o-medo-ao-tentar-reorganizar-sua-vida-financeira","status":"publish","type":"post","link":"https:\/\/www.em.com.br\/emfoco\/2025\/12\/07\/como-lidar-com-a-culpa-e-o-medo-ao-tentar-reorganizar-sua-vida-financeira\/","title":{"rendered":"Como lidar com a culpa e o medo ao tentar reorganizar sua vida financeira"},"content":{"rendered":"\n<p>Estar endividado n\u00e3o \u00e9 s\u00f3 uma quest\u00e3o num\u00e9rica: envolve emo\u00e7\u00f5es profundas que afetam autoestima, sono e decis\u00f5es di\u00e1rias. Compreender o <strong>ciclo emocional da d\u00edvida<\/strong> ajuda a reconhecer sua fase e retomar o controle com mais clareza.<\/p>\n\n\n\n<h2 class=\"wp-block-heading\">O que torna a nega\u00e7\u00e3o o primeiro passo desse processo?<\/h2>\n\n\n\n<p>A fase da <strong>nega\u00e7\u00e3o<\/strong> surge quando encarar valores parece insuport\u00e1vel, levando a evitar faturas e adiar decis\u00f5es. Esse comportamento cria al\u00edvio moment\u00e2neo, mas aumenta o impacto emocional e financeiro ao longo do tempo.<\/p>\n\n\n\n<p>Muitos ignoram notifica\u00e7\u00f5es, preferem n\u00e3o fazer contas e acreditam que \u201cdepois resolvem\u201d. Esse padr\u00e3o ocorre porque o <strong>medo<\/strong> do confronto \u00e9 maior que o desconforto do problema, gerando um ciclo que dificulta o in\u00edcio da mudan\u00e7a.<\/p>\n\n\n\n<figure class=\"wp-block-image size-large\"><img loading=\"lazy\" decoding=\"async\" width=\"1024\" height=\"576\" src=\"https:\/\/www.em.com.br\/emfoco\/wp-content\/uploads\/2025\/12\/IA-IMG-3-11-1024x576.jpg\" alt=\"Como lidar com a culpa e o medo ao tentar reorganizar sua vida financeira\" class=\"wp-image-135897\" srcset=\"https:\/\/www.em.com.br\/emfoco\/wp-content\/uploads\/2025\/12\/IA-IMG-3-11-1024x576.jpg 1024w, https:\/\/www.em.com.br\/emfoco\/wp-content\/uploads\/2025\/12\/IA-IMG-3-11-300x169.jpg 300w, https:\/\/www.em.com.br\/emfoco\/wp-content\/uploads\/2025\/12\/IA-IMG-3-11-768x432.jpg 768w, https:\/\/www.em.com.br\/emfoco\/wp-content\/uploads\/2025\/12\/IA-IMG-3-11-750x422.jpg 750w, https:\/\/www.em.com.br\/emfoco\/wp-content\/uploads\/2025\/12\/IA-IMG-3-11-1140x641.jpg 1140w, https:\/\/www.em.com.br\/emfoco\/wp-content\/uploads\/2025\/12\/IA-IMG-3-11.jpg 1280w\" sizes=\"auto, (max-width: 1024px) 100vw, 1024px\" \/><figcaption class=\"wp-element-caption\">A nega\u00e7\u00e3o surge do medo de encarar n\u00fameros e decis\u00f5es dif\u00edceis<\/figcaption><\/figure>\n\n\n\n<h2 class=\"wp-block-heading\">Quais sinais mostram que a ansiedade financeira tomou conta?<\/h2>\n\n\n\n<p>Quando a nega\u00e7\u00e3o perde for\u00e7a, surge a <strong>ansiedade<\/strong>, marcada por tens\u00e3o constante, receio do telefone tocar e sensa\u00e7\u00e3o de perda de controle. Esse peso emocional desgasta a rotina e afeta a forma como a pessoa enxerga o pr\u00f3prio futuro. Entre os sinais mais comuns est\u00e3o os que voc\u00ea v\u00ea a seguir.<\/p>\n\n\n\n<ul class=\"wp-block-list\">\n<li>Medo intenso de abrir mensagens, consultar apps banc\u00e1rios ou atender liga\u00e7\u00f5es.<\/li>\n\n\n\n<li>Pensamentos acelerados que misturam culpa, preocupa\u00e7\u00e3o e sensa\u00e7\u00e3o de falha.<\/li>\n\n\n\n<li>Ins\u00f4nia e dificuldade de foco provocadas pela press\u00e3o financeira acumulada.<\/li>\n<\/ul>\n\n\n\n<p><em>Leia mais: <strong><a href=\"https:\/\/www.em.com.br\/emfoco\/2025\/12\/04\/o-maior-erro-com-cartao-de-credito-que-esta-destruindo-o-orcamento-da-sua-familia\/\" target=\"_blank\" rel=\"noreferrer noopener\">O maior erro com cart\u00e3o de cr\u00e9dito que est\u00e1 destruindo o or\u00e7amento da sua fam\u00edlia<\/a><\/strong><\/em><\/p>\n\n\n\n<h2 class=\"wp-block-heading\">Por que a vergonha e a paralisia tornam tudo ainda mais dif\u00edcil?<\/h2>\n\n\n\n<p>Ap\u00f3s a ansiedade, muitas pessoas entram na fase da <strong>vergonha<\/strong>, acreditando que \u201cfalharam\u201d ou que todos est\u00e3o lidando melhor com o dinheiro. Esse julgamento interno faz com que evitem pedir ajuda e se isolem emocionalmente.<\/p>\n\n\n\n<p>Logo depois, surge a <strong>paralisia<\/strong>, quando a vontade de resolver existe, mas a confus\u00e3o mental impede decis\u00f5es pr\u00e1ticas. Negocia\u00e7\u00f5es s\u00e3o adiadas, boletos acumulam e a falta de dire\u00e7\u00e3o alimenta ainda mais o ciclo negativo.<\/p>\n\n\n\n<figure class=\"wp-block-image size-large\"><img loading=\"lazy\" decoding=\"async\" width=\"1024\" height=\"576\" src=\"https:\/\/www.em.com.br\/emfoco\/wp-content\/uploads\/2025\/12\/IA-IMG-4-5-1024x576.jpg\" alt=\"Como lidar com a culpa e o medo ao tentar reorganizar sua vida financeira\" class=\"wp-image-135903\" srcset=\"https:\/\/www.em.com.br\/emfoco\/wp-content\/uploads\/2025\/12\/IA-IMG-4-5-1024x576.jpg 1024w, https:\/\/www.em.com.br\/emfoco\/wp-content\/uploads\/2025\/12\/IA-IMG-4-5-300x169.jpg 300w, https:\/\/www.em.com.br\/emfoco\/wp-content\/uploads\/2025\/12\/IA-IMG-4-5-768x432.jpg 768w, https:\/\/www.em.com.br\/emfoco\/wp-content\/uploads\/2025\/12\/IA-IMG-4-5-750x422.jpg 750w, https:\/\/www.em.com.br\/emfoco\/wp-content\/uploads\/2025\/12\/IA-IMG-4-5-1140x641.jpg 1140w, https:\/\/www.em.com.br\/emfoco\/wp-content\/uploads\/2025\/12\/IA-IMG-4-5.jpg 1280w\" sizes=\"auto, (max-width: 1024px) 100vw, 1024px\" \/><figcaption class=\"wp-element-caption\">Vergonha e paralisia bloqueiam a\u00e7\u00f5es pr\u00e1ticas e aprofundam o ciclo negativo<\/figcaption><\/figure>\n\n\n\n<h2 class=\"wp-block-heading\">Quais atitudes marcam o in\u00edcio da virada emocional e pr\u00e1tica?<\/h2>\n\n\n\n<p>Quando a gravidade \u00e9 reconhecida, nasce a fase da <strong>consci\u00eancia<\/strong>, em que finalmente se olha os n\u00fameros sem fuga e se entende que algo precisa mudar. A partir da\u00ed, come\u00e7a uma transi\u00e7\u00e3o para a\u00e7\u00f5es reais que ajudam a reorganizar a vida financeira. Entre os passos iniciais mais eficazes est\u00e3o os que voc\u00ea v\u00ea a seguir.<\/p>\n\n\n\n<ul class=\"wp-block-list\">\n<li>Anotar todas as d\u00edvidas e prazos para entender o tamanho real da situa\u00e7\u00e3o.<\/li>\n\n\n\n<li>Negociar juros e priorizar pagamentos que reduzem press\u00e3o emocional e financeira.<\/li>\n\n\n\n<li>Criar pequenos rituais de controle, como revisar gastos semanais sem culpa.<\/li>\n<\/ul>\n\n\n\n<p>Reconhecer sua fase dentro do ciclo emocional da d\u00edvida n\u00e3o define fracasso, mas abre o caminho para transformar consci\u00eancia em coragem e recuperar seu poder sobre a pr\u00f3pria vida financeira.<\/p>\n","protected":false},"excerpt":{"rendered":"<p>Estar endividado n\u00e3o \u00e9 s\u00f3 uma quest\u00e3o num\u00e9rica: envolve emo\u00e7\u00f5es profundas que afetam autoestima, sono e decis\u00f5es di\u00e1rias. Compreender o ciclo emocional da d\u00edvida ajuda a reconhecer sua fase e retomar o controle com mais clareza. O que torna a nega\u00e7\u00e3o o primeiro passo desse processo? A fase da nega\u00e7\u00e3o surge quando encarar valores parece [&hellip;]<\/p>\n","protected":false},"author":13,"featured_media":135896,"comment_status":"open","ping_status":"open","sticky":false,"template":"","format":"standard","meta":{"jnews-multi-image_gallery":[],"jnews_single_post":{"format":"standard"},"jnews_primary_category":[],"jnews_social_meta":[],"jnews_override_counter":[],"footnotes":""},"categories":[8819],"tags":[19837,925,167],"class_list":["post-135882","post","type-post","status-publish","format-standard","has-post-thumbnail","hentry","category-curiosidades","tag-ciclo-emocional-da-divida","tag-dividas","tag-financas"],"yoast_head":"<!-- This site is optimized with the Yoast SEO plugin v23.8 - https:\/\/yoast.com\/wordpress\/plugins\/seo\/ -->\n<title>Como lidar com a culpa e o medo ao tentar reorganizar sua vida financeira - Estado de Minas - Em foco<\/title>\n<meta name=\"description\" content=\"Medo, vergonha e paralisia: conhe\u00e7a o ciclo emocional da d\u00edvida e os primeiros passos para sair dele com seguran\u00e7a e consci\u00eancia.\" \/>\n<meta name=\"robots\" content=\"index, follow, max-snippet:-1, max-image-preview:large, max-video-preview:-1\" \/>\n<link rel=\"canonical\" href=\"https:\/\/www.em.com.br\/emfoco\/2025\/12\/07\/como-lidar-com-a-culpa-e-o-medo-ao-tentar-reorganizar-sua-vida-financeira\/\" \/>\n<meta property=\"og:locale\" content=\"pt_BR\" \/>\n<meta property=\"og:type\" content=\"article\" \/>\n<meta property=\"og:title\" content=\"Como lidar com a culpa e o medo ao tentar reorganizar sua vida financeira - Estado de Minas - Em foco\" \/>\n<meta property=\"og:description\" content=\"Medo, vergonha e paralisia: conhe\u00e7a o ciclo emocional da d\u00edvida e os primeiros passos para sair dele com seguran\u00e7a e consci\u00eancia.\" \/>\n<meta property=\"og:url\" content=\"https:\/\/www.em.com.br\/emfoco\/2025\/12\/07\/como-lidar-com-a-culpa-e-o-medo-ao-tentar-reorganizar-sua-vida-financeira\/\" \/>\n<meta property=\"og:site_name\" content=\"Estado de Minas - Em foco\" \/>\n<meta property=\"article:published_time\" content=\"2025-12-07T21:45:00+00:00\" \/>\n<meta property=\"article:modified_time\" content=\"2025-12-04T21:32:37+00:00\" \/>\n<meta property=\"og:image\" content=\"https:\/\/www.em.com.br\/emfoco\/wp-content\/uploads\/2025\/12\/IA-IMG-2-25.jpg\" \/>\n\t<meta property=\"og:image:width\" content=\"1280\" \/>\n\t<meta property=\"og:image:height\" content=\"720\" \/>\n\t<meta property=\"og:image:type\" content=\"image\/jpeg\" \/>\n<meta name=\"author\" content=\"Gabriel Martins\" \/>\n<meta name=\"twitter:card\" content=\"summary_large_image\" \/>\n<meta name=\"twitter:label1\" content=\"Escrito por\" \/>\n\t<meta name=\"twitter:data1\" content=\"Gabriel Martins\" \/>\n\t<meta name=\"twitter:label2\" content=\"Est. tempo de leitura\" \/>\n\t<meta name=\"twitter:data2\" content=\"4 minutos\" \/>\n<!-- \/ Yoast SEO plugin. -->","yoast_head_json":{"title":"Como lidar com a culpa e o medo ao tentar reorganizar sua vida financeira - Estado de Minas - Em foco","description":"Medo, vergonha e paralisia: conhe\u00e7a o ciclo emocional da d\u00edvida e os primeiros passos para sair dele com seguran\u00e7a e consci\u00eancia.","robots":{"index":"index","follow":"follow","max-snippet":"max-snippet:-1","max-image-preview":"max-image-preview:large","max-video-preview":"max-video-preview:-1"},"canonical":"https:\/\/www.em.com.br\/emfoco\/2025\/12\/07\/como-lidar-com-a-culpa-e-o-medo-ao-tentar-reorganizar-sua-vida-financeira\/","og_locale":"pt_BR","og_type":"article","og_title":"Como lidar com a culpa e o medo ao tentar reorganizar sua vida financeira - Estado de Minas - Em foco","og_description":"Medo, vergonha e paralisia: conhe\u00e7a o ciclo emocional da d\u00edvida e os primeiros passos para sair dele com seguran\u00e7a e consci\u00eancia.","og_url":"https:\/\/www.em.com.br\/emfoco\/2025\/12\/07\/como-lidar-com-a-culpa-e-o-medo-ao-tentar-reorganizar-sua-vida-financeira\/","og_site_name":"Estado de Minas - Em foco","article_published_time":"2025-12-07T21:45:00+00:00","article_modified_time":"2025-12-04T21:32:37+00:00","og_image":[{"width":1280,"height":720,"url":"https:\/\/www.em.com.br\/emfoco\/wp-content\/uploads\/2025\/12\/IA-IMG-2-25.jpg","type":"image\/jpeg"}],"author":"Gabriel Martins","twitter_card":"summary_large_image","twitter_misc":{"Escrito por":"Gabriel Martins","Est. tempo de leitura":"4 minutos"},"schema":{"@context":"https:\/\/schema.org","@graph":[{"@type":"WebPage","@id":"https:\/\/www.em.com.br\/emfoco\/2025\/12\/07\/como-lidar-com-a-culpa-e-o-medo-ao-tentar-reorganizar-sua-vida-financeira\/","url":"https:\/\/www.em.com.br\/emfoco\/2025\/12\/07\/como-lidar-com-a-culpa-e-o-medo-ao-tentar-reorganizar-sua-vida-financeira\/","name":"Como lidar com a culpa e o medo ao tentar reorganizar sua vida financeira - Estado de Minas - Em foco","isPartOf":{"@id":"https:\/\/www.em.com.br\/emfoco\/#website"},"primaryImageOfPage":{"@id":"https:\/\/www.em.com.br\/emfoco\/2025\/12\/07\/como-lidar-com-a-culpa-e-o-medo-ao-tentar-reorganizar-sua-vida-financeira\/#primaryimage"},"image":{"@id":"https:\/\/www.em.com.br\/emfoco\/2025\/12\/07\/como-lidar-com-a-culpa-e-o-medo-ao-tentar-reorganizar-sua-vida-financeira\/#primaryimage"},"thumbnailUrl":"https:\/\/www.em.com.br\/emfoco\/wp-content\/uploads\/2025\/12\/IA-IMG-2-25.jpg","datePublished":"2025-12-07T21:45:00+00:00","dateModified":"2025-12-04T21:32:37+00:00","author":{"@id":"https:\/\/www.em.com.br\/emfoco\/#\/schema\/person\/1c9ddeab18b98abeffef834667bcf08a"},"description":"Medo, vergonha e paralisia: conhe\u00e7a o ciclo emocional da d\u00edvida e os primeiros passos para sair dele com seguran\u00e7a e consci\u00eancia.","breadcrumb":{"@id":"https:\/\/www.em.com.br\/emfoco\/2025\/12\/07\/como-lidar-com-a-culpa-e-o-medo-ao-tentar-reorganizar-sua-vida-financeira\/#breadcrumb"},"inLanguage":"pt-BR","potentialAction":[{"@type":"ReadAction","target":["https:\/\/www.em.com.br\/emfoco\/2025\/12\/07\/como-lidar-com-a-culpa-e-o-medo-ao-tentar-reorganizar-sua-vida-financeira\/"]}]},{"@type":"ImageObject","inLanguage":"pt-BR","@id":"https:\/\/www.em.com.br\/emfoco\/2025\/12\/07\/como-lidar-com-a-culpa-e-o-medo-ao-tentar-reorganizar-sua-vida-financeira\/#primaryimage","url":"https:\/\/www.em.com.br\/emfoco\/wp-content\/uploads\/2025\/12\/IA-IMG-2-25.jpg","contentUrl":"https:\/\/www.em.com.br\/emfoco\/wp-content\/uploads\/2025\/12\/IA-IMG-2-25.jpg","width":1280,"height":720,"caption":"Entender o ciclo emocional da d\u00edvida ajuda a recuperar clareza e controle financeiro"},{"@type":"BreadcrumbList","@id":"https:\/\/www.em.com.br\/emfoco\/2025\/12\/07\/como-lidar-com-a-culpa-e-o-medo-ao-tentar-reorganizar-sua-vida-financeira\/#breadcrumb","itemListElement":[{"@type":"ListItem","position":1,"name":"In\u00edcio","item":"https:\/\/www.em.com.br\/emfoco\/"},{"@type":"ListItem","position":2,"name":"Como lidar com a culpa e o medo ao tentar reorganizar sua vida financeira"}]},{"@type":"WebSite","@id":"https:\/\/www.em.com.br\/emfoco\/#website","url":"https:\/\/www.em.com.br\/emfoco\/","name":"Estado de Minas - Em foco","description":"Acompanhe as \u00faltimas not\u00edcias e fique bem informado sobre tudo o que acontece em Minas Gerais, Brasil e no mundo.","potentialAction":[{"@type":"SearchAction","target":{"@type":"EntryPoint","urlTemplate":"https:\/\/www.em.com.br\/emfoco\/?s={search_term_string}"},"query-input":{"@type":"PropertyValueSpecification","valueRequired":true,"valueName":"search_term_string"}}],"inLanguage":"pt-BR"},{"@type":"Person","@id":"https:\/\/www.em.com.br\/emfoco\/#\/schema\/person\/1c9ddeab18b98abeffef834667bcf08a","name":"Gabriel Martins","image":{"@type":"ImageObject","inLanguage":"pt-BR","@id":"https:\/\/www.em.com.br\/emfoco\/#\/schema\/person\/image\/","url":"https:\/\/secure.gravatar.com\/avatar\/f0f1e2efdfd88f1ad2cb08c5c2731e50?s=96&d=mm&r=g","contentUrl":"https:\/\/secure.gravatar.com\/avatar\/f0f1e2efdfd88f1ad2cb08c5c2731e50?s=96&d=mm&r=g","caption":"Gabriel Martins"},"sameAs":["https:\/\/www.em.com.br\/emfoco\/"],"url":"https:\/\/www.em.com.br\/emfoco\/author\/gabrielmartinsmyth\/"}]}},"_links":{"self":[{"href":"https:\/\/www.em.com.br\/emfoco\/wp-json\/wp\/v2\/posts\/135882","targetHints":{"allow":["GET"]}}],"collection":[{"href":"https:\/\/www.em.com.br\/emfoco\/wp-json\/wp\/v2\/posts"}],"about":[{"href":"https:\/\/www.em.com.br\/emfoco\/wp-json\/wp\/v2\/types\/post"}],"author":[{"embeddable":true,"href":"https:\/\/www.em.com.br\/emfoco\/wp-json\/wp\/v2\/users\/13"}],"replies":[{"embeddable":true,"href":"https:\/\/www.em.com.br\/emfoco\/wp-json\/wp\/v2\/comments?post=135882"}],"version-history":[{"count":1,"href":"https:\/\/www.em.com.br\/emfoco\/wp-json\/wp\/v2\/posts\/135882\/revisions"}],"predecessor-version":[{"id":135905,"href":"https:\/\/www.em.com.br\/emfoco\/wp-json\/wp\/v2\/posts\/135882\/revisions\/135905"}],"wp:featuredmedia":[{"embeddable":true,"href":"https:\/\/www.em.com.br\/emfoco\/wp-json\/wp\/v2\/media\/135896"}],"wp:attachment":[{"href":"https:\/\/www.em.com.br\/emfoco\/wp-json\/wp\/v2\/media?parent=135882"}],"wp:term":[{"taxonomy":"category","embeddable":true,"href":"https:\/\/www.em.com.br\/emfoco\/wp-json\/wp\/v2\/categories?post=135882"},{"taxonomy":"post_tag","embeddable":true,"href":"https:\/\/www.em.com.br\/emfoco\/wp-json\/wp\/v2\/tags?post=135882"}],"curies":[{"name":"wp","href":"https:\/\/api.w.org\/{rel}","templated":true}]}}