{"id":135799,"date":"2025-12-05T10:05:00","date_gmt":"2025-12-05T13:05:00","guid":{"rendered":"https:\/\/www.em.com.br\/emfoco\/?p=135799"},"modified":"2025-12-04T18:41:31","modified_gmt":"2025-12-04T21:41:31","slug":"fim-da-lei-do-inquilino-a-partir-de-agora-todos-os-inquilinos-poderao-se-tornar-proprietarios-do-imovel","status":"publish","type":"post","link":"https:\/\/www.em.com.br\/emfoco\/2025\/12\/05\/fim-da-lei-do-inquilino-a-partir-de-agora-todos-os-inquilinos-poderao-se-tornar-proprietarios-do-imovel\/","title":{"rendered":"Fim da Lei do Inquilino: a partir de agora, todos os inquilinos  poder\u00e3o se tornar propriet\u00e1rios do im\u00f3vel"},"content":{"rendered":"\n<p>Ter um teto em nome pr\u00f3prio sempre foi um marco de seguran\u00e7a para muitas fam\u00edlias. Em um cen\u00e1rio de aluguel caro, renda apertada e cr\u00e9dito imobili\u00e1rio mais r\u00edgido, cresce o interesse por formas alternativas de acesso \u00e0 casa pr\u00f3pria, como o arrendamento imobili\u00e1rio com op\u00e7\u00e3o de compra. Esse modelo, amplamente utilizado na <strong>Espanha<\/strong>, cria uma ponte entre a condi\u00e7\u00e3o de inquilino e a de propriet\u00e1rio, mas exige aten\u00e7\u00e3o \u00e0s diferen\u00e7as de legisla\u00e7\u00e3o em pa\u00edses como o <strong>Brasil<\/strong>, onde a estrutura jur\u00eddica e os efeitos podem ser distintos.<\/p>\n\n\n\n<h2 class=\"wp-block-heading\">O que \u00e9 o arrendamento imobili\u00e1rio com op\u00e7\u00e3o de compra<\/h2>\n\n\n\n<p>O arrendamento imobili\u00e1rio com op\u00e7\u00e3o de compra \u00e9 um contrato em que o <a href=\"https:\/\/www.em.com.br\/emfoco\/2025\/12\/04\/mudanca-historica-usucapiao-extrajudicial-ganha-novas-regras-em-2026-e-promete-ajudar-quem-espera-ha-anos-pela-regularizacao-do-imovel\/\" target=\"_blank\" rel=\"noreferrer noopener\">im\u00f3vel <\/a>\u00e9 inicialmente alugado, j\u00e1 com previs\u00e3o de que, ao final de um prazo determinado, o inquilino poder\u00e1 adquirir o bem. Funciona como um aluguel de longo prazo combinado com um compromisso de venda futura, com condi\u00e7\u00f5es previamente definidas entre as partes.<\/p>\n\n\n\n<p>Esse modelo se afasta da compra e venda tradicional \u00e0 vista ou com financiamento imediato e cria um caminho progressivo para a propriedade. Na Espanha, a legisla\u00e7\u00e3o traz par\u00e2metros claros; no Brasil, \u00e9 indispens\u00e1vel adaptar o contrato \u00e0s normas locais e buscar orienta\u00e7\u00e3o jur\u00eddica para evitar cl\u00e1usulas ineficazes ou nulas.<\/p>\n\n\n\n<figure class=\"wp-block-image\"><img decoding=\"async\" src=\"https:\/\/www.em.com.br\/emfoco\/wp-content\/uploads\/2025\/11\/leilao-de-imovel_1762229123056-1024x576.jpg\" alt=\"\"\/><figcaption class=\"wp-element-caption\">Arrendamento imobili\u00e1rio pre\u00e7o e contrato<\/figcaption><\/figure>\n\n\n\n<h2 class=\"wp-block-heading\">Como funciona a transforma\u00e7\u00e3o do inquilino em propriet\u00e1rio<\/h2>\n\n\n\n<p>Na maioria dos casos, o arrendamento \u00e9 formalizado em um documento que re\u00fane duas partes principais: a loca\u00e7\u00e3o e a op\u00e7\u00e3o de compra, cada uma com regras espec\u00edficas. A primeira regula o uso do im\u00f3vel como aluguel; a segunda define condi\u00e7\u00f5es, prazo e pre\u00e7o para que o inquilino possa adquirir a propriedade ao t\u00e9rmino do contrato.<\/p>\n\n\n\n<p>Quando a op\u00e7\u00e3o de compra \u00e9 exercida, o propriet\u00e1rio deve transferir a titularidade do bem pelo valor combinado. Em muitos contratos, os alugu\u00e9is pagos s\u00e3o abatidos parcial ou totalmente do pre\u00e7o final, aproximando esse modelo de um financiamento gradual, desde que o inquilino cumpra suas obriga\u00e7\u00f5es contratuais e legais.<\/p>\n\n\n\n<h2 class=\"wp-block-heading\">Como \u00e9 definido o pre\u00e7o do im\u00f3vel no arrendamento<\/h2>\n\n\n\n<p>Um ponto decisivo para a seguran\u00e7a do inquilino \u00e9 a forma como o pre\u00e7o do im\u00f3vel \u00e9 definido no arrendamento. Em geral, existem dois caminhos principais, que podem ser combinados, desde que o contrato traga crit\u00e9rios objetivos e transparentes sobre o valor de venda e seus reajustes.<\/p>\n\n\n\n<p>No primeiro modelo, o pre\u00e7o \u00e9 fixado desde o in\u00edcio, com prazo, valor mensal, corre\u00e7\u00e3o e abatimentos. No segundo, o valor \u00e9 definido no momento do exerc\u00edcio da op\u00e7\u00e3o, considerando mercado, infla\u00e7\u00e3o e melhorias realizadas. Em qualquer pa\u00eds, \u00e9 fundamental respeitar limites legais sobre \u00edndices de reajuste e regras de prote\u00e7\u00e3o ao consumidor.<\/p>\n\n\n\n<h2 class=\"wp-block-heading\">Quais s\u00e3o os principais direitos do inquilino no arrendamento<\/h2>\n\n\n\n<p>Os direitos do inquilino seguem as normas gerais de loca\u00e7\u00e3o e os termos espec\u00edficos da op\u00e7\u00e3o de compra. O contrato deve tratar de garantia, reajustes, devolu\u00e7\u00e3o de valores, manuten\u00e7\u00e3o e requisitos para o exerc\u00edcio da op\u00e7\u00e3o, prevenindo conflitos na decis\u00e3o de compra ou sa\u00edda do im\u00f3vel.<\/p>\n\n\n\n<p>A lei costuma permitir liberdade para definir cau\u00e7\u00e3o, seguro-fian\u00e7a ou outros modelos de garantia, desde que respeitados limites legais. No Brasil, por exemplo, a <a href=\"https:\/\/www.planalto.gov.br\/ccivil_03\/leis\/l8245.htm\" target=\"_blank\" rel=\"noreferrer noopener\">Lei do Inquilinato <\/a>e o C\u00f3digo Civil s\u00e3o a base principal, raz\u00e3o pela qual copiar modelos estrangeiros sem adapta\u00e7\u00e3o pode gerar controv\u00e9rsias judiciais relevantes.<\/p>\n\n\n\n<figure class=\"wp-block-image\"><img decoding=\"async\" src=\"https:\/\/www.em.com.br\/emfoco\/wp-content\/uploads\/2025\/09\/inquilino-_1759011859136-1024x576.jpg\" alt=\"\"\/><figcaption class=\"wp-element-caption\">Problemas com inquilino &#8211; Cr\u00e9ditos: depositphotos.com \/ m.jilapong<\/figcaption><\/figure>\n\n\n\n<h2 class=\"wp-block-heading\">Em quais situa\u00e7\u00f5es o contrato de arrendamento pode ser rescindido<\/h2>\n\n\n\n<p>Mesmo quando h\u00e1 inten\u00e7\u00e3o de compra futura, o contrato de arrendamento pode ser encerrado antes do prazo final. A legisla\u00e7\u00e3o e o contrato indicam hip\u00f3teses em que propriet\u00e1rio e inquilino podem pedir a rescis\u00e3o, geralmente com consequ\u00eancias financeiras espec\u00edficas, como multas proporcionais.<\/p>\n\n\n\n<p>Do lado do propriet\u00e1rio, a rescis\u00e3o pode ocorrer por inadimpl\u00eancia, uso inadequado ou falta de conserva\u00e7\u00e3o relevante. J\u00e1 o inquilino pode rescindir quando o im\u00f3vel n\u00e3o oferece condi\u00e7\u00f5es adequadas de uso, apresenta defeitos graves ou por decis\u00e3o pr\u00f3pria, assumindo as penalidades previstas, inclusive eventual perda de sinal ou abatimentos.<\/p>\n\n\n\n<h2 class=\"wp-block-heading\">Quais s\u00e3o os benef\u00edcios do arrendamento imobili\u00e1rio como porta de entrada para a casa pr\u00f3pria<\/h2>\n\n\n\n<p>O arrendamento com op\u00e7\u00e3o de compra n\u00e3o substitui a legisla\u00e7\u00e3o de loca\u00e7\u00f5es, mas amplia as formas de acesso \u00e0 propriedade em um contexto de renda pressionada e juros vari\u00e1veis. No aluguel tradicional, o gasto mensal n\u00e3o retorna em forma de patrim\u00f4nio; nesse modelo h\u00edbrido, parte dos pagamentos pode ser direcionada para a aquisi\u00e7\u00e3o, se a op\u00e7\u00e3o for exercida.<\/p>\n\n\n\n<p>Esse modelo \u00e9 vantajoso para quem ainda n\u00e3o tem condi\u00e7\u00f5es de financiar imediatamente e deseja planejar a compra com prazo definido. Para propriet\u00e1rios, o arrendamento garante ocupa\u00e7\u00e3o cont\u00ednua do im\u00f3vel, previsibilidade de renda e uma perspectiva concreta de venda ao fim do contrato, respeitadas as exig\u00eancias de registro e tributa\u00e7\u00e3o.<\/p>\n\n\n\n<h2 class=\"wp-block-heading\">Quais vantagens o arrendamento oferece no atual mercado imobili\u00e1rio<\/h2>\n\n\n\n<p>Com aumento de aluguel em v\u00e1rias capitais, oscila\u00e7\u00f5es de juros e mudan\u00e7as no perfil de renda, adiar indefinidamente o plano de ter casa pr\u00f3pria pode significar ficar preso a reajustes anuais. O arrendamento imobili\u00e1rio surge como alternativa para quem n\u00e3o consegue financiar hoje, mas quer iniciar um caminho programado rumo \u00e0 propriedade, com regras claras.<\/p>\n\n\n\n<p>Nesse contexto, fam\u00edlias e investidores costumam avaliar alguns pontos importantes ao optar pelo arrendamento com op\u00e7\u00e3o de compra:<\/p>\n\n\n\n<ul class=\"wp-block-list\">\n<li>Transformar parte do aluguel em investimento no pr\u00f3prio im\u00f3vel, se a compra for efetivada.<\/li>\n\n\n\n<li>Negociar previamente pre\u00e7o, prazos e crit\u00e9rios de reajuste, reduzindo incertezas futuras.<\/li>\n\n\n\n<li>Ganhar tempo para organizar finan\u00e7as e hist\u00f3rico de cr\u00e9dito antes de buscar um financiamento tradicional.<\/li>\n\n\n\n<li>Garantir ao propriet\u00e1rio fluxo de renda cont\u00ednuo e maior seguran\u00e7a quanto \u00e0 venda futura do bem.<\/li>\n<\/ul>\n","protected":false},"excerpt":{"rendered":"<p>Ter um teto em nome pr\u00f3prio sempre foi um marco de seguran\u00e7a para muitas fam\u00edlias. Em um cen\u00e1rio de aluguel caro, renda apertada e cr\u00e9dito imobili\u00e1rio mais r\u00edgido, cresce o interesse por formas alternativas de acesso \u00e0 casa pr\u00f3pria, como o arrendamento imobili\u00e1rio com op\u00e7\u00e3o de compra. Esse modelo, amplamente utilizado na Espanha, cria uma [&hellip;]<\/p>\n","protected":false},"author":11,"featured_media":135911,"comment_status":"open","ping_status":"open","sticky":false,"template":"","format":"standard","meta":{"jnews-multi-image_gallery":[],"jnews_single_post":{"format":"standard"},"jnews_primary_category":[],"jnews_social_meta":[],"jnews_override_counter":[],"footnotes":""},"categories":[28,1],"tags":[1526,14807,19670,19824],"class_list":["post-135799","post","type-post","status-publish","format-standard","has-post-thumbnail","hentry","category-economia","category-noticias","tag-aluguel","tag-contrato","tag-contrato-de-aluguel","tag-imovel-2"],"yoast_head":"<!-- This site is optimized with the Yoast SEO plugin v23.8 - https:\/\/yoast.com\/wordpress\/plugins\/seo\/ -->\n<title>Fim da Lei do Inquilino: a partir de agora, todos os inquilinos poder\u00e3o se tornar propriet\u00e1rios do im\u00f3vel - Estado de Minas - Em foco<\/title>\n<meta name=\"description\" content=\"Veja como o arrendamento imobili\u00e1rio pode facilitar o acesso \u00e0 casa pr\u00f3pria, com pre\u00e7o definido, abatimentos e seguran\u00e7a jur\u00eddica no contrato.\" \/>\n<meta name=\"robots\" content=\"index, follow, max-snippet:-1, max-image-preview:large, max-video-preview:-1\" \/>\n<link rel=\"canonical\" href=\"https:\/\/www.em.com.br\/emfoco\/2025\/12\/05\/fim-da-lei-do-inquilino-a-partir-de-agora-todos-os-inquilinos-poderao-se-tornar-proprietarios-do-imovel\/\" \/>\n<meta property=\"og:locale\" content=\"pt_BR\" \/>\n<meta property=\"og:type\" content=\"article\" \/>\n<meta property=\"og:title\" content=\"Fim da Lei do Inquilino: a partir de agora, todos os inquilinos poder\u00e3o se tornar propriet\u00e1rios do im\u00f3vel - Estado de Minas - Em foco\" \/>\n<meta property=\"og:description\" content=\"Veja como o arrendamento imobili\u00e1rio pode facilitar o acesso \u00e0 casa pr\u00f3pria, com pre\u00e7o definido, abatimentos e seguran\u00e7a jur\u00eddica no contrato.\" \/>\n<meta property=\"og:url\" content=\"https:\/\/www.em.com.br\/emfoco\/2025\/12\/05\/fim-da-lei-do-inquilino-a-partir-de-agora-todos-os-inquilinos-poderao-se-tornar-proprietarios-do-imovel\/\" \/>\n<meta property=\"og:site_name\" content=\"Estado de Minas - Em foco\" \/>\n<meta property=\"article:published_time\" content=\"2025-12-05T13:05:00+00:00\" \/>\n<meta property=\"article:modified_time\" content=\"2025-12-04T21:41:31+00:00\" \/>\n<meta property=\"og:image\" content=\"https:\/\/www.em.com.br\/emfoco\/wp-content\/uploads\/2025\/12\/Gemini_Generated_Image_jenwdejenwdejenw-1.png\" \/>\n\t<meta property=\"og:image:width\" content=\"1280\" \/>\n\t<meta property=\"og:image:height\" content=\"720\" \/>\n\t<meta property=\"og:image:type\" content=\"image\/png\" \/>\n<meta name=\"author\" content=\"Andre\u0301 Rangel\u00a0\" \/>\n<meta name=\"twitter:card\" content=\"summary_large_image\" \/>\n<meta name=\"twitter:label1\" content=\"Escrito por\" \/>\n\t<meta name=\"twitter:data1\" content=\"Andre\u0301 Rangel\u00a0\" \/>\n\t<meta name=\"twitter:label2\" content=\"Est. tempo de leitura\" \/>\n\t<meta name=\"twitter:data2\" content=\"6 minutos\" \/>\n<!-- \/ Yoast SEO plugin. -->","yoast_head_json":{"title":"Fim da Lei do Inquilino: a partir de agora, todos os inquilinos poder\u00e3o se tornar propriet\u00e1rios do im\u00f3vel - Estado de Minas - Em foco","description":"Veja como o arrendamento imobili\u00e1rio pode facilitar o acesso \u00e0 casa pr\u00f3pria, com pre\u00e7o definido, abatimentos e seguran\u00e7a jur\u00eddica no contrato.","robots":{"index":"index","follow":"follow","max-snippet":"max-snippet:-1","max-image-preview":"max-image-preview:large","max-video-preview":"max-video-preview:-1"},"canonical":"https:\/\/www.em.com.br\/emfoco\/2025\/12\/05\/fim-da-lei-do-inquilino-a-partir-de-agora-todos-os-inquilinos-poderao-se-tornar-proprietarios-do-imovel\/","og_locale":"pt_BR","og_type":"article","og_title":"Fim da Lei do Inquilino: a partir de agora, todos os inquilinos poder\u00e3o se tornar propriet\u00e1rios do im\u00f3vel - Estado de Minas - Em foco","og_description":"Veja como o arrendamento imobili\u00e1rio pode facilitar o acesso \u00e0 casa pr\u00f3pria, com pre\u00e7o definido, abatimentos e seguran\u00e7a jur\u00eddica no contrato.","og_url":"https:\/\/www.em.com.br\/emfoco\/2025\/12\/05\/fim-da-lei-do-inquilino-a-partir-de-agora-todos-os-inquilinos-poderao-se-tornar-proprietarios-do-imovel\/","og_site_name":"Estado de Minas - Em foco","article_published_time":"2025-12-05T13:05:00+00:00","article_modified_time":"2025-12-04T21:41:31+00:00","og_image":[{"width":1280,"height":720,"url":"https:\/\/www.em.com.br\/emfoco\/wp-content\/uploads\/2025\/12\/Gemini_Generated_Image_jenwdejenwdejenw-1.png","type":"image\/png"}],"author":"Andre\u0301 Rangel\u00a0","twitter_card":"summary_large_image","twitter_misc":{"Escrito por":"Andre\u0301 Rangel\u00a0","Est. tempo de leitura":"6 minutos"},"schema":{"@context":"https:\/\/schema.org","@graph":[{"@type":"WebPage","@id":"https:\/\/www.em.com.br\/emfoco\/2025\/12\/05\/fim-da-lei-do-inquilino-a-partir-de-agora-todos-os-inquilinos-poderao-se-tornar-proprietarios-do-imovel\/","url":"https:\/\/www.em.com.br\/emfoco\/2025\/12\/05\/fim-da-lei-do-inquilino-a-partir-de-agora-todos-os-inquilinos-poderao-se-tornar-proprietarios-do-imovel\/","name":"Fim da Lei do Inquilino: a partir de agora, todos os inquilinos poder\u00e3o se tornar propriet\u00e1rios do im\u00f3vel - Estado de Minas - Em foco","isPartOf":{"@id":"https:\/\/www.em.com.br\/emfoco\/#website"},"primaryImageOfPage":{"@id":"https:\/\/www.em.com.br\/emfoco\/2025\/12\/05\/fim-da-lei-do-inquilino-a-partir-de-agora-todos-os-inquilinos-poderao-se-tornar-proprietarios-do-imovel\/#primaryimage"},"image":{"@id":"https:\/\/www.em.com.br\/emfoco\/2025\/12\/05\/fim-da-lei-do-inquilino-a-partir-de-agora-todos-os-inquilinos-poderao-se-tornar-proprietarios-do-imovel\/#primaryimage"},"thumbnailUrl":"https:\/\/www.em.com.br\/emfoco\/wp-content\/uploads\/2025\/12\/Gemini_Generated_Image_jenwdejenwdejenw-1.png","datePublished":"2025-12-05T13:05:00+00:00","dateModified":"2025-12-04T21:41:31+00:00","author":{"@id":"https:\/\/www.em.com.br\/emfoco\/#\/schema\/person\/60eda09c1fedf0d6891f4cef4b60b8b8"},"description":"Veja como o arrendamento imobili\u00e1rio pode facilitar o acesso \u00e0 casa pr\u00f3pria, com pre\u00e7o definido, abatimentos e seguran\u00e7a jur\u00eddica no contrato.","breadcrumb":{"@id":"https:\/\/www.em.com.br\/emfoco\/2025\/12\/05\/fim-da-lei-do-inquilino-a-partir-de-agora-todos-os-inquilinos-poderao-se-tornar-proprietarios-do-imovel\/#breadcrumb"},"inLanguage":"pt-BR","potentialAction":[{"@type":"ReadAction","target":["https:\/\/www.em.com.br\/emfoco\/2025\/12\/05\/fim-da-lei-do-inquilino-a-partir-de-agora-todos-os-inquilinos-poderao-se-tornar-proprietarios-do-imovel\/"]}]},{"@type":"ImageObject","inLanguage":"pt-BR","@id":"https:\/\/www.em.com.br\/emfoco\/2025\/12\/05\/fim-da-lei-do-inquilino-a-partir-de-agora-todos-os-inquilinos-poderao-se-tornar-proprietarios-do-imovel\/#primaryimage","url":"https:\/\/www.em.com.br\/emfoco\/wp-content\/uploads\/2025\/12\/Gemini_Generated_Image_jenwdejenwdejenw-1.png","contentUrl":"https:\/\/www.em.com.br\/emfoco\/wp-content\/uploads\/2025\/12\/Gemini_Generated_Image_jenwdejenwdejenw-1.png","width":1280,"height":720,"caption":"Arrendamento imobili\u00e1rio explicado passo a passo"},{"@type":"BreadcrumbList","@id":"https:\/\/www.em.com.br\/emfoco\/2025\/12\/05\/fim-da-lei-do-inquilino-a-partir-de-agora-todos-os-inquilinos-poderao-se-tornar-proprietarios-do-imovel\/#breadcrumb","itemListElement":[{"@type":"ListItem","position":1,"name":"In\u00edcio","item":"https:\/\/www.em.com.br\/emfoco\/"},{"@type":"ListItem","position":2,"name":"Fim da Lei do Inquilino: a partir de agora, todos os inquilinos poder\u00e3o se tornar propriet\u00e1rios do im\u00f3vel"}]},{"@type":"WebSite","@id":"https:\/\/www.em.com.br\/emfoco\/#website","url":"https:\/\/www.em.com.br\/emfoco\/","name":"Estado de Minas - Em foco","description":"Acompanhe as \u00faltimas not\u00edcias e fique bem informado sobre tudo o que acontece em Minas Gerais, Brasil e no mundo.","potentialAction":[{"@type":"SearchAction","target":{"@type":"EntryPoint","urlTemplate":"https:\/\/www.em.com.br\/emfoco\/?s={search_term_string}"},"query-input":{"@type":"PropertyValueSpecification","valueRequired":true,"valueName":"search_term_string"}}],"inLanguage":"pt-BR"},{"@type":"Person","@id":"https:\/\/www.em.com.br\/emfoco\/#\/schema\/person\/60eda09c1fedf0d6891f4cef4b60b8b8","name":"Andre\u0301 Rangel\u00a0","image":{"@type":"ImageObject","inLanguage":"pt-BR","@id":"https:\/\/www.em.com.br\/emfoco\/#\/schema\/person\/image\/","url":"https:\/\/secure.gravatar.com\/avatar\/6234dc814c77c8ef6d8bba622c787efc?s=96&d=mm&r=g","contentUrl":"https:\/\/secure.gravatar.com\/avatar\/6234dc814c77c8ef6d8bba622c787efc?s=96&d=mm&r=g","caption":"Andre\u0301 Rangel\u00a0"},"url":"https:\/\/www.em.com.br\/emfoco\/author\/luizmyth\/"}]}},"_links":{"self":[{"href":"https:\/\/www.em.com.br\/emfoco\/wp-json\/wp\/v2\/posts\/135799","targetHints":{"allow":["GET"]}}],"collection":[{"href":"https:\/\/www.em.com.br\/emfoco\/wp-json\/wp\/v2\/posts"}],"about":[{"href":"https:\/\/www.em.com.br\/emfoco\/wp-json\/wp\/v2\/types\/post"}],"author":[{"embeddable":true,"href":"https:\/\/www.em.com.br\/emfoco\/wp-json\/wp\/v2\/users\/11"}],"replies":[{"embeddable":true,"href":"https:\/\/www.em.com.br\/emfoco\/wp-json\/wp\/v2\/comments?post=135799"}],"version-history":[{"count":3,"href":"https:\/\/www.em.com.br\/emfoco\/wp-json\/wp\/v2\/posts\/135799\/revisions"}],"predecessor-version":[{"id":135916,"href":"https:\/\/www.em.com.br\/emfoco\/wp-json\/wp\/v2\/posts\/135799\/revisions\/135916"}],"wp:featuredmedia":[{"embeddable":true,"href":"https:\/\/www.em.com.br\/emfoco\/wp-json\/wp\/v2\/media\/135911"}],"wp:attachment":[{"href":"https:\/\/www.em.com.br\/emfoco\/wp-json\/wp\/v2\/media?parent=135799"}],"wp:term":[{"taxonomy":"category","embeddable":true,"href":"https:\/\/www.em.com.br\/emfoco\/wp-json\/wp\/v2\/categories?post=135799"},{"taxonomy":"post_tag","embeddable":true,"href":"https:\/\/www.em.com.br\/emfoco\/wp-json\/wp\/v2\/tags?post=135799"}],"curies":[{"name":"wp","href":"https:\/\/api.w.org\/{rel}","templated":true}]}}