{"id":135787,"date":"2025-12-05T13:45:00","date_gmt":"2025-12-05T16:45:00","guid":{"rendered":"https:\/\/www.em.com.br\/emfoco\/?p=135787"},"modified":"2025-12-04T18:41:55","modified_gmt":"2025-12-04T21:41:55","slug":"inspecao-veicular-reprovada-agora-os-veiculos-devem-ser-submetidos-a-inspecao-duas-vezes-por-ano-por-ordem-do-governo","status":"publish","type":"post","link":"https:\/\/www.em.com.br\/emfoco\/2025\/12\/05\/inspecao-veicular-reprovada-agora-os-veiculos-devem-ser-submetidos-a-inspecao-duas-vezes-por-ano-por-ordem-do-governo\/","title":{"rendered":"Inspe\u00e7\u00e3o veicular reprovada: agora os ve\u00edculos devem ser submetidos a inspe\u00e7\u00e3o duas vezes por ano por ordem do Governo"},"content":{"rendered":"\n<p>Quando voc\u00ea entra em um \u00f4nibus, van escolar ou v\u00ea um caminh\u00e3o enorme na estrada, j\u00e1 pensou se aquele ve\u00edculo est\u00e1 realmente em condi\u00e7\u00f5es seguras de rodar? A Revis\u00e3o T\u00e9cnica Obrigat\u00f3ria, ou RTO, existe justamente para que esses ve\u00edculos n\u00e3o virem um risco na sua frente, atr\u00e1s de voc\u00ea ou levando seus filhos para a escola. \u00c9 um controle que, quando ignorado, pode resultar em acidentes graves, multas pesadas e at\u00e9 na apreens\u00e3o do ve\u00edculo.<\/p>\n\n\n\n<h2 class=\"wp-block-heading\">O que \u00e9 a Revis\u00e3o T\u00e9cnica Obrigat\u00f3ria e qual \u00e9 sua finalidade<\/h2>\n\n\n\n<p>A&nbsp;<strong>Revis\u00e3o T\u00e9cnica Obrigat\u00f3ria<\/strong>&nbsp;\u00e9 uma checagem peri\u00f3dica que avalia se ve\u00edculos de&nbsp;<strong>transporte de cargas e passageiros que rodam pelo pa\u00eds<\/strong>&nbsp;est\u00e3o em condi\u00e7\u00f5es m\u00ednimas de seguran\u00e7a e funcionamento. Em vez de ser s\u00f3 aquela olhadinha r\u00e1pida do dia a dia, \u00e9 uma inspe\u00e7\u00e3o mais s\u00e9ria, feita seguindo regras federais, focada justamente em quem trabalha na estrada.<\/p>\n\n\n\n<p>Na RTO, equipes treinadas fazem testes espec\u00edficos nos itens mais importantes do ve\u00edculo, verificando desgaste de pe\u00e7as, poss\u00edveis falhas e se ele est\u00e1 realmente pronto para continuar rodando com frequ\u00eancia. No Brasil, essa revis\u00e3o convive com outras inspe\u00e7\u00f5es, como as exigidas para t\u00e1xis, transporte escolar, <a href=\"https:\/\/www.querocomgas.com.br\/blog\/gnv-descubra-as-vantages-para-seu-carro\" target=\"_blank\" rel=\"noreferrer noopener\">carros com GNV<\/a> e vistorias para transfer\u00eancia, j\u00e1 que n\u00e3o existe ainda uma inspe\u00e7\u00e3o nacional anual obrigat\u00f3ria para todos os carros de passeio em 2026.<\/p>\n\n\n\n<figure class=\"wp-block-image\"><img decoding=\"async\" src=\"https:\/\/www.em.com.br\/emfoco\/wp-content\/uploads\/2025\/03\/acessorio-carro_1742399760407-1024x576.jpg\" alt=\"\"\/><figcaption class=\"wp-element-caption\">Revis\u00e3o T\u00e9cnica Obrigat\u00f3ria import\u00e2ncia da aprova\u00e7\u00e3o &#8211; Cr\u00e9ditos: depositphotos.com \/ VitalikRadko<\/figcaption><\/figure>\n\n\n\n<h2 class=\"wp-block-heading\">Com que frequ\u00eancia a Revis\u00e3o T\u00e9cnica Obrigat\u00f3ria deve ser realizada<\/h2>\n\n\n\n<p>A frequ\u00eancia da RTO muda conforme o tipo de ve\u00edculo e o tempo de uso, ela \u00e9 mais frequente do que a verifica\u00e7\u00e3o comum feita em ve\u00edculos de passeio. Para ve\u00edculos de transporte coletivo que rodam em rotas nacionais, a validade de cada inspe\u00e7\u00e3o costuma ser de 6 meses, principalmente quando o ve\u00edculo est\u00e1 em opera\u00e7\u00e3o intensa, rodando praticamente todos os dias, indicou a\u00a0<br><strong><em>C\u00e2mara Argentina de Transporte Rodovi\u00e1rio de Mercadorias e Res\u00edduos Perigosos<\/em>\u00a0(CATAMP)<\/strong>.<\/p>\n\n\n\n<p>No Brasil, \u00f4nibus e ve\u00edculos escolares com 10 ou mais lugares podem passar pela primeira inspe\u00e7\u00e3o j\u00e1 6 meses depois de serem emplacados. Em seguida, a revis\u00e3o tende a ser anual at\u00e9 que o ve\u00edculo complete 2 anos de uso; depois disso, a frequ\u00eancia volta a ser semestral. Em muitas cidades, t\u00e1xis, vans e ve\u00edculos com GNV seguem l\u00f3gica parecida, com revis\u00f5es de tempos em tempos, enquanto a vistoria para transfer\u00eancia \u00e9 feita em momentos pontuais, como na venda do ve\u00edculo.<\/p>\n\n\n\n<div style=\"width:100%; max-width:1100px; margin:auto; background:#e8f1ff; border:3px solid #1d4ed8; padding:25px; font-family:Arial; border-radius:12px; aspect-ratio:16\/9; display:flex; flex-direction:column; justify-content:center;\">\n\n    <h2 style=\"text-align:center; color:#1d4ed8; margin-bottom:20px;\">\n        Etapas da inspe\u00e7\u00e3o \/ vistoria veicular\n    <\/h2>\n\n    <div style=\"font-size:16px; color:#000; line-height:1.5;\">\n\n        <div style=\"margin-bottom:15px;\">\n            <strong>\u27a4 Avalia\u00e7\u00e3o documental e identifica\u00e7\u00e3o<\/strong><br>\n            \u2022 Confer\u00eancia de dados do ve\u00edculo (cor, marca, modelo, ano, combust\u00edvel) com RENAVAM e CRLV\/ATPV-e.<br>\n            \u2022 Checagem do chassi, motor, placas e etiquetas para confirmar originalidade e evitar adultera\u00e7\u00f5es.\n        <\/div>\n\n        <div style=\"margin-bottom:15px;\">\n            <strong>\u27a4 Avalia\u00e7\u00e3o f\u00edsica e de seguran\u00e7a<\/strong><br>\n            \u2022 Verifica\u00e7\u00e3o de itens obrigat\u00f3rios: cintos, tri\u00e2ngulo, estepe, macaco, chave de roda, retrovisores e janelas.<br>\n            \u2022 Sistemas analisados:<br>\n            \u2013 Ilumina\u00e7\u00e3o e sinaliza\u00e7\u00e3o (far\u00f3is, lanternas, freio, r\u00e9, setas).<br>\n            \u2013 Freios (efici\u00eancia e conserva\u00e7\u00e3o).<br>\n            \u2013 Suspens\u00e3o e pneus (incluindo estepe).<br>\n            \u2013 Sistema el\u00e9trico geral.<br>\n            \u2013 Emiss\u00e3o de poluentes (quando aplic\u00e1vel).\n        <\/div>\n\n        <div>\n            <strong>\u27a4 Altera\u00e7\u00f5es e modifica\u00e7\u00f5es<\/strong><br>\n            \u2022 Verifica\u00e7\u00e3o de mudan\u00e7as n\u00e3o autorizadas.<br>\n            \u2022 Confer\u00eancia de CSV quando houver GNV ou outras altera\u00e7\u00f5es estruturais.\n        <\/div>\n\n    <\/div>\n<\/div>\n\n\n\n\n<h2 class=\"wp-block-heading\">Quais itens s\u00e3o verificados na Revis\u00e3o T\u00e9cnica Obrigat\u00f3ria<\/h2>\n\n\n\n<p>Na RTO, diversos componentes s\u00e3o avaliados de maneira padronizada para garantir seguran\u00e7a, um m\u00ednimo de conforto e respeito ao meio ambiente. Abaixo est\u00e3o os principais pontos analisados nas revis\u00f5es t\u00e9cnicas obrigat\u00f3rias:<\/p>\n\n\n\n<ul class=\"wp-block-list\">\n<li><strong>Sistema de freios:<\/strong>\u00a0se o ve\u00edculo freia bem, sem puxar para o lado e sem vazamentos;<\/li>\n\n\n\n<li><strong>Suspens\u00e3o e dire\u00e7\u00e3o:<\/strong>\u00a0se n\u00e3o h\u00e1 folgas, se o ve\u00edculo est\u00e1 firme na pista e responde bem ao volante;<\/li>\n\n\n\n<li><strong>Pneus e rodas:<\/strong>\u00a0se os sulcos n\u00e3o est\u00e3o carecas, se n\u00e3o h\u00e1 desgaste estranho e se tudo est\u00e1 em bom estado;<\/li>\n\n\n\n<li><strong>Ilumina\u00e7\u00e3o e sinaliza\u00e7\u00e3o:<\/strong>\u00a0far\u00f3is, lanternas, pisca-alerta, setas e luz de freio funcionando corretamente;<\/li>\n\n\n\n<li><strong>Itens de seguran\u00e7a:<\/strong>\u00a0cintos em bom estado, extintor (quando exigido) e sa\u00eddas de emerg\u00eancia acess\u00edveis;<\/li>\n\n\n\n<li><strong>Emiss\u00f5es de gases:<\/strong>\u00a0se o ve\u00edculo n\u00e3o est\u00e1 soltando fuma\u00e7a e poluentes acima do permitido;<\/li>\n\n\n\n<li><strong>Conforto e acessibilidade:<\/strong>\u00a0estado dos assentos, ventila\u00e7\u00e3o e acesso adequado em \u00f4nibus, inclusive para pessoas com dificuldade de locomo\u00e7\u00e3o.<\/li>\n<\/ul>\n\n\n\n<p>Quando o <a href=\"https:\/\/www.em.com.br\/emfoco\/2025\/11\/02\/adeus-a-cnh-4-veiculos-mais-populares-dispensam-o-uso-do-documento-com-lei-vigente-em-2025\/\" target=\"_blank\" rel=\"noreferrer noopener\">ve\u00edculo <\/a>\u00e9 aprovado, \u00e9 emitido um certificado com prazo de validade definido, que precisa ser mantido dentro do ve\u00edculo para ser apresentado em fiscaliza\u00e7\u00f5es. Em inspe\u00e7\u00f5es ligadas ao licenciamento, ao transporte p\u00fablico e ao uso de GNV, a l\u00f3gica \u00e9 parecida, sempre observando tamb\u00e9m as normas do Inmetro e demais regulamenta\u00e7\u00f5es vigentes.<\/p>\n\n\n\n<h2 class=\"wp-block-heading\">Por que cumprir a Revis\u00e3o T\u00e9cnica Obrigat\u00f3ria \u00e9 essencial para o transporte<\/h2>\n\n\n\n<p>Fazer a&nbsp;<strong>Revis\u00e3o T\u00e9cnica Obrigat\u00f3ria<\/strong>&nbsp;em dia n\u00e3o \u00e9 apenas \u201ccumprir tabela\u201d: \u00e9 uma forma direta de evitar acidentes, garantir a continuidade do servi\u00e7o e proteger passageiros, motoristas, pedestres e cargas. Frotas que levam a RTO a s\u00e9rio costumam ter menos quebras graves, menos paradas inesperadas e maior tempo de ve\u00edculo dispon\u00edvel para trabalhar, o que impacta diretamente na seguran\u00e7a e no bolso.<\/p>\n\n\n\n<p>No Brasil, manter todas as inspe\u00e7\u00f5es em dia \u2014 sejam RTO federais, inspe\u00e7\u00f5es municipais semestrais para t\u00e1xis e escolares, revis\u00f5es anuais de GNV ou vistorias para transfer\u00eancia \u2014 \u00e9 condi\u00e7\u00e3o b\u00e1sica para licenciar o ve\u00edculo e continuar rodando de forma legal. Em 2026, mesmo sem uma inspe\u00e7\u00e3o nacional obrigat\u00f3ria para todos os carros de passeio, as regras estaduais e municipais continuam sendo decisivas para garantir uma circula\u00e7\u00e3o mais segura, respons\u00e1vel e com menos impacto ambiental.<\/p>\n\n\n\n<p>Se voc\u00ea \u00e9 dono de frota, motorista profissional ou respons\u00e1vel por transporte de pessoas ou cargas, n\u00e3o espere o problema aparecer na estrada ou em uma blitz. Verifique agora a situa\u00e7\u00e3o das revis\u00f5es, acerte o que estiver pendente e encare a RTO como um investimento em seguran\u00e7a e em tranquilidade. A pr\u00f3xima viagem pode depender da decis\u00e3o que voc\u00ea toma hoje.<\/p>\n","protected":false},"excerpt":{"rendered":"<p>Quando voc\u00ea entra em um \u00f4nibus, van escolar ou v\u00ea um caminh\u00e3o enorme na estrada, j\u00e1 pensou se aquele ve\u00edculo est\u00e1 realmente em condi\u00e7\u00f5es seguras de rodar? A Revis\u00e3o T\u00e9cnica Obrigat\u00f3ria, ou RTO, existe justamente para que esses ve\u00edculos n\u00e3o virem um risco na sua frente, atr\u00e1s de voc\u00ea ou levando seus filhos para a [&hellip;]<\/p>\n","protected":false},"author":11,"featured_media":135898,"comment_status":"open","ping_status":"open","sticky":false,"template":"","format":"standard","meta":{"jnews-multi-image_gallery":[],"jnews_single_post":{"format":"standard"},"jnews_primary_category":[],"jnews_social_meta":[],"jnews_override_counter":[],"footnotes":""},"categories":[27,1],"tags":[1116,534,19832],"class_list":["post-135787","post","type-post","status-publish","format-standard","has-post-thumbnail","hentry","category-carros","category-noticias","tag-carros","tag-veiculos","tag-vistoria-obrigatoria"],"yoast_head":"<!-- This site is optimized with the Yoast SEO plugin v23.8 - https:\/\/yoast.com\/wordpress\/plugins\/seo\/ -->\n<title>Inspe\u00e7\u00e3o veicular reprovada: agora os ve\u00edculos devem ser submetidos a inspe\u00e7\u00e3o duas vezes por ano por ordem do Governo - Estado de Minas - Em foco<\/title>\n<meta name=\"description\" content=\"Veja como funciona a Revis\u00e3o T\u00e9cnica Obrigat\u00f3ria e por que ela \u00e9 essencial para reduzir acidentes, evitar multas e garantir seguran\u00e7a no transporte.\" \/>\n<meta name=\"robots\" content=\"index, follow, max-snippet:-1, max-image-preview:large, max-video-preview:-1\" \/>\n<link rel=\"canonical\" href=\"https:\/\/www.em.com.br\/emfoco\/2025\/12\/05\/inspecao-veicular-reprovada-agora-os-veiculos-devem-ser-submetidos-a-inspecao-duas-vezes-por-ano-por-ordem-do-governo\/\" \/>\n<meta property=\"og:locale\" content=\"pt_BR\" \/>\n<meta property=\"og:type\" content=\"article\" \/>\n<meta property=\"og:title\" content=\"Inspe\u00e7\u00e3o veicular reprovada: agora os ve\u00edculos devem ser submetidos a inspe\u00e7\u00e3o duas vezes por ano por ordem do Governo - Estado de Minas - Em foco\" \/>\n<meta property=\"og:description\" content=\"Veja como funciona a Revis\u00e3o T\u00e9cnica Obrigat\u00f3ria e por que ela \u00e9 essencial para reduzir acidentes, evitar multas e garantir seguran\u00e7a no transporte.\" \/>\n<meta property=\"og:url\" content=\"https:\/\/www.em.com.br\/emfoco\/2025\/12\/05\/inspecao-veicular-reprovada-agora-os-veiculos-devem-ser-submetidos-a-inspecao-duas-vezes-por-ano-por-ordem-do-governo\/\" \/>\n<meta property=\"og:site_name\" content=\"Estado de Minas - Em foco\" \/>\n<meta property=\"article:published_time\" content=\"2025-12-05T16:45:00+00:00\" \/>\n<meta property=\"article:modified_time\" content=\"2025-12-04T21:41:55+00:00\" \/>\n<meta property=\"og:image\" content=\"https:\/\/www.em.com.br\/emfoco\/wp-content\/uploads\/2025\/12\/Gemini_Generated_Image_wjkxy4wjkxy4wjkx-1.png\" \/>\n\t<meta property=\"og:image:width\" content=\"1280\" \/>\n\t<meta property=\"og:image:height\" content=\"720\" \/>\n\t<meta property=\"og:image:type\" content=\"image\/png\" \/>\n<meta name=\"author\" content=\"Andre\u0301 Rangel\u00a0\" \/>\n<meta name=\"twitter:card\" content=\"summary_large_image\" \/>\n<meta name=\"twitter:label1\" content=\"Escrito por\" \/>\n\t<meta name=\"twitter:data1\" content=\"Andre\u0301 Rangel\u00a0\" \/>\n\t<meta name=\"twitter:label2\" content=\"Est. tempo de leitura\" \/>\n\t<meta name=\"twitter:data2\" content=\"6 minutos\" \/>\n<!-- \/ Yoast SEO plugin. -->","yoast_head_json":{"title":"Inspe\u00e7\u00e3o veicular reprovada: agora os ve\u00edculos devem ser submetidos a inspe\u00e7\u00e3o duas vezes por ano por ordem do Governo - Estado de Minas - Em foco","description":"Veja como funciona a Revis\u00e3o T\u00e9cnica Obrigat\u00f3ria e por que ela \u00e9 essencial para reduzir acidentes, evitar multas e garantir seguran\u00e7a no transporte.","robots":{"index":"index","follow":"follow","max-snippet":"max-snippet:-1","max-image-preview":"max-image-preview:large","max-video-preview":"max-video-preview:-1"},"canonical":"https:\/\/www.em.com.br\/emfoco\/2025\/12\/05\/inspecao-veicular-reprovada-agora-os-veiculos-devem-ser-submetidos-a-inspecao-duas-vezes-por-ano-por-ordem-do-governo\/","og_locale":"pt_BR","og_type":"article","og_title":"Inspe\u00e7\u00e3o veicular reprovada: agora os ve\u00edculos devem ser submetidos a inspe\u00e7\u00e3o duas vezes por ano por ordem do Governo - Estado de Minas - Em foco","og_description":"Veja como funciona a Revis\u00e3o T\u00e9cnica Obrigat\u00f3ria e por que ela \u00e9 essencial para reduzir acidentes, evitar multas e garantir seguran\u00e7a no transporte.","og_url":"https:\/\/www.em.com.br\/emfoco\/2025\/12\/05\/inspecao-veicular-reprovada-agora-os-veiculos-devem-ser-submetidos-a-inspecao-duas-vezes-por-ano-por-ordem-do-governo\/","og_site_name":"Estado de Minas - Em foco","article_published_time":"2025-12-05T16:45:00+00:00","article_modified_time":"2025-12-04T21:41:55+00:00","og_image":[{"width":1280,"height":720,"url":"https:\/\/www.em.com.br\/emfoco\/wp-content\/uploads\/2025\/12\/Gemini_Generated_Image_wjkxy4wjkxy4wjkx-1.png","type":"image\/png"}],"author":"Andre\u0301 Rangel\u00a0","twitter_card":"summary_large_image","twitter_misc":{"Escrito por":"Andre\u0301 Rangel\u00a0","Est. tempo de leitura":"6 minutos"},"schema":{"@context":"https:\/\/schema.org","@graph":[{"@type":"WebPage","@id":"https:\/\/www.em.com.br\/emfoco\/2025\/12\/05\/inspecao-veicular-reprovada-agora-os-veiculos-devem-ser-submetidos-a-inspecao-duas-vezes-por-ano-por-ordem-do-governo\/","url":"https:\/\/www.em.com.br\/emfoco\/2025\/12\/05\/inspecao-veicular-reprovada-agora-os-veiculos-devem-ser-submetidos-a-inspecao-duas-vezes-por-ano-por-ordem-do-governo\/","name":"Inspe\u00e7\u00e3o veicular reprovada: agora os ve\u00edculos devem ser submetidos a inspe\u00e7\u00e3o duas vezes por ano por ordem do Governo - Estado de Minas - Em foco","isPartOf":{"@id":"https:\/\/www.em.com.br\/emfoco\/#website"},"primaryImageOfPage":{"@id":"https:\/\/www.em.com.br\/emfoco\/2025\/12\/05\/inspecao-veicular-reprovada-agora-os-veiculos-devem-ser-submetidos-a-inspecao-duas-vezes-por-ano-por-ordem-do-governo\/#primaryimage"},"image":{"@id":"https:\/\/www.em.com.br\/emfoco\/2025\/12\/05\/inspecao-veicular-reprovada-agora-os-veiculos-devem-ser-submetidos-a-inspecao-duas-vezes-por-ano-por-ordem-do-governo\/#primaryimage"},"thumbnailUrl":"https:\/\/www.em.com.br\/emfoco\/wp-content\/uploads\/2025\/12\/Gemini_Generated_Image_wjkxy4wjkxy4wjkx-1.png","datePublished":"2025-12-05T16:45:00+00:00","dateModified":"2025-12-04T21:41:55+00:00","author":{"@id":"https:\/\/www.em.com.br\/emfoco\/#\/schema\/person\/60eda09c1fedf0d6891f4cef4b60b8b8"},"description":"Veja como funciona a Revis\u00e3o T\u00e9cnica Obrigat\u00f3ria e por que ela \u00e9 essencial para reduzir acidentes, evitar multas e garantir seguran\u00e7a no transporte.","breadcrumb":{"@id":"https:\/\/www.em.com.br\/emfoco\/2025\/12\/05\/inspecao-veicular-reprovada-agora-os-veiculos-devem-ser-submetidos-a-inspecao-duas-vezes-por-ano-por-ordem-do-governo\/#breadcrumb"},"inLanguage":"pt-BR","potentialAction":[{"@type":"ReadAction","target":["https:\/\/www.em.com.br\/emfoco\/2025\/12\/05\/inspecao-veicular-reprovada-agora-os-veiculos-devem-ser-submetidos-a-inspecao-duas-vezes-por-ano-por-ordem-do-governo\/"]}]},{"@type":"ImageObject","inLanguage":"pt-BR","@id":"https:\/\/www.em.com.br\/emfoco\/2025\/12\/05\/inspecao-veicular-reprovada-agora-os-veiculos-devem-ser-submetidos-a-inspecao-duas-vezes-por-ano-por-ordem-do-governo\/#primaryimage","url":"https:\/\/www.em.com.br\/emfoco\/wp-content\/uploads\/2025\/12\/Gemini_Generated_Image_wjkxy4wjkxy4wjkx-1.png","contentUrl":"https:\/\/www.em.com.br\/emfoco\/wp-content\/uploads\/2025\/12\/Gemini_Generated_Image_wjkxy4wjkxy4wjkx-1.png","width":1280,"height":720,"caption":"Revis\u00e3o T\u00e9cnica Obrigat\u00f3ria seguran\u00e7a no transporte"},{"@type":"BreadcrumbList","@id":"https:\/\/www.em.com.br\/emfoco\/2025\/12\/05\/inspecao-veicular-reprovada-agora-os-veiculos-devem-ser-submetidos-a-inspecao-duas-vezes-por-ano-por-ordem-do-governo\/#breadcrumb","itemListElement":[{"@type":"ListItem","position":1,"name":"In\u00edcio","item":"https:\/\/www.em.com.br\/emfoco\/"},{"@type":"ListItem","position":2,"name":"Inspe\u00e7\u00e3o veicular reprovada: agora os ve\u00edculos devem ser submetidos a inspe\u00e7\u00e3o duas vezes por ano por ordem do Governo"}]},{"@type":"WebSite","@id":"https:\/\/www.em.com.br\/emfoco\/#website","url":"https:\/\/www.em.com.br\/emfoco\/","name":"Estado de Minas - Em foco","description":"Acompanhe as \u00faltimas not\u00edcias e fique bem informado sobre tudo o que acontece em Minas Gerais, Brasil e no mundo.","potentialAction":[{"@type":"SearchAction","target":{"@type":"EntryPoint","urlTemplate":"https:\/\/www.em.com.br\/emfoco\/?s={search_term_string}"},"query-input":{"@type":"PropertyValueSpecification","valueRequired":true,"valueName":"search_term_string"}}],"inLanguage":"pt-BR"},{"@type":"Person","@id":"https:\/\/www.em.com.br\/emfoco\/#\/schema\/person\/60eda09c1fedf0d6891f4cef4b60b8b8","name":"Andre\u0301 Rangel\u00a0","image":{"@type":"ImageObject","inLanguage":"pt-BR","@id":"https:\/\/www.em.com.br\/emfoco\/#\/schema\/person\/image\/","url":"https:\/\/secure.gravatar.com\/avatar\/6234dc814c77c8ef6d8bba622c787efc?s=96&d=mm&r=g","contentUrl":"https:\/\/secure.gravatar.com\/avatar\/6234dc814c77c8ef6d8bba622c787efc?s=96&d=mm&r=g","caption":"Andre\u0301 Rangel\u00a0"},"url":"https:\/\/www.em.com.br\/emfoco\/author\/luizmyth\/"}]}},"_links":{"self":[{"href":"https:\/\/www.em.com.br\/emfoco\/wp-json\/wp\/v2\/posts\/135787","targetHints":{"allow":["GET"]}}],"collection":[{"href":"https:\/\/www.em.com.br\/emfoco\/wp-json\/wp\/v2\/posts"}],"about":[{"href":"https:\/\/www.em.com.br\/emfoco\/wp-json\/wp\/v2\/types\/post"}],"author":[{"embeddable":true,"href":"https:\/\/www.em.com.br\/emfoco\/wp-json\/wp\/v2\/users\/11"}],"replies":[{"embeddable":true,"href":"https:\/\/www.em.com.br\/emfoco\/wp-json\/wp\/v2\/comments?post=135787"}],"version-history":[{"count":4,"href":"https:\/\/www.em.com.br\/emfoco\/wp-json\/wp\/v2\/posts\/135787\/revisions"}],"predecessor-version":[{"id":135899,"href":"https:\/\/www.em.com.br\/emfoco\/wp-json\/wp\/v2\/posts\/135787\/revisions\/135899"}],"wp:featuredmedia":[{"embeddable":true,"href":"https:\/\/www.em.com.br\/emfoco\/wp-json\/wp\/v2\/media\/135898"}],"wp:attachment":[{"href":"https:\/\/www.em.com.br\/emfoco\/wp-json\/wp\/v2\/media?parent=135787"}],"wp:term":[{"taxonomy":"category","embeddable":true,"href":"https:\/\/www.em.com.br\/emfoco\/wp-json\/wp\/v2\/categories?post=135787"},{"taxonomy":"post_tag","embeddable":true,"href":"https:\/\/www.em.com.br\/emfoco\/wp-json\/wp\/v2\/tags?post=135787"}],"curies":[{"name":"wp","href":"https:\/\/api.w.org\/{rel}","templated":true}]}}