{"id":135777,"date":"2025-12-07T10:15:00","date_gmt":"2025-12-07T13:15:00","guid":{"rendered":"https:\/\/www.em.com.br\/emfoco\/?p=135777"},"modified":"2025-12-04T16:50:25","modified_gmt":"2025-12-04T19:50:25","slug":"tres-alongamentos-suaves-que-avisam-seu-corpo-que-e-hora-de-dormir","status":"publish","type":"post","link":"https:\/\/www.em.com.br\/emfoco\/2025\/12\/07\/tres-alongamentos-suaves-que-avisam-seu-corpo-que-e-hora-de-dormir\/","title":{"rendered":"Tr\u00eas alongamentos suaves que avisam seu corpo que \u00e9 hora de dormir"},"content":{"rendered":"\n<p>Muitas pessoas chegam ao fim do dia com o corpo tenso, a mente acelerada e a sensa\u00e7\u00e3o de que n\u00e3o v\u00e3o conseguir relaxar. O <strong>alongamento silencioso<\/strong> oferece uma rotina simples que suaviza o corpo e prepara o organismo para um sono profundo.<\/p>\n\n\n\n<h2 class=\"wp-block-heading\">Como o alongamento silencioso age no corpo durante a noite?<\/h2>\n\n\n\n<p>O m\u00e9todo atua liberando tens\u00f5es acumuladas em \u00e1reas como lombar, ombros e pesco\u00e7o, enviando sinais ao <strong>sistema nervoso<\/strong> para desacelerar. Essa resposta corporal reduz o ritmo interno e ajuda a mente a entrar em estado de descanso.<\/p>\n\n\n\n<p>Com movimentos lentos e respira\u00e7\u00e3o profunda, o corpo entende que \u00e9 hora de diminuir a atividade muscular e preparar o sistema para o <strong>relaxamento<\/strong>. Essa combina\u00e7\u00e3o melhora a transi\u00e7\u00e3o entre vigil\u00e2ncia e sono reparador.<\/p>\n\n\n\n<figure class=\"wp-block-image size-large\"><img loading=\"lazy\" decoding=\"async\" width=\"1024\" height=\"576\" src=\"https:\/\/www.em.com.br\/emfoco\/wp-content\/uploads\/2025\/12\/IA-IMG-1-40-1024x576.jpg\" alt=\"Tr\u00eas alongamentos suaves que avisam seu corpo que \u00e9 hora de dormir\" class=\"wp-image-135822\" srcset=\"https:\/\/www.em.com.br\/emfoco\/wp-content\/uploads\/2025\/12\/IA-IMG-1-40-1024x576.jpg 1024w, https:\/\/www.em.com.br\/emfoco\/wp-content\/uploads\/2025\/12\/IA-IMG-1-40-300x169.jpg 300w, https:\/\/www.em.com.br\/emfoco\/wp-content\/uploads\/2025\/12\/IA-IMG-1-40-768x432.jpg 768w, https:\/\/www.em.com.br\/emfoco\/wp-content\/uploads\/2025\/12\/IA-IMG-1-40-750x422.jpg 750w, https:\/\/www.em.com.br\/emfoco\/wp-content\/uploads\/2025\/12\/IA-IMG-1-40-1140x641.jpg 1140w, https:\/\/www.em.com.br\/emfoco\/wp-content\/uploads\/2025\/12\/IA-IMG-1-40.jpg 1280w\" sizes=\"auto, (max-width: 1024px) 100vw, 1024px\" \/><figcaption class=\"wp-element-caption\">Movimentos lentos reduzem tens\u00f5es e sinalizam ao corpo que deve desacelerar<\/figcaption><\/figure>\n\n\n\n<h2 class=\"wp-block-heading\">Quais exerc\u00edcios formam o m\u00e9todo e como execut\u00e1-los corretamente?<\/h2>\n\n\n\n<p>Os movimentos s\u00e3o leves, seguros e perfeitos para quem n\u00e3o tem costume de se alongar, pois aliviam tens\u00f5es sem exigir for\u00e7a. Entre os principais exerc\u00edcios do <strong>m\u00e9todo<\/strong> est\u00e3o os descritos a seguir.<\/p>\n\n\n\n<ul class=\"wp-block-list\">\n<li><strong>Abra\u00e7o das pernas:<\/strong> deite de costas e puxe os joelhos ao peito por 20 a 30 segundos para liberar a regi\u00e3o lombar.<\/li>\n\n\n\n<li><strong>Alongamento do pesco\u00e7o:<\/strong> sente-se na cama e leve a orelha ao ombro por alguns segundos de cada lado para aliviar tens\u00f5es cervicais.<\/li>\n\n\n\n<li><strong>Borboleta:<\/strong> sente com as plantas dos p\u00e9s juntas e deixe os joelhos ca\u00edrem suavemente para soltar quadris e parte interna das coxas.<\/li>\n<\/ul>\n\n\n\n<p><em>Leia mais: <strong><a href=\"https:\/\/www.em.com.br\/emfoco\/2025\/11\/24\/3-exercicios-poderosos-que-ajudam-a-fortalecer-os-ossos-sem-sair-de-casa\/\" target=\"_blank\" rel=\"noreferrer noopener\">3 exerc\u00edcios poderosos que ajudam a fortalecer os ossos sem sair de casa<\/a><\/strong><\/em><\/p>\n\n\n\n<h2 class=\"wp-block-heading\">Por que esses movimentos ajudam a desacelerar antes de dormir?<\/h2>\n\n\n\n<p>Os exerc\u00edcios reduzem est\u00edmulos excessivos e enviam sinais ao <strong>c\u00e9rebro<\/strong> de que \u00e9 hora de diminuir o estado de alerta. Quanto mais lento o movimento e mais profunda a respira\u00e7\u00e3o, melhor a resposta do corpo ao relaxamento.<\/p>\n\n\n\n<p>Ao aliviar a rigidez de regi\u00f5es que acumulam tens\u00e3o, o corpo reorganiza o fluxo muscular e prepara as articula\u00e7\u00f5es para um descanso mais eficiente. Esse processo cria um ambiente interno mais favor\u00e1vel ao <strong>sono<\/strong> cont\u00ednuo.<\/p>\n\n\n\n<figure class=\"wp-block-image size-large\"><img loading=\"lazy\" decoding=\"async\" width=\"1024\" height=\"576\" src=\"https:\/\/www.em.com.br\/emfoco\/wp-content\/uploads\/2025\/12\/IA-IMG-2-21-1024x576.jpg\" alt=\"Tr\u00eas alongamentos suaves que avisam seu corpo que \u00e9 hora de dormir\" class=\"wp-image-135823\" srcset=\"https:\/\/www.em.com.br\/emfoco\/wp-content\/uploads\/2025\/12\/IA-IMG-2-21-1024x576.jpg 1024w, https:\/\/www.em.com.br\/emfoco\/wp-content\/uploads\/2025\/12\/IA-IMG-2-21-300x169.jpg 300w, https:\/\/www.em.com.br\/emfoco\/wp-content\/uploads\/2025\/12\/IA-IMG-2-21-768x432.jpg 768w, https:\/\/www.em.com.br\/emfoco\/wp-content\/uploads\/2025\/12\/IA-IMG-2-21-750x422.jpg 750w, https:\/\/www.em.com.br\/emfoco\/wp-content\/uploads\/2025\/12\/IA-IMG-2-21-1140x641.jpg 1140w, https:\/\/www.em.com.br\/emfoco\/wp-content\/uploads\/2025\/12\/IA-IMG-2-21.jpg 1280w\" sizes=\"auto, (max-width: 1024px) 100vw, 1024px\" \/><figcaption class=\"wp-element-caption\">Exerc\u00edcios suaves liberam \u00e1reas r\u00edgidas e facilitam o relaxamento corporal<\/figcaption><\/figure>\n\n\n\n<h2 class=\"wp-block-heading\">Quais ajustes aumentam o efeito do alongamento silencioso?<\/h2>\n\n\n\n<p>Ambientes tranquilos e est\u00edmulos reduzidos potencializam a profundidade do <strong>relaxamento<\/strong> e tornam os exerc\u00edcios ainda mais eficazes. Entre os ajustes mais \u00fateis est\u00e3o os listados a seguir.<\/p>\n\n\n\n<ul class=\"wp-block-list\">\n<li>Luz baixa para reduzir est\u00edmulo visual e ajudar o c\u00e9rebro a entrar no modo noturno.<\/li>\n\n\n\n<li>Celular longe da cama para diminuir distra\u00e7\u00f5es e evitar interrup\u00e7\u00f5es antes de dormir.<\/li>\n\n\n\n<li>Movimentos lentos e respira\u00e7\u00e3o silenciosa para ampliar a resposta de calma do sistema nervoso.<\/li>\n<\/ul>\n\n\n\n<p>Bastar\u00e3o poucos minutos hoje \u00e0 noite para sentir o corpo afrouxar, a mente acalmar e o sono finalmente chegar com naturalidade.<\/p>\n","protected":false},"excerpt":{"rendered":"<p>Muitas pessoas chegam ao fim do dia com o corpo tenso, a mente acelerada e a sensa\u00e7\u00e3o de que n\u00e3o v\u00e3o conseguir relaxar. O alongamento silencioso oferece uma rotina simples que suaviza o corpo e prepara o organismo para um sono profundo. Como o alongamento silencioso age no corpo durante a noite? O m\u00e9todo atua [&hellip;]<\/p>\n","protected":false},"author":13,"featured_media":135821,"comment_status":"open","ping_status":"open","sticky":false,"template":"","format":"standard","meta":{"jnews-multi-image_gallery":[],"jnews_single_post":{"format":"standard"},"jnews_primary_category":[],"jnews_social_meta":[],"jnews_override_counter":[],"footnotes":""},"categories":[8819],"tags":[19815,11064,711,19816],"class_list":["post-135777","post","type-post","status-publish","format-standard","has-post-thumbnail","hentry","category-curiosidades","tag-acalmar-o-corpo","tag-alongamento","tag-bem-estar","tag-ritual-antes-de-dormir"],"yoast_head":"<!-- This site is optimized with the Yoast SEO plugin v23.8 - https:\/\/yoast.com\/wordpress\/plugins\/seo\/ -->\n<title>Tr\u00eas alongamentos suaves que avisam seu corpo que \u00e9 hora de dormir - Estado de Minas - Em foco<\/title>\n<meta name=\"description\" content=\"Alongamentos suaves antes de dormir ativam o relaxamento e ajudam o corpo a descansar melhor com menos ansiedade e mais leveza.\" \/>\n<meta name=\"robots\" content=\"index, follow, max-snippet:-1, max-image-preview:large, max-video-preview:-1\" \/>\n<link rel=\"canonical\" href=\"https:\/\/www.em.com.br\/emfoco\/2025\/12\/07\/tres-alongamentos-suaves-que-avisam-seu-corpo-que-e-hora-de-dormir\/\" \/>\n<meta property=\"og:locale\" content=\"pt_BR\" \/>\n<meta property=\"og:type\" content=\"article\" \/>\n<meta property=\"og:title\" content=\"Tr\u00eas alongamentos suaves que avisam seu corpo que \u00e9 hora de dormir - Estado de Minas - Em foco\" \/>\n<meta property=\"og:description\" content=\"Alongamentos suaves antes de dormir ativam o relaxamento e ajudam o corpo a descansar melhor com menos ansiedade e mais leveza.\" \/>\n<meta property=\"og:url\" content=\"https:\/\/www.em.com.br\/emfoco\/2025\/12\/07\/tres-alongamentos-suaves-que-avisam-seu-corpo-que-e-hora-de-dormir\/\" \/>\n<meta property=\"og:site_name\" content=\"Estado de Minas - Em foco\" \/>\n<meta property=\"article:published_time\" content=\"2025-12-07T13:15:00+00:00\" \/>\n<meta property=\"article:modified_time\" content=\"2025-12-04T19:50:25+00:00\" \/>\n<meta property=\"og:image\" content=\"https:\/\/www.em.com.br\/emfoco\/wp-content\/uploads\/2025\/12\/IA-IMG-54.jpg\" \/>\n\t<meta property=\"og:image:width\" content=\"1280\" \/>\n\t<meta property=\"og:image:height\" content=\"720\" \/>\n\t<meta property=\"og:image:type\" content=\"image\/jpeg\" \/>\n<meta name=\"author\" content=\"Gabriel Martins\" \/>\n<meta name=\"twitter:card\" content=\"summary_large_image\" \/>\n<meta name=\"twitter:label1\" content=\"Escrito por\" \/>\n\t<meta name=\"twitter:data1\" content=\"Gabriel Martins\" \/>\n\t<meta name=\"twitter:label2\" content=\"Est. tempo de leitura\" \/>\n\t<meta name=\"twitter:data2\" content=\"4 minutos\" \/>\n<!-- \/ Yoast SEO plugin. -->","yoast_head_json":{"title":"Tr\u00eas alongamentos suaves que avisam seu corpo que \u00e9 hora de dormir - Estado de Minas - Em foco","description":"Alongamentos suaves antes de dormir ativam o relaxamento e ajudam o corpo a descansar melhor com menos ansiedade e mais leveza.","robots":{"index":"index","follow":"follow","max-snippet":"max-snippet:-1","max-image-preview":"max-image-preview:large","max-video-preview":"max-video-preview:-1"},"canonical":"https:\/\/www.em.com.br\/emfoco\/2025\/12\/07\/tres-alongamentos-suaves-que-avisam-seu-corpo-que-e-hora-de-dormir\/","og_locale":"pt_BR","og_type":"article","og_title":"Tr\u00eas alongamentos suaves que avisam seu corpo que \u00e9 hora de dormir - Estado de Minas - Em foco","og_description":"Alongamentos suaves antes de dormir ativam o relaxamento e ajudam o corpo a descansar melhor com menos ansiedade e mais leveza.","og_url":"https:\/\/www.em.com.br\/emfoco\/2025\/12\/07\/tres-alongamentos-suaves-que-avisam-seu-corpo-que-e-hora-de-dormir\/","og_site_name":"Estado de Minas - Em foco","article_published_time":"2025-12-07T13:15:00+00:00","article_modified_time":"2025-12-04T19:50:25+00:00","og_image":[{"width":1280,"height":720,"url":"https:\/\/www.em.com.br\/emfoco\/wp-content\/uploads\/2025\/12\/IA-IMG-54.jpg","type":"image\/jpeg"}],"author":"Gabriel Martins","twitter_card":"summary_large_image","twitter_misc":{"Escrito por":"Gabriel Martins","Est. tempo de leitura":"4 minutos"},"schema":{"@context":"https:\/\/schema.org","@graph":[{"@type":"WebPage","@id":"https:\/\/www.em.com.br\/emfoco\/2025\/12\/07\/tres-alongamentos-suaves-que-avisam-seu-corpo-que-e-hora-de-dormir\/","url":"https:\/\/www.em.com.br\/emfoco\/2025\/12\/07\/tres-alongamentos-suaves-que-avisam-seu-corpo-que-e-hora-de-dormir\/","name":"Tr\u00eas alongamentos suaves que avisam seu corpo que \u00e9 hora de dormir - Estado de Minas - Em foco","isPartOf":{"@id":"https:\/\/www.em.com.br\/emfoco\/#website"},"primaryImageOfPage":{"@id":"https:\/\/www.em.com.br\/emfoco\/2025\/12\/07\/tres-alongamentos-suaves-que-avisam-seu-corpo-que-e-hora-de-dormir\/#primaryimage"},"image":{"@id":"https:\/\/www.em.com.br\/emfoco\/2025\/12\/07\/tres-alongamentos-suaves-que-avisam-seu-corpo-que-e-hora-de-dormir\/#primaryimage"},"thumbnailUrl":"https:\/\/www.em.com.br\/emfoco\/wp-content\/uploads\/2025\/12\/IA-IMG-54.jpg","datePublished":"2025-12-07T13:15:00+00:00","dateModified":"2025-12-04T19:50:25+00:00","author":{"@id":"https:\/\/www.em.com.br\/emfoco\/#\/schema\/person\/1c9ddeab18b98abeffef834667bcf08a"},"description":"Alongamentos suaves antes de dormir ativam o relaxamento e ajudam o corpo a descansar melhor com menos ansiedade e mais leveza.","breadcrumb":{"@id":"https:\/\/www.em.com.br\/emfoco\/2025\/12\/07\/tres-alongamentos-suaves-que-avisam-seu-corpo-que-e-hora-de-dormir\/#breadcrumb"},"inLanguage":"pt-BR","potentialAction":[{"@type":"ReadAction","target":["https:\/\/www.em.com.br\/emfoco\/2025\/12\/07\/tres-alongamentos-suaves-que-avisam-seu-corpo-que-e-hora-de-dormir\/"]}]},{"@type":"ImageObject","inLanguage":"pt-BR","@id":"https:\/\/www.em.com.br\/emfoco\/2025\/12\/07\/tres-alongamentos-suaves-que-avisam-seu-corpo-que-e-hora-de-dormir\/#primaryimage","url":"https:\/\/www.em.com.br\/emfoco\/wp-content\/uploads\/2025\/12\/IA-IMG-54.jpg","contentUrl":"https:\/\/www.em.com.br\/emfoco\/wp-content\/uploads\/2025\/12\/IA-IMG-54.jpg","width":1280,"height":720,"caption":"O alongamento silencioso libera tens\u00f5es e prepara o corpo para um sono profundo"},{"@type":"BreadcrumbList","@id":"https:\/\/www.em.com.br\/emfoco\/2025\/12\/07\/tres-alongamentos-suaves-que-avisam-seu-corpo-que-e-hora-de-dormir\/#breadcrumb","itemListElement":[{"@type":"ListItem","position":1,"name":"In\u00edcio","item":"https:\/\/www.em.com.br\/emfoco\/"},{"@type":"ListItem","position":2,"name":"Tr\u00eas alongamentos suaves que avisam seu corpo que \u00e9 hora de dormir"}]},{"@type":"WebSite","@id":"https:\/\/www.em.com.br\/emfoco\/#website","url":"https:\/\/www.em.com.br\/emfoco\/","name":"Estado de Minas - Em foco","description":"Acompanhe as \u00faltimas not\u00edcias e fique bem informado sobre tudo o que acontece em Minas Gerais, Brasil e no mundo.","potentialAction":[{"@type":"SearchAction","target":{"@type":"EntryPoint","urlTemplate":"https:\/\/www.em.com.br\/emfoco\/?s={search_term_string}"},"query-input":{"@type":"PropertyValueSpecification","valueRequired":true,"valueName":"search_term_string"}}],"inLanguage":"pt-BR"},{"@type":"Person","@id":"https:\/\/www.em.com.br\/emfoco\/#\/schema\/person\/1c9ddeab18b98abeffef834667bcf08a","name":"Gabriel Martins","image":{"@type":"ImageObject","inLanguage":"pt-BR","@id":"https:\/\/www.em.com.br\/emfoco\/#\/schema\/person\/image\/","url":"https:\/\/secure.gravatar.com\/avatar\/f0f1e2efdfd88f1ad2cb08c5c2731e50?s=96&d=mm&r=g","contentUrl":"https:\/\/secure.gravatar.com\/avatar\/f0f1e2efdfd88f1ad2cb08c5c2731e50?s=96&d=mm&r=g","caption":"Gabriel Martins"},"sameAs":["https:\/\/www.em.com.br\/emfoco\/"],"url":"https:\/\/www.em.com.br\/emfoco\/author\/gabrielmartinsmyth\/"}]}},"_links":{"self":[{"href":"https:\/\/www.em.com.br\/emfoco\/wp-json\/wp\/v2\/posts\/135777","targetHints":{"allow":["GET"]}}],"collection":[{"href":"https:\/\/www.em.com.br\/emfoco\/wp-json\/wp\/v2\/posts"}],"about":[{"href":"https:\/\/www.em.com.br\/emfoco\/wp-json\/wp\/v2\/types\/post"}],"author":[{"embeddable":true,"href":"https:\/\/www.em.com.br\/emfoco\/wp-json\/wp\/v2\/users\/13"}],"replies":[{"embeddable":true,"href":"https:\/\/www.em.com.br\/emfoco\/wp-json\/wp\/v2\/comments?post=135777"}],"version-history":[{"count":1,"href":"https:\/\/www.em.com.br\/emfoco\/wp-json\/wp\/v2\/posts\/135777\/revisions"}],"predecessor-version":[{"id":135824,"href":"https:\/\/www.em.com.br\/emfoco\/wp-json\/wp\/v2\/posts\/135777\/revisions\/135824"}],"wp:featuredmedia":[{"embeddable":true,"href":"https:\/\/www.em.com.br\/emfoco\/wp-json\/wp\/v2\/media\/135821"}],"wp:attachment":[{"href":"https:\/\/www.em.com.br\/emfoco\/wp-json\/wp\/v2\/media?parent=135777"}],"wp:term":[{"taxonomy":"category","embeddable":true,"href":"https:\/\/www.em.com.br\/emfoco\/wp-json\/wp\/v2\/categories?post=135777"},{"taxonomy":"post_tag","embeddable":true,"href":"https:\/\/www.em.com.br\/emfoco\/wp-json\/wp\/v2\/tags?post=135777"}],"curies":[{"name":"wp","href":"https:\/\/api.w.org\/{rel}","templated":true}]}}