{"id":135734,"date":"2025-12-05T21:05:00","date_gmt":"2025-12-06T00:05:00","guid":{"rendered":"https:\/\/www.em.com.br\/emfoco\/?p=135734"},"modified":"2025-12-05T03:14:13","modified_gmt":"2025-12-05T06:14:13","slug":"a-cidade-do-interior-paulista-onde-o-calcado-ganha-o-mundo-o-basquete-lota-ginasio-e-a-qualidade-de-vida-e-boa","status":"publish","type":"post","link":"https:\/\/www.em.com.br\/emfoco\/2025\/12\/05\/a-cidade-do-interior-paulista-onde-o-calcado-ganha-o-mundo-o-basquete-lota-ginasio-e-a-qualidade-de-vida-e-boa\/","title":{"rendered":"A cidade do interior paulista onde o cal\u00e7ado ganha o mundo, o basquete lota gin\u00e1sio e a qualidade de vida \u00e9 boa"},"content":{"rendered":"\n<p>Localizada a cerca de 400 km de <strong>S\u00e3o Paulo<\/strong>, <strong>Franca<\/strong> j\u00e1 foi conhecida apenas por seus sapatos de couro e pela paix\u00e3o pela bola laranja. Hoje, com uma popula\u00e7\u00e3o estimada pelo <strong><a href=\"https:\/\/cidades.ibge.gov.br\/brasil\/sp\/franca\/panorama\" target=\"_blank\" rel=\"noreferrer noopener\">IBGE <\/a><\/strong>em 2025 superando os <strong>360 mil habitantes<\/strong>, a cidade vive uma transforma\u00e7\u00e3o econ\u00f4mica silenciosa, unindo tradi\u00e7\u00e3o e tecnologia.<\/p>\n\n\n\n<h2 class=\"wp-block-heading\">Por que a economia vai muito al\u00e9m dos sapatos?<\/h2>\n\n\n\n<p>Embora o t\u00edtulo de <strong>Capital do Cal\u00e7ado<\/strong> permane\u00e7a, o perfil econ\u00f4mico mudou drasticamente. Em 2025, a cidade consolidou-se como o segundo maior polo de volume de encomendas dos Correios no estado, impulsionada por um <strong>e-commerce<\/strong> vibrante que movimenta mais de R$ 600 milh\u00f5es anuais.<\/p>\n\n\n\n<p>Isso n\u00e3o significa o fim da ind\u00fastria tradicional. O setor cal\u00e7adista registrou um aumento expressivo nas exporta\u00e7\u00f5es no \u00faltimo ano, enquanto o <strong>caf\u00e9 da Alta Mogiana<\/strong>, reconhecido mundialmente, continua sendo um pilar agr\u00edcola robusto, exportando milh\u00f5es para pa\u00edses como <strong>Alemanha <\/strong>e <strong>It\u00e1lia<\/strong>.<\/p>\n\n\n<div class=\"wp-block-image\">\n<figure class=\"aligncenter size-full\"><img decoding=\"async\" src=\"https:\/\/revistaoeste.com\/oestegeral\/wp-content\/uploads\/2025\/07\/Franca-SP-Hoje-esta-comemorando-seus-198-anos-de-idade-Parabens-1-9-screenshot.jpg\" alt=\"A cidade que lidera a produ\u00e7\u00e3o de cal\u00e7ados e qualidade de vida no interior de SP\" class=\"wp-image-15843\"\/><figcaption class=\"wp-element-caption\">Franca, uma das melhores cidades para se viver em S\u00e3o Paulo \/\/ Cr\u00e9ditos: YouTube.com\/@RenatoRezendedrones<\/figcaption><\/figure><\/div>\n\n\n<h2 class=\"wp-block-heading\">Qualidade de vida: Saneamento de elite e seguran\u00e7a<\/h2>\n\n\n\n<p>Se voc\u00ea valoriza sa\u00fade p\u00fablica, este dado \u00e9 crucial: Franca retornou ao <strong>Top 5 do Ranking do Saneamento<\/strong> no Brasil em 2025. A cidade ostenta \u00edndices de primeiro mundo, com 100% de \u00e1gua tratada e quase a totalidade do esgoto coletado, superando capitais famosas.<\/p>\n\n\n\n<p>No quesito seguran\u00e7a, os n\u00fameros tamb\u00e9m s\u00e3o animadores. Dados da Secretaria de Seguran\u00e7a P\u00fablica mostram que os <strong>\u00edndices de roubos e furtos<\/strong> ca\u00edram mais de 20% no comparativo recente, mantendo a cidade com uma das menores taxas de homic\u00eddio do interior paulista (menos de 6 por 100 mil habitantes).<\/p>\n\n\n\n<p>Quem tem curiosidade de conhecer as belezas e a hist\u00f3ria do interior paulista, vai curtir esse v\u00eddeo especialmente selecionado do canal <strong>Renato Rezende Drones<\/strong>, que conta com mais de 10 mil inscritos, onde <strong>Renato Rezende<\/strong> mostra detalhadamente imagens a\u00e9reas impressionantes de <strong>Franca<\/strong>, narrando desde a funda\u00e7\u00e3o da cidade at\u00e9 seu reconhecimento como a Capital do Cal\u00e7ado e do Basquete:<\/p>\n\n\n\n<figure class=\"wp-block-embed is-type-video is-provider-youtube wp-block-embed-youtube wp-embed-aspect-16-9 wp-has-aspect-ratio\"><div class=\"wp-block-embed__wrapper\">\n<div class=\"jeg_video_container jeg_video_content\"><iframe loading=\"lazy\" title=\"Franca SP - Ah, se toda cidade fosse assim!!!\" width=\"500\" height=\"281\" src=\"https:\/\/www.youtube.com\/embed\/NHbMbsjL9jE?feature=oembed\" frameborder=\"0\" allow=\"accelerometer; autoplay; clipboard-write; encrypted-media; gyroscope; picture-in-picture; web-share\" referrerpolicy=\"strict-origin-when-cross-origin\" allowfullscreen><\/iframe><\/div>\n<\/div><\/figure>\n\n\n\n<h2 class=\"wp-block-heading\">O custo de vida compensa em rela\u00e7\u00e3o aos vizinhos?<\/h2>\n\n\n\n<p>Muitos comparam Franca com sua vizinha rica, <strong>Ribeir\u00e3o Preto<\/strong>. A diferen\u00e7a no bolso \u00e9 sens\u00edvel: alugar um apartamento de bom padr\u00e3o em Franca pode custar entre 30% a 50% menos do que em Ribeir\u00e3o, permitindo um estilo de vida mais confort\u00e1vel com a mesma renda.<\/p>\n\n\n\n<p>Servi\u00e7os como escolas particulares, academias e alimenta\u00e7\u00e3o fora de casa tamb\u00e9m seguem essa tend\u00eancia de serem mais acess\u00edveis. Isso atrai fam\u00edlias jovens e trabalhadores remotos que buscam a infraestrutura de cidade grande sem os custos proibitivos das metr\u00f3poles.<\/p>\n\n\n\n<h2 class=\"wp-block-heading\">A paix\u00e3o nacional mora aqui: O fen\u00f4meno do basquete<\/h2>\n\n\n\n<p>N\u00e3o d\u00e1 para falar da cidade sem citar o <strong>Sesi Franca Basquete<\/strong>. O time n\u00e3o \u00e9 apenas um lazer, \u00e9 uma religi\u00e3o local que lota o gin\u00e1sio Pedroc\u00e3o. A fase \u00e9 hist\u00f3rica: a equipe sagrou-se tetracampe\u00e3 do NBB em <strong>18 de junho de 2025<\/strong>, com atua\u00e7\u00f5es de gala do MVP das finais, <strong>Didi Louzada<\/strong>.<\/p>\n\n\n\n<p>Essa conquista marcou o 15\u00ba t\u00edtulo nacional da hist\u00f3ria do clube, somando-se ao 17\u00ba trof\u00e9u estadual levantado em outubro do mesmo ano. Essa atmosfera esportiva influencia a cidade inteira, com quadras espalhadas pelos bairros e projetos sociais fortes que usam o esporte como ferramenta de inclus\u00e3o.<\/p>\n\n\n<div class=\"wp-block-image\">\n<figure class=\"aligncenter size-full\"><img decoding=\"async\" src=\"https:\/\/revistaoeste.com\/oestegeral\/wp-content\/uploads\/2025\/07\/Franca-SP-Hoje-esta-comemorando-seus-198-anos-de-idade-Parabens-1-57-screenshot.jpg\" alt=\"\" class=\"wp-image-15845\"\/><figcaption class=\"wp-element-caption\">Franca, uma das melhores cidades para se viver em S\u00e3o Paulo \/\/ Cr\u00e9ditos: YouTube.com\/@RenatoRezendedrones<\/figcaption><\/figure><\/div>\n\n\n<h2 class=\"wp-block-heading\">Clima e localiza\u00e7\u00e3o: Onde Minas encontra S\u00e3o Paulo<\/h2>\n\n\n\n<p>Geograficamente, Franca est\u00e1 em uma posi\u00e7\u00e3o estrat\u00e9gica, quase na divisa com <strong>Minas Gerais<\/strong>. Isso reflete na cultura, onde o p\u00e3o de queijo e a hospitalidade s\u00e3o lei, e no clima, que tende a ser mais ameno e ventilado que o calor de Ribeir\u00e3o Preto, devido \u00e0 altitude mais elevada (acima de 1.000 metros).<\/p>\n\n\n\n<p>A cidade \u00e9 cortada por rodovias de pista dupla excelentes, como a C\u00e2ndido Portinari, facilitando o acesso tanto \u00e0 capital paulista quanto \u00e0s regi\u00f5es tur\u00edsticas mineiras, como a Serra da Canastra.<\/p>\n","protected":false},"excerpt":{"rendered":"<p>Localizada a cerca de 400 km de S\u00e3o Paulo, Franca j\u00e1 foi conhecida apenas por seus sapatos de couro e pela paix\u00e3o pela bola laranja. Hoje, com uma popula\u00e7\u00e3o estimada pelo IBGE em 2025 superando os 360 mil habitantes, a cidade vive uma transforma\u00e7\u00e3o econ\u00f4mica silenciosa, unindo tradi\u00e7\u00e3o e tecnologia. Por que a economia vai [&hellip;]<\/p>\n","protected":false},"author":6,"featured_media":136062,"comment_status":"open","ping_status":"open","sticky":false,"template":"","format":"standard","meta":{"jnews-multi-image_gallery":[],"jnews_single_post":{"format":"standard"},"jnews_primary_category":[],"jnews_social_meta":[],"jnews_override_counter":[],"footnotes":""},"categories":[26],"tags":[183,19822,553],"class_list":["post-135734","post","type-post","status-publish","format-standard","has-post-thumbnail","hentry","category-cidades","tag-cidades","tag-franca-2","tag-sao-paulo"],"yoast_head":"<!-- This site is optimized with the Yoast SEO plugin v23.8 - https:\/\/yoast.com\/wordpress\/plugins\/seo\/ -->\n<title>A cidade do interior paulista onde o cal\u00e7ado ganha o mundo, o basquete lota gin\u00e1sio e a qualidade de vida \u00e9 boa - Estado de Minas - Em foco<\/title>\n<meta name=\"robots\" content=\"index, follow, max-snippet:-1, max-image-preview:large, max-video-preview:-1\" \/>\n<link rel=\"canonical\" href=\"https:\/\/www.em.com.br\/emfoco\/2025\/12\/05\/a-cidade-do-interior-paulista-onde-o-calcado-ganha-o-mundo-o-basquete-lota-ginasio-e-a-qualidade-de-vida-e-boa\/\" \/>\n<meta property=\"og:locale\" content=\"pt_BR\" \/>\n<meta property=\"og:type\" content=\"article\" \/>\n<meta property=\"og:title\" content=\"A cidade do interior paulista onde o cal\u00e7ado ganha o mundo, o basquete lota gin\u00e1sio e a qualidade de vida \u00e9 boa - Estado de Minas - Em foco\" \/>\n<meta property=\"og:description\" content=\"Localizada a cerca de 400 km de S\u00e3o Paulo, Franca j\u00e1 foi conhecida apenas por seus sapatos de couro e pela paix\u00e3o pela bola laranja. Hoje, com uma popula\u00e7\u00e3o estimada pelo IBGE em 2025 superando os 360 mil habitantes, a cidade vive uma transforma\u00e7\u00e3o econ\u00f4mica silenciosa, unindo tradi\u00e7\u00e3o e tecnologia. Por que a economia vai [&hellip;]\" \/>\n<meta property=\"og:url\" content=\"https:\/\/www.em.com.br\/emfoco\/2025\/12\/05\/a-cidade-do-interior-paulista-onde-o-calcado-ganha-o-mundo-o-basquete-lota-ginasio-e-a-qualidade-de-vida-e-boa\/\" \/>\n<meta property=\"og:site_name\" content=\"Estado de Minas - Em foco\" \/>\n<meta property=\"article:published_time\" content=\"2025-12-06T00:05:00+00:00\" \/>\n<meta property=\"article:modified_time\" content=\"2025-12-05T06:14:13+00:00\" \/>\n<meta property=\"og:image\" content=\"https:\/\/www.em.com.br\/emfoco\/wp-content\/uploads\/2025\/12\/Franca-SP-Hoje-esta-comemorando-seus-198-anos-de-idade-Parabens-0-40-screenshot.jpg\" \/>\n\t<meta property=\"og:image:width\" content=\"1920\" \/>\n\t<meta property=\"og:image:height\" content=\"1080\" \/>\n\t<meta property=\"og:image:type\" content=\"image\/jpeg\" \/>\n<meta name=\"author\" content=\"Vitor Bruno\" \/>\n<meta name=\"twitter:card\" content=\"summary_large_image\" \/>\n<meta name=\"twitter:label1\" content=\"Escrito por\" \/>\n\t<meta name=\"twitter:data1\" content=\"Vitor Bruno\" \/>\n\t<meta name=\"twitter:label2\" content=\"Est. tempo de leitura\" \/>\n\t<meta name=\"twitter:data2\" content=\"5 minutos\" \/>\n<!-- \/ Yoast SEO plugin. -->","yoast_head_json":{"title":"A cidade do interior paulista onde o cal\u00e7ado ganha o mundo, o basquete lota gin\u00e1sio e a qualidade de vida \u00e9 boa - Estado de Minas - Em foco","robots":{"index":"index","follow":"follow","max-snippet":"max-snippet:-1","max-image-preview":"max-image-preview:large","max-video-preview":"max-video-preview:-1"},"canonical":"https:\/\/www.em.com.br\/emfoco\/2025\/12\/05\/a-cidade-do-interior-paulista-onde-o-calcado-ganha-o-mundo-o-basquete-lota-ginasio-e-a-qualidade-de-vida-e-boa\/","og_locale":"pt_BR","og_type":"article","og_title":"A cidade do interior paulista onde o cal\u00e7ado ganha o mundo, o basquete lota gin\u00e1sio e a qualidade de vida \u00e9 boa - Estado de Minas - Em foco","og_description":"Localizada a cerca de 400 km de S\u00e3o Paulo, Franca j\u00e1 foi conhecida apenas por seus sapatos de couro e pela paix\u00e3o pela bola laranja. Hoje, com uma popula\u00e7\u00e3o estimada pelo IBGE em 2025 superando os 360 mil habitantes, a cidade vive uma transforma\u00e7\u00e3o econ\u00f4mica silenciosa, unindo tradi\u00e7\u00e3o e tecnologia. Por que a economia vai [&hellip;]","og_url":"https:\/\/www.em.com.br\/emfoco\/2025\/12\/05\/a-cidade-do-interior-paulista-onde-o-calcado-ganha-o-mundo-o-basquete-lota-ginasio-e-a-qualidade-de-vida-e-boa\/","og_site_name":"Estado de Minas - Em foco","article_published_time":"2025-12-06T00:05:00+00:00","article_modified_time":"2025-12-05T06:14:13+00:00","og_image":[{"width":1920,"height":1080,"url":"https:\/\/www.em.com.br\/emfoco\/wp-content\/uploads\/2025\/12\/Franca-SP-Hoje-esta-comemorando-seus-198-anos-de-idade-Parabens-0-40-screenshot.jpg","type":"image\/jpeg"}],"author":"Vitor Bruno","twitter_card":"summary_large_image","twitter_misc":{"Escrito por":"Vitor Bruno","Est. tempo de leitura":"5 minutos"},"schema":{"@context":"https:\/\/schema.org","@graph":[{"@type":"WebPage","@id":"https:\/\/www.em.com.br\/emfoco\/2025\/12\/05\/a-cidade-do-interior-paulista-onde-o-calcado-ganha-o-mundo-o-basquete-lota-ginasio-e-a-qualidade-de-vida-e-boa\/","url":"https:\/\/www.em.com.br\/emfoco\/2025\/12\/05\/a-cidade-do-interior-paulista-onde-o-calcado-ganha-o-mundo-o-basquete-lota-ginasio-e-a-qualidade-de-vida-e-boa\/","name":"A cidade do interior paulista onde o cal\u00e7ado ganha o mundo, o basquete lota gin\u00e1sio e a qualidade de vida \u00e9 boa - Estado de Minas - Em foco","isPartOf":{"@id":"https:\/\/www.em.com.br\/emfoco\/#website"},"primaryImageOfPage":{"@id":"https:\/\/www.em.com.br\/emfoco\/2025\/12\/05\/a-cidade-do-interior-paulista-onde-o-calcado-ganha-o-mundo-o-basquete-lota-ginasio-e-a-qualidade-de-vida-e-boa\/#primaryimage"},"image":{"@id":"https:\/\/www.em.com.br\/emfoco\/2025\/12\/05\/a-cidade-do-interior-paulista-onde-o-calcado-ganha-o-mundo-o-basquete-lota-ginasio-e-a-qualidade-de-vida-e-boa\/#primaryimage"},"thumbnailUrl":"https:\/\/www.em.com.br\/emfoco\/wp-content\/uploads\/2025\/12\/Franca-SP-Hoje-esta-comemorando-seus-198-anos-de-idade-Parabens-0-40-screenshot.jpg","datePublished":"2025-12-06T00:05:00+00:00","dateModified":"2025-12-05T06:14:13+00:00","author":{"@id":"https:\/\/www.em.com.br\/emfoco\/#\/schema\/person\/364ac1852fafd00f1be20f0b8b237569"},"breadcrumb":{"@id":"https:\/\/www.em.com.br\/emfoco\/2025\/12\/05\/a-cidade-do-interior-paulista-onde-o-calcado-ganha-o-mundo-o-basquete-lota-ginasio-e-a-qualidade-de-vida-e-boa\/#breadcrumb"},"inLanguage":"pt-BR","potentialAction":[{"@type":"ReadAction","target":["https:\/\/www.em.com.br\/emfoco\/2025\/12\/05\/a-cidade-do-interior-paulista-onde-o-calcado-ganha-o-mundo-o-basquete-lota-ginasio-e-a-qualidade-de-vida-e-boa\/"]}]},{"@type":"ImageObject","inLanguage":"pt-BR","@id":"https:\/\/www.em.com.br\/emfoco\/2025\/12\/05\/a-cidade-do-interior-paulista-onde-o-calcado-ganha-o-mundo-o-basquete-lota-ginasio-e-a-qualidade-de-vida-e-boa\/#primaryimage","url":"https:\/\/www.em.com.br\/emfoco\/wp-content\/uploads\/2025\/12\/Franca-SP-Hoje-esta-comemorando-seus-198-anos-de-idade-Parabens-0-40-screenshot.jpg","contentUrl":"https:\/\/www.em.com.br\/emfoco\/wp-content\/uploads\/2025\/12\/Franca-SP-Hoje-esta-comemorando-seus-198-anos-de-idade-Parabens-0-40-screenshot.jpg","width":1920,"height":1080,"caption":"Franca j\u00e1 foi conhecida apenas por seus sapatos de couro e pela paix\u00e3o pela bola laranja \/\/ Cr\u00e9ditos: YouTube.com\/@RenatoRezendedrones"},{"@type":"BreadcrumbList","@id":"https:\/\/www.em.com.br\/emfoco\/2025\/12\/05\/a-cidade-do-interior-paulista-onde-o-calcado-ganha-o-mundo-o-basquete-lota-ginasio-e-a-qualidade-de-vida-e-boa\/#breadcrumb","itemListElement":[{"@type":"ListItem","position":1,"name":"In\u00edcio","item":"https:\/\/www.em.com.br\/emfoco\/"},{"@type":"ListItem","position":2,"name":"A cidade do interior paulista onde o cal\u00e7ado ganha o mundo, o basquete lota gin\u00e1sio e a qualidade de vida \u00e9 boa"}]},{"@type":"WebSite","@id":"https:\/\/www.em.com.br\/emfoco\/#website","url":"https:\/\/www.em.com.br\/emfoco\/","name":"Estado de Minas - Em foco","description":"Acompanhe as \u00faltimas not\u00edcias e fique bem informado sobre tudo o que acontece em Minas Gerais, Brasil e no mundo.","potentialAction":[{"@type":"SearchAction","target":{"@type":"EntryPoint","urlTemplate":"https:\/\/www.em.com.br\/emfoco\/?s={search_term_string}"},"query-input":{"@type":"PropertyValueSpecification","valueRequired":true,"valueName":"search_term_string"}}],"inLanguage":"pt-BR"},{"@type":"Person","@id":"https:\/\/www.em.com.br\/emfoco\/#\/schema\/person\/364ac1852fafd00f1be20f0b8b237569","name":"Vitor Bruno","image":{"@type":"ImageObject","inLanguage":"pt-BR","@id":"https:\/\/www.em.com.br\/emfoco\/#\/schema\/person\/image\/","url":"https:\/\/secure.gravatar.com\/avatar\/b719e5cdede09f942064960883b5524d?s=96&d=mm&r=g","contentUrl":"https:\/\/secure.gravatar.com\/avatar\/b719e5cdede09f942064960883b5524d?s=96&d=mm&r=g","caption":"Vitor Bruno"},"sameAs":["https:\/\/www.em.com.br\/emfoco\/"],"url":"https:\/\/www.em.com.br\/emfoco\/author\/vitormyth\/"}]}},"_links":{"self":[{"href":"https:\/\/www.em.com.br\/emfoco\/wp-json\/wp\/v2\/posts\/135734","targetHints":{"allow":["GET"]}}],"collection":[{"href":"https:\/\/www.em.com.br\/emfoco\/wp-json\/wp\/v2\/posts"}],"about":[{"href":"https:\/\/www.em.com.br\/emfoco\/wp-json\/wp\/v2\/types\/post"}],"author":[{"embeddable":true,"href":"https:\/\/www.em.com.br\/emfoco\/wp-json\/wp\/v2\/users\/6"}],"replies":[{"embeddable":true,"href":"https:\/\/www.em.com.br\/emfoco\/wp-json\/wp\/v2\/comments?post=135734"}],"version-history":[{"count":4,"href":"https:\/\/www.em.com.br\/emfoco\/wp-json\/wp\/v2\/posts\/135734\/revisions"}],"predecessor-version":[{"id":136063,"href":"https:\/\/www.em.com.br\/emfoco\/wp-json\/wp\/v2\/posts\/135734\/revisions\/136063"}],"wp:featuredmedia":[{"embeddable":true,"href":"https:\/\/www.em.com.br\/emfoco\/wp-json\/wp\/v2\/media\/136062"}],"wp:attachment":[{"href":"https:\/\/www.em.com.br\/emfoco\/wp-json\/wp\/v2\/media?parent=135734"}],"wp:term":[{"taxonomy":"category","embeddable":true,"href":"https:\/\/www.em.com.br\/emfoco\/wp-json\/wp\/v2\/categories?post=135734"},{"taxonomy":"post_tag","embeddable":true,"href":"https:\/\/www.em.com.br\/emfoco\/wp-json\/wp\/v2\/tags?post=135734"}],"curies":[{"name":"wp","href":"https:\/\/api.w.org\/{rel}","templated":true}]}}