{"id":13567,"date":"2025-02-04T16:20:00","date_gmt":"2025-02-04T19:20:00","guid":{"rendered":"https:\/\/www.em.com.br\/emfoco\/?p=13567"},"modified":"2025-02-01T10:55:13","modified_gmt":"2025-02-01T13:55:13","slug":"milhares-de-premios-distribuidos-veja-o-impacto-do-nota-parana-em-2025","status":"publish","type":"post","link":"https:\/\/www.em.com.br\/emfoco\/2025\/02\/04\/milhares-de-premios-distribuidos-veja-o-impacto-do-nota-parana-em-2025\/","title":{"rendered":"Milhares de pr\u00eamios distribu\u00eddos! Veja o impacto do nota Paran\u00e1 em 2025"},"content":{"rendered":"\n<p>O programa <strong>Nota Paran\u00e1<\/strong>, uma iniciativa da <strong>Secretaria de Estado da Fazenda<\/strong> (Sefa), \u00e9 um elemento central na promo\u00e7\u00e3o da cidadania fiscal e apoio \u00e0s institui\u00e7\u00f5es sociais no estado do <strong>Paran\u00e1<\/strong>. Lan\u00e7ado com o objetivo de incentivar uma maior conscientiza\u00e7\u00e3o fiscal entre os consumidores, o programa tamb\u00e9m tem se destacado pela sua contribui\u00e7\u00e3o significativa para organiza\u00e7\u00f5es sociais, atrav\u00e9s de sorteios que distribuem pr\u00eamios monet\u00e1rios. Em 2025, novos sorteios continuam a beneficiar muitas entidades, refor\u00e7ando a import\u00e2ncia e o impacto desta iniciativa.<\/p>\n\n\n\n<p>Recentemente, o primeiro sorteio do ano contemplou 37 institui\u00e7\u00f5es de diversas cidades do estado, como <strong><a href=\"https:\/\/www.em.com.br\/emfoco\/2025\/01\/03\/meia-entrada-solidaria-para-o-show-da-anitta-em-curitiba\/\" target=\"_blank\" rel=\"noreferrer noopener\">Curitiba<\/a><\/strong>, <strong>Maring\u00e1<\/strong>, <strong>Londrina<\/strong>, e muitas outras, com pr\u00eamios de R$ 5.000 cada. As institui\u00e7\u00f5es sortudas est\u00e3o envolvidas em uma variedade de causas, incluindo assist\u00eancia social, sa\u00fade e prote\u00e7\u00e3o dos animais. Al\u00e9m disso, foram entregues 20 mil pr\u00eamios de R$ 100, distribu\u00eddos entre 1.045 entidades de 312 munic\u00edpios, totalizando R$ 2,2 milh\u00f5es.<\/p>\n\n\n\n<h2 class=\"wp-block-heading\">Como funciona o Nota Paran\u00e1 para institui\u00e7\u00f5es sociais?<\/h2>\n\n\n\n<p>A participa\u00e7\u00e3o no programa \u00e9 bastante direta e f\u00e1cil de entender. Os consumidores podem doar notas fiscais n\u00e3o utilizadas para as institui\u00e7\u00f5es, permitindo a essas entidades o ac\u00famulo de cr\u00e9ditos do <strong>ICMS <\/strong>e ainda a participa\u00e7\u00e3o em sorteios mensais. A doa\u00e7\u00e3o pode ser feita de diversas formas, incluindo atrav\u00e9s do site do Nota Paran\u00e1, onde \u00e9 necess\u00e1rio acessar a aba \u201c<strong>Minhas Doa\u00e7\u00f5es<\/strong>\u201d; pelo aplicativo dispon\u00edvel para <strong>Android <\/strong>e <strong>iOS<\/strong>; ou ainda depositando diretamente as notas em urnas disponibilizadas por v\u00e1rias entidades.<\/p>\n\n\n\n<figure class=\"wp-block-image size-large\"><img loading=\"lazy\" decoding=\"async\" width=\"1024\" height=\"576\" src=\"https:\/\/www.em.com.br\/emfoco\/wp-content\/uploads\/2024\/12\/cpf_1735397994007-1024x576.jpg\" alt=\"Saiba como participar do CPF na Nota e concorrer a pr\u00eamios incr\u00edveis!\" class=\"wp-image-7270\" srcset=\"https:\/\/www.em.com.br\/emfoco\/wp-content\/uploads\/2024\/12\/cpf_1735397994007-1024x576.jpg 1024w, https:\/\/www.em.com.br\/emfoco\/wp-content\/uploads\/2024\/12\/cpf_1735397994007-300x169.jpg 300w, https:\/\/www.em.com.br\/emfoco\/wp-content\/uploads\/2024\/12\/cpf_1735397994007-768x432.jpg 768w, https:\/\/www.em.com.br\/emfoco\/wp-content\/uploads\/2024\/12\/cpf_1735397994007-750x422.jpg 750w, https:\/\/www.em.com.br\/emfoco\/wp-content\/uploads\/2024\/12\/cpf_1735397994007-1140x641.jpg 1140w, https:\/\/www.em.com.br\/emfoco\/wp-content\/uploads\/2024\/12\/cpf_1735397994007.jpg 1280w\" sizes=\"auto, (max-width: 1024px) 100vw, 1024px\" \/><figcaption class=\"wp-element-caption\">Imagem Ilustrativa de CPF &#8211; Cr\u00e9ditos: depositphotos.com \/ Mehaniq<\/figcaption><\/figure>\n\n\n\n<h2 class=\"wp-block-heading\">Quais s\u00e3o os benef\u00edcios para os consumidores?<\/h2>\n\n\n\n<p>Para os consumidores, o Nota Paran\u00e1 oferece a chance de acumular cr\u00e9ditos que podem ser usados tanto para abater valores do <strong>Imposto sobre a Propriedade de Ve\u00edculos Automotores<\/strong> (IPVA) quanto para serem transferidos para uma conta banc\u00e1ria. Ao inserir o CPF nas notas fiscais ap\u00f3s as compras, os participantes tamb\u00e9m concorrem a pr\u00eamios mensais.<\/p>\n\n\n\n<p>O cadastro no programa \u00e9 simples e \u00e9 realizado atrav\u00e9s do site oficial do Nota Paran\u00e1. As informa\u00e7\u00f5es exigidas incluem CPF, nome e endere\u00e7o, entre outros dados pessoais que ser\u00e3o utilizados para criar um perfil no sistema. Essa a\u00e7\u00e3o n\u00e3o apenas auxilia na educa\u00e7\u00e3o fiscal do consumidor, mas tamb\u00e9m gera um impacto positivo para in\u00fameras institui\u00e7\u00f5es sociais.<\/p>\n\n\n\n<h2 class=\"wp-block-heading\">Quais institui\u00e7\u00f5es foram contempladas no primeiro sorteio de 2025?<\/h2>\n\n\n\n<p>O primeiro sorteio de 2025 trouxe uma grande alegria para muitas organiza\u00e7\u00f5es. Entre as institui\u00e7\u00f5es beneficiadas, encontram-se entidades de v\u00e1rias cidades, cada uma desempenhando um papel significativo em suas comunidades. Destacam-se organiza\u00e7\u00f5es como a <strong>Associa\u00e7\u00e3o de Pais e Amigos dos Excepcionais<\/strong> (Apae) de v\u00e1rias localidades, o <strong>Pequeno Cotolengo do Paran\u00e1 Dom Orione<\/strong> em Curitiba, e a Associa\u00e7\u00e3o de <strong>Prote\u00e7\u00e3o \u00e0 Maternidade e \u00e0 Inf\u00e2ncia de Sarandi<\/strong>.<\/p>\n\n\n\n<ul class=\"wp-block-list\">\n<li>Arauc\u00e1ria: <strong>Associa\u00e7\u00e3o de Pais e Amigos dos Excepcionais<\/strong> (Apae)<\/li>\n\n\n\n<li>Cascavel: <strong>Centro de Estudos do Menor e Integra\u00e7\u00e3o \u00e0 Comunidade<\/strong> (Cemic)<\/li>\n\n\n\n<li>Maring\u00e1: <strong>Abrigo Deus Cristo e Caridade<\/strong><\/li>\n\n\n\n<li>Palotina: <strong>Associa\u00e7\u00e3o de Pais e Amigos dos Excepcionais de Palotina<\/strong><\/li>\n\n\n\n<li>Londrina: <strong>Sociedade Esp\u00edrita de Promo\u00e7\u00e3o Social<\/strong> (Seps)<\/li>\n<\/ul>\n\n\n\n<p>Essas e outras institui\u00e7\u00f5es premiadas demonstram a abrang\u00eancia e a import\u00e2ncia do programa Nota Paran\u00e1 em promover o suporte financeiro necess\u00e1rio para continuar suas miss\u00f5es.<\/p>\n\n\n\n<h2 class=\"wp-block-heading\">O futuro do Nota Paran\u00e1 e a import\u00e2ncia da conscientiza\u00e7\u00e3o fiscal<\/h2>\n\n\n\n<p>O futuro do programa<strong><a href=\"https:\/\/www.notaparana.pr.gov.br\/\" target=\"_blank\" rel=\"noreferrer noopener\"> Nota Paran\u00e1<\/a><\/strong> parece promissor, com cada vez mais pessoas se envolvendo e reconhecendo o valor de participar de um sistema que gera benef\u00edcios duplos: para o consumidor e para as institui\u00e7\u00f5es sociais. A crescente participa\u00e7\u00e3o e conscientiza\u00e7\u00e3o fiscal, fomentada por iniciativas como esta, s\u00e3o cruciais para criar uma sociedade mais informada e participativa.<\/p>\n\n\n\n<p>Em conclus\u00e3o, o Nota Paran\u00e1 continua a ser uma ferramenta fundamental para empoderar institui\u00e7\u00f5es sociais por meio do envolvimento da comunidade paranaense. A promo\u00e7\u00e3o de um ambiente fiscal saud\u00e1vel e o apoio sustent\u00e1vel \u00e0s entidades que fazem impactos reais em suas localidades permanecem como objetivos principais deste valioso programa.<\/p>\n","protected":false},"excerpt":{"rendered":"<p>O programa Nota Paran\u00e1, uma iniciativa da Secretaria de Estado da Fazenda (Sefa), \u00e9 um elemento central na promo\u00e7\u00e3o da cidadania fiscal e apoio \u00e0s institui\u00e7\u00f5es sociais no estado do Paran\u00e1. Lan\u00e7ado com o objetivo de incentivar uma maior conscientiza\u00e7\u00e3o fiscal entre os consumidores, o programa tamb\u00e9m tem se destacado pela sua contribui\u00e7\u00e3o significativa para [&hellip;]<\/p>\n","protected":false},"author":5,"featured_media":12439,"comment_status":"open","ping_status":"open","sticky":false,"template":"","format":"standard","meta":{"jnews-multi-image_gallery":[],"jnews_single_post":{"format":"standard"},"jnews_primary_category":[],"jnews_social_meta":[],"jnews_override_counter":[],"footnotes":""},"categories":[28,1],"tags":[848,398,3134,2588],"class_list":["post-13567","post","type-post","status-publish","format-standard","has-post-thumbnail","hentry","category-economia","category-noticias","tag-cpf","tag-cpf-na-nota","tag-cpf-na-nota-fiscal","tag-programa-cpf-na-nota"],"yoast_head":"<!-- This site is optimized with the Yoast SEO plugin v23.8 - https:\/\/yoast.com\/wordpress\/plugins\/seo\/ -->\n<title>Milhares de pr\u00eamios distribu\u00eddos! Veja o impacto do nota Paran\u00e1 em 2025 - Estado de Minas - Em foco<\/title>\n<meta name=\"description\" content=\"Conhe\u00e7a o impacto do Nota Paran\u00e1 em 2025, com pr\u00eamios milion\u00e1rios transformando institui\u00e7\u00f5es sociais por todo o estado!\" \/>\n<meta name=\"robots\" content=\"index, follow, max-snippet:-1, max-image-preview:large, max-video-preview:-1\" \/>\n<link rel=\"canonical\" href=\"https:\/\/www.em.com.br\/emfoco\/2025\/02\/04\/milhares-de-premios-distribuidos-veja-o-impacto-do-nota-parana-em-2025\/\" \/>\n<meta property=\"og:locale\" content=\"pt_BR\" \/>\n<meta property=\"og:type\" content=\"article\" \/>\n<meta property=\"og:title\" content=\"Milhares de pr\u00eamios distribu\u00eddos! Veja o impacto do nota Paran\u00e1 em 2025 - Estado de Minas - Em foco\" \/>\n<meta property=\"og:description\" content=\"Conhe\u00e7a o impacto do Nota Paran\u00e1 em 2025, com pr\u00eamios milion\u00e1rios transformando institui\u00e7\u00f5es sociais por todo o estado!\" \/>\n<meta property=\"og:url\" content=\"https:\/\/www.em.com.br\/emfoco\/2025\/02\/04\/milhares-de-premios-distribuidos-veja-o-impacto-do-nota-parana-em-2025\/\" \/>\n<meta property=\"og:site_name\" content=\"Estado de Minas - Em foco\" \/>\n<meta property=\"article:published_time\" content=\"2025-02-04T19:20:00+00:00\" \/>\n<meta property=\"article:modified_time\" content=\"2025-02-01T13:55:13+00:00\" \/>\n<meta property=\"og:image\" content=\"https:\/\/www.em.com.br\/emfoco\/wp-content\/uploads\/2025\/01\/idosos-com-dinheiro_1737479538600.jpg\" \/>\n\t<meta property=\"og:image:width\" content=\"1280\" \/>\n\t<meta property=\"og:image:height\" content=\"720\" \/>\n\t<meta property=\"og:image:type\" content=\"image\/jpeg\" \/>\n<meta name=\"author\" content=\"N\u00fabia Rangel\" \/>\n<meta name=\"twitter:card\" content=\"summary_large_image\" \/>\n<meta name=\"twitter:label1\" content=\"Escrito por\" \/>\n\t<meta name=\"twitter:data1\" content=\"N\u00fabia Rangel\" \/>\n\t<meta name=\"twitter:label2\" content=\"Est. tempo de leitura\" \/>\n\t<meta name=\"twitter:data2\" content=\"4 minutos\" \/>\n<!-- \/ Yoast SEO plugin. -->","yoast_head_json":{"title":"Milhares de pr\u00eamios distribu\u00eddos! Veja o impacto do nota Paran\u00e1 em 2025 - Estado de Minas - Em foco","description":"Conhe\u00e7a o impacto do Nota Paran\u00e1 em 2025, com pr\u00eamios milion\u00e1rios transformando institui\u00e7\u00f5es sociais por todo o estado!","robots":{"index":"index","follow":"follow","max-snippet":"max-snippet:-1","max-image-preview":"max-image-preview:large","max-video-preview":"max-video-preview:-1"},"canonical":"https:\/\/www.em.com.br\/emfoco\/2025\/02\/04\/milhares-de-premios-distribuidos-veja-o-impacto-do-nota-parana-em-2025\/","og_locale":"pt_BR","og_type":"article","og_title":"Milhares de pr\u00eamios distribu\u00eddos! Veja o impacto do nota Paran\u00e1 em 2025 - Estado de Minas - Em foco","og_description":"Conhe\u00e7a o impacto do Nota Paran\u00e1 em 2025, com pr\u00eamios milion\u00e1rios transformando institui\u00e7\u00f5es sociais por todo o estado!","og_url":"https:\/\/www.em.com.br\/emfoco\/2025\/02\/04\/milhares-de-premios-distribuidos-veja-o-impacto-do-nota-parana-em-2025\/","og_site_name":"Estado de Minas - Em foco","article_published_time":"2025-02-04T19:20:00+00:00","article_modified_time":"2025-02-01T13:55:13+00:00","og_image":[{"width":1280,"height":720,"url":"https:\/\/www.em.com.br\/emfoco\/wp-content\/uploads\/2025\/01\/idosos-com-dinheiro_1737479538600.jpg","type":"image\/jpeg"}],"author":"N\u00fabia Rangel","twitter_card":"summary_large_image","twitter_misc":{"Escrito por":"N\u00fabia Rangel","Est. tempo de leitura":"4 minutos"},"schema":{"@context":"https:\/\/schema.org","@graph":[{"@type":"WebPage","@id":"https:\/\/www.em.com.br\/emfoco\/2025\/02\/04\/milhares-de-premios-distribuidos-veja-o-impacto-do-nota-parana-em-2025\/","url":"https:\/\/www.em.com.br\/emfoco\/2025\/02\/04\/milhares-de-premios-distribuidos-veja-o-impacto-do-nota-parana-em-2025\/","name":"Milhares de pr\u00eamios distribu\u00eddos! Veja o impacto do nota Paran\u00e1 em 2025 - Estado de Minas - Em foco","isPartOf":{"@id":"https:\/\/www.em.com.br\/emfoco\/#website"},"primaryImageOfPage":{"@id":"https:\/\/www.em.com.br\/emfoco\/2025\/02\/04\/milhares-de-premios-distribuidos-veja-o-impacto-do-nota-parana-em-2025\/#primaryimage"},"image":{"@id":"https:\/\/www.em.com.br\/emfoco\/2025\/02\/04\/milhares-de-premios-distribuidos-veja-o-impacto-do-nota-parana-em-2025\/#primaryimage"},"thumbnailUrl":"https:\/\/www.em.com.br\/emfoco\/wp-content\/uploads\/2025\/01\/idosos-com-dinheiro_1737479538600.jpg","datePublished":"2025-02-04T19:20:00+00:00","dateModified":"2025-02-01T13:55:13+00:00","author":{"@id":"https:\/\/www.em.com.br\/emfoco\/#\/schema\/person\/524437ef54f8a5d32591b143307f2e20"},"description":"Conhe\u00e7a o impacto do Nota Paran\u00e1 em 2025, com pr\u00eamios milion\u00e1rios transformando institui\u00e7\u00f5es sociais por todo o estado!","breadcrumb":{"@id":"https:\/\/www.em.com.br\/emfoco\/2025\/02\/04\/milhares-de-premios-distribuidos-veja-o-impacto-do-nota-parana-em-2025\/#breadcrumb"},"inLanguage":"pt-BR","potentialAction":[{"@type":"ReadAction","target":["https:\/\/www.em.com.br\/emfoco\/2025\/02\/04\/milhares-de-premios-distribuidos-veja-o-impacto-do-nota-parana-em-2025\/"]}]},{"@type":"ImageObject","inLanguage":"pt-BR","@id":"https:\/\/www.em.com.br\/emfoco\/2025\/02\/04\/milhares-de-premios-distribuidos-veja-o-impacto-do-nota-parana-em-2025\/#primaryimage","url":"https:\/\/www.em.com.br\/emfoco\/wp-content\/uploads\/2025\/01\/idosos-com-dinheiro_1737479538600.jpg","contentUrl":"https:\/\/www.em.com.br\/emfoco\/wp-content\/uploads\/2025\/01\/idosos-com-dinheiro_1737479538600.jpg","width":1280,"height":720,"caption":"Senhora com dinheiro - Cr\u00e9ditos: depositphotos.com \/ Krakenimages.com"},{"@type":"BreadcrumbList","@id":"https:\/\/www.em.com.br\/emfoco\/2025\/02\/04\/milhares-de-premios-distribuidos-veja-o-impacto-do-nota-parana-em-2025\/#breadcrumb","itemListElement":[{"@type":"ListItem","position":1,"name":"In\u00edcio","item":"https:\/\/www.em.com.br\/emfoco\/"},{"@type":"ListItem","position":2,"name":"Milhares de pr\u00eamios distribu\u00eddos! Veja o impacto do nota Paran\u00e1 em 2025"}]},{"@type":"WebSite","@id":"https:\/\/www.em.com.br\/emfoco\/#website","url":"https:\/\/www.em.com.br\/emfoco\/","name":"Estado de Minas - Em foco","description":"Acompanhe as \u00faltimas not\u00edcias e fique bem informado sobre tudo o que acontece em Minas Gerais, Brasil e no mundo.","potentialAction":[{"@type":"SearchAction","target":{"@type":"EntryPoint","urlTemplate":"https:\/\/www.em.com.br\/emfoco\/?s={search_term_string}"},"query-input":{"@type":"PropertyValueSpecification","valueRequired":true,"valueName":"search_term_string"}}],"inLanguage":"pt-BR"},{"@type":"Person","@id":"https:\/\/www.em.com.br\/emfoco\/#\/schema\/person\/524437ef54f8a5d32591b143307f2e20","name":"N\u00fabia Rangel","image":{"@type":"ImageObject","inLanguage":"pt-BR","@id":"https:\/\/www.em.com.br\/emfoco\/#\/schema\/person\/image\/","url":"https:\/\/secure.gravatar.com\/avatar\/47cff2827a5ba23c37e8068c86817ea4?s=96&d=mm&r=g","contentUrl":"https:\/\/secure.gravatar.com\/avatar\/47cff2827a5ba23c37e8068c86817ea4?s=96&d=mm&r=g","caption":"N\u00fabia Rangel"},"sameAs":["https:\/\/www.em.com.br\/emfoco\/"],"url":"https:\/\/www.em.com.br\/emfoco\/author\/nubiamyth\/"}]}},"_links":{"self":[{"href":"https:\/\/www.em.com.br\/emfoco\/wp-json\/wp\/v2\/posts\/13567","targetHints":{"allow":["GET"]}}],"collection":[{"href":"https:\/\/www.em.com.br\/emfoco\/wp-json\/wp\/v2\/posts"}],"about":[{"href":"https:\/\/www.em.com.br\/emfoco\/wp-json\/wp\/v2\/types\/post"}],"author":[{"embeddable":true,"href":"https:\/\/www.em.com.br\/emfoco\/wp-json\/wp\/v2\/users\/5"}],"replies":[{"embeddable":true,"href":"https:\/\/www.em.com.br\/emfoco\/wp-json\/wp\/v2\/comments?post=13567"}],"version-history":[{"count":3,"href":"https:\/\/www.em.com.br\/emfoco\/wp-json\/wp\/v2\/posts\/13567\/revisions"}],"predecessor-version":[{"id":15815,"href":"https:\/\/www.em.com.br\/emfoco\/wp-json\/wp\/v2\/posts\/13567\/revisions\/15815"}],"wp:featuredmedia":[{"embeddable":true,"href":"https:\/\/www.em.com.br\/emfoco\/wp-json\/wp\/v2\/media\/12439"}],"wp:attachment":[{"href":"https:\/\/www.em.com.br\/emfoco\/wp-json\/wp\/v2\/media?parent=13567"}],"wp:term":[{"taxonomy":"category","embeddable":true,"href":"https:\/\/www.em.com.br\/emfoco\/wp-json\/wp\/v2\/categories?post=13567"},{"taxonomy":"post_tag","embeddable":true,"href":"https:\/\/www.em.com.br\/emfoco\/wp-json\/wp\/v2\/tags?post=13567"}],"curies":[{"name":"wp","href":"https:\/\/api.w.org\/{rel}","templated":true}]}}