{"id":135649,"date":"2025-12-06T19:55:00","date_gmt":"2025-12-06T22:55:00","guid":{"rendered":"https:\/\/www.em.com.br\/emfoco\/?p=135649"},"modified":"2025-12-04T14:23:46","modified_gmt":"2025-12-04T17:23:46","slug":"incomodada-com-a-celulite-veja-como-suavizar-os-furinhos-com-cafe-e-gel","status":"publish","type":"post","link":"https:\/\/www.em.com.br\/emfoco\/2025\/12\/06\/incomodada-com-a-celulite-veja-como-suavizar-os-furinhos-com-cafe-e-gel\/","title":{"rendered":"Incomodada com a celulite? Veja como suavizar os furinhos com caf\u00e9 e gel"},"content":{"rendered":"\n<p>Muitas mulheres j\u00e1 tentaram cremes caros e tratamentos complexos para suavizar a celulite, mas poucas conhecem o poder do <strong>gel de caf\u00e9<\/strong>, uma solu\u00e7\u00e3o simples e caseira que firma a pele, ativa a circula\u00e7\u00e3o e deixa o aspecto mais uniforme em poucos minutos.<\/p>\n\n\n\n<h2 class=\"wp-block-heading\">Por que tantas pessoas buscam alternativas para melhorar a celulite?<\/h2>\n\n\n\n<p>A celulite altera a superf\u00edcie da pele e cria o aspecto de <strong>casca de laranja<\/strong>, comum em coxas e gl\u00fateos. Isso faz muitas mulheres procurarem solu\u00e7\u00f5es acess\u00edveis e pr\u00e1ticas que entreguem resultados percept\u00edveis sem depender de procedimentos caros ou dolorosos.<\/p>\n\n\n\n<p>A satisfa\u00e7\u00e3o aumenta quando o tratamento estimula a <strong>circula\u00e7\u00e3o local<\/strong>, melhora a firmeza tempor\u00e1ria e deixa a pele mais lisa. M\u00e9todos que unem est\u00edmulo mec\u00e2nico e ativos naturais costumam entregar uma resposta r\u00e1pida e vis\u00edvel, mesmo em rotinas simples.<\/p>\n\n\n\n<figure class=\"wp-block-image size-large\"><img loading=\"lazy\" decoding=\"async\" width=\"1024\" height=\"576\" src=\"https:\/\/www.em.com.br\/emfoco\/wp-content\/uploads\/2025\/12\/Celulite_1764868802050-1024x576.jpg\" alt=\"Incomodada com a celulite? Veja como suavizar os furinhos com caf\u00e9 e gel\" class=\"wp-image-135679\" srcset=\"https:\/\/www.em.com.br\/emfoco\/wp-content\/uploads\/2025\/12\/Celulite_1764868802050-1024x576.jpg 1024w, https:\/\/www.em.com.br\/emfoco\/wp-content\/uploads\/2025\/12\/Celulite_1764868802050-300x169.jpg 300w, https:\/\/www.em.com.br\/emfoco\/wp-content\/uploads\/2025\/12\/Celulite_1764868802050-768x432.jpg 768w, https:\/\/www.em.com.br\/emfoco\/wp-content\/uploads\/2025\/12\/Celulite_1764868802050-750x422.jpg 750w, https:\/\/www.em.com.br\/emfoco\/wp-content\/uploads\/2025\/12\/Celulite_1764868802050-1140x641.jpg 1140w, https:\/\/www.em.com.br\/emfoco\/wp-content\/uploads\/2025\/12\/Celulite_1764868802050.jpg 1280w\" sizes=\"auto, (max-width: 1024px) 100vw, 1024px\" \/><figcaption class=\"wp-element-caption\">A cafe\u00edna ativa circula\u00e7\u00e3o e suaviza ondula\u00e7\u00f5es marcadas pela celulite &#8211; Cr\u00e9ditos: depositphotos.com \/ kotin<\/figcaption><\/figure>\n\n\n\n<p><em>Leia mais: <strong><a href=\"https:\/\/www.em.com.br\/emfoco\/2025\/12\/04\/esse-oleo-natural-ajuda-a-controlar-o-brilho-e-hidrata-profundamente-peles-negras\/\" target=\"_blank\" rel=\"noreferrer noopener\">Esse \u00f3leo natural ajuda a controlar o brilho e hidrata profundamente peles negras<\/a><\/strong><\/em><\/p>\n\n\n\n<h2 class=\"wp-block-heading\">Como a cafe\u00edna age para melhorar o aspecto da pele?<\/h2>\n\n\n\n<p>A cafe\u00edna ativa a circula\u00e7\u00e3o, ajuda na <strong>drenagem<\/strong> e reduz o aspecto irregular da pele. Por isso, o gel de caf\u00e9 se torna uma alternativa pr\u00e1tica para quem busca firmeza imediata. Entre os benef\u00edcios mais relevantes desse ingrediente est\u00e3o os que voc\u00ea v\u00ea a seguir.<\/p>\n\n\n\n<ul class=\"wp-block-list\">\n<li>Estimula a microcircula\u00e7\u00e3o, reduzindo temporariamente o aspecto de <strong>casca de laranja<\/strong>.<\/li>\n\n\n\n<li>Remove c\u00e9lulas mortas, deixando a superf\u00edcie mais <strong>uniforme e lisa<\/strong>.<\/li>\n\n\n\n<li>Proporciona firmeza r\u00e1pida gra\u00e7as ao efeito estimulante da <strong>cafe\u00edna<\/strong>.<\/li>\n<\/ul>\n\n\n\n<h2 class=\"wp-block-heading\">Como preparar e aplicar o gel de caf\u00e9 do jeito certo?<\/h2>\n\n\n\n<p>O gel caseiro \u00e9 simples de fazer e combina esfolia\u00e7\u00e3o suave com hidrata\u00e7\u00e3o. Para visualizar melhor cada etapa e acertar na textura ideal, siga a lista detalhada a seguir.<\/p>\n\n\n\n<ul class=\"wp-block-list\">\n<li>Use 2 colheres de <strong>borra fresca de caf\u00e9<\/strong> ou caf\u00e9 bem forte e misture com a mesma quantidade de <strong>gel incolor<\/strong>.<\/li>\n\n\n\n<li>Massageie nas coxas, gl\u00fateos ou abd\u00f4men por 2 minutos para ativar a <strong>circula\u00e7\u00e3o<\/strong>.<\/li>\n\n\n\n<li>Deixe agir por 15 a 20 minutos para garantir firmeza imediata e esfolia\u00e7\u00e3o suave.<\/li>\n<\/ul>\n\n\n\n<figure class=\"wp-block-image size-large\"><img loading=\"lazy\" decoding=\"async\" width=\"1024\" height=\"576\" src=\"https:\/\/www.em.com.br\/emfoco\/wp-content\/uploads\/2025\/12\/IA-IMG-50-1024x576.jpg\" alt=\"Incomodada com a celulite? Veja como suavizar os furinhos com caf\u00e9 e gel\" class=\"wp-image-135681\" srcset=\"https:\/\/www.em.com.br\/emfoco\/wp-content\/uploads\/2025\/12\/IA-IMG-50-1024x576.jpg 1024w, https:\/\/www.em.com.br\/emfoco\/wp-content\/uploads\/2025\/12\/IA-IMG-50-300x169.jpg 300w, https:\/\/www.em.com.br\/emfoco\/wp-content\/uploads\/2025\/12\/IA-IMG-50-768x432.jpg 768w, https:\/\/www.em.com.br\/emfoco\/wp-content\/uploads\/2025\/12\/IA-IMG-50-750x422.jpg 750w, https:\/\/www.em.com.br\/emfoco\/wp-content\/uploads\/2025\/12\/IA-IMG-50-1140x641.jpg 1140w, https:\/\/www.em.com.br\/emfoco\/wp-content\/uploads\/2025\/12\/IA-IMG-50.jpg 1280w\" sizes=\"auto, (max-width: 1024px) 100vw, 1024px\" \/><figcaption class=\"wp-element-caption\">A massagem adequada potencializa a absor\u00e7\u00e3o e intensifica o efeito firmador<\/figcaption><\/figure>\n\n\n\n<h2 class=\"wp-block-heading\">Quais cuidados ampliam os resultados e evitam irrita\u00e7\u00f5es?<\/h2>\n\n\n\n<p>O uso cont\u00ednuo aumenta a sensa\u00e7\u00e3o de pele mais <strong>vi\u00e7osa<\/strong>, j\u00e1 que a esfolia\u00e7\u00e3o remove c\u00e9lulas mortas e a cafe\u00edna estimula a circula\u00e7\u00e3o. Para potencializar os efeitos e evitar inc\u00f4modos, considere os pontos pr\u00e1ticos abaixo.<\/p>\n\n\n\n<ul class=\"wp-block-list\">\n<li>Mantenha a frequ\u00eancia de duas a tr\u00eas vezes por semana para um resultado mais <strong>progressivo<\/strong>.<\/li>\n\n\n\n<li>Evite usar a mistura em \u00e1reas irritadas e sempre opte por borra <strong>fresca<\/strong>.<\/li>\n\n\n\n<li>Hidrate-se bem e mantenha alimenta\u00e7\u00e3o equilibrada para refor\u00e7ar a <strong>firmeza<\/strong> natural.<\/li>\n<\/ul>\n","protected":false},"excerpt":{"rendered":"<p>Muitas mulheres j\u00e1 tentaram cremes caros e tratamentos complexos para suavizar a celulite, mas poucas conhecem o poder do gel de caf\u00e9, uma solu\u00e7\u00e3o simples e caseira que firma a pele, ativa a circula\u00e7\u00e3o e deixa o aspecto mais uniforme em poucos minutos. Por que tantas pessoas buscam alternativas para melhorar a celulite? A celulite [&hellip;]<\/p>\n","protected":false},"author":13,"featured_media":135678,"comment_status":"open","ping_status":"open","sticky":false,"template":"","format":"standard","meta":{"jnews-multi-image_gallery":[],"jnews_single_post":{"format":"standard"},"jnews_primary_category":[],"jnews_social_meta":[],"jnews_override_counter":[],"footnotes":""},"categories":[8819],"tags":[712,6968,19797,19798],"class_list":["post-135649","post","type-post","status-publish","format-standard","has-post-thumbnail","hentry","category-curiosidades","tag-autocuidado","tag-celulite","tag-gel-de-cafe","tag-reduzir-a-celulite"],"yoast_head":"<!-- This site is optimized with the Yoast SEO plugin v23.8 - https:\/\/yoast.com\/wordpress\/plugins\/seo\/ -->\n<title>Incomodada com a celulite? Veja como suavizar os furinhos com caf\u00e9 e gel - Estado de Minas - Em foco<\/title>\n<meta name=\"description\" content=\"Receita f\u00e1cil com caf\u00e9 estimula a circula\u00e7\u00e3o, reduz o incha\u00e7o e melhora a textura da pele com uso de 2 a 3 vezes por semana.\" \/>\n<meta name=\"robots\" content=\"index, follow, max-snippet:-1, max-image-preview:large, max-video-preview:-1\" \/>\n<link rel=\"canonical\" href=\"https:\/\/www.em.com.br\/emfoco\/2025\/12\/06\/incomodada-com-a-celulite-veja-como-suavizar-os-furinhos-com-cafe-e-gel\/\" \/>\n<meta property=\"og:locale\" content=\"pt_BR\" \/>\n<meta property=\"og:type\" content=\"article\" \/>\n<meta property=\"og:title\" content=\"Incomodada com a celulite? Veja como suavizar os furinhos com caf\u00e9 e gel - Estado de Minas - Em foco\" \/>\n<meta property=\"og:description\" content=\"Receita f\u00e1cil com caf\u00e9 estimula a circula\u00e7\u00e3o, reduz o incha\u00e7o e melhora a textura da pele com uso de 2 a 3 vezes por semana.\" \/>\n<meta property=\"og:url\" content=\"https:\/\/www.em.com.br\/emfoco\/2025\/12\/06\/incomodada-com-a-celulite-veja-como-suavizar-os-furinhos-com-cafe-e-gel\/\" \/>\n<meta property=\"og:site_name\" content=\"Estado de Minas - Em foco\" \/>\n<meta property=\"article:published_time\" content=\"2025-12-06T22:55:00+00:00\" \/>\n<meta property=\"article:modified_time\" content=\"2025-12-04T17:23:46+00:00\" \/>\n<meta property=\"og:image\" content=\"https:\/\/www.em.com.br\/emfoco\/wp-content\/uploads\/2025\/12\/Celulite_1764868685979.jpg\" \/>\n\t<meta property=\"og:image:width\" content=\"1280\" \/>\n\t<meta property=\"og:image:height\" content=\"720\" \/>\n\t<meta property=\"og:image:type\" content=\"image\/jpeg\" \/>\n<meta name=\"author\" content=\"Gabriel Martins\" \/>\n<meta name=\"twitter:card\" content=\"summary_large_image\" \/>\n<meta name=\"twitter:label1\" content=\"Escrito por\" \/>\n\t<meta name=\"twitter:data1\" content=\"Gabriel Martins\" \/>\n\t<meta name=\"twitter:label2\" content=\"Est. tempo de leitura\" \/>\n\t<meta name=\"twitter:data2\" content=\"3 minutos\" \/>\n<!-- \/ Yoast SEO plugin. -->","yoast_head_json":{"title":"Incomodada com a celulite? Veja como suavizar os furinhos com caf\u00e9 e gel - Estado de Minas - Em foco","description":"Receita f\u00e1cil com caf\u00e9 estimula a circula\u00e7\u00e3o, reduz o incha\u00e7o e melhora a textura da pele com uso de 2 a 3 vezes por semana.","robots":{"index":"index","follow":"follow","max-snippet":"max-snippet:-1","max-image-preview":"max-image-preview:large","max-video-preview":"max-video-preview:-1"},"canonical":"https:\/\/www.em.com.br\/emfoco\/2025\/12\/06\/incomodada-com-a-celulite-veja-como-suavizar-os-furinhos-com-cafe-e-gel\/","og_locale":"pt_BR","og_type":"article","og_title":"Incomodada com a celulite? Veja como suavizar os furinhos com caf\u00e9 e gel - Estado de Minas - Em foco","og_description":"Receita f\u00e1cil com caf\u00e9 estimula a circula\u00e7\u00e3o, reduz o incha\u00e7o e melhora a textura da pele com uso de 2 a 3 vezes por semana.","og_url":"https:\/\/www.em.com.br\/emfoco\/2025\/12\/06\/incomodada-com-a-celulite-veja-como-suavizar-os-furinhos-com-cafe-e-gel\/","og_site_name":"Estado de Minas - Em foco","article_published_time":"2025-12-06T22:55:00+00:00","article_modified_time":"2025-12-04T17:23:46+00:00","og_image":[{"width":1280,"height":720,"url":"https:\/\/www.em.com.br\/emfoco\/wp-content\/uploads\/2025\/12\/Celulite_1764868685979.jpg","type":"image\/jpeg"}],"author":"Gabriel Martins","twitter_card":"summary_large_image","twitter_misc":{"Escrito por":"Gabriel Martins","Est. tempo de leitura":"3 minutos"},"schema":{"@context":"https:\/\/schema.org","@graph":[{"@type":"WebPage","@id":"https:\/\/www.em.com.br\/emfoco\/2025\/12\/06\/incomodada-com-a-celulite-veja-como-suavizar-os-furinhos-com-cafe-e-gel\/","url":"https:\/\/www.em.com.br\/emfoco\/2025\/12\/06\/incomodada-com-a-celulite-veja-como-suavizar-os-furinhos-com-cafe-e-gel\/","name":"Incomodada com a celulite? Veja como suavizar os furinhos com caf\u00e9 e gel - Estado de Minas - Em foco","isPartOf":{"@id":"https:\/\/www.em.com.br\/emfoco\/#website"},"primaryImageOfPage":{"@id":"https:\/\/www.em.com.br\/emfoco\/2025\/12\/06\/incomodada-com-a-celulite-veja-como-suavizar-os-furinhos-com-cafe-e-gel\/#primaryimage"},"image":{"@id":"https:\/\/www.em.com.br\/emfoco\/2025\/12\/06\/incomodada-com-a-celulite-veja-como-suavizar-os-furinhos-com-cafe-e-gel\/#primaryimage"},"thumbnailUrl":"https:\/\/www.em.com.br\/emfoco\/wp-content\/uploads\/2025\/12\/Celulite_1764868685979.jpg","datePublished":"2025-12-06T22:55:00+00:00","dateModified":"2025-12-04T17:23:46+00:00","author":{"@id":"https:\/\/www.em.com.br\/emfoco\/#\/schema\/person\/1c9ddeab18b98abeffef834667bcf08a"},"description":"Receita f\u00e1cil com caf\u00e9 estimula a circula\u00e7\u00e3o, reduz o incha\u00e7o e melhora a textura da pele com uso de 2 a 3 vezes por semana.","breadcrumb":{"@id":"https:\/\/www.em.com.br\/emfoco\/2025\/12\/06\/incomodada-com-a-celulite-veja-como-suavizar-os-furinhos-com-cafe-e-gel\/#breadcrumb"},"inLanguage":"pt-BR","potentialAction":[{"@type":"ReadAction","target":["https:\/\/www.em.com.br\/emfoco\/2025\/12\/06\/incomodada-com-a-celulite-veja-como-suavizar-os-furinhos-com-cafe-e-gel\/"]}]},{"@type":"ImageObject","inLanguage":"pt-BR","@id":"https:\/\/www.em.com.br\/emfoco\/2025\/12\/06\/incomodada-com-a-celulite-veja-como-suavizar-os-furinhos-com-cafe-e-gel\/#primaryimage","url":"https:\/\/www.em.com.br\/emfoco\/wp-content\/uploads\/2025\/12\/Celulite_1764868685979.jpg","contentUrl":"https:\/\/www.em.com.br\/emfoco\/wp-content\/uploads\/2025\/12\/Celulite_1764868685979.jpg","width":1280,"height":720,"caption":"O gel de caf\u00e9 caseiro melhora visivelmente a celulite atrav\u00e9s da cafe\u00edna - Cr\u00e9ditos: depositphotos.com \/ artem_furman"},{"@type":"BreadcrumbList","@id":"https:\/\/www.em.com.br\/emfoco\/2025\/12\/06\/incomodada-com-a-celulite-veja-como-suavizar-os-furinhos-com-cafe-e-gel\/#breadcrumb","itemListElement":[{"@type":"ListItem","position":1,"name":"In\u00edcio","item":"https:\/\/www.em.com.br\/emfoco\/"},{"@type":"ListItem","position":2,"name":"Incomodada com a celulite? Veja como suavizar os furinhos com caf\u00e9 e gel"}]},{"@type":"WebSite","@id":"https:\/\/www.em.com.br\/emfoco\/#website","url":"https:\/\/www.em.com.br\/emfoco\/","name":"Estado de Minas - Em foco","description":"Acompanhe as \u00faltimas not\u00edcias e fique bem informado sobre tudo o que acontece em Minas Gerais, Brasil e no mundo.","potentialAction":[{"@type":"SearchAction","target":{"@type":"EntryPoint","urlTemplate":"https:\/\/www.em.com.br\/emfoco\/?s={search_term_string}"},"query-input":{"@type":"PropertyValueSpecification","valueRequired":true,"valueName":"search_term_string"}}],"inLanguage":"pt-BR"},{"@type":"Person","@id":"https:\/\/www.em.com.br\/emfoco\/#\/schema\/person\/1c9ddeab18b98abeffef834667bcf08a","name":"Gabriel Martins","image":{"@type":"ImageObject","inLanguage":"pt-BR","@id":"https:\/\/www.em.com.br\/emfoco\/#\/schema\/person\/image\/","url":"https:\/\/secure.gravatar.com\/avatar\/f0f1e2efdfd88f1ad2cb08c5c2731e50?s=96&d=mm&r=g","contentUrl":"https:\/\/secure.gravatar.com\/avatar\/f0f1e2efdfd88f1ad2cb08c5c2731e50?s=96&d=mm&r=g","caption":"Gabriel Martins"},"sameAs":["https:\/\/www.em.com.br\/emfoco\/"],"url":"https:\/\/www.em.com.br\/emfoco\/author\/gabrielmartinsmyth\/"}]}},"_links":{"self":[{"href":"https:\/\/www.em.com.br\/emfoco\/wp-json\/wp\/v2\/posts\/135649","targetHints":{"allow":["GET"]}}],"collection":[{"href":"https:\/\/www.em.com.br\/emfoco\/wp-json\/wp\/v2\/posts"}],"about":[{"href":"https:\/\/www.em.com.br\/emfoco\/wp-json\/wp\/v2\/types\/post"}],"author":[{"embeddable":true,"href":"https:\/\/www.em.com.br\/emfoco\/wp-json\/wp\/v2\/users\/13"}],"replies":[{"embeddable":true,"href":"https:\/\/www.em.com.br\/emfoco\/wp-json\/wp\/v2\/comments?post=135649"}],"version-history":[{"count":1,"href":"https:\/\/www.em.com.br\/emfoco\/wp-json\/wp\/v2\/posts\/135649\/revisions"}],"predecessor-version":[{"id":135682,"href":"https:\/\/www.em.com.br\/emfoco\/wp-json\/wp\/v2\/posts\/135649\/revisions\/135682"}],"wp:featuredmedia":[{"embeddable":true,"href":"https:\/\/www.em.com.br\/emfoco\/wp-json\/wp\/v2\/media\/135678"}],"wp:attachment":[{"href":"https:\/\/www.em.com.br\/emfoco\/wp-json\/wp\/v2\/media?parent=135649"}],"wp:term":[{"taxonomy":"category","embeddable":true,"href":"https:\/\/www.em.com.br\/emfoco\/wp-json\/wp\/v2\/categories?post=135649"},{"taxonomy":"post_tag","embeddable":true,"href":"https:\/\/www.em.com.br\/emfoco\/wp-json\/wp\/v2\/tags?post=135649"}],"curies":[{"name":"wp","href":"https:\/\/api.w.org\/{rel}","templated":true}]}}