{"id":135622,"date":"2025-12-05T16:35:04","date_gmt":"2025-12-05T19:35:04","guid":{"rendered":"https:\/\/www.em.com.br\/emfoco\/?p=135622"},"modified":"2025-12-04T15:40:46","modified_gmt":"2025-12-04T18:40:46","slug":"corte-voce-mesma-o-cabelo-em-2-minutos-com-passo-a-passo-super-facil-e-rapido","status":"publish","type":"post","link":"https:\/\/www.em.com.br\/emfoco\/2025\/12\/05\/corte-voce-mesma-o-cabelo-em-2-minutos-com-passo-a-passo-super-facil-e-rapido\/","title":{"rendered":"Corte voc\u00ea mesma o cabelo em 2 minutos com passo a passo super f\u00e1cil e r\u00e1pido"},"content":{"rendered":"\n<p>Cortar o pr\u00f3prio cabelo em casa deixou de ser coisa de desespero e virou quase um ritual de <b>autocuidado<\/b>. O chamado \u201c<b>corte borboleta<\/b>\u201d ou corte em camadas desfiadas, com cara de anos 80 e toque mais moderno, d\u00e1 movimento, leveza e funciona em diferentes tipos de fio. Com alguns el\u00e1sticos, uma tesoura afiada e aten\u00e7\u00e3o na divis\u00e3o do cabelo, \u00e9 poss\u00edvel conquistar um visual repaginado em poucos minutos, sem sair do banheiro, desde que se siga um passo a passo simples e seguro.<\/p>\n\n\n\n<h2 class=\"wp-block-heading\">Como dividir o cabelo para fazer o corte caseiro com seguran\u00e7a<\/h2>\n\n\n\n<p>Um dos segredos do <b>corte borboleta<\/b> em casa \u00e9 a divis\u00e3o correta do cabelo. A criadora come\u00e7a separando uma parte no topo da cabe\u00e7a, puxando do centro at\u00e9 a regi\u00e3o pr\u00f3xima ao meio da orelha, de cada lado, formando um tri\u00e2ngulo frontal simples de visualizar.<\/p>\n\n\n\n<p>Na parte da frente, mais dois \u201c<b>dois dedos<\/b>\u201d entram em cena: separa-se a mecha que vai virar a franja ou o \u201cfranj\u00e3o\u201d, alinhando com aquela divis\u00e3o do topo. Essa refer\u00eancia com os dedos ajuda quem n\u00e3o tem pr\u00e1tica com pente de cabo fino e garante que as camadas caiam no lugar certo depois que o cabelo \u00e9 solto, reduzindo o risco de <b>desn\u00edveis<\/b> muito marcados.<\/p>\n\n\n\n<iframe loading=\"lazy\" src=\"https:\/\/assets.pinterest.com\/ext\/embed.html?id=7881368094592986\" height=\"698\" width=\"345\" frameborder=\"0\" scrolling=\"no\" ><\/iframe>\n\n\n\n<p>Leia tamb\u00e9m:&nbsp;<a href=\"https:\/\/www.em.com.br\/emfoco\/2025\/11\/21\/10-ideias-de-penteados-para-brilhar-nas-festas-de-natal-e-ano-novo\/\" target=\"_blank\" rel=\"noopener\">10 ideias de penteados para brilhar nas festas de Natal e Ano Novo<\/a><\/p>\n\n\n\n<h2 class=\"wp-block-heading\">Como fazer o corte borboleta em casa passo a passo<\/h2>\n\n\n\n<p>Depois da divis\u00e3o, vem a etapa que mais chama aten\u00e7\u00e3o: o momento de <b>cortar<\/b>. A parte de tr\u00e1s do cabelo, presa no alto, \u00e9 puxada para frente e esticada com os dedos, e a quantidade que ser\u00e1 cortada define onde as camadas v\u00e3o come\u00e7ar no topo da cabe\u00e7a.<\/p>\n\n\n\n<p>Para deixar esse passo a passo mais claro, d\u00e1 para organizar o processo em etapas simples, exatamente como mostrado na transcri\u00e7\u00e3o, seguindo a l\u00f3gica de um <b>tutorial<\/b> r\u00e1pido:<\/p>\n\n\n\n<ul class=\"wp-block-list\">\n<li><strong>1. Dividir o topo<\/strong> separar a parte superior do cabelo, do topo at\u00e9 o meio das orelhas, e prender.<\/li>\n\n\n\n<li><strong>2. Prender a parte de tr\u00e1s<\/strong> juntar o restante do cabelo, puxar para frente e segurar bem esticado.<\/li>\n\n\n\n<li><strong>3. Escolher o comprimento do corte<\/strong> decidir quantos dedos ser\u00e3o retirados, conforme camadas mais altas ou discretas.<\/li>\n\n\n\n<li><strong>4. Usar uma tesoura adequada<\/strong> preferencialmente uma tesoura de corte de cabelo, para n\u00e3o mastigar as pontas.<\/li>\n\n\n\n<li><strong>5. Cortar reto<\/strong> fazer um corte \u00fanico e reto na mecha esticada e ajustar depois, aos poucos, se necess\u00e1rio.<\/li>\n<\/ul>\n\n\n\n<iframe loading=\"lazy\" src=\"https:\/\/assets.pinterest.com\/ext\/embed.html?id=2674081024000809\" height=\"714\" width=\"345\" frameborder=\"0\" scrolling=\"no\" ><\/iframe>\n\n\n\n<h2 class=\"wp-block-heading\">O que muda ao escolher franjinha franj\u00e3o ou ficar sem franja<\/h2>\n\n\n\n<p>A <b>franja<\/b> \u00e9 um cap\u00edtulo \u00e0 parte no corte borboleta em casa. A criadora trabalha a franja como um \u201cquase tri\u00e2ngulo\u201d na frente, separando uma mecha central, enrolando bem e cortando reto nas pontas, o que cria um caimento arredondado com laterais mais compridas.<\/p>\n\n\n\n<p>Quem n\u00e3o quer <b>franja<\/b> pode simplesmente pular essa etapa e manter apenas as camadas, deixando a frente mais encorpada. J\u00e1 o <b>franj\u00e3o<\/b>, mais longo, permite usar o cabelo dividido ao meio ou de lado, garantindo um visual flex\u00edvel para rotinas diferentes e para prender o cabelo sem muitos fios soltos.<\/p>\n\n\n\n<iframe loading=\"lazy\" src=\"https:\/\/assets.pinterest.com\/ext\/embed.html?id=49047083437823444\" height=\"714\" width=\"345\" frameborder=\"0\" scrolling=\"no\" ><\/iframe>\n\n\n\n<h2 class=\"wp-block-heading\">Para quais tipos de cabelo o corte borboleta em casa funciona melhor<\/h2>\n\n\n\n<p>O corte borboleta em casa funciona tanto em cabelo <b>liso<\/b> quanto em cabelo cacheado ou ondulado, porque a proposta principal \u00e9 dar leveza e movimento \u00e0s pontas. Em cabelos lisos, as camadas ficam mais evidentes e ganham destaque quando modeladas com secador, chapinha ou babyliss.<\/p>\n\n\n\n<p>J\u00e1 nos fios <b>cacheados<\/b> ou ondulados, os cachos se encaixam nas camadas, criando volume no topo e contorno em volta do rosto. Como a curvatura pode encolher o comprimento aparente, \u00e9 importante cortar aos poucos, avaliando o resultado no espelho a cada pequena mudan\u00e7a, e, se poss\u00edvel, observar o cabelo tanto seco quanto <b>\u00famido<\/b>.<\/p>\n\n\n\n<p>Para aprender fazer o suco e conhecer mais benef\u00edcios, selecionamos o conte\u00fado do canal <a href=\"https:\/\/www.youtube.com\/@Enymarquesoficial\" target=\"_blank\" rel=\"noreferrer noopener\">Eny Marques<\/a>. No v\u00eddeo a seguir, Eny ensina a como cortar o cabelo em apenas 2 minutinhos:<\/p>\n\n\n\n<figure class=\"wp-block-embed is-type-video is-provider-youtube wp-block-embed-youtube wp-embed-aspect-16-9 wp-has-aspect-ratio\"><div class=\"wp-block-embed__wrapper\">\n<div class=\"jeg_video_container jeg_video_content\"><iframe loading=\"lazy\" title=\"CORTE VOC\u00ca MESMA EM 2 MINUTOS, MUITO F\u00c1CIL! \" width=\"500\" height=\"281\" src=\"https:\/\/www.youtube.com\/embed\/FahBeEDkvPs?feature=oembed\" frameborder=\"0\" allow=\"accelerometer; autoplay; clipboard-write; encrypted-media; gyroscope; picture-in-picture; web-share\" referrerpolicy=\"strict-origin-when-cross-origin\" allowfullscreen><\/iframe><\/div>\n<\/div><\/figure>\n\n\n\n<h2 class=\"wp-block-heading\">Como finalizar o corte borboleta em casa e valorizar as camadas<\/h2>\n\n\n\n<p>Depois de cortar, entra a fase de modelar para destacar o desenho das <b>camadas<\/b>. A criadora comenta que fez chapinha antes para facilitar a divis\u00e3o, mas percebeu que isso deixou os fios muito lisos e \u201cespigados\u201d, reduzindo o volume natural do cabelo.<\/p>\n\n\n\n<p>Para contornar isso, ela cita estrat\u00e9gias como usar o <b>secador<\/b> para curvar as pontas para dentro, recorrer a bobes na franja ou fazer um coque enquanto o cabelo seca. Essas formas de finaliza\u00e7\u00e3o, somadas a finalizadores leves e diferentes formas de repartir o cabelo, tornam o corte borboleta um verdadeiro laborat\u00f3rio de <b>penteados<\/b> e autocuidado em casa.<\/p>\n","protected":false},"excerpt":{"rendered":"<p>Cortar o pr\u00f3prio cabelo em casa deixou de ser coisa de desespero e virou quase um ritual de autocuidado. O chamado \u201ccorte borboleta\u201d ou corte em camadas desfiadas, com cara de anos 80 e toque mais moderno, d\u00e1 movimento, leveza e funciona em diferentes tipos de fio. Com alguns el\u00e1sticos, uma tesoura afiada e aten\u00e7\u00e3o [&hellip;]<\/p>\n","protected":false},"author":9,"featured_media":135761,"comment_status":"open","ping_status":"open","sticky":false,"template":"","format":"standard","meta":{"jnews-multi-image_gallery":[],"jnews_single_post":{"format":"standard"},"jnews_primary_category":[],"jnews_social_meta":[],"jnews_override_counter":[],"footnotes":""},"categories":[8691,8819,1],"tags":[19792,4906,6321],"class_list":["post-135622","post","type-post","status-publish","format-standard","has-post-thumbnail","hentry","category-bem-estar","category-curiosidades","category-noticias","tag-cortar-cabelo-em-casa","tag-corte-de-cabelo","tag-visual"],"yoast_head":"<!-- This site is optimized with the Yoast SEO plugin v23.8 - https:\/\/yoast.com\/wordpress\/plugins\/seo\/ -->\n<title>Corte voc\u00ea mesma o cabelo em 2 minutos com passo a passo super f\u00e1cil e r\u00e1pido - Estado de Minas - Em foco<\/title>\n<meta name=\"description\" content=\"O corte borboleta em camadas traz movimento e leveza. Aprenda a dividir o cabelo e usar el\u00e1sticos para renovar o visual em casa com seguran\u00e7a.\" \/>\n<meta name=\"robots\" content=\"index, follow, max-snippet:-1, max-image-preview:large, max-video-preview:-1\" \/>\n<link rel=\"canonical\" href=\"https:\/\/www.em.com.br\/emfoco\/2025\/12\/05\/corte-voce-mesma-o-cabelo-em-2-minutos-com-passo-a-passo-super-facil-e-rapido\/\" \/>\n<meta property=\"og:locale\" content=\"pt_BR\" \/>\n<meta property=\"og:type\" content=\"article\" \/>\n<meta property=\"og:title\" content=\"Corte voc\u00ea mesma o cabelo em 2 minutos com passo a passo super f\u00e1cil e r\u00e1pido - Estado de Minas - Em foco\" \/>\n<meta property=\"og:description\" content=\"O corte borboleta em camadas traz movimento e leveza. Aprenda a dividir o cabelo e usar el\u00e1sticos para renovar o visual em casa com seguran\u00e7a.\" \/>\n<meta property=\"og:url\" content=\"https:\/\/www.em.com.br\/emfoco\/2025\/12\/05\/corte-voce-mesma-o-cabelo-em-2-minutos-com-passo-a-passo-super-facil-e-rapido\/\" \/>\n<meta property=\"og:site_name\" content=\"Estado de Minas - Em foco\" \/>\n<meta property=\"article:published_time\" content=\"2025-12-05T19:35:04+00:00\" \/>\n<meta property=\"article:modified_time\" content=\"2025-12-04T18:40:46+00:00\" \/>\n<meta property=\"og:image\" content=\"https:\/\/www.em.com.br\/emfoco\/wp-content\/uploads\/2025\/12\/Gemini_Generated_Image_5983715983715983-1.png\" \/>\n\t<meta property=\"og:image:width\" content=\"1280\" \/>\n\t<meta property=\"og:image:height\" content=\"720\" \/>\n\t<meta property=\"og:image:type\" content=\"image\/png\" \/>\n<meta name=\"author\" content=\"Daniely Cardoso\" \/>\n<meta name=\"twitter:card\" content=\"summary_large_image\" \/>\n<meta name=\"twitter:label1\" content=\"Escrito por\" \/>\n\t<meta name=\"twitter:data1\" content=\"Daniely Cardoso\" \/>\n\t<meta name=\"twitter:label2\" content=\"Est. tempo de leitura\" \/>\n\t<meta name=\"twitter:data2\" content=\"5 minutos\" \/>\n<!-- \/ Yoast SEO plugin. -->","yoast_head_json":{"title":"Corte voc\u00ea mesma o cabelo em 2 minutos com passo a passo super f\u00e1cil e r\u00e1pido - Estado de Minas - Em foco","description":"O corte borboleta em camadas traz movimento e leveza. Aprenda a dividir o cabelo e usar el\u00e1sticos para renovar o visual em casa com seguran\u00e7a.","robots":{"index":"index","follow":"follow","max-snippet":"max-snippet:-1","max-image-preview":"max-image-preview:large","max-video-preview":"max-video-preview:-1"},"canonical":"https:\/\/www.em.com.br\/emfoco\/2025\/12\/05\/corte-voce-mesma-o-cabelo-em-2-minutos-com-passo-a-passo-super-facil-e-rapido\/","og_locale":"pt_BR","og_type":"article","og_title":"Corte voc\u00ea mesma o cabelo em 2 minutos com passo a passo super f\u00e1cil e r\u00e1pido - Estado de Minas - Em foco","og_description":"O corte borboleta em camadas traz movimento e leveza. Aprenda a dividir o cabelo e usar el\u00e1sticos para renovar o visual em casa com seguran\u00e7a.","og_url":"https:\/\/www.em.com.br\/emfoco\/2025\/12\/05\/corte-voce-mesma-o-cabelo-em-2-minutos-com-passo-a-passo-super-facil-e-rapido\/","og_site_name":"Estado de Minas - Em foco","article_published_time":"2025-12-05T19:35:04+00:00","article_modified_time":"2025-12-04T18:40:46+00:00","og_image":[{"width":1280,"height":720,"url":"https:\/\/www.em.com.br\/emfoco\/wp-content\/uploads\/2025\/12\/Gemini_Generated_Image_5983715983715983-1.png","type":"image\/png"}],"author":"Daniely Cardoso","twitter_card":"summary_large_image","twitter_misc":{"Escrito por":"Daniely Cardoso","Est. tempo de leitura":"5 minutos"},"schema":{"@context":"https:\/\/schema.org","@graph":[{"@type":"WebPage","@id":"https:\/\/www.em.com.br\/emfoco\/2025\/12\/05\/corte-voce-mesma-o-cabelo-em-2-minutos-com-passo-a-passo-super-facil-e-rapido\/","url":"https:\/\/www.em.com.br\/emfoco\/2025\/12\/05\/corte-voce-mesma-o-cabelo-em-2-minutos-com-passo-a-passo-super-facil-e-rapido\/","name":"Corte voc\u00ea mesma o cabelo em 2 minutos com passo a passo super f\u00e1cil e r\u00e1pido - Estado de Minas - Em foco","isPartOf":{"@id":"https:\/\/www.em.com.br\/emfoco\/#website"},"primaryImageOfPage":{"@id":"https:\/\/www.em.com.br\/emfoco\/2025\/12\/05\/corte-voce-mesma-o-cabelo-em-2-minutos-com-passo-a-passo-super-facil-e-rapido\/#primaryimage"},"image":{"@id":"https:\/\/www.em.com.br\/emfoco\/2025\/12\/05\/corte-voce-mesma-o-cabelo-em-2-minutos-com-passo-a-passo-super-facil-e-rapido\/#primaryimage"},"thumbnailUrl":"https:\/\/www.em.com.br\/emfoco\/wp-content\/uploads\/2025\/12\/Gemini_Generated_Image_5983715983715983-1.png","datePublished":"2025-12-05T19:35:04+00:00","dateModified":"2025-12-04T18:40:46+00:00","author":{"@id":"https:\/\/www.em.com.br\/emfoco\/#\/schema\/person\/0a8186d72f2c3a5c6276d90b41f271a0"},"description":"O corte borboleta em camadas traz movimento e leveza. Aprenda a dividir o cabelo e usar el\u00e1sticos para renovar o visual em casa com seguran\u00e7a.","breadcrumb":{"@id":"https:\/\/www.em.com.br\/emfoco\/2025\/12\/05\/corte-voce-mesma-o-cabelo-em-2-minutos-com-passo-a-passo-super-facil-e-rapido\/#breadcrumb"},"inLanguage":"pt-BR","potentialAction":[{"@type":"ReadAction","target":["https:\/\/www.em.com.br\/emfoco\/2025\/12\/05\/corte-voce-mesma-o-cabelo-em-2-minutos-com-passo-a-passo-super-facil-e-rapido\/"]}]},{"@type":"ImageObject","inLanguage":"pt-BR","@id":"https:\/\/www.em.com.br\/emfoco\/2025\/12\/05\/corte-voce-mesma-o-cabelo-em-2-minutos-com-passo-a-passo-super-facil-e-rapido\/#primaryimage","url":"https:\/\/www.em.com.br\/emfoco\/wp-content\/uploads\/2025\/12\/Gemini_Generated_Image_5983715983715983-1.png","contentUrl":"https:\/\/www.em.com.br\/emfoco\/wp-content\/uploads\/2025\/12\/Gemini_Generated_Image_5983715983715983-1.png","width":1280,"height":720,"caption":"Um dos segredos do corte borboleta em casa \u00e9 a divis\u00e3o correta do cabelo"},{"@type":"BreadcrumbList","@id":"https:\/\/www.em.com.br\/emfoco\/2025\/12\/05\/corte-voce-mesma-o-cabelo-em-2-minutos-com-passo-a-passo-super-facil-e-rapido\/#breadcrumb","itemListElement":[{"@type":"ListItem","position":1,"name":"In\u00edcio","item":"https:\/\/www.em.com.br\/emfoco\/"},{"@type":"ListItem","position":2,"name":"Corte voc\u00ea mesma o cabelo em 2 minutos com passo a passo super f\u00e1cil e r\u00e1pido"}]},{"@type":"WebSite","@id":"https:\/\/www.em.com.br\/emfoco\/#website","url":"https:\/\/www.em.com.br\/emfoco\/","name":"Estado de Minas - Em foco","description":"Acompanhe as \u00faltimas not\u00edcias e fique bem informado sobre tudo o que acontece em Minas Gerais, Brasil e no mundo.","potentialAction":[{"@type":"SearchAction","target":{"@type":"EntryPoint","urlTemplate":"https:\/\/www.em.com.br\/emfoco\/?s={search_term_string}"},"query-input":{"@type":"PropertyValueSpecification","valueRequired":true,"valueName":"search_term_string"}}],"inLanguage":"pt-BR"},{"@type":"Person","@id":"https:\/\/www.em.com.br\/emfoco\/#\/schema\/person\/0a8186d72f2c3a5c6276d90b41f271a0","name":"Daniely Cardoso","image":{"@type":"ImageObject","inLanguage":"pt-BR","@id":"https:\/\/www.em.com.br\/emfoco\/#\/schema\/person\/image\/","url":"https:\/\/secure.gravatar.com\/avatar\/4b80ddbd124d1f071b626d52d62e5dff?s=96&d=mm&r=g","contentUrl":"https:\/\/secure.gravatar.com\/avatar\/4b80ddbd124d1f071b626d52d62e5dff?s=96&d=mm&r=g","caption":"Daniely Cardoso"},"url":"https:\/\/www.em.com.br\/emfoco\/author\/danielymyth\/"}]}},"_links":{"self":[{"href":"https:\/\/www.em.com.br\/emfoco\/wp-json\/wp\/v2\/posts\/135622","targetHints":{"allow":["GET"]}}],"collection":[{"href":"https:\/\/www.em.com.br\/emfoco\/wp-json\/wp\/v2\/posts"}],"about":[{"href":"https:\/\/www.em.com.br\/emfoco\/wp-json\/wp\/v2\/types\/post"}],"author":[{"embeddable":true,"href":"https:\/\/www.em.com.br\/emfoco\/wp-json\/wp\/v2\/users\/9"}],"replies":[{"embeddable":true,"href":"https:\/\/www.em.com.br\/emfoco\/wp-json\/wp\/v2\/comments?post=135622"}],"version-history":[{"count":3,"href":"https:\/\/www.em.com.br\/emfoco\/wp-json\/wp\/v2\/posts\/135622\/revisions"}],"predecessor-version":[{"id":135762,"href":"https:\/\/www.em.com.br\/emfoco\/wp-json\/wp\/v2\/posts\/135622\/revisions\/135762"}],"wp:featuredmedia":[{"embeddable":true,"href":"https:\/\/www.em.com.br\/emfoco\/wp-json\/wp\/v2\/media\/135761"}],"wp:attachment":[{"href":"https:\/\/www.em.com.br\/emfoco\/wp-json\/wp\/v2\/media?parent=135622"}],"wp:term":[{"taxonomy":"category","embeddable":true,"href":"https:\/\/www.em.com.br\/emfoco\/wp-json\/wp\/v2\/categories?post=135622"},{"taxonomy":"post_tag","embeddable":true,"href":"https:\/\/www.em.com.br\/emfoco\/wp-json\/wp\/v2\/tags?post=135622"}],"curies":[{"name":"wp","href":"https:\/\/api.w.org\/{rel}","templated":true}]}}