{"id":135579,"date":"2025-12-05T20:55:00","date_gmt":"2025-12-05T23:55:00","guid":{"rendered":"https:\/\/www.em.com.br\/emfoco\/?p=135579"},"modified":"2025-12-04T15:24:43","modified_gmt":"2025-12-04T18:24:43","slug":"melhor-dia-para-cortar-o-cabelo-para-trazer-boas-energias-no-final-do-ano-de-2025-e-quais-signos-vao-se-beneficiar","status":"publish","type":"post","link":"https:\/\/www.em.com.br\/emfoco\/2025\/12\/05\/melhor-dia-para-cortar-o-cabelo-para-trazer-boas-energias-no-final-do-ano-de-2025-e-quais-signos-vao-se-beneficiar\/","title":{"rendered":"Melhor dia para cortar o cabelo para trazer boas energias no final do ano de 2025 e quais signos v\u00e3o se beneficiar"},"content":{"rendered":"\n<p>Ao final de 2025, muita gente n\u00e3o quer s\u00f3 mudar o visual: quer virar a p\u00e1gina, cortar o que n\u00e3o faz mais sentido e entrar em 2026 com a cabe\u00e7a \u2013 e o cora\u00e7\u00e3o \u2013 mais leves. Dentro da astrologia, at\u00e9 o corte de cabelo ganha um toque especial quando \u00e9 feito em sintonia com as fases da Lua e com os signos pelos quais ela passa. Assim, o calend\u00e1rio lunar de dezembro se transforma em um tipo de mapa para unir beleza, energia boa e o desejo sincero de recome\u00e7ar com o p\u00e9 direito.<\/p>\n\n\n\n<h2 class=\"wp-block-heading\">Qual \u00e9 a import\u00e2ncia de escolher o melhor dia para cortar o cabelo no fim de 2025?<\/h2>\n\n\n\n<p>Para quem segue o <a href=\"https:\/\/www.calendarr.com\/brasil\/calendario-lunar-2026\/\" target=\"_blank\" rel=\"noreferrer noopener\">calend\u00e1rio lunar<\/a>, cortar o cabelo no fim do ano \u00e9 quase um ritual de fechamento de ciclo. A data representa um \u201cbasta\u201d para o que ficou pesado em 2025 e um \u201csim\u201d para novas experi\u00eancias em 2026.<\/p>\n\n\n\n<p>Ao escolher um dia considerado favor\u00e1vel, o corte se torna um gesto consciente: \u00e9 como dizer para si mesma(o) que est\u00e1 pronta(o) para se valorizar mais, deixar pra tr\u00e1s o que n\u00e3o combina mais com a sua fase e abrir espa\u00e7o para o novo. Muita gente enxerga o corte como um momento \u00edntimo de autoconhecimento, conectado \u00e0s metas, mudan\u00e7as e promessas para o novo ano.<\/p>\n\n\n\n<ul class=\"wp-block-list\">\n<li><strong>Simbolizar o fechamento<\/strong>&nbsp;de situa\u00e7\u00f5es antigas e desgastadas;<\/li>\n\n\n\n<li><strong>Refor\u00e7ar a autoestima<\/strong>&nbsp;para come\u00e7ar 2026 se sentindo bem na pr\u00f3pria pele;<\/li>\n\n\n\n<li><strong>Canalizar boas energias<\/strong>&nbsp;para planos, projetos e sonhos do novo ano;<\/li>\n\n\n\n<li>Transformar o corte em um&nbsp;<em>ritual de renova\u00e7\u00e3o<\/em>, e n\u00e3o apenas em uma simples manuten\u00e7\u00e3o.<\/li>\n<\/ul>\n\n\n\n<figure class=\"wp-block-image\"><img decoding=\"async\" src=\"https:\/\/www.em.com.br\/emfoco\/wp-content\/uploads\/2025\/05\/mulher-cortando-cabelo_1747521031122-1024x576.jpg\" alt=\"\"\/><figcaption class=\"wp-element-caption\">Quando cortar o cabelo para come\u00e7ar 2026 renovada &#8211; Cr\u00e9ditos: depositphotos.com \/ IgorVetushko<\/figcaption><\/figure>\n\n\n\n<h2 class=\"wp-block-heading\">Quais s\u00e3o os melhores signos lunares para cortar o cabelo em dezembro de 2025?<\/h2>\n\n\n\n<p>Em dezembro de 2025, os dias em que a Lua estiver em <a href=\"https:\/\/www.em.com.br\/emfoco\/2025\/12\/03\/os-5-signos-considerados-mais-bonitos-em-2025-e-por-que-essa-lista-mexe-tanto-com-a-autoestima\/\" target=\"_blank\" rel=\"noreferrer noopener\">signos <\/a>de Terra ganham destaque para quem busca fios mais fortes, est\u00e1veis e com resultado mais duradouro. Capric\u00f3rnio, Virgem e Touro s\u00e3o vistos como parceiros ideais para unir praticidade, beleza e sensa\u00e7\u00e3o de seguran\u00e7a emocional.<\/p>\n\n\n\n<p>A Lua em Capric\u00f3rnio \u00e9 ligada \u00e0 disciplina e firmeza, \u00f3tima para cortes que marcam decis\u00f5es importantes, mudan\u00e7as de fase ou visuais mais estruturados. A Lua em Virgem favorece cortes detalhados, ajustes em pontas danificadas e aquele cuidado caprichado que repara o que foi \u201cmaltratado\u201d ao longo do ano. A Lua em Touro \u00e9 a preferida de quem busca volume, textura bonita, brilho e conforto ao se olhar no espelho, como se o cabelo abra\u00e7asse a sua nova vers\u00e3o.<\/p>\n\n\n\n<h2 class=\"wp-block-heading\">Como a Lua Nova de 19 de dezembro de 2025 influencia o corte de cabelo?<\/h2>\n\n\n\n<p>A Lua Nova de 19 de dezembro de 2025 \u00e9 um dos momentos mais simb\u00f3licos para renovar as energias por meio do cabelo. Essa fase est\u00e1 ligada a come\u00e7os e plantio de inten\u00e7\u00f5es, combinando com quem deseja abandonar padr\u00f5es antigos \u2013 de visual, de comportamento ou de relacionamentos \u2013 e assumir uma imagem que traduza um novo cap\u00edtulo.<\/p>\n\n\n\n<p>Muita gente aproveita o corte para mentalizar crescimento, cura emocional e coragem para encarar 2026 de um jeito diferente. \u00c9 comum unir o corte a hidrata\u00e7\u00f5es ou reconstru\u00e7\u00f5es, enxergando esses cuidados como fortalecimento do que est\u00e1 \u201cnascendo\u201d: fios mais fortes e uma nova fase pessoal.<\/p>\n\n\n\n<ul class=\"wp-block-list\">\n<li>Refor\u00e7ar a inten\u00e7\u00e3o de&nbsp;<strong>crescimento interno<\/strong>&nbsp;e emocional para o pr\u00f3ximo ano;<\/li>\n\n\n\n<li>Fazer um&nbsp;<em>ritual de desapego<\/em>, tirando fios que lembram fases que j\u00e1 ficaram para tr\u00e1s;<\/li>\n\n\n\n<li>Estimular, segundo cren\u00e7as populares, o&nbsp;<strong>fortalecimento da raiz<\/strong>&nbsp;e o surgimento de novos fios cheios de vida.<\/li>\n<\/ul>\n\n\n\n<h2 class=\"wp-block-heading\">A Lua Crescente no fim de dezembro de 2025 \u00e9 boa para quem quer cabelo longo?<\/h2>\n\n\n\n<p>A partir de 27 de dezembro de 2025, a Lua entra na fase Crescente, conhecida por favorecer quem quer que o cabelo cres\u00e7a mais r\u00e1pido. Esse \u00e9 o per\u00edodo ideal para quem n\u00e3o quer perder comprimento, mas precisa dar fim \u00e0s pontas ressecadas antes de virar o ano.<\/p>\n\n\n\n<p>Muita gente conecta a energia de crescimento da Lua Crescente aos pr\u00f3prios planos de expans\u00e3o: mais prosperidade, rela\u00e7\u00f5es mais saud\u00e1veis, projetos saindo do papel. O corte vira um s\u00edmbolo de evolu\u00e7\u00e3o constante, bem quando o calend\u00e1rio est\u00e1 prestes a virar.<\/p>\n\n\n\n<ol class=\"wp-block-list\">\n<li>Aparar s\u00f3 as pontas prejudicadas, preservando o m\u00e1ximo de comprimento;<\/li>\n\n\n\n<li>Aproveitar o per\u00edodo para hidrata\u00e7\u00f5es, nutri\u00e7\u00f5es e tratamentos que \u201calimentam\u201d o fio;<\/li>\n\n\n\n<li>Usar esses dias para revisar e escrever metas de crescimento em 2026.<\/li>\n<\/ol>\n\n\n\n<figure class=\"wp-block-image\"><img decoding=\"async\" src=\"https:\/\/www.em.com.br\/emfoco\/wp-content\/uploads\/2025\/08\/calendario-lunar_1756229627941-1024x576.jpg\" alt=\"\"\/><figcaption class=\"wp-element-caption\">Fases da Lua Melhores datas para renovar o visual &#8211; Cr\u00e9ditos: depositphotos.com \/ mejn<\/figcaption><\/figure>\n\n\n\n<h2 class=\"wp-block-heading\">Cortar o cabelo em sexta-feira potencializa as boas energias?<\/h2>\n\n\n\n<p>Na astrologia tradicional, a sexta-feira \u00e9 ligada a V\u00eanus, planeta da beleza, do charme e da forma como a gente se enxerga e se relaciona. Por isso, muitas pessoas acreditam que cortar o cabelo nesse dia intensifica resultados ligados \u00e0 apar\u00eancia, magnetismo pessoal e amor-pr\u00f3prio.<\/p>\n\n\n\n<p>No fim de 2025, vale apostar na combina\u00e7\u00e3o sexta-feira + Lua em signos de Terra. Assim, o corte ganha ainda mais significado e pode refletir objetivos como fortalecer os fios, conquistar mais volume ou atrair rela\u00e7\u00f5es e oportunidades mais alinhadas com a sua nova vers\u00e3o em 2026.<\/p>\n\n\n\n<h2 class=\"wp-block-heading\">Como transformar o corte de cabelo no fim de 2025 em um ritual de renova\u00e7\u00e3o?<\/h2>\n\n\n\n<p>Ao juntar informa\u00e7\u00f5es sobre os signos da Lua, as fases lunares e os dias ligados a V\u00eanus, o corte de cabelo no fim de 2025 deixa de ser apenas um \u201chor\u00e1rio no sal\u00e3o\u201d e vira um ritual de prepara\u00e7\u00e3o para 2026. Mais do que escolher o corte da moda, esse momento convida voc\u00ea a pensar: o que precisa ficar em 2025? O que voc\u00ea quer fortalecer em 2026?<\/p>\n\n\n\n<p>Uma forma simples de montar esse ritual \u00e9: definir uma inten\u00e7\u00e3o clara antes de marcar o hor\u00e1rio, escolher datas com a Lua em Touro, Virgem ou Capric\u00f3rnio e, se poss\u00edvel, aproveitar a for\u00e7a simb\u00f3lica da Lua Nova de 19 de dezembro ou da Lua Crescente a partir de 27. Ao cuidar do cabelo depois do corte \u2013 com carinho e rotina de cuidados \u2013 voc\u00ea refor\u00e7a a mensagem de que est\u00e1 escolhendo cuidar mais de si e entrar no novo ano mais leve e alinhada(o) ao pr\u00f3prio prop\u00f3sito.<\/p>\n\n\n\n<p><strong>N\u00e3o deixe para depois:<\/strong>&nbsp;escolha sua data, defina sua inten\u00e7\u00e3o e marque agora o corte que vai simbolizar o seu recome\u00e7o. O ano est\u00e1 acabando, e o seu novo ciclo pode come\u00e7ar no pr\u00f3ximo fio que voc\u00ea decidir deixar para tr\u00e1s.<\/p>\n\n\n\n<p><\/p>\n","protected":false},"excerpt":{"rendered":"<p>Ao final de 2025, muita gente n\u00e3o quer s\u00f3 mudar o visual: quer virar a p\u00e1gina, cortar o que n\u00e3o faz mais sentido e entrar em 2026 com a cabe\u00e7a \u2013 e o cora\u00e7\u00e3o \u2013 mais leves. Dentro da astrologia, at\u00e9 o corte de cabelo ganha um toque especial quando \u00e9 feito em sintonia com [&hellip;]<\/p>\n","protected":false},"author":11,"featured_media":135726,"comment_status":"open","ping_status":"open","sticky":false,"template":"","format":"standard","meta":{"jnews-multi-image_gallery":[],"jnews_single_post":{"format":"standard"},"jnews_primary_category":[],"jnews_social_meta":[],"jnews_override_counter":[],"footnotes":""},"categories":[8819,1],"tags":[4905,17865,3938,19808],"class_list":["post-135579","post","type-post","status-publish","format-standard","has-post-thumbnail","hentry","category-curiosidades","category-noticias","tag-cabelo","tag-cortar-o-cabelo","tag-lua","tag-melhor-dia-para-cortar-o-cabelo"],"yoast_head":"<!-- This site is optimized with the Yoast SEO plugin v23.8 - https:\/\/yoast.com\/wordpress\/plugins\/seo\/ -->\n<title>Melhor dia para cortar o cabelo para trazer boas energias no final do ano de 2025 e quais signos v\u00e3o se beneficiar - Estado de Minas - Em foco<\/title>\n<meta name=\"description\" content=\"Descubra as datas mais favor\u00e1veis para cortar o cabelo no fim de 2025 e iniciar 2026 com mais energia, autoestima e renova\u00e7\u00e3o.\" \/>\n<meta name=\"robots\" content=\"index, follow, max-snippet:-1, max-image-preview:large, max-video-preview:-1\" \/>\n<link rel=\"canonical\" href=\"https:\/\/www.em.com.br\/emfoco\/2025\/12\/05\/melhor-dia-para-cortar-o-cabelo-para-trazer-boas-energias-no-final-do-ano-de-2025-e-quais-signos-vao-se-beneficiar\/\" \/>\n<meta property=\"og:locale\" content=\"pt_BR\" \/>\n<meta property=\"og:type\" content=\"article\" \/>\n<meta property=\"og:title\" content=\"Melhor dia para cortar o cabelo para trazer boas energias no final do ano de 2025 e quais signos v\u00e3o se beneficiar - Estado de Minas - Em foco\" \/>\n<meta property=\"og:description\" content=\"Descubra as datas mais favor\u00e1veis para cortar o cabelo no fim de 2025 e iniciar 2026 com mais energia, autoestima e renova\u00e7\u00e3o.\" \/>\n<meta property=\"og:url\" content=\"https:\/\/www.em.com.br\/emfoco\/2025\/12\/05\/melhor-dia-para-cortar-o-cabelo-para-trazer-boas-energias-no-final-do-ano-de-2025-e-quais-signos-vao-se-beneficiar\/\" \/>\n<meta property=\"og:site_name\" content=\"Estado de Minas - Em foco\" \/>\n<meta property=\"article:published_time\" content=\"2025-12-05T23:55:00+00:00\" \/>\n<meta property=\"article:modified_time\" content=\"2025-12-04T18:24:43+00:00\" \/>\n<meta property=\"og:image\" content=\"https:\/\/www.em.com.br\/emfoco\/wp-content\/uploads\/2025\/12\/Gemini_Generated_Image_bgd17fbgd17fbgd1-1.png\" \/>\n\t<meta property=\"og:image:width\" content=\"1280\" \/>\n\t<meta property=\"og:image:height\" content=\"720\" \/>\n\t<meta property=\"og:image:type\" content=\"image\/png\" \/>\n<meta name=\"author\" content=\"Andre\u0301 Rangel\u00a0\" \/>\n<meta name=\"twitter:card\" content=\"summary_large_image\" \/>\n<meta name=\"twitter:label1\" content=\"Escrito por\" \/>\n\t<meta name=\"twitter:data1\" content=\"Andre\u0301 Rangel\u00a0\" \/>\n\t<meta name=\"twitter:label2\" content=\"Est. tempo de leitura\" \/>\n\t<meta name=\"twitter:data2\" content=\"7 minutos\" \/>\n<!-- \/ Yoast SEO plugin. -->","yoast_head_json":{"title":"Melhor dia para cortar o cabelo para trazer boas energias no final do ano de 2025 e quais signos v\u00e3o se beneficiar - Estado de Minas - Em foco","description":"Descubra as datas mais favor\u00e1veis para cortar o cabelo no fim de 2025 e iniciar 2026 com mais energia, autoestima e renova\u00e7\u00e3o.","robots":{"index":"index","follow":"follow","max-snippet":"max-snippet:-1","max-image-preview":"max-image-preview:large","max-video-preview":"max-video-preview:-1"},"canonical":"https:\/\/www.em.com.br\/emfoco\/2025\/12\/05\/melhor-dia-para-cortar-o-cabelo-para-trazer-boas-energias-no-final-do-ano-de-2025-e-quais-signos-vao-se-beneficiar\/","og_locale":"pt_BR","og_type":"article","og_title":"Melhor dia para cortar o cabelo para trazer boas energias no final do ano de 2025 e quais signos v\u00e3o se beneficiar - Estado de Minas - Em foco","og_description":"Descubra as datas mais favor\u00e1veis para cortar o cabelo no fim de 2025 e iniciar 2026 com mais energia, autoestima e renova\u00e7\u00e3o.","og_url":"https:\/\/www.em.com.br\/emfoco\/2025\/12\/05\/melhor-dia-para-cortar-o-cabelo-para-trazer-boas-energias-no-final-do-ano-de-2025-e-quais-signos-vao-se-beneficiar\/","og_site_name":"Estado de Minas - Em foco","article_published_time":"2025-12-05T23:55:00+00:00","article_modified_time":"2025-12-04T18:24:43+00:00","og_image":[{"width":1280,"height":720,"url":"https:\/\/www.em.com.br\/emfoco\/wp-content\/uploads\/2025\/12\/Gemini_Generated_Image_bgd17fbgd17fbgd1-1.png","type":"image\/png"}],"author":"Andre\u0301 Rangel\u00a0","twitter_card":"summary_large_image","twitter_misc":{"Escrito por":"Andre\u0301 Rangel\u00a0","Est. tempo de leitura":"7 minutos"},"schema":{"@context":"https:\/\/schema.org","@graph":[{"@type":"WebPage","@id":"https:\/\/www.em.com.br\/emfoco\/2025\/12\/05\/melhor-dia-para-cortar-o-cabelo-para-trazer-boas-energias-no-final-do-ano-de-2025-e-quais-signos-vao-se-beneficiar\/","url":"https:\/\/www.em.com.br\/emfoco\/2025\/12\/05\/melhor-dia-para-cortar-o-cabelo-para-trazer-boas-energias-no-final-do-ano-de-2025-e-quais-signos-vao-se-beneficiar\/","name":"Melhor dia para cortar o cabelo para trazer boas energias no final do ano de 2025 e quais signos v\u00e3o se beneficiar - Estado de Minas - Em foco","isPartOf":{"@id":"https:\/\/www.em.com.br\/emfoco\/#website"},"primaryImageOfPage":{"@id":"https:\/\/www.em.com.br\/emfoco\/2025\/12\/05\/melhor-dia-para-cortar-o-cabelo-para-trazer-boas-energias-no-final-do-ano-de-2025-e-quais-signos-vao-se-beneficiar\/#primaryimage"},"image":{"@id":"https:\/\/www.em.com.br\/emfoco\/2025\/12\/05\/melhor-dia-para-cortar-o-cabelo-para-trazer-boas-energias-no-final-do-ano-de-2025-e-quais-signos-vao-se-beneficiar\/#primaryimage"},"thumbnailUrl":"https:\/\/www.em.com.br\/emfoco\/wp-content\/uploads\/2025\/12\/Gemini_Generated_Image_bgd17fbgd17fbgd1-1.png","datePublished":"2025-12-05T23:55:00+00:00","dateModified":"2025-12-04T18:24:43+00:00","author":{"@id":"https:\/\/www.em.com.br\/emfoco\/#\/schema\/person\/60eda09c1fedf0d6891f4cef4b60b8b8"},"description":"Descubra as datas mais favor\u00e1veis para cortar o cabelo no fim de 2025 e iniciar 2026 com mais energia, autoestima e renova\u00e7\u00e3o.","breadcrumb":{"@id":"https:\/\/www.em.com.br\/emfoco\/2025\/12\/05\/melhor-dia-para-cortar-o-cabelo-para-trazer-boas-energias-no-final-do-ano-de-2025-e-quais-signos-vao-se-beneficiar\/#breadcrumb"},"inLanguage":"pt-BR","potentialAction":[{"@type":"ReadAction","target":["https:\/\/www.em.com.br\/emfoco\/2025\/12\/05\/melhor-dia-para-cortar-o-cabelo-para-trazer-boas-energias-no-final-do-ano-de-2025-e-quais-signos-vao-se-beneficiar\/"]}]},{"@type":"ImageObject","inLanguage":"pt-BR","@id":"https:\/\/www.em.com.br\/emfoco\/2025\/12\/05\/melhor-dia-para-cortar-o-cabelo-para-trazer-boas-energias-no-final-do-ano-de-2025-e-quais-signos-vao-se-beneficiar\/#primaryimage","url":"https:\/\/www.em.com.br\/emfoco\/wp-content\/uploads\/2025\/12\/Gemini_Generated_Image_bgd17fbgd17fbgd1-1.png","contentUrl":"https:\/\/www.em.com.br\/emfoco\/wp-content\/uploads\/2025\/12\/Gemini_Generated_Image_bgd17fbgd17fbgd1-1.png","width":1280,"height":720,"caption":"Dias ideais para cortar o cabelo no fim do ano"},{"@type":"BreadcrumbList","@id":"https:\/\/www.em.com.br\/emfoco\/2025\/12\/05\/melhor-dia-para-cortar-o-cabelo-para-trazer-boas-energias-no-final-do-ano-de-2025-e-quais-signos-vao-se-beneficiar\/#breadcrumb","itemListElement":[{"@type":"ListItem","position":1,"name":"In\u00edcio","item":"https:\/\/www.em.com.br\/emfoco\/"},{"@type":"ListItem","position":2,"name":"Melhor dia para cortar o cabelo para trazer boas energias no final do ano de 2025 e quais signos v\u00e3o se beneficiar"}]},{"@type":"WebSite","@id":"https:\/\/www.em.com.br\/emfoco\/#website","url":"https:\/\/www.em.com.br\/emfoco\/","name":"Estado de Minas - Em foco","description":"Acompanhe as \u00faltimas not\u00edcias e fique bem informado sobre tudo o que acontece em Minas Gerais, Brasil e no mundo.","potentialAction":[{"@type":"SearchAction","target":{"@type":"EntryPoint","urlTemplate":"https:\/\/www.em.com.br\/emfoco\/?s={search_term_string}"},"query-input":{"@type":"PropertyValueSpecification","valueRequired":true,"valueName":"search_term_string"}}],"inLanguage":"pt-BR"},{"@type":"Person","@id":"https:\/\/www.em.com.br\/emfoco\/#\/schema\/person\/60eda09c1fedf0d6891f4cef4b60b8b8","name":"Andre\u0301 Rangel\u00a0","image":{"@type":"ImageObject","inLanguage":"pt-BR","@id":"https:\/\/www.em.com.br\/emfoco\/#\/schema\/person\/image\/","url":"https:\/\/secure.gravatar.com\/avatar\/6234dc814c77c8ef6d8bba622c787efc?s=96&d=mm&r=g","contentUrl":"https:\/\/secure.gravatar.com\/avatar\/6234dc814c77c8ef6d8bba622c787efc?s=96&d=mm&r=g","caption":"Andre\u0301 Rangel\u00a0"},"url":"https:\/\/www.em.com.br\/emfoco\/author\/luizmyth\/"}]}},"_links":{"self":[{"href":"https:\/\/www.em.com.br\/emfoco\/wp-json\/wp\/v2\/posts\/135579","targetHints":{"allow":["GET"]}}],"collection":[{"href":"https:\/\/www.em.com.br\/emfoco\/wp-json\/wp\/v2\/posts"}],"about":[{"href":"https:\/\/www.em.com.br\/emfoco\/wp-json\/wp\/v2\/types\/post"}],"author":[{"embeddable":true,"href":"https:\/\/www.em.com.br\/emfoco\/wp-json\/wp\/v2\/users\/11"}],"replies":[{"embeddable":true,"href":"https:\/\/www.em.com.br\/emfoco\/wp-json\/wp\/v2\/comments?post=135579"}],"version-history":[{"count":4,"href":"https:\/\/www.em.com.br\/emfoco\/wp-json\/wp\/v2\/posts\/135579\/revisions"}],"predecessor-version":[{"id":135727,"href":"https:\/\/www.em.com.br\/emfoco\/wp-json\/wp\/v2\/posts\/135579\/revisions\/135727"}],"wp:featuredmedia":[{"embeddable":true,"href":"https:\/\/www.em.com.br\/emfoco\/wp-json\/wp\/v2\/media\/135726"}],"wp:attachment":[{"href":"https:\/\/www.em.com.br\/emfoco\/wp-json\/wp\/v2\/media?parent=135579"}],"wp:term":[{"taxonomy":"category","embeddable":true,"href":"https:\/\/www.em.com.br\/emfoco\/wp-json\/wp\/v2\/categories?post=135579"},{"taxonomy":"post_tag","embeddable":true,"href":"https:\/\/www.em.com.br\/emfoco\/wp-json\/wp\/v2\/tags?post=135579"}],"curies":[{"name":"wp","href":"https:\/\/api.w.org\/{rel}","templated":true}]}}