{"id":135547,"date":"2025-12-05T11:45:00","date_gmt":"2025-12-05T14:45:00","guid":{"rendered":"https:\/\/www.em.com.br\/emfoco\/?p=135547"},"modified":"2025-12-04T18:59:23","modified_gmt":"2025-12-04T21:59:23","slug":"voce-perderia-tudo-em-uma-emergencia-o-metodo-surpreendentemente-simples-para-organizar-documentos-da-casa-e-da-familia-antes-que-seja-tarde","status":"publish","type":"post","link":"https:\/\/www.em.com.br\/emfoco\/2025\/12\/05\/voce-perderia-tudo-em-uma-emergencia-o-metodo-surpreendentemente-simples-para-organizar-documentos-da-casa-e-da-familia-antes-que-seja-tarde\/","title":{"rendered":"Como montar um arquivo seguro em casa e garantir que nada se perca quando surgir uma emerg\u00eancia"},"content":{"rendered":"\n<p>A organiza\u00e7\u00e3o de documentos \u00e9 o que garante rapidez, seguran\u00e7a e zero caos quando surgem emerg\u00eancias ou processos burocr\u00e1ticos. Ter tudo mapeado evita perda de prazos, retrabalho e aquela ca\u00e7a ao tesouro triste que todo mundo j\u00e1 viveu. O ponto de partida \u00e9 entender quais pap\u00e9is realmente importam e como armazen\u00e1-los de forma funcional.<\/p>\n\n\n\n<h2 class=\"wp-block-heading\">Quais documentos s\u00e3o essenciais para o dia a dia da fam\u00edlia<\/h2>\n\n\n<div class=\"wp-block-image\">\n<figure class=\"aligncenter size-large\"><img loading=\"lazy\" decoding=\"async\" width=\"1024\" height=\"576\" src=\"https:\/\/www.em.com.br\/emfoco\/wp-content\/uploads\/2025\/12\/planilha_1763951124654-1024x576.jpg\" alt=\"\" class=\"wp-image-135597\" srcset=\"https:\/\/www.em.com.br\/emfoco\/wp-content\/uploads\/2025\/12\/planilha_1763951124654-1024x576.jpg 1024w, https:\/\/www.em.com.br\/emfoco\/wp-content\/uploads\/2025\/12\/planilha_1763951124654-300x169.jpg 300w, https:\/\/www.em.com.br\/emfoco\/wp-content\/uploads\/2025\/12\/planilha_1763951124654-768x432.jpg 768w, https:\/\/www.em.com.br\/emfoco\/wp-content\/uploads\/2025\/12\/planilha_1763951124654-750x422.jpg 750w, https:\/\/www.em.com.br\/emfoco\/wp-content\/uploads\/2025\/12\/planilha_1763951124654-1140x641.jpg 1140w, https:\/\/www.em.com.br\/emfoco\/wp-content\/uploads\/2025\/12\/planilha_1763951124654.jpg 1280w\" sizes=\"auto, (max-width: 1024px) 100vw, 1024px\" \/><figcaption class=\"wp-element-caption\">Organiza\u00e7\u00e3o simples de documentos para emerg\u00eancias &#8211; Cr\u00e9ditos: depositphotos.com \/ MenaraGrafis<\/figcaption><\/figure><\/div>\n\n\n<p>A organiza\u00e7\u00e3o funciona melhor quando as categorias est\u00e3o claras. Os principais grupos envolvem documentos pessoais, resid\u00eancia, sa\u00fade, finan\u00e7as, trabalho e educa\u00e7\u00e3o. Entre os pap\u00e9is cr\u00edticos est\u00e3o RG, CPF, passaporte, certid\u00f5es, escritura do im\u00f3vel, contratos de aluguel, laudos m\u00e9dicos, comprovantes de seguros e documentos de ve\u00edculos.<\/p>\n\n\n\n<p>Manter um invent\u00e1rio evita confus\u00e3o e mostra quem \u00e9 respons\u00e1vel por atualizar cada item. Para facilitar, os grupos podem ficar assim:<\/p>\n\n\n\n<p><strong>Lista de categorias importantes<\/strong>:<\/p>\n\n\n\n<ul class=\"wp-block-list\">\n<li><strong>Pessoais<\/strong>: RG, CPF, passaporte, certid\u00f5es, T\u00edtulo de Eleitor<\/li>\n\n\n\n<li><strong>Im\u00f3vel e moradia<\/strong>: escritura, contrato de aluguel, IPTU, contas essenciais<\/li>\n\n\n\n<li><strong>Sa\u00fade<\/strong>: exames relevantes, relat\u00f3rios m\u00e9dicos, carteirinhas, vacinas<\/li>\n\n\n\n<li><strong>Finan\u00e7as<\/strong>: seguros, contratos banc\u00e1rios, comprovantes de grandes compras<\/li>\n\n\n\n<li><strong>Trabalho e estudo<\/strong>: carteira de trabalho, contratos, diplomas, hist\u00f3ricos<\/li>\n<\/ul>\n\n\n\n<p>Cada fam\u00edlia pode ajustar conforme a realidade, mas manter um n\u00facleo m\u00ednimo \u00e9 essencial para situa\u00e7\u00f5es de emerg\u00eancia.<\/p>\n\n\n\n<h2 class=\"wp-block-heading\">Como fazer a organiza\u00e7\u00e3o de documentos passo a passo<\/h2>\n\n\n\n<p>Reunir tudo o que est\u00e1 espalhado \u00e9 a primeira etapa. Gavetas, caixas, envelopes antigos\u2026 nada escapa. Essa triagem evita duplicidade e separa o que \u00e9 atual, vencido ou in\u00fatil.<\/p>\n\n\n\n<p>Com tudo em m\u00e3os, a estrutura fica mais intuitiva. Pastas f\u00edsicas por categoria costumam funcionar melhor do que separa\u00e7\u00f5es por data. Etiquetas claras deixam o acesso mais r\u00e1pido, e marcar datas de validade em documentos <a href=\"https:\/\/www.gov.br\/pt-br\/apps\/carteira-digital-de-transito-1\" target=\"_blank\" rel=\"noreferrer noopener\">como CNH e passaporte<\/a> poupa surpresas desagrad\u00e1veis.<\/p>\n\n\n\n<p>Com base no processo, a l\u00f3gica geral \u00e9:<\/p>\n\n\n\n<ol class=\"wp-block-list\">\n<li>Centralizar todos os documentos em um \u00fanico ponto<\/li>\n\n\n\n<li>Separar por pessoa e por categoria<\/li>\n\n\n\n<li>Definir o que \u00e9 permanente, tempor\u00e1rio ou descart\u00e1vel<\/li>\n\n\n\n<li>Criar pastas f\u00edsicas com etiquetas simples e leg\u00edveis<\/li>\n\n\n\n<li>Digitalizar o que for essencial e organizar em pastas espelhadas<\/li>\n\n\n\n<li>Definir um local fixo na casa e informar quem mora ali<\/li>\n<\/ol>\n\n\n\n<p>Documentos mais sens\u00edveis, como escritura, testamentos e contratos de empr\u00e9stimos, devem ficar em envelope separado, preferencialmente em cofre ou local protegido.<\/p>\n\n\n\n<p>Leia mais: <a href=\"https:\/\/www.em.com.br\/emfoco\/2025\/11\/30\/a-tecnica-dos-12-minutos-que-deixa-qualquer-casa-organizada-antes-das-visitas-chegarem\/\" target=\"_blank\" rel=\"noreferrer noopener\">A t\u00e9cnica dos 12 minutos que deixa qualquer casa organizada antes das visitas chegarem<\/a><\/p>\n\n\n\n<h2 class=\"wp-block-heading\">Organiza\u00e7\u00e3o de documentos digitais sem complicar<\/h2>\n\n\n<div class=\"wp-block-image\">\n<figure class=\"aligncenter size-large\"><img loading=\"lazy\" decoding=\"async\" width=\"1024\" height=\"576\" src=\"https:\/\/www.em.com.br\/emfoco\/wp-content\/uploads\/2025\/12\/planilha_1763951117364-1024x576.jpg\" alt=\"\" class=\"wp-image-135596\" srcset=\"https:\/\/www.em.com.br\/emfoco\/wp-content\/uploads\/2025\/12\/planilha_1763951117364-1024x576.jpg 1024w, https:\/\/www.em.com.br\/emfoco\/wp-content\/uploads\/2025\/12\/planilha_1763951117364-300x169.jpg 300w, https:\/\/www.em.com.br\/emfoco\/wp-content\/uploads\/2025\/12\/planilha_1763951117364-768x432.jpg 768w, https:\/\/www.em.com.br\/emfoco\/wp-content\/uploads\/2025\/12\/planilha_1763951117364-750x422.jpg 750w, https:\/\/www.em.com.br\/emfoco\/wp-content\/uploads\/2025\/12\/planilha_1763951117364-1140x641.jpg 1140w, https:\/\/www.em.com.br\/emfoco\/wp-content\/uploads\/2025\/12\/planilha_1763951117364.jpg 1280w\" sizes=\"auto, (max-width: 1024px) 100vw, 1024px\" \/><figcaption class=\"wp-element-caption\">Organiza\u00e7\u00e3o simples de documentos para emerg\u00eancias &#8211; Cr\u00e9ditos: depositphotos.com \/ 1000pixels<\/figcaption><\/figure><\/div>\n\n\n<p>Boa parte dos documentos j\u00e1 nasce digital. Para n\u00e3o virar aquela bagun\u00e7a de downloads eternos, vale usar uma pasta principal e subdivis\u00f5es por tema. O ideal \u00e9 espelhar a estrutura f\u00edsica para facilitar a l\u00f3gica de consulta.<\/p>\n\n\n\n<p>Padronizar nomes de arquivos com contexto e data ajuda muito. Exemplos: \u201cImovel_Escritura_2019.pdf\u201d, \u201cSaude_Joana_Exame_2024.pdf\u201d.<\/p>\n\n\n\n<p>Tabela pr\u00e1tica para organizar arquivos digitais:<\/p>\n\n\n\n<figure class=\"wp-block-table\"><table class=\"has-fixed-layout\"><thead><tr><th>Categoria<\/th><th>Subpastas<\/th><th>Padr\u00e3o de arquivo<\/th><th>Exemplo de nome<\/th><\/tr><\/thead><tbody><tr><td>Sa\u00fade<\/td><td>Exames, relat\u00f3rios, carteirinhas<\/td><td>PDF<\/td><td>Saude_Marcos_Exame_2024<\/td><\/tr><tr><td>Im\u00f3vel<\/td><td>Escrituras, contratos<\/td><td>PDF\/JPEG<\/td><td>Imovel_Casa_Escritura<\/td><\/tr><tr><td>Finan\u00e7as<\/td><td>Seguros, extratos<\/td><td>PDF<\/td><td>Seguro_Residencial_2025<\/td><\/tr><tr><td>Pessoais<\/td><td>Identifica\u00e7\u00e3o, certid\u00f5es<\/td><td>PDF<\/td><td>Certidao_Nascimento.pdf<\/td><\/tr><tr><td>Trabalho e estudo<\/td><td>CTPS, diplomas<\/td><td>PDF<\/td><td>Diploma_Ana_2018<\/td><\/tr><\/tbody><\/table><\/figure>\n\n\n\n<p>Al\u00e9m disso, seguran\u00e7a nunca \u00e9 detalhe. Senhas fortes, autentica\u00e7\u00e3o em duas etapas e backups frequentes em HD externo evitam perdas. Para acessos r\u00e1pidos, como carteirinhas de sa\u00fade ou ap\u00f3lices, uma c\u00f3pia no celular ajuda, desde que o dispositivo tenha bloqueio configurado.<\/p>\n\n\n\n<p>Leia mais: <a href=\"https:\/\/www.em.com.br\/emfoco\/2025\/12\/01\/essa-ideia-com-latas-reaproveitadas-deixa-os-temperos-organizados-e-a-cozinha-mais-charmosa\/\" target=\"_blank\" rel=\"noreferrer noopener\">Essa ideia com latas reaproveitadas deixa os temperos organizados e a cozinha mais charmosa<\/a><\/p>\n\n\n\n<h2 class=\"wp-block-heading\">Como manter a organiza\u00e7\u00e3o e criar um mapa dos documentos<\/h2>\n\n\n\n<p>Depois que tudo est\u00e1 organizado, manter o sistema funcionando \u00e9 o verdadeiro desafio. Criar um ponto fixo para receber pap\u00e9is tempor\u00e1rios impede aquela montanha de documentos que ningu\u00e9m sabe de onde veio.<\/p>\n\n\n\n<p>Revis\u00f5es mensais ou trimestrais ajudam a eliminar o que n\u00e3o serve mais, arquivar contratos renovados e verificar backups. Em fam\u00edlias com crian\u00e7as ou idosos, ter um respons\u00e1vel principal e um suplente faz a diferen\u00e7a.<\/p>\n\n\n\n<p>O mapa dos documentos \u00e9 o ouro do sistema. Ele resume onde cada categoria est\u00e1 guardada, como acessar senhas mestras, onde ficam cofres ou arm\u00e1rios trancados, e quais s\u00e3o os contatos de seguro, banco e plano de sa\u00fade. Vers\u00e3o impressa + digital protegida por senha \u00e9 a combina\u00e7\u00e3o mais segura.<\/p>\n\n\n\n<p>Esse mapa reduz o tempo de busca em emerg\u00eancias e evita perda de direitos por falta de informa\u00e7\u00e3o. Ao incluir instru\u00e7\u00f5es claras sobre localiza\u00e7\u00e3o de cart\u00f5es de vacina\u00e7\u00e3o, ap\u00f3lices e escrituras, a fam\u00edlia inteira consegue se orientar mesmo quando quem normalmente cuida de tudo n\u00e3o est\u00e1 dispon\u00edvel.<\/p>\n","protected":false},"excerpt":{"rendered":"<p>A organiza\u00e7\u00e3o de documentos \u00e9 o que garante rapidez, seguran\u00e7a e zero caos quando surgem emerg\u00eancias ou processos burocr\u00e1ticos. Ter tudo mapeado evita perda de prazos, retrabalho e aquela ca\u00e7a ao tesouro triste que todo mundo j\u00e1 viveu. O ponto de partida \u00e9 entender quais pap\u00e9is realmente importam e como armazen\u00e1-los de forma funcional. Quais [&hellip;]<\/p>\n","protected":false},"author":20,"featured_media":135598,"comment_status":"open","ping_status":"open","sticky":false,"template":"","format":"standard","meta":{"jnews-multi-image_gallery":[],"jnews_single_post":{"format":"standard"},"jnews_primary_category":[],"jnews_social_meta":[],"jnews_override_counter":[],"footnotes":""},"categories":[28,1],"tags":[2878,4478],"class_list":["post-135547","post","type-post","status-publish","format-standard","has-post-thumbnail","hentry","category-economia","category-noticias","tag-documentos","tag-organizacao"],"yoast_head":"<!-- This site is optimized with the Yoast SEO plugin v23.8 - https:\/\/yoast.com\/wordpress\/plugins\/seo\/ -->\n<title>Como montar um arquivo seguro em casa e garantir que nada se perca quando surgir uma emerg\u00eancia - Estado de Minas - Em foco<\/title>\n<meta name=\"description\" content=\"M\u00e9todo simples para organizar documentos da casa e da fam\u00edlia e evitar perder tudo em uma emerg\u00eancia, garantindo acesso r\u00e1pido e seguran\u00e7a.\" \/>\n<meta name=\"robots\" content=\"index, follow, max-snippet:-1, max-image-preview:large, max-video-preview:-1\" \/>\n<link rel=\"canonical\" href=\"https:\/\/www.em.com.br\/emfoco\/2025\/12\/05\/voce-perderia-tudo-em-uma-emergencia-o-metodo-surpreendentemente-simples-para-organizar-documentos-da-casa-e-da-familia-antes-que-seja-tarde\/\" \/>\n<meta property=\"og:locale\" content=\"pt_BR\" \/>\n<meta property=\"og:type\" content=\"article\" \/>\n<meta property=\"og:title\" content=\"Como montar um arquivo seguro em casa e garantir que nada se perca quando surgir uma emerg\u00eancia - Estado de Minas - Em foco\" \/>\n<meta property=\"og:description\" content=\"M\u00e9todo simples para organizar documentos da casa e da fam\u00edlia e evitar perder tudo em uma emerg\u00eancia, garantindo acesso r\u00e1pido e seguran\u00e7a.\" \/>\n<meta property=\"og:url\" content=\"https:\/\/www.em.com.br\/emfoco\/2025\/12\/05\/voce-perderia-tudo-em-uma-emergencia-o-metodo-surpreendentemente-simples-para-organizar-documentos-da-casa-e-da-familia-antes-que-seja-tarde\/\" \/>\n<meta property=\"og:site_name\" content=\"Estado de Minas - Em foco\" \/>\n<meta property=\"article:published_time\" content=\"2025-12-05T14:45:00+00:00\" \/>\n<meta property=\"article:modified_time\" content=\"2025-12-04T21:59:23+00:00\" \/>\n<meta property=\"og:image\" content=\"https:\/\/www.em.com.br\/emfoco\/wp-content\/uploads\/2025\/12\/planilha_1763951131968.jpg\" \/>\n\t<meta property=\"og:image:width\" content=\"1280\" \/>\n\t<meta property=\"og:image:height\" content=\"720\" \/>\n\t<meta property=\"og:image:type\" content=\"image\/jpeg\" \/>\n<meta name=\"author\" content=\"Ingrid Diniz\" \/>\n<meta name=\"twitter:card\" content=\"summary_large_image\" \/>\n<meta name=\"twitter:label1\" content=\"Escrito por\" \/>\n\t<meta name=\"twitter:data1\" content=\"Ingrid Diniz\" \/>\n\t<meta name=\"twitter:label2\" content=\"Est. tempo de leitura\" \/>\n\t<meta name=\"twitter:data2\" content=\"5 minutos\" \/>\n<!-- \/ Yoast SEO plugin. -->","yoast_head_json":{"title":"Como montar um arquivo seguro em casa e garantir que nada se perca quando surgir uma emerg\u00eancia - Estado de Minas - Em foco","description":"M\u00e9todo simples para organizar documentos da casa e da fam\u00edlia e evitar perder tudo em uma emerg\u00eancia, garantindo acesso r\u00e1pido e seguran\u00e7a.","robots":{"index":"index","follow":"follow","max-snippet":"max-snippet:-1","max-image-preview":"max-image-preview:large","max-video-preview":"max-video-preview:-1"},"canonical":"https:\/\/www.em.com.br\/emfoco\/2025\/12\/05\/voce-perderia-tudo-em-uma-emergencia-o-metodo-surpreendentemente-simples-para-organizar-documentos-da-casa-e-da-familia-antes-que-seja-tarde\/","og_locale":"pt_BR","og_type":"article","og_title":"Como montar um arquivo seguro em casa e garantir que nada se perca quando surgir uma emerg\u00eancia - Estado de Minas - Em foco","og_description":"M\u00e9todo simples para organizar documentos da casa e da fam\u00edlia e evitar perder tudo em uma emerg\u00eancia, garantindo acesso r\u00e1pido e seguran\u00e7a.","og_url":"https:\/\/www.em.com.br\/emfoco\/2025\/12\/05\/voce-perderia-tudo-em-uma-emergencia-o-metodo-surpreendentemente-simples-para-organizar-documentos-da-casa-e-da-familia-antes-que-seja-tarde\/","og_site_name":"Estado de Minas - Em foco","article_published_time":"2025-12-05T14:45:00+00:00","article_modified_time":"2025-12-04T21:59:23+00:00","og_image":[{"width":1280,"height":720,"url":"https:\/\/www.em.com.br\/emfoco\/wp-content\/uploads\/2025\/12\/planilha_1763951131968.jpg","type":"image\/jpeg"}],"author":"Ingrid Diniz","twitter_card":"summary_large_image","twitter_misc":{"Escrito por":"Ingrid Diniz","Est. tempo de leitura":"5 minutos"},"schema":{"@context":"https:\/\/schema.org","@graph":[{"@type":"WebPage","@id":"https:\/\/www.em.com.br\/emfoco\/2025\/12\/05\/voce-perderia-tudo-em-uma-emergencia-o-metodo-surpreendentemente-simples-para-organizar-documentos-da-casa-e-da-familia-antes-que-seja-tarde\/","url":"https:\/\/www.em.com.br\/emfoco\/2025\/12\/05\/voce-perderia-tudo-em-uma-emergencia-o-metodo-surpreendentemente-simples-para-organizar-documentos-da-casa-e-da-familia-antes-que-seja-tarde\/","name":"Como montar um arquivo seguro em casa e garantir que nada se perca quando surgir uma emerg\u00eancia - Estado de Minas - Em foco","isPartOf":{"@id":"https:\/\/www.em.com.br\/emfoco\/#website"},"primaryImageOfPage":{"@id":"https:\/\/www.em.com.br\/emfoco\/2025\/12\/05\/voce-perderia-tudo-em-uma-emergencia-o-metodo-surpreendentemente-simples-para-organizar-documentos-da-casa-e-da-familia-antes-que-seja-tarde\/#primaryimage"},"image":{"@id":"https:\/\/www.em.com.br\/emfoco\/2025\/12\/05\/voce-perderia-tudo-em-uma-emergencia-o-metodo-surpreendentemente-simples-para-organizar-documentos-da-casa-e-da-familia-antes-que-seja-tarde\/#primaryimage"},"thumbnailUrl":"https:\/\/www.em.com.br\/emfoco\/wp-content\/uploads\/2025\/12\/planilha_1763951131968.jpg","datePublished":"2025-12-05T14:45:00+00:00","dateModified":"2025-12-04T21:59:23+00:00","author":{"@id":"https:\/\/www.em.com.br\/emfoco\/#\/schema\/person\/649e610b4eb8fff87ff394e54fe17b2b"},"description":"M\u00e9todo simples para organizar documentos da casa e da fam\u00edlia e evitar perder tudo em uma emerg\u00eancia, garantindo acesso r\u00e1pido e seguran\u00e7a.","breadcrumb":{"@id":"https:\/\/www.em.com.br\/emfoco\/2025\/12\/05\/voce-perderia-tudo-em-uma-emergencia-o-metodo-surpreendentemente-simples-para-organizar-documentos-da-casa-e-da-familia-antes-que-seja-tarde\/#breadcrumb"},"inLanguage":"pt-BR","potentialAction":[{"@type":"ReadAction","target":["https:\/\/www.em.com.br\/emfoco\/2025\/12\/05\/voce-perderia-tudo-em-uma-emergencia-o-metodo-surpreendentemente-simples-para-organizar-documentos-da-casa-e-da-familia-antes-que-seja-tarde\/"]}]},{"@type":"ImageObject","inLanguage":"pt-BR","@id":"https:\/\/www.em.com.br\/emfoco\/2025\/12\/05\/voce-perderia-tudo-em-uma-emergencia-o-metodo-surpreendentemente-simples-para-organizar-documentos-da-casa-e-da-familia-antes-que-seja-tarde\/#primaryimage","url":"https:\/\/www.em.com.br\/emfoco\/wp-content\/uploads\/2025\/12\/planilha_1763951131968.jpg","contentUrl":"https:\/\/www.em.com.br\/emfoco\/wp-content\/uploads\/2025\/12\/planilha_1763951131968.jpg","width":1280,"height":720,"caption":"30 dias para sair da estagna\u00e7\u00e3o e ganhar const\u00e2ncia - Cr\u00e9ditos: depositphotos.com \/ MenaraGrafis"},{"@type":"BreadcrumbList","@id":"https:\/\/www.em.com.br\/emfoco\/2025\/12\/05\/voce-perderia-tudo-em-uma-emergencia-o-metodo-surpreendentemente-simples-para-organizar-documentos-da-casa-e-da-familia-antes-que-seja-tarde\/#breadcrumb","itemListElement":[{"@type":"ListItem","position":1,"name":"In\u00edcio","item":"https:\/\/www.em.com.br\/emfoco\/"},{"@type":"ListItem","position":2,"name":"Como montar um arquivo seguro em casa e garantir que nada se perca quando surgir uma emerg\u00eancia"}]},{"@type":"WebSite","@id":"https:\/\/www.em.com.br\/emfoco\/#website","url":"https:\/\/www.em.com.br\/emfoco\/","name":"Estado de Minas - Em foco","description":"Acompanhe as \u00faltimas not\u00edcias e fique bem informado sobre tudo o que acontece em Minas Gerais, Brasil e no mundo.","potentialAction":[{"@type":"SearchAction","target":{"@type":"EntryPoint","urlTemplate":"https:\/\/www.em.com.br\/emfoco\/?s={search_term_string}"},"query-input":{"@type":"PropertyValueSpecification","valueRequired":true,"valueName":"search_term_string"}}],"inLanguage":"pt-BR"},{"@type":"Person","@id":"https:\/\/www.em.com.br\/emfoco\/#\/schema\/person\/649e610b4eb8fff87ff394e54fe17b2b","name":"Ingrid Diniz","image":{"@type":"ImageObject","inLanguage":"pt-BR","@id":"https:\/\/www.em.com.br\/emfoco\/#\/schema\/person\/image\/","url":"https:\/\/secure.gravatar.com\/avatar\/a3baa1449ec5c39b4c42babc9d4f3951?s=96&d=mm&r=g","contentUrl":"https:\/\/secure.gravatar.com\/avatar\/a3baa1449ec5c39b4c42babc9d4f3951?s=96&d=mm&r=g","caption":"Ingrid Diniz"},"sameAs":["https:\/\/www.em.com.br\/"],"url":"https:\/\/www.em.com.br\/emfoco\/author\/ingridmyth\/"}]}},"_links":{"self":[{"href":"https:\/\/www.em.com.br\/emfoco\/wp-json\/wp\/v2\/posts\/135547","targetHints":{"allow":["GET"]}}],"collection":[{"href":"https:\/\/www.em.com.br\/emfoco\/wp-json\/wp\/v2\/posts"}],"about":[{"href":"https:\/\/www.em.com.br\/emfoco\/wp-json\/wp\/v2\/types\/post"}],"author":[{"embeddable":true,"href":"https:\/\/www.em.com.br\/emfoco\/wp-json\/wp\/v2\/users\/20"}],"replies":[{"embeddable":true,"href":"https:\/\/www.em.com.br\/emfoco\/wp-json\/wp\/v2\/comments?post=135547"}],"version-history":[{"count":3,"href":"https:\/\/www.em.com.br\/emfoco\/wp-json\/wp\/v2\/posts\/135547\/revisions"}],"predecessor-version":[{"id":135933,"href":"https:\/\/www.em.com.br\/emfoco\/wp-json\/wp\/v2\/posts\/135547\/revisions\/135933"}],"wp:featuredmedia":[{"embeddable":true,"href":"https:\/\/www.em.com.br\/emfoco\/wp-json\/wp\/v2\/media\/135598"}],"wp:attachment":[{"href":"https:\/\/www.em.com.br\/emfoco\/wp-json\/wp\/v2\/media?parent=135547"}],"wp:term":[{"taxonomy":"category","embeddable":true,"href":"https:\/\/www.em.com.br\/emfoco\/wp-json\/wp\/v2\/categories?post=135547"},{"taxonomy":"post_tag","embeddable":true,"href":"https:\/\/www.em.com.br\/emfoco\/wp-json\/wp\/v2\/tags?post=135547"}],"curies":[{"name":"wp","href":"https:\/\/api.w.org\/{rel}","templated":true}]}}