{"id":135500,"date":"2025-12-05T13:25:46","date_gmt":"2025-12-05T16:25:46","guid":{"rendered":"https:\/\/www.em.com.br\/emfoco\/?p=135500"},"modified":"2025-12-04T16:20:29","modified_gmt":"2025-12-04T19:20:29","slug":"como-cultivar-lavanda-em-vasos-e-trazer-a-natureza-para-a-sua-varanda","status":"publish","type":"post","link":"https:\/\/www.em.com.br\/emfoco\/2025\/12\/05\/como-cultivar-lavanda-em-vasos-e-trazer-a-natureza-para-a-sua-varanda\/","title":{"rendered":"Como cuidar da lavanda e manter flores lindas que atraem borboletas"},"content":{"rendered":"\n<p>Plantar <b>lavanda<\/b> no jardim ou em vasos \u00e9 uma forma pr\u00e1tica de atrair borboletas e outros <b>polinizadores<\/b> para perto de casa. A planta se adapta bem ao clima de boa parte do Brasil, desde que receba sol direto e solo bem drenado, oferecendo perfume caracter\u00edstico e n\u00e9ctar abundante, o que transforma o espa\u00e7o em um ponto de parada constante para esses insetos.<\/p>\n\n\n\n<h2 class=\"wp-block-heading\">Como plantar lavanda para virar um im\u00e3 natural de borboletas<\/h2>\n\n\n\n<p>Para que a <b>lavanda<\/b> realmente ajude a atrair borboletas, o plantio precisa respeitar algumas condi\u00e7\u00f5es b\u00e1sicas de luz e solo. O ideal \u00e9 escolher um local com sol direto por, pelo menos, 4 a 6 horas di\u00e1rias, pois em sombra constante a planta floresce menos e reduz o interesse dos <b>polinizadores<\/b>.<\/p>\n\n\n\n<p>Outro ponto essencial \u00e9 o solo leve, bem drenado e ligeiramente arenoso, o que evita o ac\u00famulo de \u00e1gua nas ra\u00edzes. Em muitas regi\u00f5es, \u00e9 necess\u00e1rio melhorar o solo original antes do plantio, seguindo um passo a passo simples:<\/p>\n\n\n<div class=\"wp-block-image\">\n<figure class=\"aligncenter size-large\"><img loading=\"lazy\" decoding=\"async\" width=\"1024\" height=\"576\" src=\"https:\/\/www.em.com.br\/emfoco\/wp-content\/uploads\/2025\/11\/plantar-lavanda-em-casa_1763221815948-1024x576.jpg\" alt=\"\" class=\"wp-image-128271\" srcset=\"https:\/\/www.em.com.br\/emfoco\/wp-content\/uploads\/2025\/11\/plantar-lavanda-em-casa_1763221815948-1024x576.jpg 1024w, https:\/\/www.em.com.br\/emfoco\/wp-content\/uploads\/2025\/11\/plantar-lavanda-em-casa_1763221815948-300x169.jpg 300w, https:\/\/www.em.com.br\/emfoco\/wp-content\/uploads\/2025\/11\/plantar-lavanda-em-casa_1763221815948-768x432.jpg 768w, https:\/\/www.em.com.br\/emfoco\/wp-content\/uploads\/2025\/11\/plantar-lavanda-em-casa_1763221815948-750x422.jpg 750w, https:\/\/www.em.com.br\/emfoco\/wp-content\/uploads\/2025\/11\/plantar-lavanda-em-casa_1763221815948-1140x641.jpg 1140w, https:\/\/www.em.com.br\/emfoco\/wp-content\/uploads\/2025\/11\/plantar-lavanda-em-casa_1763221815948.jpg 1280w\" sizes=\"auto, (max-width: 1024px) 100vw, 1024px\" \/><figcaption class=\"wp-element-caption\">Ao iniciar o cultivo de lavanda, o primeiro passo \u00e9 escolher um local que receba sol pleno &#8211; Cr\u00e9ditos: depositphotos.com \/ konejota<\/figcaption><\/figure><\/div>\n\n\n<ol class=\"wp-block-list\">\n<li>Selecionar um local <b>ensolarado<\/b> ou um vaso grande com furos de drenagem.<\/li>\n\n\n\n<li>Preparar um <b>substrato<\/b> misturando terra comum, areia grossa e um pouco de composto org\u00e2nico bem curtido.<\/li>\n\n\n\n<li>Abrir um buraco ou encher o vaso deixando espa\u00e7o para as <b>ra\u00edzes<\/b>.<\/li>\n\n\n\n<li>Posicionar a muda de <b>lavanda<\/b>, mantendo o colo da planta na altura do solo.<\/li>\n\n\n\n<li>Completar com o substrato, apertando levemente em volta para <b>firmar<\/b>.<\/li>\n\n\n\n<li>Regar sem encharcar, apenas umedecendo o <b>solo<\/b>.<\/li>\n<\/ol>\n\n\n\n<p>Leia tamb\u00e9m:&nbsp;<a href=\"https:\/\/www.em.com.br\/emfoco\/2025\/12\/01\/como-plantar-hortela-sem-deixar-a-planta-dominar-todo-o-vaso\/\" target=\"_blank\" rel=\"noopener\">Como plantar hortel\u00e3 sem deixar a planta dominar todo o vaso<\/a><\/p>\n\n\n\n<h2 class=\"wp-block-heading\">Quais cuidados di\u00e1rios mant\u00eam a lavanda saud\u00e1vel e florida<\/h2>\n\n\n\n<p>Depois do plantio, a manuten\u00e7\u00e3o correta \u00e9 o que transforma a <b>lavanda<\/b> em um verdadeiro \u00edm\u00e3 natural de borboletas. A <b>rega<\/b> \u00e9 um dos cuidados mais importantes, pois a planta tolera melhor a seca do que o excesso de \u00e1gua, que pode causar fungos e apodrecimento das ra\u00edzes.<\/p>\n\n\n\n<ul class=\"wp-block-list\">\n<li>Regar quando o <b>solo<\/b> estiver seco na camada superficial, evitando encharcamento.<\/li>\n\n\n\n<li>Reduzir a quantidade de \u00e1gua em per\u00edodos <b>chuvosos<\/b>.<\/li>\n\n\n\n<li>Direcionar a \u00e1gua para a base da planta, sem molhar demais as <b>folhas<\/b>.<\/li>\n<\/ul>\n\n\n\n<p>Quem cultiva em casa, vai curtir esse v\u00eddeo especialmente selecionado do canal  <a class=\"yt-simple-endpoint style-scope yt-formatted-string\" spellcheck=\"false\" href=\"https:\/\/www.youtube.com\/@MinhasPlantas\" target=\"_blank\" rel=\"noopener\">Minhas Plantas<\/a>, onde a jardineira <strong>Carol Costa <\/strong>ensina\u00a0como plantar lavanda e manter ela saud\u00e1vel:<\/p>\n\n\n\n<figure class=\"wp-block-embed is-type-video is-provider-youtube wp-block-embed-youtube wp-embed-aspect-16-9 wp-has-aspect-ratio\"><div class=\"wp-block-embed__wrapper\">\n<div class=\"jeg_video_container jeg_video_content\"><iframe loading=\"lazy\" title=\"Como cultivar LAVANDA\" width=\"500\" height=\"281\" src=\"https:\/\/www.youtube.com\/embed\/BygVGdhMFDA?start=249&#038;feature=oembed\" frameborder=\"0\" allow=\"accelerometer; autoplay; clipboard-write; encrypted-media; gyroscope; picture-in-picture; web-share\" referrerpolicy=\"strict-origin-when-cross-origin\" allowfullscreen><\/iframe><\/div>\n<\/div><\/figure>\n\n\n\n<h2 class=\"wp-block-heading\">Como deixar o jardim ainda mais atrativo para borboletas<\/h2>\n\n\n\n<p>Embora a <b>lavanda<\/b> seja uma forte aliada, a combina\u00e7\u00e3o com outras esp\u00e9cies amplia muito o efeito de im\u00e3 natural de borboletas. Um espa\u00e7o com diferentes <b>alturas<\/b>, cores e \u00e9pocas de flora\u00e7\u00e3o oferece alimento cont\u00ednuo, abrigo e locais para postura de ovos, favorecendo v\u00e1rias fases do ciclo de vida desses insetos.<\/p>\n\n\n\n<p>Entre as plantas que costumam complementar bem a lavanda est\u00e3o esp\u00e9cies arom\u00e1ticas e <b>nativas<\/b>, que se adaptam melhor ao clima e \u00e0s borboletas locais:<\/p>\n\n\n\n<ul class=\"wp-block-list\">\n<li><strong><b>Ascl\u00e9psias<\/b> (algod\u00e3o-de-seda)<\/strong>, que servem de alimento para lagartas de algumas esp\u00e9cies.<\/li>\n\n\n\n<li><strong><b>Manjeric\u00e3o<\/b> e alecrim<\/strong>, que tamb\u00e9m atraem abelhas e outros polinizadores.<\/li>\n\n\n\n<li><strong>Flores <b>nativas<\/b><\/strong>, adaptadas ao clima local e ao ciclo das borboletas da regi\u00e3o.<\/li>\n<\/ul>\n","protected":false},"excerpt":{"rendered":"<p>Plantar lavanda no jardim ou em vasos \u00e9 uma forma pr\u00e1tica de atrair borboletas e outros polinizadores para perto de casa. A planta se adapta bem ao clima de boa parte do Brasil, desde que receba sol direto e solo bem drenado, oferecendo perfume caracter\u00edstico e n\u00e9ctar abundante, o que transforma o espa\u00e7o em um [&hellip;]<\/p>\n","protected":false},"author":9,"featured_media":135528,"comment_status":"open","ping_status":"open","sticky":false,"template":"","format":"standard","meta":{"jnews-multi-image_gallery":[],"jnews_single_post":{"format":"standard"},"jnews_primary_category":[],"jnews_social_meta":[],"jnews_override_counter":[],"footnotes":""},"categories":[8691,8819,1],"tags":[17416,7701,2502],"class_list":["post-135500","post","type-post","status-publish","format-standard","has-post-thumbnail","hentry","category-bem-estar","category-curiosidades","category-noticias","tag-borboleta","tag-como-plantar","tag-lavanda"],"yoast_head":"<!-- This site is optimized with the Yoast SEO plugin v23.8 - https:\/\/yoast.com\/wordpress\/plugins\/seo\/ -->\n<title>Como cuidar da lavanda e manter flores lindas que atraem borboletas - Estado de Minas - Em foco<\/title>\n<meta name=\"description\" content=\"A lavanda atrai borboletas e perfuma o jardim. Saiba como plantar em vasos com solo drenado e muito sol para ter flores o ano todo.\" \/>\n<meta name=\"robots\" content=\"index, follow, max-snippet:-1, max-image-preview:large, max-video-preview:-1\" \/>\n<link rel=\"canonical\" href=\"https:\/\/www.em.com.br\/emfoco\/2025\/12\/05\/como-cultivar-lavanda-em-vasos-e-trazer-a-natureza-para-a-sua-varanda\/\" \/>\n<meta property=\"og:locale\" content=\"pt_BR\" \/>\n<meta property=\"og:type\" content=\"article\" \/>\n<meta property=\"og:title\" content=\"Como cuidar da lavanda e manter flores lindas que atraem borboletas - Estado de Minas - Em foco\" \/>\n<meta property=\"og:description\" content=\"A lavanda atrai borboletas e perfuma o jardim. Saiba como plantar em vasos com solo drenado e muito sol para ter flores o ano todo.\" \/>\n<meta property=\"og:url\" content=\"https:\/\/www.em.com.br\/emfoco\/2025\/12\/05\/como-cultivar-lavanda-em-vasos-e-trazer-a-natureza-para-a-sua-varanda\/\" \/>\n<meta property=\"og:site_name\" content=\"Estado de Minas - Em foco\" \/>\n<meta property=\"article:published_time\" content=\"2025-12-05T16:25:46+00:00\" \/>\n<meta property=\"article:modified_time\" content=\"2025-12-04T19:20:29+00:00\" \/>\n<meta property=\"og:image\" content=\"https:\/\/www.em.com.br\/emfoco\/wp-content\/uploads\/2025\/12\/borboleta-lavanda_1764851809504.jpg\" \/>\n\t<meta property=\"og:image:width\" content=\"1280\" \/>\n\t<meta property=\"og:image:height\" content=\"720\" \/>\n\t<meta property=\"og:image:type\" content=\"image\/jpeg\" \/>\n<meta name=\"author\" content=\"Daniely Cardoso\" \/>\n<meta name=\"twitter:card\" content=\"summary_large_image\" \/>\n<meta name=\"twitter:label1\" content=\"Escrito por\" \/>\n\t<meta name=\"twitter:data1\" content=\"Daniely Cardoso\" \/>\n\t<meta name=\"twitter:label2\" content=\"Est. tempo de leitura\" \/>\n\t<meta name=\"twitter:data2\" content=\"4 minutos\" \/>\n<!-- \/ Yoast SEO plugin. -->","yoast_head_json":{"title":"Como cuidar da lavanda e manter flores lindas que atraem borboletas - Estado de Minas - Em foco","description":"A lavanda atrai borboletas e perfuma o jardim. Saiba como plantar em vasos com solo drenado e muito sol para ter flores o ano todo.","robots":{"index":"index","follow":"follow","max-snippet":"max-snippet:-1","max-image-preview":"max-image-preview:large","max-video-preview":"max-video-preview:-1"},"canonical":"https:\/\/www.em.com.br\/emfoco\/2025\/12\/05\/como-cultivar-lavanda-em-vasos-e-trazer-a-natureza-para-a-sua-varanda\/","og_locale":"pt_BR","og_type":"article","og_title":"Como cuidar da lavanda e manter flores lindas que atraem borboletas - Estado de Minas - Em foco","og_description":"A lavanda atrai borboletas e perfuma o jardim. Saiba como plantar em vasos com solo drenado e muito sol para ter flores o ano todo.","og_url":"https:\/\/www.em.com.br\/emfoco\/2025\/12\/05\/como-cultivar-lavanda-em-vasos-e-trazer-a-natureza-para-a-sua-varanda\/","og_site_name":"Estado de Minas - Em foco","article_published_time":"2025-12-05T16:25:46+00:00","article_modified_time":"2025-12-04T19:20:29+00:00","og_image":[{"width":1280,"height":720,"url":"https:\/\/www.em.com.br\/emfoco\/wp-content\/uploads\/2025\/12\/borboleta-lavanda_1764851809504.jpg","type":"image\/jpeg"}],"author":"Daniely Cardoso","twitter_card":"summary_large_image","twitter_misc":{"Escrito por":"Daniely Cardoso","Est. tempo de leitura":"4 minutos"},"schema":{"@context":"https:\/\/schema.org","@graph":[{"@type":"WebPage","@id":"https:\/\/www.em.com.br\/emfoco\/2025\/12\/05\/como-cultivar-lavanda-em-vasos-e-trazer-a-natureza-para-a-sua-varanda\/","url":"https:\/\/www.em.com.br\/emfoco\/2025\/12\/05\/como-cultivar-lavanda-em-vasos-e-trazer-a-natureza-para-a-sua-varanda\/","name":"Como cuidar da lavanda e manter flores lindas que atraem borboletas - Estado de Minas - Em foco","isPartOf":{"@id":"https:\/\/www.em.com.br\/emfoco\/#website"},"primaryImageOfPage":{"@id":"https:\/\/www.em.com.br\/emfoco\/2025\/12\/05\/como-cultivar-lavanda-em-vasos-e-trazer-a-natureza-para-a-sua-varanda\/#primaryimage"},"image":{"@id":"https:\/\/www.em.com.br\/emfoco\/2025\/12\/05\/como-cultivar-lavanda-em-vasos-e-trazer-a-natureza-para-a-sua-varanda\/#primaryimage"},"thumbnailUrl":"https:\/\/www.em.com.br\/emfoco\/wp-content\/uploads\/2025\/12\/borboleta-lavanda_1764851809504.jpg","datePublished":"2025-12-05T16:25:46+00:00","dateModified":"2025-12-04T19:20:29+00:00","author":{"@id":"https:\/\/www.em.com.br\/emfoco\/#\/schema\/person\/0a8186d72f2c3a5c6276d90b41f271a0"},"description":"A lavanda atrai borboletas e perfuma o jardim. Saiba como plantar em vasos com solo drenado e muito sol para ter flores o ano todo.","breadcrumb":{"@id":"https:\/\/www.em.com.br\/emfoco\/2025\/12\/05\/como-cultivar-lavanda-em-vasos-e-trazer-a-natureza-para-a-sua-varanda\/#breadcrumb"},"inLanguage":"pt-BR","potentialAction":[{"@type":"ReadAction","target":["https:\/\/www.em.com.br\/emfoco\/2025\/12\/05\/como-cultivar-lavanda-em-vasos-e-trazer-a-natureza-para-a-sua-varanda\/"]}]},{"@type":"ImageObject","inLanguage":"pt-BR","@id":"https:\/\/www.em.com.br\/emfoco\/2025\/12\/05\/como-cultivar-lavanda-em-vasos-e-trazer-a-natureza-para-a-sua-varanda\/#primaryimage","url":"https:\/\/www.em.com.br\/emfoco\/wp-content\/uploads\/2025\/12\/borboleta-lavanda_1764851809504.jpg","contentUrl":"https:\/\/www.em.com.br\/emfoco\/wp-content\/uploads\/2025\/12\/borboleta-lavanda_1764851809504.jpg","width":1280,"height":720,"caption":"Plantar lavanda no jardim ou em vasos \u00e9 uma forma pr\u00e1tica de atrair borboletas - Cr\u00e9ditos: depositphotos.com \/ kip02kas"},{"@type":"BreadcrumbList","@id":"https:\/\/www.em.com.br\/emfoco\/2025\/12\/05\/como-cultivar-lavanda-em-vasos-e-trazer-a-natureza-para-a-sua-varanda\/#breadcrumb","itemListElement":[{"@type":"ListItem","position":1,"name":"In\u00edcio","item":"https:\/\/www.em.com.br\/emfoco\/"},{"@type":"ListItem","position":2,"name":"Como cuidar da lavanda e manter flores lindas que atraem borboletas"}]},{"@type":"WebSite","@id":"https:\/\/www.em.com.br\/emfoco\/#website","url":"https:\/\/www.em.com.br\/emfoco\/","name":"Estado de Minas - Em foco","description":"Acompanhe as \u00faltimas not\u00edcias e fique bem informado sobre tudo o que acontece em Minas Gerais, Brasil e no mundo.","potentialAction":[{"@type":"SearchAction","target":{"@type":"EntryPoint","urlTemplate":"https:\/\/www.em.com.br\/emfoco\/?s={search_term_string}"},"query-input":{"@type":"PropertyValueSpecification","valueRequired":true,"valueName":"search_term_string"}}],"inLanguage":"pt-BR"},{"@type":"Person","@id":"https:\/\/www.em.com.br\/emfoco\/#\/schema\/person\/0a8186d72f2c3a5c6276d90b41f271a0","name":"Daniely Cardoso","image":{"@type":"ImageObject","inLanguage":"pt-BR","@id":"https:\/\/www.em.com.br\/emfoco\/#\/schema\/person\/image\/","url":"https:\/\/secure.gravatar.com\/avatar\/4b80ddbd124d1f071b626d52d62e5dff?s=96&d=mm&r=g","contentUrl":"https:\/\/secure.gravatar.com\/avatar\/4b80ddbd124d1f071b626d52d62e5dff?s=96&d=mm&r=g","caption":"Daniely Cardoso"},"url":"https:\/\/www.em.com.br\/emfoco\/author\/danielymyth\/"}]}},"_links":{"self":[{"href":"https:\/\/www.em.com.br\/emfoco\/wp-json\/wp\/v2\/posts\/135500","targetHints":{"allow":["GET"]}}],"collection":[{"href":"https:\/\/www.em.com.br\/emfoco\/wp-json\/wp\/v2\/posts"}],"about":[{"href":"https:\/\/www.em.com.br\/emfoco\/wp-json\/wp\/v2\/types\/post"}],"author":[{"embeddable":true,"href":"https:\/\/www.em.com.br\/emfoco\/wp-json\/wp\/v2\/users\/9"}],"replies":[{"embeddable":true,"href":"https:\/\/www.em.com.br\/emfoco\/wp-json\/wp\/v2\/comments?post=135500"}],"version-history":[{"count":3,"href":"https:\/\/www.em.com.br\/emfoco\/wp-json\/wp\/v2\/posts\/135500\/revisions"}],"predecessor-version":[{"id":135783,"href":"https:\/\/www.em.com.br\/emfoco\/wp-json\/wp\/v2\/posts\/135500\/revisions\/135783"}],"wp:featuredmedia":[{"embeddable":true,"href":"https:\/\/www.em.com.br\/emfoco\/wp-json\/wp\/v2\/media\/135528"}],"wp:attachment":[{"href":"https:\/\/www.em.com.br\/emfoco\/wp-json\/wp\/v2\/media?parent=135500"}],"wp:term":[{"taxonomy":"category","embeddable":true,"href":"https:\/\/www.em.com.br\/emfoco\/wp-json\/wp\/v2\/categories?post=135500"},{"taxonomy":"post_tag","embeddable":true,"href":"https:\/\/www.em.com.br\/emfoco\/wp-json\/wp\/v2\/tags?post=135500"}],"curies":[{"name":"wp","href":"https:\/\/api.w.org\/{rel}","templated":true}]}}