{"id":135488,"date":"2025-12-05T07:25:17","date_gmt":"2025-12-05T10:25:17","guid":{"rendered":"https:\/\/www.em.com.br\/emfoco\/?p=135488"},"modified":"2025-12-04T19:14:14","modified_gmt":"2025-12-04T22:14:14","slug":"cuidados-essenciais-para-a-pele-madura-brilhar-mesmo-nos-dias-mais-quentes","status":"publish","type":"post","link":"https:\/\/www.em.com.br\/emfoco\/2025\/12\/05\/cuidados-essenciais-para-a-pele-madura-brilhar-mesmo-nos-dias-mais-quentes\/","title":{"rendered":"Cuidados essenciais para a pele madura brilhar mesmo nos dias mais quentes"},"content":{"rendered":"\n<p>Com o aumento das temperaturas, a pele madura tende a reagir de forma mais sens\u00edvel, especialmente em regi\u00f5es com calor intenso e alta umidade. Rugas, ressecamento, manchas escuras e flacidez podem ficar mais evidentes quando a pele \u00e9 exposta ao sol forte, suor e polui\u00e7\u00e3o ao mesmo tempo, exigindo um cuidado di\u00e1rio adaptado tanto \u00e0s necessidades da idade quanto \u00e0s caracter\u00edsticas do clima.<\/p>\n\n\n\n<h2 class=\"wp-block-heading\">Quais s\u00e3o as melhores estrat\u00e9gias de skincare para pele madura no calor intenso<\/h2>\n\n\n\n<p>Entre as melhores estrat\u00e9gias de <strong>skincare para pele madura no calor intenso<\/strong> est\u00e3o a limpeza suave, o uso disciplinado de protetor solar e a hidrata\u00e7\u00e3o adequada ao tipo de pele. Limpar demais pode irritar e fragilizar, enquanto limpar de menos favorece o ac\u00famulo de suor, sebo, res\u00edduos de polui\u00e7\u00e3o e part\u00edculas de filtro solar, prejudicando a textura e o vi\u00e7o.<\/p>\n\n\n\n<p>Al\u00e9m disso, escolher ativos antioxidantes e texturas adequadas ao clima ajuda a manter a pele mais uniforme e confort\u00e1vel. A seguir, alguns cuidados essenciais que podem ser ajustados conforme orienta\u00e7\u00e3o dermatol\u00f3gica e conforme a resposta da sua pele:<\/p>\n\n\n<div class=\"wp-block-image\">\n<figure class=\"aligncenter size-large\"><img loading=\"lazy\" decoding=\"async\" width=\"1024\" height=\"576\" src=\"https:\/\/www.em.com.br\/emfoco\/wp-content\/uploads\/2025\/12\/Gemini_Generated_Image_u7kby1u7kby1u7kb-1-1024x576.png\" alt=\"\" class=\"wp-image-135724\" srcset=\"https:\/\/www.em.com.br\/emfoco\/wp-content\/uploads\/2025\/12\/Gemini_Generated_Image_u7kby1u7kby1u7kb-1-1024x576.png 1024w, https:\/\/www.em.com.br\/emfoco\/wp-content\/uploads\/2025\/12\/Gemini_Generated_Image_u7kby1u7kby1u7kb-1-300x169.png 300w, https:\/\/www.em.com.br\/emfoco\/wp-content\/uploads\/2025\/12\/Gemini_Generated_Image_u7kby1u7kby1u7kb-1-768x432.png 768w, https:\/\/www.em.com.br\/emfoco\/wp-content\/uploads\/2025\/12\/Gemini_Generated_Image_u7kby1u7kby1u7kb-1-750x422.png 750w, https:\/\/www.em.com.br\/emfoco\/wp-content\/uploads\/2025\/12\/Gemini_Generated_Image_u7kby1u7kby1u7kb-1-1140x641.png 1140w, https:\/\/www.em.com.br\/emfoco\/wp-content\/uploads\/2025\/12\/Gemini_Generated_Image_u7kby1u7kby1u7kb-1.png 1280w\" sizes=\"auto, (max-width: 1024px) 100vw, 1024px\" \/><figcaption class=\"wp-element-caption\">Entre as melhores estrat\u00e9gias de skincare para pele madura no calor intenso est\u00e3o a limpeza suave<\/figcaption><\/figure><\/div>\n\n\n<p>Leia tamb\u00e9m:&nbsp;<a href=\"https:\/\/www.em.com.br\/emfoco\/2025\/11\/29\/a-rotina-de-hidratacao-perfeita-que-a-pele-negra-precisa\/\" target=\"_blank\" rel=\"noopener\">A rotina de hidrata\u00e7\u00e3o perfeita que a pele negra precisa<\/a><\/p>\n\n\n\n<h2 class=\"wp-block-heading\">Como montar uma rotina di\u00e1ria de cuidados para pele madura no calor<\/h2>\n\n\n\n<p>Para organizar os cuidados, muitas pessoas preferem uma rotina simples, mas consistente, que possa ser mantida todos os dias. Em geral, uma sequ\u00eancia enxuta \u00e9 suficiente para atender \u00e0s principais necessidades da pele madura em dias de altas temperaturas, priorizando limpeza adequada, hidrata\u00e7\u00e3o equilibrada, prote\u00e7\u00e3o solar e, \u00e0 noite, renova\u00e7\u00e3o suave.<\/p>\n\n\n\n<p>Em dias de calor extremo, muitas pessoas tamb\u00e9m ajustam a quantidade de produto, aplicando camadas mais finas para evitar ac\u00famulo e sensa\u00e7\u00e3o pegajosa. Outra estrat\u00e9gia comum \u00e9 redobrar os cuidados com a \u00e1rea dos olhos e pesco\u00e7o, regi\u00f5es que costumam denunciar os sinais do tempo com mais rapidez e que sofrem bastante com a radia\u00e7\u00e3o solar, inclusive dentro de casa.<\/p>\n\n\n\n<p>Para voc\u00ea que gosta de ir al\u00e9m no assunto, selecionamos um v\u00eddeo da <a href=\"https:\/\/www.youtube.com\/@DraMarinaHayashida\" target=\"_blank\" rel=\"noreferrer noopener\">Dra. Marina Hayashida<\/a>, nesse v\u00eddeo ela vai te dar dicas caso v\u00e1 para lugares com climas quente: <\/p>\n\n\n\n<figure class=\"wp-block-embed is-type-video is-provider-youtube wp-block-embed-youtube wp-embed-aspect-16-9 wp-has-aspect-ratio\"><div class=\"wp-block-embed__wrapper\">\n<div class=\"jeg_video_container jeg_video_content\"><iframe loading=\"lazy\" title=\"3 CUIDADOS COM A PELE em VIAGEM para clima quente | PRAIA E PISCINA\" width=\"500\" height=\"281\" src=\"https:\/\/www.youtube.com\/embed\/hBYUYubwCDw?feature=oembed\" frameborder=\"0\" allow=\"accelerometer; autoplay; clipboard-write; encrypted-media; gyroscope; picture-in-picture; web-share\" referrerpolicy=\"strict-origin-when-cross-origin\" allowfullscreen><\/iframe><\/div>\n<\/div><\/figure>\n\n\n\n<h2 class=\"wp-block-heading\">Quais cuidados extras ajudam a proteger a pele madura no ver\u00e3o<\/h2>\n\n\n\n<p>Al\u00e9m dos cosm\u00e9ticos, alguns h\u00e1bitos cotidianos influenciam diretamente a sa\u00fade da pele madura no calor. A combina\u00e7\u00e3o entre ambiente, estilo de vida, alimenta\u00e7\u00e3o equilibrada e rotina de skincare tende a fazer diferen\u00e7a ao longo dos meses mais quentes do ano, ajudando a controlar inflama\u00e7\u00f5es, ressecamento e sensa\u00e7\u00e3o de pele sensibilizada.<\/p>\n\n\n\n<p>Pequenos ajustes de comportamento podem potencializar os resultados dos produtos e prolongar a sa\u00fade da pele a longo prazo. Nessa fase da vida, o acompanhamento peri\u00f3dico com profissional especializado tamb\u00e9m se torna parte importante da estrat\u00e9gia de cuidado:<\/p>\n\n\n\n<ul class=\"wp-block-list\">\n<li><strong>Evitar sol nos hor\u00e1rios de pico<\/strong>, buscando sombra sempre que poss\u00edvel.<\/li>\n\n\n\n<li><strong>Usar barreiras f\u00edsicas<\/strong>, como chap\u00e9us, \u00f3culos de sol e roupas com prote\u00e7\u00e3o UV.<\/li>\n\n\n\n<li><strong>Manter hidrata\u00e7\u00e3o interna<\/strong> adequada, com consumo regular de \u00e1gua ao longo do dia.<\/li>\n\n\n\n<li><strong>Controlar banhos muito quentes e demorados<\/strong>, que podem ressecar ainda mais a pele.<\/li>\n\n\n\n<li><strong>Observar sinais de sensibilidade<\/strong>, como ard\u00eancia persistente, coceira ou vermelhid\u00e3o ap\u00f3s o uso de produtos.<\/li>\n<\/ul>\n","protected":false},"excerpt":{"rendered":"<p>Com o aumento das temperaturas, a pele madura tende a reagir de forma mais sens\u00edvel, especialmente em regi\u00f5es com calor intenso e alta umidade. Rugas, ressecamento, manchas escuras e flacidez podem ficar mais evidentes quando a pele \u00e9 exposta ao sol forte, suor e polui\u00e7\u00e3o ao mesmo tempo, exigindo um cuidado di\u00e1rio adaptado tanto \u00e0s [&hellip;]<\/p>\n","protected":false},"author":9,"featured_media":35551,"comment_status":"open","ping_status":"open","sticky":false,"template":"","format":"standard","meta":{"jnews-multi-image_gallery":[],"jnews_single_post":{"format":"standard"},"jnews_primary_category":[],"jnews_social_meta":[],"jnews_override_counter":[],"footnotes":""},"categories":[8691,8819,1],"tags":[705,7073,4948],"class_list":["post-135488","post","type-post","status-publish","format-standard","has-post-thumbnail","hentry","category-bem-estar","category-curiosidades","category-noticias","tag-calor","tag-pele-madura","tag-skincare"],"yoast_head":"<!-- This site is optimized with the Yoast SEO plugin v23.8 - https:\/\/yoast.com\/wordpress\/plugins\/seo\/ -->\n<title>Cuidados essenciais para a pele madura brilhar mesmo nos dias mais quentes - Estado de Minas - Em foco<\/title>\n<meta name=\"description\" content=\"O calor exige cuidados com a pele madura. Saiba como hidratar, limpar e proteger o rosto para evitar manchas e o ressecamento excessivo.\" \/>\n<meta name=\"robots\" content=\"index, follow, max-snippet:-1, max-image-preview:large, max-video-preview:-1\" \/>\n<link rel=\"canonical\" href=\"https:\/\/www.em.com.br\/emfoco\/2025\/12\/05\/cuidados-essenciais-para-a-pele-madura-brilhar-mesmo-nos-dias-mais-quentes\/\" \/>\n<meta property=\"og:locale\" content=\"pt_BR\" \/>\n<meta property=\"og:type\" content=\"article\" \/>\n<meta property=\"og:title\" content=\"Cuidados essenciais para a pele madura brilhar mesmo nos dias mais quentes - Estado de Minas - Em foco\" \/>\n<meta property=\"og:description\" content=\"O calor exige cuidados com a pele madura. Saiba como hidratar, limpar e proteger o rosto para evitar manchas e o ressecamento excessivo.\" \/>\n<meta property=\"og:url\" content=\"https:\/\/www.em.com.br\/emfoco\/2025\/12\/05\/cuidados-essenciais-para-a-pele-madura-brilhar-mesmo-nos-dias-mais-quentes\/\" \/>\n<meta property=\"og:site_name\" content=\"Estado de Minas - Em foco\" \/>\n<meta property=\"article:published_time\" content=\"2025-12-05T10:25:17+00:00\" \/>\n<meta property=\"article:modified_time\" content=\"2025-12-04T22:14:14+00:00\" \/>\n<meta property=\"og:image\" content=\"https:\/\/www.em.com.br\/emfoco\/wp-content\/uploads\/2025\/04\/colageno_1743866443503.jpg\" \/>\n\t<meta property=\"og:image:width\" content=\"1280\" \/>\n\t<meta property=\"og:image:height\" content=\"720\" \/>\n\t<meta property=\"og:image:type\" content=\"image\/jpeg\" \/>\n<meta name=\"author\" content=\"Daniely Cardoso\" \/>\n<meta name=\"twitter:card\" content=\"summary_large_image\" \/>\n<meta name=\"twitter:label1\" content=\"Escrito por\" \/>\n\t<meta name=\"twitter:data1\" content=\"Daniely Cardoso\" \/>\n\t<meta name=\"twitter:label2\" content=\"Est. tempo de leitura\" \/>\n\t<meta name=\"twitter:data2\" content=\"4 minutos\" \/>\n<!-- \/ Yoast SEO plugin. -->","yoast_head_json":{"title":"Cuidados essenciais para a pele madura brilhar mesmo nos dias mais quentes - Estado de Minas - Em foco","description":"O calor exige cuidados com a pele madura. Saiba como hidratar, limpar e proteger o rosto para evitar manchas e o ressecamento excessivo.","robots":{"index":"index","follow":"follow","max-snippet":"max-snippet:-1","max-image-preview":"max-image-preview:large","max-video-preview":"max-video-preview:-1"},"canonical":"https:\/\/www.em.com.br\/emfoco\/2025\/12\/05\/cuidados-essenciais-para-a-pele-madura-brilhar-mesmo-nos-dias-mais-quentes\/","og_locale":"pt_BR","og_type":"article","og_title":"Cuidados essenciais para a pele madura brilhar mesmo nos dias mais quentes - Estado de Minas - Em foco","og_description":"O calor exige cuidados com a pele madura. Saiba como hidratar, limpar e proteger o rosto para evitar manchas e o ressecamento excessivo.","og_url":"https:\/\/www.em.com.br\/emfoco\/2025\/12\/05\/cuidados-essenciais-para-a-pele-madura-brilhar-mesmo-nos-dias-mais-quentes\/","og_site_name":"Estado de Minas - Em foco","article_published_time":"2025-12-05T10:25:17+00:00","article_modified_time":"2025-12-04T22:14:14+00:00","og_image":[{"width":1280,"height":720,"url":"https:\/\/www.em.com.br\/emfoco\/wp-content\/uploads\/2025\/04\/colageno_1743866443503.jpg","type":"image\/jpeg"}],"author":"Daniely Cardoso","twitter_card":"summary_large_image","twitter_misc":{"Escrito por":"Daniely Cardoso","Est. tempo de leitura":"4 minutos"},"schema":{"@context":"https:\/\/schema.org","@graph":[{"@type":"WebPage","@id":"https:\/\/www.em.com.br\/emfoco\/2025\/12\/05\/cuidados-essenciais-para-a-pele-madura-brilhar-mesmo-nos-dias-mais-quentes\/","url":"https:\/\/www.em.com.br\/emfoco\/2025\/12\/05\/cuidados-essenciais-para-a-pele-madura-brilhar-mesmo-nos-dias-mais-quentes\/","name":"Cuidados essenciais para a pele madura brilhar mesmo nos dias mais quentes - Estado de Minas - Em foco","isPartOf":{"@id":"https:\/\/www.em.com.br\/emfoco\/#website"},"primaryImageOfPage":{"@id":"https:\/\/www.em.com.br\/emfoco\/2025\/12\/05\/cuidados-essenciais-para-a-pele-madura-brilhar-mesmo-nos-dias-mais-quentes\/#primaryimage"},"image":{"@id":"https:\/\/www.em.com.br\/emfoco\/2025\/12\/05\/cuidados-essenciais-para-a-pele-madura-brilhar-mesmo-nos-dias-mais-quentes\/#primaryimage"},"thumbnailUrl":"https:\/\/www.em.com.br\/emfoco\/wp-content\/uploads\/2025\/04\/colageno_1743866443503.jpg","datePublished":"2025-12-05T10:25:17+00:00","dateModified":"2025-12-04T22:14:14+00:00","author":{"@id":"https:\/\/www.em.com.br\/emfoco\/#\/schema\/person\/0a8186d72f2c3a5c6276d90b41f271a0"},"description":"O calor exige cuidados com a pele madura. Saiba como hidratar, limpar e proteger o rosto para evitar manchas e o ressecamento excessivo.","breadcrumb":{"@id":"https:\/\/www.em.com.br\/emfoco\/2025\/12\/05\/cuidados-essenciais-para-a-pele-madura-brilhar-mesmo-nos-dias-mais-quentes\/#breadcrumb"},"inLanguage":"pt-BR","potentialAction":[{"@type":"ReadAction","target":["https:\/\/www.em.com.br\/emfoco\/2025\/12\/05\/cuidados-essenciais-para-a-pele-madura-brilhar-mesmo-nos-dias-mais-quentes\/"]}]},{"@type":"ImageObject","inLanguage":"pt-BR","@id":"https:\/\/www.em.com.br\/emfoco\/2025\/12\/05\/cuidados-essenciais-para-a-pele-madura-brilhar-mesmo-nos-dias-mais-quentes\/#primaryimage","url":"https:\/\/www.em.com.br\/emfoco\/wp-content\/uploads\/2025\/04\/colageno_1743866443503.jpg","contentUrl":"https:\/\/www.em.com.br\/emfoco\/wp-content\/uploads\/2025\/04\/colageno_1743866443503.jpg","width":1280,"height":720,"caption":"Pele madura - Cr\u00e9ditos: depositphotos.com \/ Ischukigor"},{"@type":"BreadcrumbList","@id":"https:\/\/www.em.com.br\/emfoco\/2025\/12\/05\/cuidados-essenciais-para-a-pele-madura-brilhar-mesmo-nos-dias-mais-quentes\/#breadcrumb","itemListElement":[{"@type":"ListItem","position":1,"name":"In\u00edcio","item":"https:\/\/www.em.com.br\/emfoco\/"},{"@type":"ListItem","position":2,"name":"Cuidados essenciais para a pele madura brilhar mesmo nos dias mais quentes"}]},{"@type":"WebSite","@id":"https:\/\/www.em.com.br\/emfoco\/#website","url":"https:\/\/www.em.com.br\/emfoco\/","name":"Estado de Minas - Em foco","description":"Acompanhe as \u00faltimas not\u00edcias e fique bem informado sobre tudo o que acontece em Minas Gerais, Brasil e no mundo.","potentialAction":[{"@type":"SearchAction","target":{"@type":"EntryPoint","urlTemplate":"https:\/\/www.em.com.br\/emfoco\/?s={search_term_string}"},"query-input":{"@type":"PropertyValueSpecification","valueRequired":true,"valueName":"search_term_string"}}],"inLanguage":"pt-BR"},{"@type":"Person","@id":"https:\/\/www.em.com.br\/emfoco\/#\/schema\/person\/0a8186d72f2c3a5c6276d90b41f271a0","name":"Daniely Cardoso","image":{"@type":"ImageObject","inLanguage":"pt-BR","@id":"https:\/\/www.em.com.br\/emfoco\/#\/schema\/person\/image\/","url":"https:\/\/secure.gravatar.com\/avatar\/4b80ddbd124d1f071b626d52d62e5dff?s=96&d=mm&r=g","contentUrl":"https:\/\/secure.gravatar.com\/avatar\/4b80ddbd124d1f071b626d52d62e5dff?s=96&d=mm&r=g","caption":"Daniely Cardoso"},"url":"https:\/\/www.em.com.br\/emfoco\/author\/danielymyth\/"}]}},"_links":{"self":[{"href":"https:\/\/www.em.com.br\/emfoco\/wp-json\/wp\/v2\/posts\/135488","targetHints":{"allow":["GET"]}}],"collection":[{"href":"https:\/\/www.em.com.br\/emfoco\/wp-json\/wp\/v2\/posts"}],"about":[{"href":"https:\/\/www.em.com.br\/emfoco\/wp-json\/wp\/v2\/types\/post"}],"author":[{"embeddable":true,"href":"https:\/\/www.em.com.br\/emfoco\/wp-json\/wp\/v2\/users\/9"}],"replies":[{"embeddable":true,"href":"https:\/\/www.em.com.br\/emfoco\/wp-json\/wp\/v2\/comments?post=135488"}],"version-history":[{"count":4,"href":"https:\/\/www.em.com.br\/emfoco\/wp-json\/wp\/v2\/posts\/135488\/revisions"}],"predecessor-version":[{"id":135953,"href":"https:\/\/www.em.com.br\/emfoco\/wp-json\/wp\/v2\/posts\/135488\/revisions\/135953"}],"wp:featuredmedia":[{"embeddable":true,"href":"https:\/\/www.em.com.br\/emfoco\/wp-json\/wp\/v2\/media\/35551"}],"wp:attachment":[{"href":"https:\/\/www.em.com.br\/emfoco\/wp-json\/wp\/v2\/media?parent=135488"}],"wp:term":[{"taxonomy":"category","embeddable":true,"href":"https:\/\/www.em.com.br\/emfoco\/wp-json\/wp\/v2\/categories?post=135488"},{"taxonomy":"post_tag","embeddable":true,"href":"https:\/\/www.em.com.br\/emfoco\/wp-json\/wp\/v2\/tags?post=135488"}],"curies":[{"name":"wp","href":"https:\/\/api.w.org\/{rel}","templated":true}]}}