{"id":135309,"date":"2025-12-06T15:05:00","date_gmt":"2025-12-06T18:05:00","guid":{"rendered":"https:\/\/www.em.com.br\/emfoco\/?p=135309"},"modified":"2025-12-03T18:53:15","modified_gmt":"2025-12-03T21:53:15","slug":"como-cultivar-temperos-em-casa-mesmo-sem-entender-de-jardinagem","status":"publish","type":"post","link":"https:\/\/www.em.com.br\/emfoco\/2025\/12\/06\/como-cultivar-temperos-em-casa-mesmo-sem-entender-de-jardinagem\/","title":{"rendered":"Como cultivar temperos em casa mesmo sem entender de jardinagem"},"content":{"rendered":"\n<p>Ter um mini-jardim na cozinha n\u00e3o \u00e9 privil\u00e9gio de quem sabe plantar. Com alguns cuidados simples, \u00e9 poss\u00edvel cultivar <strong>temperos dentro de casa<\/strong> mesmo sem experi\u00eancia, trazendo manjeric\u00e3o, hortel\u00e3, alecrim e salsinha para o dia a dia de forma leve e acess\u00edvel.<\/p>\n\n\n\n<h2 class=\"wp-block-heading\">Por que qualquer pessoa consegue cultivar temperos dentro de casa?<\/h2>\n\n\n\n<p>O segredo n\u00e3o est\u00e1 em t\u00e9cnicas avan\u00e7adas, mas em tr\u00eas bases essenciais: <strong>luz, rega e solo<\/strong>. Quando esses elementos est\u00e3o equilibrados, os temperos crescem fortes e arom\u00e1ticos, mesmo em apartamentos pequenos ou com pouca experi\u00eancia em jardinagem.<\/p>\n\n\n\n<p>Com um cantinho iluminado e regas moderadas, a planta encontra condi\u00e7\u00f5es naturais para se desenvolver. Evitar exageros \u00e9 o ponto mais importante, j\u00e1 que erros simples, como solo pesado ou excesso de \u00e1gua, s\u00e3o os principais respons\u00e1veis pelo <strong>baque das ra\u00edzes<\/strong>.<\/p>\n\n\n\n<figure class=\"wp-block-image size-large\"><img loading=\"lazy\" decoding=\"async\" width=\"1024\" height=\"576\" src=\"https:\/\/www.em.com.br\/emfoco\/wp-content\/uploads\/2025\/12\/Cultivando-temperos_1764798681274-1024x576.jpg\" alt=\"Como cultivar temperos em casa mesmo sem entender de jardinagem\" class=\"wp-image-135353\" srcset=\"https:\/\/www.em.com.br\/emfoco\/wp-content\/uploads\/2025\/12\/Cultivando-temperos_1764798681274-1024x576.jpg 1024w, https:\/\/www.em.com.br\/emfoco\/wp-content\/uploads\/2025\/12\/Cultivando-temperos_1764798681274-300x169.jpg 300w, https:\/\/www.em.com.br\/emfoco\/wp-content\/uploads\/2025\/12\/Cultivando-temperos_1764798681274-768x432.jpg 768w, https:\/\/www.em.com.br\/emfoco\/wp-content\/uploads\/2025\/12\/Cultivando-temperos_1764798681274-750x422.jpg 750w, https:\/\/www.em.com.br\/emfoco\/wp-content\/uploads\/2025\/12\/Cultivando-temperos_1764798681274-1140x641.jpg 1140w, https:\/\/www.em.com.br\/emfoco\/wp-content\/uploads\/2025\/12\/Cultivando-temperos_1764798681274.jpg 1280w\" sizes=\"auto, (max-width: 1024px) 100vw, 1024px\" \/><figcaption class=\"wp-element-caption\">Equilibrar luz, rega e solo garante temperos fortes e arom\u00e1ticos &#8211; Cr\u00e9ditos: depositphotos.com \/ Kathleen77<\/figcaption><\/figure>\n\n\n\n<h2 class=\"wp-block-heading\">Quais cuidados b\u00e1sicos garantem que os temperos cres\u00e7am saud\u00e1veis?<\/h2>\n\n\n\n<p>Para cultivar temperos com sucesso, basta seguir um conjunto de cuidados simples que ajudam a equilibrar as necessidades da planta sem esfor\u00e7o. Entre os pontos essenciais est\u00e3o os que voc\u00ea v\u00ea a seguir.<\/p>\n\n\n\n<ul class=\"wp-block-list\">\n<li><strong>Luz natural:<\/strong> deixe os vasos pr\u00f3ximos a uma janela com sol leve da manh\u00e3.<\/li>\n\n\n\n<li><strong>Rega moderada:<\/strong> molhe apenas quando o solo estiver levemente seco ao toque.<\/li>\n\n\n\n<li><strong>Solo leve e drenado:<\/strong> use vasos com furos para evitar ac\u00famulo de \u00e1gua.<\/li>\n<\/ul>\n\n\n\n<p><em>Leia mais: <strong><a href=\"https:\/\/www.em.com.br\/emfoco\/2025\/12\/03\/voce-precisa-fazer-isso-com-seu-alecrim-em-dezembro-para-ele-florescer-abundantemente-em-2026\/\">Voc\u00ea precisa fazer isso com seu alecrim em dezembro para ele florescer abundantemente em 2026<\/a><\/strong><\/em><\/p>\n\n\n\n<h2 class=\"wp-block-heading\">Quais temperos s\u00e3o melhores para quem est\u00e1 come\u00e7ando?<\/h2>\n\n\n\n<p>Alguns temperos t\u00eam crescimento r\u00e1pido e se adaptam facilmente ao ambiente interno. Esp\u00e9cies como <strong>manjeric\u00e3o<\/strong> e <strong>hortel\u00e3<\/strong> s\u00e3o \u00f3timas para iniciantes porque respondem bem a podas leves e t\u00eam uma recupera\u00e7\u00e3o acelerada.<\/p>\n\n\n\n<p>J\u00e1 plantas como <strong>alecrim<\/strong> e s\u00e1lvia preferem menos \u00e1gua e mais luz direta, sendo boas op\u00e7\u00f5es para quem tem janelas bem iluminadas. Fazer podas semanais estimula novos brotos e garante folhas frescas por muito mais tempo.<\/p>\n\n\n\n<figure class=\"wp-block-image size-large\"><img loading=\"lazy\" decoding=\"async\" width=\"1024\" height=\"576\" src=\"https:\/\/www.em.com.br\/emfoco\/wp-content\/uploads\/2025\/12\/Cultivando-temperos_1764798762277-1024x576.jpg\" alt=\"Como cultivar temperos em casa mesmo sem entender de jardinagem\" class=\"wp-image-135355\" srcset=\"https:\/\/www.em.com.br\/emfoco\/wp-content\/uploads\/2025\/12\/Cultivando-temperos_1764798762277-1024x576.jpg 1024w, https:\/\/www.em.com.br\/emfoco\/wp-content\/uploads\/2025\/12\/Cultivando-temperos_1764798762277-300x169.jpg 300w, https:\/\/www.em.com.br\/emfoco\/wp-content\/uploads\/2025\/12\/Cultivando-temperos_1764798762277-768x432.jpg 768w, https:\/\/www.em.com.br\/emfoco\/wp-content\/uploads\/2025\/12\/Cultivando-temperos_1764798762277-750x422.jpg 750w, https:\/\/www.em.com.br\/emfoco\/wp-content\/uploads\/2025\/12\/Cultivando-temperos_1764798762277-1140x641.jpg 1140w, https:\/\/www.em.com.br\/emfoco\/wp-content\/uploads\/2025\/12\/Cultivando-temperos_1764798762277.jpg 1280w\" sizes=\"auto, (max-width: 1024px) 100vw, 1024px\" \/><figcaption class=\"wp-element-caption\">Manjeric\u00e3o e hortel\u00e3 crescem r\u00e1pido e se adaptam facilmente &#8211; Cr\u00e9ditos: depositphotos.com \/ oksana_nazarchuk<\/figcaption><\/figure>\n\n\n\n<h2 class=\"wp-block-heading\">Como deixar o cultivo ainda mais f\u00e1cil no dia a dia?<\/h2>\n\n\n\n<p>Pequenos ajustes tornam o cultivo mais pr\u00e1tico e evitam frustra\u00e7\u00f5es, especialmente para quem est\u00e1 come\u00e7ando. Entre as orienta\u00e7\u00f5es que facilitam o cuidado cotidiano e ajudam no desenvolvimento das plantas est\u00e3o as que voc\u00ea v\u00ea a seguir.<\/p>\n\n\n\n<ul class=\"wp-block-list\">\n<li>Comece com mudas prontas: facilitam a adapta\u00e7\u00e3o e aceleram o crescimento.<\/li>\n\n\n\n<li>Borrife \u00e1gua ocasionalmente: melhora a <strong>umidade do microambiente<\/strong>.<\/li>\n\n\n\n<li>Fa\u00e7a podas leves: estimula folhas novas e mant\u00e9m o tempero sempre produtivo.<\/li>\n<\/ul>\n\n\n\n<p>Cultivar temperos \u00e9 mais simples do que parece. Com luz adequada, rega equilibrada e um canto perto da janela, qualquer pessoa pode criar um jardim arom\u00e1tico dentro de casa \u2014 basta come\u00e7ar hoje e sentir o prazer de ver seus pr\u00f3prios temperos crescendo com facilidade.<\/p>\n","protected":false},"excerpt":{"rendered":"<p>Ter um mini-jardim na cozinha n\u00e3o \u00e9 privil\u00e9gio de quem sabe plantar. Com alguns cuidados simples, \u00e9 poss\u00edvel cultivar temperos dentro de casa mesmo sem experi\u00eancia, trazendo manjeric\u00e3o, hortel\u00e3, alecrim e salsinha para o dia a dia de forma leve e acess\u00edvel. Por que qualquer pessoa consegue cultivar temperos dentro de casa? O segredo n\u00e3o [&hellip;]<\/p>\n","protected":false},"author":13,"featured_media":135354,"comment_status":"open","ping_status":"open","sticky":false,"template":"","format":"standard","meta":{"jnews-multi-image_gallery":[],"jnews_single_post":{"format":"standard"},"jnews_primary_category":[],"jnews_social_meta":[],"jnews_override_counter":[],"footnotes":""},"categories":[8819],"tags":[19741,3358,9753],"class_list":["post-135309","post","type-post","status-publish","format-standard","has-post-thumbnail","hentry","category-curiosidades","tag-como-cultivar-temperos","tag-jardinagem","tag-temperos-em-casa"],"yoast_head":"<!-- This site is optimized with the Yoast SEO plugin v23.8 - https:\/\/yoast.com\/wordpress\/plugins\/seo\/ -->\n<title>Como cultivar temperos em casa mesmo sem entender de jardinagem - Estado de Minas - Em foco<\/title>\n<meta name=\"description\" content=\"Aprenda como cultivar temperos em casa com cuidados simples, mesmo sem experi\u00eancia, e transforme sua cozinha em um mini-jardim arom\u00e1tico.\" \/>\n<meta name=\"robots\" content=\"index, follow, max-snippet:-1, max-image-preview:large, max-video-preview:-1\" \/>\n<link rel=\"canonical\" href=\"https:\/\/www.em.com.br\/emfoco\/2025\/12\/06\/como-cultivar-temperos-em-casa-mesmo-sem-entender-de-jardinagem\/\" \/>\n<meta property=\"og:locale\" content=\"pt_BR\" \/>\n<meta property=\"og:type\" content=\"article\" \/>\n<meta property=\"og:title\" content=\"Como cultivar temperos em casa mesmo sem entender de jardinagem - Estado de Minas - Em foco\" \/>\n<meta property=\"og:description\" content=\"Aprenda como cultivar temperos em casa com cuidados simples, mesmo sem experi\u00eancia, e transforme sua cozinha em um mini-jardim arom\u00e1tico.\" \/>\n<meta property=\"og:url\" content=\"https:\/\/www.em.com.br\/emfoco\/2025\/12\/06\/como-cultivar-temperos-em-casa-mesmo-sem-entender-de-jardinagem\/\" \/>\n<meta property=\"og:site_name\" content=\"Estado de Minas - Em foco\" \/>\n<meta property=\"article:published_time\" content=\"2025-12-06T18:05:00+00:00\" \/>\n<meta property=\"article:modified_time\" content=\"2025-12-03T21:53:15+00:00\" \/>\n<meta property=\"og:image\" content=\"https:\/\/www.em.com.br\/emfoco\/wp-content\/uploads\/2025\/12\/IA-IMG-2-17.jpg\" \/>\n\t<meta property=\"og:image:width\" content=\"1280\" \/>\n\t<meta property=\"og:image:height\" content=\"720\" \/>\n\t<meta property=\"og:image:type\" content=\"image\/jpeg\" \/>\n<meta name=\"author\" content=\"Gabriel Martins\" \/>\n<meta name=\"twitter:card\" content=\"summary_large_image\" \/>\n<meta name=\"twitter:label1\" content=\"Escrito por\" \/>\n\t<meta name=\"twitter:data1\" content=\"Gabriel Martins\" \/>\n\t<meta name=\"twitter:label2\" content=\"Est. tempo de leitura\" \/>\n\t<meta name=\"twitter:data2\" content=\"4 minutos\" \/>\n<!-- \/ Yoast SEO plugin. -->","yoast_head_json":{"title":"Como cultivar temperos em casa mesmo sem entender de jardinagem - Estado de Minas - Em foco","description":"Aprenda como cultivar temperos em casa com cuidados simples, mesmo sem experi\u00eancia, e transforme sua cozinha em um mini-jardim arom\u00e1tico.","robots":{"index":"index","follow":"follow","max-snippet":"max-snippet:-1","max-image-preview":"max-image-preview:large","max-video-preview":"max-video-preview:-1"},"canonical":"https:\/\/www.em.com.br\/emfoco\/2025\/12\/06\/como-cultivar-temperos-em-casa-mesmo-sem-entender-de-jardinagem\/","og_locale":"pt_BR","og_type":"article","og_title":"Como cultivar temperos em casa mesmo sem entender de jardinagem - Estado de Minas - Em foco","og_description":"Aprenda como cultivar temperos em casa com cuidados simples, mesmo sem experi\u00eancia, e transforme sua cozinha em um mini-jardim arom\u00e1tico.","og_url":"https:\/\/www.em.com.br\/emfoco\/2025\/12\/06\/como-cultivar-temperos-em-casa-mesmo-sem-entender-de-jardinagem\/","og_site_name":"Estado de Minas - Em foco","article_published_time":"2025-12-06T18:05:00+00:00","article_modified_time":"2025-12-03T21:53:15+00:00","og_image":[{"width":1280,"height":720,"url":"https:\/\/www.em.com.br\/emfoco\/wp-content\/uploads\/2025\/12\/IA-IMG-2-17.jpg","type":"image\/jpeg"}],"author":"Gabriel Martins","twitter_card":"summary_large_image","twitter_misc":{"Escrito por":"Gabriel Martins","Est. tempo de leitura":"4 minutos"},"schema":{"@context":"https:\/\/schema.org","@graph":[{"@type":"WebPage","@id":"https:\/\/www.em.com.br\/emfoco\/2025\/12\/06\/como-cultivar-temperos-em-casa-mesmo-sem-entender-de-jardinagem\/","url":"https:\/\/www.em.com.br\/emfoco\/2025\/12\/06\/como-cultivar-temperos-em-casa-mesmo-sem-entender-de-jardinagem\/","name":"Como cultivar temperos em casa mesmo sem entender de jardinagem - Estado de Minas - Em foco","isPartOf":{"@id":"https:\/\/www.em.com.br\/emfoco\/#website"},"primaryImageOfPage":{"@id":"https:\/\/www.em.com.br\/emfoco\/2025\/12\/06\/como-cultivar-temperos-em-casa-mesmo-sem-entender-de-jardinagem\/#primaryimage"},"image":{"@id":"https:\/\/www.em.com.br\/emfoco\/2025\/12\/06\/como-cultivar-temperos-em-casa-mesmo-sem-entender-de-jardinagem\/#primaryimage"},"thumbnailUrl":"https:\/\/www.em.com.br\/emfoco\/wp-content\/uploads\/2025\/12\/IA-IMG-2-17.jpg","datePublished":"2025-12-06T18:05:00+00:00","dateModified":"2025-12-03T21:53:15+00:00","author":{"@id":"https:\/\/www.em.com.br\/emfoco\/#\/schema\/person\/1c9ddeab18b98abeffef834667bcf08a"},"description":"Aprenda como cultivar temperos em casa com cuidados simples, mesmo sem experi\u00eancia, e transforme sua cozinha em um mini-jardim arom\u00e1tico.","breadcrumb":{"@id":"https:\/\/www.em.com.br\/emfoco\/2025\/12\/06\/como-cultivar-temperos-em-casa-mesmo-sem-entender-de-jardinagem\/#breadcrumb"},"inLanguage":"pt-BR","potentialAction":[{"@type":"ReadAction","target":["https:\/\/www.em.com.br\/emfoco\/2025\/12\/06\/como-cultivar-temperos-em-casa-mesmo-sem-entender-de-jardinagem\/"]}]},{"@type":"ImageObject","inLanguage":"pt-BR","@id":"https:\/\/www.em.com.br\/emfoco\/2025\/12\/06\/como-cultivar-temperos-em-casa-mesmo-sem-entender-de-jardinagem\/#primaryimage","url":"https:\/\/www.em.com.br\/emfoco\/wp-content\/uploads\/2025\/12\/IA-IMG-2-17.jpg","contentUrl":"https:\/\/www.em.com.br\/emfoco\/wp-content\/uploads\/2025\/12\/IA-IMG-2-17.jpg","width":1280,"height":720,"caption":"Cultivar temperos em casa \u00e9 simples com luz e regas equilibradas"},{"@type":"BreadcrumbList","@id":"https:\/\/www.em.com.br\/emfoco\/2025\/12\/06\/como-cultivar-temperos-em-casa-mesmo-sem-entender-de-jardinagem\/#breadcrumb","itemListElement":[{"@type":"ListItem","position":1,"name":"In\u00edcio","item":"https:\/\/www.em.com.br\/emfoco\/"},{"@type":"ListItem","position":2,"name":"Como cultivar temperos em casa mesmo sem entender de jardinagem"}]},{"@type":"WebSite","@id":"https:\/\/www.em.com.br\/emfoco\/#website","url":"https:\/\/www.em.com.br\/emfoco\/","name":"Estado de Minas - Em foco","description":"Acompanhe as \u00faltimas not\u00edcias e fique bem informado sobre tudo o que acontece em Minas Gerais, Brasil e no mundo.","potentialAction":[{"@type":"SearchAction","target":{"@type":"EntryPoint","urlTemplate":"https:\/\/www.em.com.br\/emfoco\/?s={search_term_string}"},"query-input":{"@type":"PropertyValueSpecification","valueRequired":true,"valueName":"search_term_string"}}],"inLanguage":"pt-BR"},{"@type":"Person","@id":"https:\/\/www.em.com.br\/emfoco\/#\/schema\/person\/1c9ddeab18b98abeffef834667bcf08a","name":"Gabriel Martins","image":{"@type":"ImageObject","inLanguage":"pt-BR","@id":"https:\/\/www.em.com.br\/emfoco\/#\/schema\/person\/image\/","url":"https:\/\/secure.gravatar.com\/avatar\/f0f1e2efdfd88f1ad2cb08c5c2731e50?s=96&d=mm&r=g","contentUrl":"https:\/\/secure.gravatar.com\/avatar\/f0f1e2efdfd88f1ad2cb08c5c2731e50?s=96&d=mm&r=g","caption":"Gabriel Martins"},"sameAs":["https:\/\/www.em.com.br\/emfoco\/"],"url":"https:\/\/www.em.com.br\/emfoco\/author\/gabrielmartinsmyth\/"}]}},"_links":{"self":[{"href":"https:\/\/www.em.com.br\/emfoco\/wp-json\/wp\/v2\/posts\/135309","targetHints":{"allow":["GET"]}}],"collection":[{"href":"https:\/\/www.em.com.br\/emfoco\/wp-json\/wp\/v2\/posts"}],"about":[{"href":"https:\/\/www.em.com.br\/emfoco\/wp-json\/wp\/v2\/types\/post"}],"author":[{"embeddable":true,"href":"https:\/\/www.em.com.br\/emfoco\/wp-json\/wp\/v2\/users\/13"}],"replies":[{"embeddable":true,"href":"https:\/\/www.em.com.br\/emfoco\/wp-json\/wp\/v2\/comments?post=135309"}],"version-history":[{"count":1,"href":"https:\/\/www.em.com.br\/emfoco\/wp-json\/wp\/v2\/posts\/135309\/revisions"}],"predecessor-version":[{"id":135356,"href":"https:\/\/www.em.com.br\/emfoco\/wp-json\/wp\/v2\/posts\/135309\/revisions\/135356"}],"wp:featuredmedia":[{"embeddable":true,"href":"https:\/\/www.em.com.br\/emfoco\/wp-json\/wp\/v2\/media\/135354"}],"wp:attachment":[{"href":"https:\/\/www.em.com.br\/emfoco\/wp-json\/wp\/v2\/media?parent=135309"}],"wp:term":[{"taxonomy":"category","embeddable":true,"href":"https:\/\/www.em.com.br\/emfoco\/wp-json\/wp\/v2\/categories?post=135309"},{"taxonomy":"post_tag","embeddable":true,"href":"https:\/\/www.em.com.br\/emfoco\/wp-json\/wp\/v2\/tags?post=135309"}],"curies":[{"name":"wp","href":"https:\/\/api.w.org\/{rel}","templated":true}]}}