{"id":135308,"date":"2025-12-06T14:05:00","date_gmt":"2025-12-06T17:05:00","guid":{"rendered":"https:\/\/www.em.com.br\/emfoco\/?p=135308"},"modified":"2025-12-03T18:50:26","modified_gmt":"2025-12-03T21:50:26","slug":"como-reduzir-ansiedade-financeira-parando-de-gastar-por-1-dia-na-semana","status":"publish","type":"post","link":"https:\/\/www.em.com.br\/emfoco\/2025\/12\/06\/como-reduzir-ansiedade-financeira-parando-de-gastar-por-1-dia-na-semana\/","title":{"rendered":"Como reduzir ansiedade financeira parando de gastar por 1 dia na semana"},"content":{"rendered":"\n<p>Controlar o dinheiro n\u00e3o precisa ser um sacrif\u00edcio di\u00e1rio: o <strong>dia sem gastos<\/strong> cria uma pausa consciente no consumo, trazendo <strong>al\u00edvio imediato<\/strong> e a sensa\u00e7\u00e3o libertadora de que \u00e9 poss\u00edvel respirar financeiramente sem abrir m\u00e3o da qualidade de vida.<\/p>\n\n\n\n<h2 class=\"wp-block-heading\">Por que o dia sem gastos muda tanto a rela\u00e7\u00e3o com o dinheiro?<\/h2>\n\n\n\n<p>Ao escolher um dia para n\u00e3o gastar nada al\u00e9m do j\u00e1 <strong>essencial<\/strong>, voc\u00ea interrompe compras impulsivas e evita pequenos <strong>desperd\u00edcios invis\u00edveis<\/strong> que corroem o or\u00e7amento. Essa pausa evidencia exatamente onde o dinheiro est\u00e1 escapando.<\/p>\n\n\n\n<p>O m\u00e9todo tamb\u00e9m reduz a <strong><a href=\"https:\/\/www.gov.br\/investidor\/pt-br\/penso-logo-invisto\/estresse-financeiro-causas-consequencias-e-estrategias-de-enfrentamento\" target=\"_blank\" rel=\"noreferrer noopener\">ansiedade financeira<\/a><\/strong> e melhora o controle emocional sobre o consumo. Com o tempo, voc\u00ea percebe que muitas compras n\u00e3o eram necess\u00e1rias e sente <strong>mais liberdade<\/strong> para tomar decis\u00f5es conscientes.<\/p>\n\n\n\n<figure class=\"wp-block-image size-large\"><img loading=\"lazy\" decoding=\"async\" width=\"1024\" height=\"576\" src=\"https:\/\/www.em.com.br\/emfoco\/wp-content\/uploads\/2025\/12\/IA-IMG-46-1024x576.jpg\" alt=\"Como reduzir ansiedade financeira parando de gastar por 1 dia na semana\" class=\"wp-image-135350\" srcset=\"https:\/\/www.em.com.br\/emfoco\/wp-content\/uploads\/2025\/12\/IA-IMG-46-1024x576.jpg 1024w, https:\/\/www.em.com.br\/emfoco\/wp-content\/uploads\/2025\/12\/IA-IMG-46-300x169.jpg 300w, https:\/\/www.em.com.br\/emfoco\/wp-content\/uploads\/2025\/12\/IA-IMG-46-768x432.jpg 768w, https:\/\/www.em.com.br\/emfoco\/wp-content\/uploads\/2025\/12\/IA-IMG-46-750x422.jpg 750w, https:\/\/www.em.com.br\/emfoco\/wp-content\/uploads\/2025\/12\/IA-IMG-46-1140x641.jpg 1140w, https:\/\/www.em.com.br\/emfoco\/wp-content\/uploads\/2025\/12\/IA-IMG-46.jpg 1280w\" sizes=\"auto, (max-width: 1024px) 100vw, 1024px\" \/><figcaption class=\"wp-element-caption\">A pausa reduz impulsos e revela desperd\u00edcios invis\u00edveis no or\u00e7amento<\/figcaption><\/figure>\n\n\n\n<p><em>Leia mais: <strong><a href=\"https:\/\/www.em.com.br\/emfoco\/2025\/11\/30\/como-reduzir-os-juros-altos-de-emprestimos-sem-alterar-nada-no-contrato\/\" target=\"_blank\" rel=\"noreferrer noopener\">Como reduzir os juros altos de empr\u00e9stimos sem alterar nada no contrato<\/a><\/strong><\/em><\/p>\n\n\n\n<h2 class=\"wp-block-heading\">Como escolher o melhor dia para come\u00e7ar e evitar erros comuns?<\/h2>\n\n\n\n<p>Para transformar o dia sem gastos em um verdadeiro <strong>h\u00e1bito financeiro<\/strong>, \u00e9 importante escolher um dia sem compromissos que exijam compras extras e alinhar tudo com quem mora com voc\u00ea. Entre as a\u00e7\u00f5es que ajudam est\u00e3o as que voc\u00ea v\u00ea a seguir.<\/p>\n\n\n\n<ul class=\"wp-block-list\">\n<li>Preparar refei\u00e7\u00f5es com o que j\u00e1 tem, evitando <strong>compras emergenciais<\/strong> no mercado.<\/li>\n\n\n\n<li><strong>Levar lanches<\/strong> e <strong>planejar transporte<\/strong> para n\u00e3o depender de solu\u00e7\u00f5es caras na rua.<\/li>\n\n\n\n<li>Anotar o <strong>dia sem gastos<\/strong> no calend\u00e1rio para criar const\u00e2ncia e motiva\u00e7\u00e3o.<\/li>\n<\/ul>\n\n\n\n<h2 class=\"wp-block-heading\">Quanto impacto um \u00fanico dia sem consumo traz no fim do m\u00eas?<\/h2>\n\n\n\n<p>Mesmo um dia semanal sem gastar j\u00e1 resulta em <strong>economia real<\/strong>, permitindo direcionar esse dinheiro para metas importantes. A repeti\u00e7\u00e3o gera <strong>resultados acumulados<\/strong> que surpreendem quando o m\u00eas termina.<\/p>\n\n\n\n<p>Al\u00e9m disso, o m\u00e9todo revela padr\u00f5es <strong>autom\u00e1ticos de consumo<\/strong>, como o delivery por comodidade ou aquele caf\u00e9 por h\u00e1bito. Identificar esses escapes torna muito mais f\u00e1cil ajustar o comportamento financeiro.<\/p>\n\n\n\n<figure class=\"wp-block-image size-large\"><img loading=\"lazy\" decoding=\"async\" width=\"1024\" height=\"576\" src=\"https:\/\/www.em.com.br\/emfoco\/wp-content\/uploads\/2025\/12\/IA-IMG-1-32-1024x576.jpg\" alt=\"Como reduzir ansiedade financeira parando de gastar por 1 dia na semana\" class=\"wp-image-135351\" srcset=\"https:\/\/www.em.com.br\/emfoco\/wp-content\/uploads\/2025\/12\/IA-IMG-1-32-1024x576.jpg 1024w, https:\/\/www.em.com.br\/emfoco\/wp-content\/uploads\/2025\/12\/IA-IMG-1-32-300x169.jpg 300w, https:\/\/www.em.com.br\/emfoco\/wp-content\/uploads\/2025\/12\/IA-IMG-1-32-768x432.jpg 768w, https:\/\/www.em.com.br\/emfoco\/wp-content\/uploads\/2025\/12\/IA-IMG-1-32-750x422.jpg 750w, https:\/\/www.em.com.br\/emfoco\/wp-content\/uploads\/2025\/12\/IA-IMG-1-32-1140x641.jpg 1140w, https:\/\/www.em.com.br\/emfoco\/wp-content\/uploads\/2025\/12\/IA-IMG-1-32.jpg 1280w\" sizes=\"auto, (max-width: 1024px) 100vw, 1024px\" \/><figcaption class=\"wp-element-caption\">Um \u00fanico dia semanal gera economia acumulada surpreendente ao m\u00eas <\/figcaption><\/figure>\n\n\n\n<h2 class=\"wp-block-heading\">Quais truques tornam o dia sem gastos mais leve e motivador?<\/h2>\n\n\n\n<p>Quando essa pausa se torna uma experi\u00eancia <strong>prazerosa<\/strong>, o compromisso se fortalece e o impacto cresce m\u00eas ap\u00f3s m\u00eas. Algumas atitudes simples aumentam o sucesso da pr\u00e1tica.<\/p>\n\n\n\n<ul class=\"wp-block-list\">\n<li>Transferir automaticamente o valor economizado para sua <strong>reserva financeira<\/strong>.<\/li>\n\n\n\n<li>Trocar compras por <strong>atividades gratuitas<\/strong>, como passeios, hobbies e descanso.<\/li>\n\n\n\n<li>Definir pequenas <strong>recompensas simb\u00f3licas<\/strong> ap\u00f3s acumular bons resultados.<\/li>\n<\/ul>\n\n\n\n<p>Adotar um dia sem despesas n\u00e3o \u00e9 restri\u00e7\u00e3o: \u00e9 <strong>autonomia<\/strong> para decidir o que realmente importa. Escolha seu primeiro dia hoje mesmo e experimente como uma pausa t\u00e3o simples pode gerar <strong>mudan\u00e7as profundas<\/strong> no seu equil\u00edbrio financeiro.<\/p>\n","protected":false},"excerpt":{"rendered":"<p>Controlar o dinheiro n\u00e3o precisa ser um sacrif\u00edcio di\u00e1rio: o dia sem gastos cria uma pausa consciente no consumo, trazendo al\u00edvio imediato e a sensa\u00e7\u00e3o libertadora de que \u00e9 poss\u00edvel respirar financeiramente sem abrir m\u00e3o da qualidade de vida. Por que o dia sem gastos muda tanto a rela\u00e7\u00e3o com o dinheiro? Ao escolher um [&hellip;]<\/p>\n","protected":false},"author":13,"featured_media":135348,"comment_status":"open","ping_status":"open","sticky":false,"template":"","format":"standard","meta":{"jnews-multi-image_gallery":[],"jnews_single_post":{"format":"standard"},"jnews_primary_category":[],"jnews_social_meta":[],"jnews_override_counter":[],"footnotes":""},"categories":[8819],"tags":[19740,19739,15882],"class_list":["post-135308","post","type-post","status-publish","format-standard","has-post-thumbnail","hentry","category-curiosidades","tag-como-reduzir-despesas","tag-dia-sem-gastos","tag-organizacao-financeira"],"yoast_head":"<!-- This site is optimized with the Yoast SEO plugin v23.8 - https:\/\/yoast.com\/wordpress\/plugins\/seo\/ -->\n<title>Como reduzir ansiedade financeira parando de gastar por 1 dia na semana - Estado de Minas - Em foco<\/title>\n<meta name=\"description\" content=\"Um dia sem despesas pode mostrar para onde seu dinheiro est\u00e1 indo e abrir espa\u00e7o para metas reais sem sacrif\u00edcios extremos.\" \/>\n<meta name=\"robots\" content=\"index, follow, max-snippet:-1, max-image-preview:large, max-video-preview:-1\" \/>\n<link rel=\"canonical\" href=\"https:\/\/www.em.com.br\/emfoco\/2025\/12\/06\/como-reduzir-ansiedade-financeira-parando-de-gastar-por-1-dia-na-semana\/\" \/>\n<meta property=\"og:locale\" content=\"pt_BR\" \/>\n<meta property=\"og:type\" content=\"article\" \/>\n<meta property=\"og:title\" content=\"Como reduzir ansiedade financeira parando de gastar por 1 dia na semana - Estado de Minas - Em foco\" \/>\n<meta property=\"og:description\" content=\"Um dia sem despesas pode mostrar para onde seu dinheiro est\u00e1 indo e abrir espa\u00e7o para metas reais sem sacrif\u00edcios extremos.\" \/>\n<meta property=\"og:url\" content=\"https:\/\/www.em.com.br\/emfoco\/2025\/12\/06\/como-reduzir-ansiedade-financeira-parando-de-gastar-por-1-dia-na-semana\/\" \/>\n<meta property=\"og:site_name\" content=\"Estado de Minas - Em foco\" \/>\n<meta property=\"article:published_time\" content=\"2025-12-06T17:05:00+00:00\" \/>\n<meta property=\"article:modified_time\" content=\"2025-12-03T21:50:26+00:00\" \/>\n<meta property=\"og:image\" content=\"https:\/\/www.em.com.br\/emfoco\/wp-content\/uploads\/2025\/12\/ansiedade-financeira_1764798409860.jpg\" \/>\n\t<meta property=\"og:image:width\" content=\"1280\" \/>\n\t<meta property=\"og:image:height\" content=\"720\" \/>\n\t<meta property=\"og:image:type\" content=\"image\/jpeg\" \/>\n<meta name=\"author\" content=\"Gabriel Martins\" \/>\n<meta name=\"twitter:card\" content=\"summary_large_image\" \/>\n<meta name=\"twitter:label1\" content=\"Escrito por\" \/>\n\t<meta name=\"twitter:data1\" content=\"Gabriel Martins\" \/>\n\t<meta name=\"twitter:label2\" content=\"Est. tempo de leitura\" \/>\n\t<meta name=\"twitter:data2\" content=\"3 minutos\" \/>\n<!-- \/ Yoast SEO plugin. -->","yoast_head_json":{"title":"Como reduzir ansiedade financeira parando de gastar por 1 dia na semana - Estado de Minas - Em foco","description":"Um dia sem despesas pode mostrar para onde seu dinheiro est\u00e1 indo e abrir espa\u00e7o para metas reais sem sacrif\u00edcios extremos.","robots":{"index":"index","follow":"follow","max-snippet":"max-snippet:-1","max-image-preview":"max-image-preview:large","max-video-preview":"max-video-preview:-1"},"canonical":"https:\/\/www.em.com.br\/emfoco\/2025\/12\/06\/como-reduzir-ansiedade-financeira-parando-de-gastar-por-1-dia-na-semana\/","og_locale":"pt_BR","og_type":"article","og_title":"Como reduzir ansiedade financeira parando de gastar por 1 dia na semana - Estado de Minas - Em foco","og_description":"Um dia sem despesas pode mostrar para onde seu dinheiro est\u00e1 indo e abrir espa\u00e7o para metas reais sem sacrif\u00edcios extremos.","og_url":"https:\/\/www.em.com.br\/emfoco\/2025\/12\/06\/como-reduzir-ansiedade-financeira-parando-de-gastar-por-1-dia-na-semana\/","og_site_name":"Estado de Minas - Em foco","article_published_time":"2025-12-06T17:05:00+00:00","article_modified_time":"2025-12-03T21:50:26+00:00","og_image":[{"width":1280,"height":720,"url":"https:\/\/www.em.com.br\/emfoco\/wp-content\/uploads\/2025\/12\/ansiedade-financeira_1764798409860.jpg","type":"image\/jpeg"}],"author":"Gabriel Martins","twitter_card":"summary_large_image","twitter_misc":{"Escrito por":"Gabriel Martins","Est. tempo de leitura":"3 minutos"},"schema":{"@context":"https:\/\/schema.org","@graph":[{"@type":"WebPage","@id":"https:\/\/www.em.com.br\/emfoco\/2025\/12\/06\/como-reduzir-ansiedade-financeira-parando-de-gastar-por-1-dia-na-semana\/","url":"https:\/\/www.em.com.br\/emfoco\/2025\/12\/06\/como-reduzir-ansiedade-financeira-parando-de-gastar-por-1-dia-na-semana\/","name":"Como reduzir ansiedade financeira parando de gastar por 1 dia na semana - Estado de Minas - Em foco","isPartOf":{"@id":"https:\/\/www.em.com.br\/emfoco\/#website"},"primaryImageOfPage":{"@id":"https:\/\/www.em.com.br\/emfoco\/2025\/12\/06\/como-reduzir-ansiedade-financeira-parando-de-gastar-por-1-dia-na-semana\/#primaryimage"},"image":{"@id":"https:\/\/www.em.com.br\/emfoco\/2025\/12\/06\/como-reduzir-ansiedade-financeira-parando-de-gastar-por-1-dia-na-semana\/#primaryimage"},"thumbnailUrl":"https:\/\/www.em.com.br\/emfoco\/wp-content\/uploads\/2025\/12\/ansiedade-financeira_1764798409860.jpg","datePublished":"2025-12-06T17:05:00+00:00","dateModified":"2025-12-03T21:50:26+00:00","author":{"@id":"https:\/\/www.em.com.br\/emfoco\/#\/schema\/person\/1c9ddeab18b98abeffef834667bcf08a"},"description":"Um dia sem despesas pode mostrar para onde seu dinheiro est\u00e1 indo e abrir espa\u00e7o para metas reais sem sacrif\u00edcios extremos.","breadcrumb":{"@id":"https:\/\/www.em.com.br\/emfoco\/2025\/12\/06\/como-reduzir-ansiedade-financeira-parando-de-gastar-por-1-dia-na-semana\/#breadcrumb"},"inLanguage":"pt-BR","potentialAction":[{"@type":"ReadAction","target":["https:\/\/www.em.com.br\/emfoco\/2025\/12\/06\/como-reduzir-ansiedade-financeira-parando-de-gastar-por-1-dia-na-semana\/"]}]},{"@type":"ImageObject","inLanguage":"pt-BR","@id":"https:\/\/www.em.com.br\/emfoco\/2025\/12\/06\/como-reduzir-ansiedade-financeira-parando-de-gastar-por-1-dia-na-semana\/#primaryimage","url":"https:\/\/www.em.com.br\/emfoco\/wp-content\/uploads\/2025\/12\/ansiedade-financeira_1764798409860.jpg","contentUrl":"https:\/\/www.em.com.br\/emfoco\/wp-content\/uploads\/2025\/12\/ansiedade-financeira_1764798409860.jpg","width":1280,"height":720,"caption":"O dia sem gastos cria pausa consciente que transforma o controle financeiro - Cr\u00e9ditos: depositphotos.com \/ Krakenimages.com"},{"@type":"BreadcrumbList","@id":"https:\/\/www.em.com.br\/emfoco\/2025\/12\/06\/como-reduzir-ansiedade-financeira-parando-de-gastar-por-1-dia-na-semana\/#breadcrumb","itemListElement":[{"@type":"ListItem","position":1,"name":"In\u00edcio","item":"https:\/\/www.em.com.br\/emfoco\/"},{"@type":"ListItem","position":2,"name":"Como reduzir ansiedade financeira parando de gastar por 1 dia na semana"}]},{"@type":"WebSite","@id":"https:\/\/www.em.com.br\/emfoco\/#website","url":"https:\/\/www.em.com.br\/emfoco\/","name":"Estado de Minas - Em foco","description":"Acompanhe as \u00faltimas not\u00edcias e fique bem informado sobre tudo o que acontece em Minas Gerais, Brasil e no mundo.","potentialAction":[{"@type":"SearchAction","target":{"@type":"EntryPoint","urlTemplate":"https:\/\/www.em.com.br\/emfoco\/?s={search_term_string}"},"query-input":{"@type":"PropertyValueSpecification","valueRequired":true,"valueName":"search_term_string"}}],"inLanguage":"pt-BR"},{"@type":"Person","@id":"https:\/\/www.em.com.br\/emfoco\/#\/schema\/person\/1c9ddeab18b98abeffef834667bcf08a","name":"Gabriel Martins","image":{"@type":"ImageObject","inLanguage":"pt-BR","@id":"https:\/\/www.em.com.br\/emfoco\/#\/schema\/person\/image\/","url":"https:\/\/secure.gravatar.com\/avatar\/f0f1e2efdfd88f1ad2cb08c5c2731e50?s=96&d=mm&r=g","contentUrl":"https:\/\/secure.gravatar.com\/avatar\/f0f1e2efdfd88f1ad2cb08c5c2731e50?s=96&d=mm&r=g","caption":"Gabriel Martins"},"sameAs":["https:\/\/www.em.com.br\/emfoco\/"],"url":"https:\/\/www.em.com.br\/emfoco\/author\/gabrielmartinsmyth\/"}]}},"_links":{"self":[{"href":"https:\/\/www.em.com.br\/emfoco\/wp-json\/wp\/v2\/posts\/135308","targetHints":{"allow":["GET"]}}],"collection":[{"href":"https:\/\/www.em.com.br\/emfoco\/wp-json\/wp\/v2\/posts"}],"about":[{"href":"https:\/\/www.em.com.br\/emfoco\/wp-json\/wp\/v2\/types\/post"}],"author":[{"embeddable":true,"href":"https:\/\/www.em.com.br\/emfoco\/wp-json\/wp\/v2\/users\/13"}],"replies":[{"embeddable":true,"href":"https:\/\/www.em.com.br\/emfoco\/wp-json\/wp\/v2\/comments?post=135308"}],"version-history":[{"count":1,"href":"https:\/\/www.em.com.br\/emfoco\/wp-json\/wp\/v2\/posts\/135308\/revisions"}],"predecessor-version":[{"id":135352,"href":"https:\/\/www.em.com.br\/emfoco\/wp-json\/wp\/v2\/posts\/135308\/revisions\/135352"}],"wp:featuredmedia":[{"embeddable":true,"href":"https:\/\/www.em.com.br\/emfoco\/wp-json\/wp\/v2\/media\/135348"}],"wp:attachment":[{"href":"https:\/\/www.em.com.br\/emfoco\/wp-json\/wp\/v2\/media?parent=135308"}],"wp:term":[{"taxonomy":"category","embeddable":true,"href":"https:\/\/www.em.com.br\/emfoco\/wp-json\/wp\/v2\/categories?post=135308"},{"taxonomy":"post_tag","embeddable":true,"href":"https:\/\/www.em.com.br\/emfoco\/wp-json\/wp\/v2\/tags?post=135308"}],"curies":[{"name":"wp","href":"https:\/\/api.w.org\/{rel}","templated":true}]}}