{"id":135256,"date":"2025-12-04T09:05:00","date_gmt":"2025-12-04T12:05:00","guid":{"rendered":"https:\/\/www.em.com.br\/emfoco\/?p=135256"},"modified":"2025-12-03T16:24:28","modified_gmt":"2025-12-03T19:24:28","slug":"o-efeito-invisivel-do-divorcio-que-afeta-a-pele-da-crianca","status":"publish","type":"post","link":"https:\/\/www.em.com.br\/emfoco\/2025\/12\/04\/o-efeito-invisivel-do-divorcio-que-afeta-a-pele-da-crianca\/","title":{"rendered":"O efeito invis\u00edvel do div\u00f3rcio que afeta a pele da crian\u00e7a"},"content":{"rendered":"\n<p>Estudos recentes t\u00eam evidenciado a rela\u00e7\u00e3o entre mudan\u00e7as familiares significativas, como o <strong>Div\u00f3rcio <\/strong>ou a separa\u00e7\u00e3o dos pais, e o risco aumentado de desenvolvimento de psor\u00edase em crian\u00e7as. Pesquisas realizadas na Universidade de Link\u00f6ping, na Su\u00e9cia, exploraram como o estresse proveniente de turbul\u00eancias familiares pode impactar a sa\u00fade infantil a longo prazo. A psor\u00edase, uma condi\u00e7\u00e3o autoimune da pele, \u00e9 caracterizada por erup\u00e7\u00f5es cut\u00e2neas escamosas, causadas por um crescimento celular r\u00e1pido an\u00f4malo.<\/p>\n\n\n\n<p>O estudo acompanhou mais de 16.000 crian\u00e7as, observando fatores de estresse enfrentados nas idades de 1, 3, 5 e 8 anos. Dentre essas crian\u00e7as, 121 foram eventualmente diagnosticadas com psor\u00edase. Os achados revelaram que crian\u00e7as que sofreram mudan\u00e7as significativas na estrutura familiar durante o primeiro ano de vida apresentaram um risco tr\u00eas vezes maior de desenvolver a doen\u00e7a. Eventos como Div\u00f3rcio, separa\u00e7\u00e3o ou a morte de um dos pais geram inseguran\u00e7a e medo, tornando-as mais vulner\u00e1veis.<\/p>\n\n\n<div class=\"wp-block-image\">\n<figure class=\"aligncenter size-large\"><img loading=\"lazy\" decoding=\"async\" width=\"1024\" height=\"576\" src=\"https:\/\/www.em.com.br\/emfoco\/wp-content\/uploads\/2025\/08\/hidratacao-crianca_1755205270647-1024x576.jpg\" alt=\"\" class=\"wp-image-91801\" srcset=\"https:\/\/www.em.com.br\/emfoco\/wp-content\/uploads\/2025\/08\/hidratacao-crianca_1755205270647-1024x576.jpg 1024w, https:\/\/www.em.com.br\/emfoco\/wp-content\/uploads\/2025\/08\/hidratacao-crianca_1755205270647-300x169.jpg 300w, https:\/\/www.em.com.br\/emfoco\/wp-content\/uploads\/2025\/08\/hidratacao-crianca_1755205270647-768x432.jpg 768w, https:\/\/www.em.com.br\/emfoco\/wp-content\/uploads\/2025\/08\/hidratacao-crianca_1755205270647-750x422.jpg 750w, https:\/\/www.em.com.br\/emfoco\/wp-content\/uploads\/2025\/08\/hidratacao-crianca_1755205270647-1140x641.jpg 1140w, https:\/\/www.em.com.br\/emfoco\/wp-content\/uploads\/2025\/08\/hidratacao-crianca_1755205270647.jpg 1280w\" sizes=\"auto, (max-width: 1024px) 100vw, 1024px\" \/><figcaption class=\"wp-element-caption\">Crian\u00e7a &#8211; Cr\u00e9ditos: depositphotos.com \/ Krakenimages.com<\/figcaption><\/figure><\/div>\n\n\n<h2 class=\"wp-block-heading\">Por que o primeiro ano de vida \u00e9 crucial?<\/h2>\n\n\n\n<p>A vulnerabilidade das crian\u00e7as ao estresse no primeiro ano de vida deve-se, em parte, ao seu desenvolvimento emocional e cognitivo nesta fase cr\u00edtica. A capacidade de uma crian\u00e7a de formar v\u00ednculos seguros \u00e9 essencial para seu bem-estar psicol\u00f3gico. Portanto, os dist\u00farbios familiares que perturbam esse processo podem ter impactos duradouros. Al\u00e9m disso, o estresse \u00e9 conhecido por afetar negativamente o sistema imunol\u00f3gico, facilitando o desenvolvimento de condi\u00e7\u00f5es autoimunes como a psor\u00edase.<\/p>\n\n\n\n<h2 class=\"wp-block-heading\">Quais s\u00e3o os efeitos do estresse infantil no desenvolvimento da psor\u00edase?<\/h2>\n\n\n\n<p>O estresse intenso pode desencadear uma s\u00e9rie de respostas biol\u00f3gicas que afetam a <a href=\"https:\/\/www.correiobraziliense.com.br\/cbradar\/como-identificar-e-lidar-com-a-sindrome-do-jaleco-branco\/\" target=\"_blank\" rel=\"noreferrer noopener\">sa\u00fade <\/a>a longo prazo. No caso de crian\u00e7as, a exposi\u00e7\u00e3o cont\u00ednua ao estresse pode influenciar negativamente a fun\u00e7\u00e3o imunol\u00f3gica, resultando em um estado de inflama\u00e7\u00e3o cr\u00f4nica que pode predispor ao desenvolvimento de psor\u00edase. A rela\u00e7\u00e3o entre estresse e doen\u00e7as autoimunes \u00e9 complexa e ainda objeto de estudo, mas a hip\u00f3tese sugere que eventos estressantes iniciais podem ter efeitos permanentes.<\/p>\n\n\n\n<h2 class=\"wp-block-heading\">Como minimizar os impactos de mudan\u00e7as familiares?<\/h2>\n\n\n\n<p>Diante dos riscos associados, \u00e9 essencial que os envolvidos na vida das crian\u00e7as, como pais, cuidadores e educadores, adotem pr\u00e1ticas que promovam um ambiente seguro e est\u00e1vel. Estrat\u00e9gias incluem:<\/p>\n\n\n\n<ul class=\"wp-block-list\">\n<li>Comunica\u00e7\u00e3o aberta e honesta, adaptada \u00e0 idade da crian\u00e7a.<\/li>\n\n\n\n<li>Manuten\u00e7\u00e3o de rotinas regulares para proporcionar previsibilidade.<\/li>\n\n\n\n<li>Apoio emocional cont\u00ednuo e disponibilidade para conversar sobre os sentimentos da crian\u00e7a.<\/li>\n\n\n\n<li>Interven\u00e7\u00e3o profissional se necess\u00e1rio, como aconselhamento psicol\u00f3gico para a crian\u00e7a e\/ou pais.<\/li>\n<\/ul>\n\n\n\n<p>Com a conscientiza\u00e7\u00e3o e o suporte adequados, \u00e9 poss\u00edvel atenuar os efeitos negativos que mudan\u00e7as como o Div\u00f3rcio podem acarretar. O foco no bem-estar emocional das crian\u00e7as durante esses per\u00edodos sens\u00edveis \u00e9 vital para sua sa\u00fade a longo prazo, ajudando a prevenir a manifesta\u00e7\u00e3o de condi\u00e7\u00f5es relacionadas ao estresse.<\/p>\n\n\n<a href=\"https:\/\/www.instagram.com\/dra.annaluisabf\/\" target=\"_blank\" style=\"text-decoration: none; color: inherit;\">\n  <span style=\"display:inline-block; border:1px solid #ccc; border-radius:10px; padding:15px; max-width:550px; font-family:sans-serif; box-shadow:0 2px 5px rgba(0,0,0,0.1);\">\n    <span style=\"margin:0 0 15px 0; font-weight:bold; color:#2c3e50; text-align: center;\">Entre em contato:<\/span>\n\n    <span style=\"display:flex; align-items:center;\">\n      <img decoding=\"async\" src=\"https:\/\/www.correiobraziliense.com.br\/cbradar\/wp-content\/uploads\/2025\/08\/dra_anna_luisa.jpeg\" alt=\"Dra Anna Lu\u00edsa\" style=\"border-radius:50%; width:80px; height:80px; margin-right:15px;\">\n      <span style=\"flex:1;\">\n        <h3 style=\"margin:0 0 5px 0;\">Dra. Anna Lu\u00edsa Barbosa Fernandes<\/h3>\n        <p style=\"margin:0 0 10px 0;\">CRM-GO 33.271<\/p>\n        <span style=\"display:flex; gap:10px;\">\n          <img decoding=\"async\" src=\"https:\/\/cdn-icons-png.flaticon.com\/24\/1384\/1384063.png\" alt=\"Instagram\">\n        <\/span>\n      <\/span>\n    <\/span>\n  <\/span>\n<\/a>","protected":false},"excerpt":{"rendered":"<p>Estudos recentes t\u00eam evidenciado a rela\u00e7\u00e3o entre mudan\u00e7as familiares significativas, como o Div\u00f3rcio ou a separa\u00e7\u00e3o dos pais, e o risco aumentado de desenvolvimento de psor\u00edase em crian\u00e7as. Pesquisas realizadas na Universidade de Link\u00f6ping, na Su\u00e9cia, exploraram como o estresse proveniente de turbul\u00eancias familiares pode impactar a sa\u00fade infantil a longo prazo. A psor\u00edase, uma [&hellip;]<\/p>\n","protected":false},"author":25,"featured_media":135257,"comment_status":"open","ping_status":"open","sticky":false,"template":"","format":"standard","meta":{"jnews-multi-image_gallery":[],"jnews_single_post":{"format":"standard"},"jnews_primary_category":[],"jnews_social_meta":[],"jnews_override_counter":[],"footnotes":""},"categories":[9053],"tags":[1689,327,415],"class_list":["post-135256","post","type-post","status-publish","format-standard","has-post-thumbnail","hentry","category-saude","tag-divorcio","tag-qualidade-de-vida","tag-saude"],"yoast_head":"<!-- This site is optimized with the Yoast SEO plugin v23.8 - https:\/\/yoast.com\/wordpress\/plugins\/seo\/ -->\n<title>O efeito invis\u00edvel do div\u00f3rcio que afeta a pele da crian\u00e7a - Estado de Minas - Em foco<\/title>\n<meta name=\"description\" content=\"Psor\u00edase infantil pode estar ligada ao estresse precoce. Descubra como mudan\u00e7as familiares influenciam o sistema imunol\u00f3gico.\" \/>\n<meta name=\"robots\" content=\"index, follow, max-snippet:-1, max-image-preview:large, max-video-preview:-1\" \/>\n<link rel=\"canonical\" href=\"https:\/\/www.em.com.br\/emfoco\/2025\/12\/04\/o-efeito-invisivel-do-divorcio-que-afeta-a-pele-da-crianca\/\" \/>\n<meta property=\"og:locale\" content=\"pt_BR\" \/>\n<meta property=\"og:type\" content=\"article\" \/>\n<meta property=\"og:title\" content=\"O efeito invis\u00edvel do div\u00f3rcio que afeta a pele da crian\u00e7a - Estado de Minas - Em foco\" \/>\n<meta property=\"og:description\" content=\"Psor\u00edase infantil pode estar ligada ao estresse precoce. Descubra como mudan\u00e7as familiares influenciam o sistema imunol\u00f3gico.\" \/>\n<meta property=\"og:url\" content=\"https:\/\/www.em.com.br\/emfoco\/2025\/12\/04\/o-efeito-invisivel-do-divorcio-que-afeta-a-pele-da-crianca\/\" \/>\n<meta property=\"og:site_name\" content=\"Estado de Minas - Em foco\" \/>\n<meta property=\"article:published_time\" content=\"2025-12-04T12:05:00+00:00\" \/>\n<meta property=\"article:modified_time\" content=\"2025-12-03T19:24:28+00:00\" \/>\n<meta property=\"og:image\" content=\"https:\/\/www.em.com.br\/emfoco\/wp-content\/uploads\/2025\/12\/Divorcio-_1764790271018.jpg\" \/>\n\t<meta property=\"og:image:width\" content=\"1280\" \/>\n\t<meta property=\"og:image:height\" content=\"720\" \/>\n\t<meta property=\"og:image:type\" content=\"image\/jpeg\" \/>\n<meta name=\"author\" content=\"Guilherme Lopes\" \/>\n<meta name=\"twitter:card\" content=\"summary_large_image\" \/>\n<meta name=\"twitter:label1\" content=\"Escrito por\" \/>\n\t<meta name=\"twitter:data1\" content=\"Guilherme Lopes\" \/>\n\t<meta name=\"twitter:label2\" content=\"Est. tempo de leitura\" \/>\n\t<meta name=\"twitter:data2\" content=\"4 minutos\" \/>\n<!-- \/ Yoast SEO plugin. -->","yoast_head_json":{"title":"O efeito invis\u00edvel do div\u00f3rcio que afeta a pele da crian\u00e7a - Estado de Minas - Em foco","description":"Psor\u00edase infantil pode estar ligada ao estresse precoce. Descubra como mudan\u00e7as familiares influenciam o sistema imunol\u00f3gico.","robots":{"index":"index","follow":"follow","max-snippet":"max-snippet:-1","max-image-preview":"max-image-preview:large","max-video-preview":"max-video-preview:-1"},"canonical":"https:\/\/www.em.com.br\/emfoco\/2025\/12\/04\/o-efeito-invisivel-do-divorcio-que-afeta-a-pele-da-crianca\/","og_locale":"pt_BR","og_type":"article","og_title":"O efeito invis\u00edvel do div\u00f3rcio que afeta a pele da crian\u00e7a - Estado de Minas - Em foco","og_description":"Psor\u00edase infantil pode estar ligada ao estresse precoce. Descubra como mudan\u00e7as familiares influenciam o sistema imunol\u00f3gico.","og_url":"https:\/\/www.em.com.br\/emfoco\/2025\/12\/04\/o-efeito-invisivel-do-divorcio-que-afeta-a-pele-da-crianca\/","og_site_name":"Estado de Minas - Em foco","article_published_time":"2025-12-04T12:05:00+00:00","article_modified_time":"2025-12-03T19:24:28+00:00","og_image":[{"width":1280,"height":720,"url":"https:\/\/www.em.com.br\/emfoco\/wp-content\/uploads\/2025\/12\/Divorcio-_1764790271018.jpg","type":"image\/jpeg"}],"author":"Guilherme Lopes","twitter_card":"summary_large_image","twitter_misc":{"Escrito por":"Guilherme Lopes","Est. tempo de leitura":"4 minutos"},"schema":{"@context":"https:\/\/schema.org","@graph":[{"@type":"WebPage","@id":"https:\/\/www.em.com.br\/emfoco\/2025\/12\/04\/o-efeito-invisivel-do-divorcio-que-afeta-a-pele-da-crianca\/","url":"https:\/\/www.em.com.br\/emfoco\/2025\/12\/04\/o-efeito-invisivel-do-divorcio-que-afeta-a-pele-da-crianca\/","name":"O efeito invis\u00edvel do div\u00f3rcio que afeta a pele da crian\u00e7a - Estado de Minas - Em foco","isPartOf":{"@id":"https:\/\/www.em.com.br\/emfoco\/#website"},"primaryImageOfPage":{"@id":"https:\/\/www.em.com.br\/emfoco\/2025\/12\/04\/o-efeito-invisivel-do-divorcio-que-afeta-a-pele-da-crianca\/#primaryimage"},"image":{"@id":"https:\/\/www.em.com.br\/emfoco\/2025\/12\/04\/o-efeito-invisivel-do-divorcio-que-afeta-a-pele-da-crianca\/#primaryimage"},"thumbnailUrl":"https:\/\/www.em.com.br\/emfoco\/wp-content\/uploads\/2025\/12\/Divorcio-_1764790271018.jpg","datePublished":"2025-12-04T12:05:00+00:00","dateModified":"2025-12-03T19:24:28+00:00","author":{"@id":"https:\/\/www.em.com.br\/emfoco\/#\/schema\/person\/f6eade2e287023da170a1b2b329f68e5"},"description":"Psor\u00edase infantil pode estar ligada ao estresse precoce. Descubra como mudan\u00e7as familiares influenciam o sistema imunol\u00f3gico.","breadcrumb":{"@id":"https:\/\/www.em.com.br\/emfoco\/2025\/12\/04\/o-efeito-invisivel-do-divorcio-que-afeta-a-pele-da-crianca\/#breadcrumb"},"inLanguage":"pt-BR","potentialAction":[{"@type":"ReadAction","target":["https:\/\/www.em.com.br\/emfoco\/2025\/12\/04\/o-efeito-invisivel-do-divorcio-que-afeta-a-pele-da-crianca\/"]}]},{"@type":"ImageObject","inLanguage":"pt-BR","@id":"https:\/\/www.em.com.br\/emfoco\/2025\/12\/04\/o-efeito-invisivel-do-divorcio-que-afeta-a-pele-da-crianca\/#primaryimage","url":"https:\/\/www.em.com.br\/emfoco\/wp-content\/uploads\/2025\/12\/Divorcio-_1764790271018.jpg","contentUrl":"https:\/\/www.em.com.br\/emfoco\/wp-content\/uploads\/2025\/12\/Divorcio-_1764790271018.jpg","width":1280,"height":720,"caption":"Div\u00f3rcio - Cr\u00e9ditos: depositphotos.com \/ shisuka"},{"@type":"BreadcrumbList","@id":"https:\/\/www.em.com.br\/emfoco\/2025\/12\/04\/o-efeito-invisivel-do-divorcio-que-afeta-a-pele-da-crianca\/#breadcrumb","itemListElement":[{"@type":"ListItem","position":1,"name":"In\u00edcio","item":"https:\/\/www.em.com.br\/emfoco\/"},{"@type":"ListItem","position":2,"name":"O efeito invis\u00edvel do div\u00f3rcio que afeta a pele da crian\u00e7a"}]},{"@type":"WebSite","@id":"https:\/\/www.em.com.br\/emfoco\/#website","url":"https:\/\/www.em.com.br\/emfoco\/","name":"Estado de Minas - Em foco","description":"Acompanhe as \u00faltimas not\u00edcias e fique bem informado sobre tudo o que acontece em Minas Gerais, Brasil e no mundo.","potentialAction":[{"@type":"SearchAction","target":{"@type":"EntryPoint","urlTemplate":"https:\/\/www.em.com.br\/emfoco\/?s={search_term_string}"},"query-input":{"@type":"PropertyValueSpecification","valueRequired":true,"valueName":"search_term_string"}}],"inLanguage":"pt-BR"},{"@type":"Person","@id":"https:\/\/www.em.com.br\/emfoco\/#\/schema\/person\/f6eade2e287023da170a1b2b329f68e5","name":"Guilherme Lopes","image":{"@type":"ImageObject","inLanguage":"pt-BR","@id":"https:\/\/www.em.com.br\/emfoco\/#\/schema\/person\/image\/","url":"https:\/\/secure.gravatar.com\/avatar\/df9adfb835d344bc0af109d41756253f?s=96&d=mm&r=g","contentUrl":"https:\/\/secure.gravatar.com\/avatar\/df9adfb835d344bc0af109d41756253f?s=96&d=mm&r=g","caption":"Guilherme Lopes"},"url":"https:\/\/www.em.com.br\/emfoco\/author\/guilherme_saude\/"}]}},"_links":{"self":[{"href":"https:\/\/www.em.com.br\/emfoco\/wp-json\/wp\/v2\/posts\/135256","targetHints":{"allow":["GET"]}}],"collection":[{"href":"https:\/\/www.em.com.br\/emfoco\/wp-json\/wp\/v2\/posts"}],"about":[{"href":"https:\/\/www.em.com.br\/emfoco\/wp-json\/wp\/v2\/types\/post"}],"author":[{"embeddable":true,"href":"https:\/\/www.em.com.br\/emfoco\/wp-json\/wp\/v2\/users\/25"}],"replies":[{"embeddable":true,"href":"https:\/\/www.em.com.br\/emfoco\/wp-json\/wp\/v2\/comments?post=135256"}],"version-history":[{"count":1,"href":"https:\/\/www.em.com.br\/emfoco\/wp-json\/wp\/v2\/posts\/135256\/revisions"}],"predecessor-version":[{"id":135258,"href":"https:\/\/www.em.com.br\/emfoco\/wp-json\/wp\/v2\/posts\/135256\/revisions\/135258"}],"wp:featuredmedia":[{"embeddable":true,"href":"https:\/\/www.em.com.br\/emfoco\/wp-json\/wp\/v2\/media\/135257"}],"wp:attachment":[{"href":"https:\/\/www.em.com.br\/emfoco\/wp-json\/wp\/v2\/media?parent=135256"}],"wp:term":[{"taxonomy":"category","embeddable":true,"href":"https:\/\/www.em.com.br\/emfoco\/wp-json\/wp\/v2\/categories?post=135256"},{"taxonomy":"post_tag","embeddable":true,"href":"https:\/\/www.em.com.br\/emfoco\/wp-json\/wp\/v2\/tags?post=135256"}],"curies":[{"name":"wp","href":"https:\/\/api.w.org\/{rel}","templated":true}]}}