{"id":13519,"date":"2025-01-25T11:20:48","date_gmt":"2025-01-25T14:20:48","guid":{"rendered":"https:\/\/www.em.com.br\/emfoco\/?p=13519"},"modified":"2025-01-25T02:27:13","modified_gmt":"2025-01-25T05:27:13","slug":"recebe-seguro-desemprego","status":"publish","type":"post","link":"https:\/\/www.em.com.br\/emfoco\/2025\/01\/25\/recebe-seguro-desemprego\/","title":{"rendered":"Recebe seguro-desemprego?"},"content":{"rendered":"\n<p>O <a href=\"https:\/\/www.gov.br\/pt-br\" target=\"_blank\" rel=\"noreferrer noopener\">governo <\/a>anunciou recentemente um ajuste no seguro-desemprego para <a href=\"https:\/\/www.em.com.br\/emfoco\/2025\/01\/21\/nova-lei-da-aposentadoria-aos-55-anos-para-trabalhadores-com-carteira-assinada-gera-festa\/\" target=\"_blank\" rel=\"noreferrer noopener\">trabalhadores <\/a>que foram demitidos sem justa causa. Em 2025, o benef\u00edcio ser\u00e1 calculado com base em uma nova tabela, que define um teto m\u00e1ximo de R$ 2.424,11, enquanto o valor m\u00ednimo ficar\u00e1 correspondente ao sal\u00e1rio m\u00ednimo vigente, atualmente de R$ 1.518,00. Esta mudan\u00e7a busca oferecer suporte financeiro adequado \u00e0 nova realidade econ\u00f4mica.<\/p>\n\n\n\n<p>Esse reajuste surge em resposta \u00e0s transforma\u00e7\u00f5es econ\u00f4micas recentes e tem por objetivo assegurar que os benefici\u00e1rios mantenham seu poder de compra. Al\u00e9m de fornecer um benef\u00edcio mais robusto para aqueles que tinham sal\u00e1rios elevados antes de suas demiss\u00f5es, a atualiza\u00e7\u00e3o garante que todos os trabalhadores recebam pelo menos o valor do sal\u00e1rio m\u00ednimo.<\/p>\n\n\n<div class=\"wp-block-image\">\n<figure class=\"aligncenter size-large\"><img loading=\"lazy\" decoding=\"async\" width=\"1024\" height=\"576\" src=\"https:\/\/www.em.com.br\/emfoco\/wp-content\/uploads\/2024\/12\/Banco-do-Brasil_1734461359873-1024x576.jpg\" alt=\"\" class=\"wp-image-5452\" srcset=\"https:\/\/www.em.com.br\/emfoco\/wp-content\/uploads\/2024\/12\/Banco-do-Brasil_1734461359873-1024x576.jpg 1024w, https:\/\/www.em.com.br\/emfoco\/wp-content\/uploads\/2024\/12\/Banco-do-Brasil_1734461359873-300x169.jpg 300w, https:\/\/www.em.com.br\/emfoco\/wp-content\/uploads\/2024\/12\/Banco-do-Brasil_1734461359873-768x432.jpg 768w, https:\/\/www.em.com.br\/emfoco\/wp-content\/uploads\/2024\/12\/Banco-do-Brasil_1734461359873-750x422.jpg 750w, https:\/\/www.em.com.br\/emfoco\/wp-content\/uploads\/2024\/12\/Banco-do-Brasil_1734461359873-1140x641.jpg 1140w, https:\/\/www.em.com.br\/emfoco\/wp-content\/uploads\/2024\/12\/Banco-do-Brasil_1734461359873.jpg 1280w\" sizes=\"auto, (max-width: 1024px) 100vw, 1024px\" \/><figcaption class=\"wp-element-caption\">Dinheiro Extra &#8211; Cr\u00e9ditos: depositphotos.com \/ rmcarvalhobsb<\/figcaption><\/figure><\/div>\n\n\n<h2 class=\"wp-block-heading\">Como Funciona o Novo C\u00e1lculo do Seguro-Desemprego?<\/h2>\n\n\n\n<p>Com a introdu\u00e7\u00e3o da nova tabela de 2025, o c\u00e1lculo do seguro-desemprego passou por atualiza\u00e7\u00f5es para refletir melhor a situa\u00e7\u00e3o econ\u00f4mica dos trabalhadores demitidos. O benef\u00edcio agora se adapta melhor \u00e0s faixas salariais dos trabalhadores, assegurando que o valor recebido seja proporcional \u00e0 renda anterior. Isso significa maior equidade e seguran\u00e7a financeira tempor\u00e1ria para os que buscam reinser\u00e7\u00e3o no mercado de trabalho.<\/p>\n\n\n\n<p>O processo para defini\u00e7\u00e3o do seguro-desemprego leva em considera\u00e7\u00e3o crit\u00e9rios espec\u00edficos que determinam quem pode acessar esse benef\u00edcio. A garantia de um suporte financeiro efetivo durante o per\u00edodo de desemprego \u00e9 um dos alvos principais dessa pol\u00edtica.<\/p>\n\n\n\n<h2 class=\"wp-block-heading\">Quem Est\u00e1 Eleg\u00edvel para o Seguro-Desemprego?<\/h2>\n\n\n\n<p>Para ser eleg\u00edvel ao seguro-desemprego, o trabalhador deve cumprir certos requisitos estipulados pelo governo. Entre os crit\u00e9rios mais relevantes, destacam-se:<\/p>\n\n\n\n<ul class=\"wp-block-list\">\n<li><strong>Demiss\u00e3o sem justa causa:<\/strong> Apenas trabalhadores que foram demitidos sem justa causa t\u00eam direito ao benef\u00edcio.<\/li>\n\n\n\n<li><strong>Estado de desemprego:<\/strong> \u00c9 necess\u00e1rio estar sem emprego no momento da solicita\u00e7\u00e3o.<\/li>\n\n\n\n<li><strong>Tempo de contribui\u00e7\u00e3o:<\/strong> O trabalhador deve ter atuado com carteira assinada por, no m\u00ednimo, 12 meses nos \u00faltimos 18 meses.<\/li>\n\n\n\n<li><strong>Renda pr\u00f3pria:<\/strong> O requerente n\u00e3o pode possuir outra fonte de renda que sustente sua fam\u00edlia.<\/li>\n\n\n\n<li><strong>Outros benef\u00edcios:<\/strong> N\u00e3o pode estar recebendo benef\u00edcios previdenci\u00e1rios concomitantes.<\/li>\n<\/ul>\n\n\n\n<h2 class=\"wp-block-heading\">Qual o Processo para Solicitar o Seguro-Desemprego?<\/h2>\n\n\n\n<p>O trabalhador pode optar por solicitar o seguro-desemprego de duas formas: presencialmente ou online. Isso oferece flexibilidade durante o processo de requerimento. As op\u00e7\u00f5es dispon\u00edveis incluem:<\/p>\n\n\n\n<ol class=\"wp-block-list\">\n<li>Dirigir-se \u00e0s Superintend\u00eancias Regionais do Trabalho e Emprego (SRTEs) ou ao Sistema Nacional de Emprego (SINE).<\/li>\n\n\n\n<li>Utilizar a plataforma digital, atrav\u00e9s do Portal Gov.br ou do aplicativo Carteira de Trabalho Digital.<\/li>\n<\/ol>\n\n\n\n<p>Essas alternativas buscam facilitar o acesso ao benef\u00edcio, tornando o processo mais eficiente e acess\u00edvel para todos que se encontram em situa\u00e7\u00e3o de desemprego.<\/p>\n\n\n\n<h2 class=\"wp-block-heading\">Por que o Seguro-Desemprego Foi Reajustado?<\/h2>\n\n\n\n<p>O reajuste no seguro-desemprego reflete a inten\u00e7\u00e3o do governo de resguardar uma rede de suporte m\u00ednima para trabalhadores que perderam seus empregos. Ao elevar o valor do benef\u00edcio, busca-se n\u00e3o apenas proporcionar uma renda b\u00e1sica durante o per\u00edodo de desaloca\u00e7\u00e3o, como tamb\u00e9m estimular a economia. Ao garantir que os benefici\u00e1rios mantenham certo poder de compra, o governo visa fomentar uma din\u00e2mica econ\u00f4mica positiva, aliviando as dificuldades enfrentadas por muitos no per\u00edodo de transi\u00e7\u00e3o entre empregos.<\/p>\n","protected":false},"excerpt":{"rendered":"<p>O governo anunciou recentemente um ajuste no seguro-desemprego para trabalhadores que foram demitidos sem justa causa. Em 2025, o benef\u00edcio ser\u00e1 calculado com base em uma nova tabela, que define um teto m\u00e1ximo de R$ 2.424,11, enquanto o valor m\u00ednimo ficar\u00e1 correspondente ao sal\u00e1rio m\u00ednimo vigente, atualmente de R$ 1.518,00. Esta mudan\u00e7a busca oferecer suporte [&hellip;]<\/p>\n","protected":false},"author":7,"featured_media":5151,"comment_status":"open","ping_status":"open","sticky":false,"template":"","format":"standard","meta":{"jnews-multi-image_gallery":[],"jnews_single_post":{"format":"standard"},"jnews_primary_category":[],"jnews_social_meta":[],"jnews_override_counter":[],"footnotes":""},"categories":[28],"tags":[259,1779,1832,641],"class_list":["post-13519","post","type-post","status-publish","format-standard","has-post-thumbnail","hentry","category-economia","tag-beneficio","tag-reajuste","tag-seguro-desemprego","tag-trabalhador"],"yoast_head":"<!-- This site is optimized with the Yoast SEO plugin v23.8 - https:\/\/yoast.com\/wordpress\/plugins\/seo\/ -->\n<title>Recebe seguro-desemprego? - Estado de Minas - Em foco<\/title>\n<meta name=\"description\" content=\"Entenda as novas regras do seguro-desemprego para 2025: c\u00e1lculo, valores, elegibilidade e impacto na economia. Conhe\u00e7a seus direitos em caso de demiss\u00e3o.\" \/>\n<meta name=\"robots\" content=\"index, follow, max-snippet:-1, max-image-preview:large, max-video-preview:-1\" \/>\n<link rel=\"canonical\" href=\"https:\/\/www.em.com.br\/emfoco\/2025\/01\/25\/recebe-seguro-desemprego\/\" \/>\n<meta property=\"og:locale\" content=\"pt_BR\" \/>\n<meta property=\"og:type\" content=\"article\" \/>\n<meta property=\"og:title\" content=\"Recebe seguro-desemprego? - Estado de Minas - Em foco\" \/>\n<meta property=\"og:description\" content=\"Entenda as novas regras do seguro-desemprego para 2025: c\u00e1lculo, valores, elegibilidade e impacto na economia. Conhe\u00e7a seus direitos em caso de demiss\u00e3o.\" \/>\n<meta property=\"og:url\" content=\"https:\/\/www.em.com.br\/emfoco\/2025\/01\/25\/recebe-seguro-desemprego\/\" \/>\n<meta property=\"og:site_name\" content=\"Estado de Minas - Em foco\" \/>\n<meta property=\"article:published_time\" content=\"2025-01-25T14:20:48+00:00\" \/>\n<meta property=\"article:modified_time\" content=\"2025-01-25T05:27:13+00:00\" \/>\n<meta property=\"og:image\" content=\"https:\/\/www.em.com.br\/emfoco\/wp-content\/uploads\/2024\/12\/Seguro-Carro_1734296994009.jpg\" \/>\n\t<meta property=\"og:image:width\" content=\"1280\" \/>\n\t<meta property=\"og:image:height\" content=\"720\" \/>\n\t<meta property=\"og:image:type\" content=\"image\/jpeg\" \/>\n<meta name=\"author\" content=\"Kelvin\" \/>\n<meta name=\"twitter:card\" content=\"summary_large_image\" \/>\n<meta name=\"twitter:label1\" content=\"Escrito por\" \/>\n\t<meta name=\"twitter:data1\" content=\"Kelvin\" \/>\n\t<meta name=\"twitter:label2\" content=\"Est. tempo de leitura\" \/>\n\t<meta name=\"twitter:data2\" content=\"4 minutos\" \/>\n<!-- \/ Yoast SEO plugin. -->","yoast_head_json":{"title":"Recebe seguro-desemprego? - Estado de Minas - Em foco","description":"Entenda as novas regras do seguro-desemprego para 2025: c\u00e1lculo, valores, elegibilidade e impacto na economia. Conhe\u00e7a seus direitos em caso de demiss\u00e3o.","robots":{"index":"index","follow":"follow","max-snippet":"max-snippet:-1","max-image-preview":"max-image-preview:large","max-video-preview":"max-video-preview:-1"},"canonical":"https:\/\/www.em.com.br\/emfoco\/2025\/01\/25\/recebe-seguro-desemprego\/","og_locale":"pt_BR","og_type":"article","og_title":"Recebe seguro-desemprego? - Estado de Minas - Em foco","og_description":"Entenda as novas regras do seguro-desemprego para 2025: c\u00e1lculo, valores, elegibilidade e impacto na economia. Conhe\u00e7a seus direitos em caso de demiss\u00e3o.","og_url":"https:\/\/www.em.com.br\/emfoco\/2025\/01\/25\/recebe-seguro-desemprego\/","og_site_name":"Estado de Minas - Em foco","article_published_time":"2025-01-25T14:20:48+00:00","article_modified_time":"2025-01-25T05:27:13+00:00","og_image":[{"width":1280,"height":720,"url":"https:\/\/www.em.com.br\/emfoco\/wp-content\/uploads\/2024\/12\/Seguro-Carro_1734296994009.jpg","type":"image\/jpeg"}],"author":"Kelvin","twitter_card":"summary_large_image","twitter_misc":{"Escrito por":"Kelvin","Est. tempo de leitura":"4 minutos"},"schema":{"@context":"https:\/\/schema.org","@graph":[{"@type":"WebPage","@id":"https:\/\/www.em.com.br\/emfoco\/2025\/01\/25\/recebe-seguro-desemprego\/","url":"https:\/\/www.em.com.br\/emfoco\/2025\/01\/25\/recebe-seguro-desemprego\/","name":"Recebe seguro-desemprego? - Estado de Minas - Em foco","isPartOf":{"@id":"https:\/\/www.em.com.br\/emfoco\/#website"},"primaryImageOfPage":{"@id":"https:\/\/www.em.com.br\/emfoco\/2025\/01\/25\/recebe-seguro-desemprego\/#primaryimage"},"image":{"@id":"https:\/\/www.em.com.br\/emfoco\/2025\/01\/25\/recebe-seguro-desemprego\/#primaryimage"},"thumbnailUrl":"https:\/\/www.em.com.br\/emfoco\/wp-content\/uploads\/2024\/12\/Seguro-Carro_1734296994009.jpg","datePublished":"2025-01-25T14:20:48+00:00","dateModified":"2025-01-25T05:27:13+00:00","author":{"@id":"https:\/\/www.em.com.br\/emfoco\/#\/schema\/person\/fb0a7f48c6fbb94b83f413a80f61917d"},"description":"Entenda as novas regras do seguro-desemprego para 2025: c\u00e1lculo, valores, elegibilidade e impacto na economia. Conhe\u00e7a seus direitos em caso de demiss\u00e3o.","breadcrumb":{"@id":"https:\/\/www.em.com.br\/emfoco\/2025\/01\/25\/recebe-seguro-desemprego\/#breadcrumb"},"inLanguage":"pt-BR","potentialAction":[{"@type":"ReadAction","target":["https:\/\/www.em.com.br\/emfoco\/2025\/01\/25\/recebe-seguro-desemprego\/"]}]},{"@type":"ImageObject","inLanguage":"pt-BR","@id":"https:\/\/www.em.com.br\/emfoco\/2025\/01\/25\/recebe-seguro-desemprego\/#primaryimage","url":"https:\/\/www.em.com.br\/emfoco\/wp-content\/uploads\/2024\/12\/Seguro-Carro_1734296994009.jpg","contentUrl":"https:\/\/www.em.com.br\/emfoco\/wp-content\/uploads\/2024\/12\/Seguro-Carro_1734296994009.jpg","width":1280,"height":720,"caption":"Seguro Carro - Cr\u00e9ditos: depositphotos.com \/ HayDmitriy"},{"@type":"BreadcrumbList","@id":"https:\/\/www.em.com.br\/emfoco\/2025\/01\/25\/recebe-seguro-desemprego\/#breadcrumb","itemListElement":[{"@type":"ListItem","position":1,"name":"In\u00edcio","item":"https:\/\/www.em.com.br\/emfoco\/"},{"@type":"ListItem","position":2,"name":"Recebe seguro-desemprego?"}]},{"@type":"WebSite","@id":"https:\/\/www.em.com.br\/emfoco\/#website","url":"https:\/\/www.em.com.br\/emfoco\/","name":"Estado de Minas - Em foco","description":"Acompanhe as \u00faltimas not\u00edcias e fique bem informado sobre tudo o que acontece em Minas Gerais, Brasil e no mundo.","potentialAction":[{"@type":"SearchAction","target":{"@type":"EntryPoint","urlTemplate":"https:\/\/www.em.com.br\/emfoco\/?s={search_term_string}"},"query-input":{"@type":"PropertyValueSpecification","valueRequired":true,"valueName":"search_term_string"}}],"inLanguage":"pt-BR"},{"@type":"Person","@id":"https:\/\/www.em.com.br\/emfoco\/#\/schema\/person\/fb0a7f48c6fbb94b83f413a80f61917d","name":"Kelvin","image":{"@type":"ImageObject","inLanguage":"pt-BR","@id":"https:\/\/www.em.com.br\/emfoco\/#\/schema\/person\/image\/","url":"https:\/\/secure.gravatar.com\/avatar\/e74f84337e6bf6c4c5e88fbdffa05270?s=96&d=mm&r=g","contentUrl":"https:\/\/secure.gravatar.com\/avatar\/e74f84337e6bf6c4c5e88fbdffa05270?s=96&d=mm&r=g","caption":"Kelvin"},"sameAs":["https:\/\/www.em.com.br\/emfoco"],"url":"https:\/\/www.em.com.br\/emfoco\/author\/kelvinmyth\/"}]}},"_links":{"self":[{"href":"https:\/\/www.em.com.br\/emfoco\/wp-json\/wp\/v2\/posts\/13519","targetHints":{"allow":["GET"]}}],"collection":[{"href":"https:\/\/www.em.com.br\/emfoco\/wp-json\/wp\/v2\/posts"}],"about":[{"href":"https:\/\/www.em.com.br\/emfoco\/wp-json\/wp\/v2\/types\/post"}],"author":[{"embeddable":true,"href":"https:\/\/www.em.com.br\/emfoco\/wp-json\/wp\/v2\/users\/7"}],"replies":[{"embeddable":true,"href":"https:\/\/www.em.com.br\/emfoco\/wp-json\/wp\/v2\/comments?post=13519"}],"version-history":[{"count":2,"href":"https:\/\/www.em.com.br\/emfoco\/wp-json\/wp\/v2\/posts\/13519\/revisions"}],"predecessor-version":[{"id":13522,"href":"https:\/\/www.em.com.br\/emfoco\/wp-json\/wp\/v2\/posts\/13519\/revisions\/13522"}],"wp:featuredmedia":[{"embeddable":true,"href":"https:\/\/www.em.com.br\/emfoco\/wp-json\/wp\/v2\/media\/5151"}],"wp:attachment":[{"href":"https:\/\/www.em.com.br\/emfoco\/wp-json\/wp\/v2\/media?parent=13519"}],"wp:term":[{"taxonomy":"category","embeddable":true,"href":"https:\/\/www.em.com.br\/emfoco\/wp-json\/wp\/v2\/categories?post=13519"},{"taxonomy":"post_tag","embeddable":true,"href":"https:\/\/www.em.com.br\/emfoco\/wp-json\/wp\/v2\/tags?post=13519"}],"curies":[{"name":"wp","href":"https:\/\/api.w.org\/{rel}","templated":true}]}}