{"id":135143,"date":"2025-12-04T12:25:00","date_gmt":"2025-12-04T15:25:00","guid":{"rendered":"https:\/\/www.em.com.br\/emfoco\/?p=135143"},"modified":"2025-12-03T15:38:00","modified_gmt":"2025-12-03T18:38:00","slug":"como-receber-o-vale-gas-do-governo-e-evitar-perder-o-beneficio","status":"publish","type":"post","link":"https:\/\/www.em.com.br\/emfoco\/2025\/12\/04\/como-receber-o-vale-gas-do-governo-e-evitar-perder-o-beneficio\/","title":{"rendered":"Como receber o Vale-G\u00e1s do governo e evitar perder o benef\u00edcio"},"content":{"rendered":"\n<p>O <strong>Vale-G\u00e1s <\/strong>dos brasileiros \u00e9 um benef\u00edcio federal criado para reduzir o impacto do pre\u00e7o do botij\u00e3o de g\u00e1s na vida das fam\u00edlias de baixa renda. Tamb\u00e9m chamado de aux\u00edlio-g\u00e1s, ele funciona como um complemento de renda que garante o acesso ao g\u00e1s de cozinha sem comprometer outras despesas essenciais, como alimenta\u00e7\u00e3o e medicamentos.<\/p>\n\n\n\n<h2 class=\"wp-block-heading\">Quem tem direito ao aux\u00edlio-g\u00e1s e quais s\u00e3o os crit\u00e9rios de sele\u00e7\u00e3o<\/h2>\n\n\n<div class=\"wp-block-image\">\n<figure class=\"aligncenter size-large\"><img loading=\"lazy\" decoding=\"async\" width=\"1024\" height=\"576\" src=\"https:\/\/www.em.com.br\/emfoco\/wp-content\/uploads\/2025\/12\/imagem_2025-11-23_063158492-e1764694805810-1024x576.png\" alt=\"Governo convoca milh\u00f5es de fam\u00edlias para atualizar cadastro e n\u00e3o perder os benef\u00edcios\" class=\"wp-image-134570\" srcset=\"https:\/\/www.em.com.br\/emfoco\/wp-content\/uploads\/2025\/12\/imagem_2025-11-23_063158492-e1764694805810-1024x576.png 1024w, https:\/\/www.em.com.br\/emfoco\/wp-content\/uploads\/2025\/12\/imagem_2025-11-23_063158492-e1764694805810-300x169.png 300w, https:\/\/www.em.com.br\/emfoco\/wp-content\/uploads\/2025\/12\/imagem_2025-11-23_063158492-e1764694805810-768x432.png 768w, https:\/\/www.em.com.br\/emfoco\/wp-content\/uploads\/2025\/12\/imagem_2025-11-23_063158492-e1764694805810-750x422.png 750w, https:\/\/www.em.com.br\/emfoco\/wp-content\/uploads\/2025\/12\/imagem_2025-11-23_063158492-e1764694805810-1140x641.png 1140w, https:\/\/www.em.com.br\/emfoco\/wp-content\/uploads\/2025\/12\/imagem_2025-11-23_063158492-e1764694805810.png 1280w\" sizes=\"auto, (max-width: 1024px) 100vw, 1024px\" \/><figcaption class=\"wp-element-caption\">Como garantir o Vale-G\u00e1s sem perder o benef\u00edcio<\/figcaption><\/figure><\/div>\n\n\n<p>O <strong>Vale-G\u00e1s<\/strong> \u00e9 direcionado a fam\u00edlias registradas no <strong>Cadastro \u00danico<\/strong> (Cad\u00danico) e inseridas em situa\u00e7\u00e3o de vulnerabilidade econ\u00f4mica. A sele\u00e7\u00e3o \u00e9 feita automaticamente pelo sistema do governo federal, sem necessidade de inscri\u00e7\u00e3o espec\u00edfica.<\/p>\n\n\n\n<p>T\u00eam prioridade:<\/p>\n\n\n\n<ul class=\"wp-block-list\">\n<li>Fam\u00edlias com renda por pessoa dentro das faixas de pobreza ou extrema pobreza.<\/li>\n\n\n\n<li>Benefici\u00e1rios do BPC (Benef\u00edcio de Presta\u00e7\u00e3o Continuada).<\/li>\n\n\n\n<li>Lares chefiados por mulheres.<\/li>\n\n\n\n<li>Fam\u00edlias com maior n\u00famero de dependentes.<\/li>\n<\/ul>\n\n\n\n<p>Manter o <strong>Cad\u00danico <\/strong>atualizado \u00e9 essencial para que a fam\u00edlia seja identificada como potencial benefici\u00e1ria.<\/p>\n\n\n\n<h2 class=\"wp-block-heading\">Como o Vale-G\u00e1s dos Brasileiros ajuda no or\u00e7amento dom\u00e9stico das fam\u00edlias<\/h2>\n\n\n\n<p>O g\u00e1s de cozinha \u00e9 um item indispens\u00e1vel para o preparo de refei\u00e7\u00f5es e representa uma despesa significativa em muitos lares de baixa renda. O <strong>Vale-G\u00e1s<\/strong> reduz diretamente essa press\u00e3o financeira, permitindo que a fam\u00edlia destine parte da renda para outras necessidades b\u00e1sicas.<\/p>\n\n\n\n<p>O benef\u00edcio ajuda a evitar endividamentos, empr\u00e9stimos informais e atrasos na compra do botij\u00e3o. Com o pagamento regular, \u00e9 poss\u00edvel organizar melhor o or\u00e7amento e reduzir riscos ligados ao uso de alternativas inseguras para cozinhar.<\/p>\n\n\n\n<p>Leia mais: <a href=\"https:\/\/www.em.com.br\/emfoco\/2025\/12\/03\/protetor-solar-pode-evitar-r-25-bi-em-gastos-de-saude\/\" target=\"_blank\" rel=\"noreferrer noopener\">Protetor solar pode evitar R$ 2,5 bi em gastos de sa\u00fade<\/a><\/p>\n\n\n\n<h2 class=\"wp-block-heading\">Como \u00e9 feito o pagamento do aux\u00edlio-g\u00e1s \u00e0s fam\u00edlias benefici\u00e1rias<\/h2>\n\n\n<div class=\"wp-block-image\">\n<figure class=\"aligncenter size-large\"><img loading=\"lazy\" decoding=\"async\" width=\"1024\" height=\"576\" src=\"https:\/\/www.em.com.br\/emfoco\/wp-content\/uploads\/2025\/08\/dinheiro-bandeira-do-brasil_1754133548856-1024x576.jpg\" alt=\"Como se organizar para receber o 13\u00ba no prazo e aproveitar o fim de ano com tranquilidade\" class=\"wp-image-85843\" srcset=\"https:\/\/www.em.com.br\/emfoco\/wp-content\/uploads\/2025\/08\/dinheiro-bandeira-do-brasil_1754133548856-1024x576.jpg 1024w, https:\/\/www.em.com.br\/emfoco\/wp-content\/uploads\/2025\/08\/dinheiro-bandeira-do-brasil_1754133548856-300x169.jpg 300w, https:\/\/www.em.com.br\/emfoco\/wp-content\/uploads\/2025\/08\/dinheiro-bandeira-do-brasil_1754133548856-768x432.jpg 768w, https:\/\/www.em.com.br\/emfoco\/wp-content\/uploads\/2025\/08\/dinheiro-bandeira-do-brasil_1754133548856-750x422.jpg 750w, https:\/\/www.em.com.br\/emfoco\/wp-content\/uploads\/2025\/08\/dinheiro-bandeira-do-brasil_1754133548856-1140x641.jpg 1140w, https:\/\/www.em.com.br\/emfoco\/wp-content\/uploads\/2025\/08\/dinheiro-bandeira-do-brasil_1754133548856.jpg 1280w\" sizes=\"auto, (max-width: 1024px) 100vw, 1024px\" \/><figcaption class=\"wp-element-caption\">Como garantir o Vale-G\u00e1s sem perder o benef\u00edcio  &#8211; Cr\u00e9ditos: depositphotos.com \/ gustavomello162.hotmail.com<\/figcaption><\/figure><\/div>\n\n\n<p>O <a href=\"https:\/\/www.gov.br\/pt-br\/servicos\/receber-o-auxilio-gas\" target=\"_blank\" rel=\"noreferrer noopener\">pagamento do <strong>Vale-G\u00e1s<\/strong><\/a> costuma seguir o calend\u00e1rio de benef\u00edcios federais, o que facilita o acompanhamento. O valor \u00e9 creditado em conta digital, conta social ou no cart\u00e3o j\u00e1 utilizado pela fam\u00edlia.<\/p>\n\n\n\n<p>Para utilizar o benef\u00edcio, a fam\u00edlia deve:<\/p>\n\n\n\n<ul class=\"wp-block-list\">\n<li>Conferir a data prevista no calend\u00e1rio oficial.<\/li>\n\n\n\n<li>Verificar se o cr\u00e9dito foi liberado no aplicativo autorizado.<\/li>\n\n\n\n<li>Usar o saldo em estabelecimentos que aceitam o meio de pagamento.<\/li>\n\n\n\n<li>Sacar o valor quando isso for permitido pelas regras vigentes.<\/li>\n<\/ul>\n\n\n\n<p>Muitos munic\u00edpios oferecem orienta\u00e7\u00e3o por meio de equipes sociais para evitar golpes relacionados ao benef\u00edcio.<\/p>\n\n\n\n<p>Leia mais: <a href=\"https:\/\/www.em.com.br\/emfoco\/2025\/12\/03\/quer-economizar-no-natal-este-cardapio-barato-para-4-pessoas-gastando-so-100-reais-esta-conquistando-as-familias\/\" target=\"_blank\" rel=\"noreferrer noopener\">Quer economizar no Natal? Este card\u00e1pio barato para 4 pessoas gastando s\u00f3 100 reais, est\u00e1 conquistando as fam\u00edlias<\/a><\/p>\n\n\n\n<h2 class=\"wp-block-heading\">Quais cuidados as fam\u00edlias devem ter para continuar recebendo o Vale-G\u00e1s<\/h2>\n\n\n\n<p>Alguns cuidados administrativos garantem a continuidade do recebimento. O principal \u00e9 manter o <strong>Cadastro \u00danico<\/strong> atualizado sempre que houver mudan\u00e7a importante, como altera\u00e7\u00e3o de endere\u00e7o, composi\u00e7\u00e3o familiar, renda ou situa\u00e7\u00e3o de trabalho.<\/p>\n\n\n\n<p>Tamb\u00e9m \u00e9 importante conferir informa\u00e7\u00f5es exclusivamente em canais oficiais, como aplicativos e sites do governo. Mensagens enviadas por redes sociais sem fonte confi\u00e1vel devem ser ignoradas.<\/p>\n\n\n\n<p>A confer\u00eancia peri\u00f3dica do cr\u00e9dito e a manuten\u00e7\u00e3o dos dados corretos ajudam a evitar suspens\u00f5es e garantem que o <strong>Vale-G\u00e1s<\/strong> continue cumprindo sua fun\u00e7\u00e3o de seguran\u00e7a e dignidade no preparo das refei\u00e7\u00f5es.<\/p>\n","protected":false},"excerpt":{"rendered":"<p>O Vale-G\u00e1s dos brasileiros \u00e9 um benef\u00edcio federal criado para reduzir o impacto do pre\u00e7o do botij\u00e3o de g\u00e1s na vida das fam\u00edlias de baixa renda. Tamb\u00e9m chamado de aux\u00edlio-g\u00e1s, ele funciona como um complemento de renda que garante o acesso ao g\u00e1s de cozinha sem comprometer outras despesas essenciais, como alimenta\u00e7\u00e3o e medicamentos. Quem [&hellip;]<\/p>\n","protected":false},"author":20,"featured_media":0,"comment_status":"open","ping_status":"open","sticky":false,"template":"","format":"standard","meta":{"jnews-multi-image_gallery":[],"jnews_single_post":{"format":"standard"},"jnews_primary_category":[],"jnews_social_meta":[],"jnews_override_counter":[],"footnotes":""},"categories":[28,1],"tags":[1311,259,18146],"class_list":["post-135143","post","type-post","status-publish","format-standard","hentry","category-economia","category-noticias","tag-auxilio","tag-beneficio","tag-vale-gas-2"],"yoast_head":"<!-- This site is optimized with the Yoast SEO plugin v23.8 - https:\/\/yoast.com\/wordpress\/plugins\/seo\/ -->\n<title>Como receber o Vale-G\u00e1s do governo e evitar perder o benef\u00edcio - Estado de Minas - Em foco<\/title>\n<meta name=\"description\" content=\"Guia para receber o Vale-G\u00e1s do governo e evitar perder o benef\u00edcio, seguindo crit\u00e9rios, prazos e cuidados essenciais para manter o aux\u00edlio.\" \/>\n<meta name=\"robots\" content=\"index, follow, max-snippet:-1, max-image-preview:large, max-video-preview:-1\" \/>\n<link rel=\"canonical\" href=\"https:\/\/www.em.com.br\/emfoco\/2025\/12\/04\/como-receber-o-vale-gas-do-governo-e-evitar-perder-o-beneficio\/\" \/>\n<meta property=\"og:locale\" content=\"pt_BR\" \/>\n<meta property=\"og:type\" content=\"article\" \/>\n<meta property=\"og:title\" content=\"Como receber o Vale-G\u00e1s do governo e evitar perder o benef\u00edcio - Estado de Minas - Em foco\" \/>\n<meta property=\"og:description\" content=\"Guia para receber o Vale-G\u00e1s do governo e evitar perder o benef\u00edcio, seguindo crit\u00e9rios, prazos e cuidados essenciais para manter o aux\u00edlio.\" \/>\n<meta property=\"og:url\" content=\"https:\/\/www.em.com.br\/emfoco\/2025\/12\/04\/como-receber-o-vale-gas-do-governo-e-evitar-perder-o-beneficio\/\" \/>\n<meta property=\"og:site_name\" content=\"Estado de Minas - Em foco\" \/>\n<meta property=\"article:published_time\" content=\"2025-12-04T15:25:00+00:00\" \/>\n<meta property=\"article:modified_time\" content=\"2025-12-03T18:38:00+00:00\" \/>\n<meta property=\"og:image\" content=\"https:\/\/www.em.com.br\/emfoco\/wp-content\/uploads\/2025\/12\/imagem_2025-11-23_162306473-e1764786984436-1024x576.png\" \/>\n\t<meta property=\"og:image:width\" content=\"1024\" \/>\n\t<meta property=\"og:image:height\" content=\"576\" \/>\n\t<meta property=\"og:image:type\" content=\"image\/png\" \/>\n<meta name=\"author\" content=\"Ingrid Diniz\" \/>\n<meta name=\"twitter:card\" content=\"summary_large_image\" \/>\n<meta name=\"twitter:label1\" content=\"Escrito por\" \/>\n\t<meta name=\"twitter:data1\" content=\"Ingrid Diniz\" \/>\n\t<meta name=\"twitter:label2\" content=\"Est. tempo de leitura\" \/>\n\t<meta name=\"twitter:data2\" content=\"4 minutos\" \/>\n<!-- \/ Yoast SEO plugin. -->","yoast_head_json":{"title":"Como receber o Vale-G\u00e1s do governo e evitar perder o benef\u00edcio - Estado de Minas - Em foco","description":"Guia para receber o Vale-G\u00e1s do governo e evitar perder o benef\u00edcio, seguindo crit\u00e9rios, prazos e cuidados essenciais para manter o aux\u00edlio.","robots":{"index":"index","follow":"follow","max-snippet":"max-snippet:-1","max-image-preview":"max-image-preview:large","max-video-preview":"max-video-preview:-1"},"canonical":"https:\/\/www.em.com.br\/emfoco\/2025\/12\/04\/como-receber-o-vale-gas-do-governo-e-evitar-perder-o-beneficio\/","og_locale":"pt_BR","og_type":"article","og_title":"Como receber o Vale-G\u00e1s do governo e evitar perder o benef\u00edcio - Estado de Minas - Em foco","og_description":"Guia para receber o Vale-G\u00e1s do governo e evitar perder o benef\u00edcio, seguindo crit\u00e9rios, prazos e cuidados essenciais para manter o aux\u00edlio.","og_url":"https:\/\/www.em.com.br\/emfoco\/2025\/12\/04\/como-receber-o-vale-gas-do-governo-e-evitar-perder-o-beneficio\/","og_site_name":"Estado de Minas - Em foco","article_published_time":"2025-12-04T15:25:00+00:00","article_modified_time":"2025-12-03T18:38:00+00:00","og_image":[{"width":1024,"height":576,"url":"https:\/\/www.em.com.br\/emfoco\/wp-content\/uploads\/2025\/12\/imagem_2025-11-23_162306473-e1764786984436-1024x576.png","type":"image\/png"}],"author":"Ingrid Diniz","twitter_card":"summary_large_image","twitter_misc":{"Escrito por":"Ingrid Diniz","Est. tempo de leitura":"4 minutos"},"schema":{"@context":"https:\/\/schema.org","@graph":[{"@type":"WebPage","@id":"https:\/\/www.em.com.br\/emfoco\/2025\/12\/04\/como-receber-o-vale-gas-do-governo-e-evitar-perder-o-beneficio\/","url":"https:\/\/www.em.com.br\/emfoco\/2025\/12\/04\/como-receber-o-vale-gas-do-governo-e-evitar-perder-o-beneficio\/","name":"Como receber o Vale-G\u00e1s do governo e evitar perder o benef\u00edcio - Estado de Minas - Em foco","isPartOf":{"@id":"https:\/\/www.em.com.br\/emfoco\/#website"},"primaryImageOfPage":{"@id":"https:\/\/www.em.com.br\/emfoco\/2025\/12\/04\/como-receber-o-vale-gas-do-governo-e-evitar-perder-o-beneficio\/#primaryimage"},"image":{"@id":"https:\/\/www.em.com.br\/emfoco\/2025\/12\/04\/como-receber-o-vale-gas-do-governo-e-evitar-perder-o-beneficio\/#primaryimage"},"thumbnailUrl":"https:\/\/www.em.com.br\/emfoco\/wp-content\/uploads\/2025\/12\/imagem_2025-11-23_063158492-e1764694805810-1024x576.png","datePublished":"2025-12-04T15:25:00+00:00","dateModified":"2025-12-03T18:38:00+00:00","author":{"@id":"https:\/\/www.em.com.br\/emfoco\/#\/schema\/person\/649e610b4eb8fff87ff394e54fe17b2b"},"description":"Guia para receber o Vale-G\u00e1s do governo e evitar perder o benef\u00edcio, seguindo crit\u00e9rios, prazos e cuidados essenciais para manter o aux\u00edlio.","breadcrumb":{"@id":"https:\/\/www.em.com.br\/emfoco\/2025\/12\/04\/como-receber-o-vale-gas-do-governo-e-evitar-perder-o-beneficio\/#breadcrumb"},"inLanguage":"pt-BR","potentialAction":[{"@type":"ReadAction","target":["https:\/\/www.em.com.br\/emfoco\/2025\/12\/04\/como-receber-o-vale-gas-do-governo-e-evitar-perder-o-beneficio\/"]}]},{"@type":"ImageObject","inLanguage":"pt-BR","@id":"https:\/\/www.em.com.br\/emfoco\/2025\/12\/04\/como-receber-o-vale-gas-do-governo-e-evitar-perder-o-beneficio\/#primaryimage","url":"https:\/\/www.em.com.br\/emfoco\/wp-content\/uploads\/2025\/12\/imagem_2025-11-23_063158492-e1764694805810.png","contentUrl":"https:\/\/www.em.com.br\/emfoco\/wp-content\/uploads\/2025\/12\/imagem_2025-11-23_063158492-e1764694805810.png","width":1280,"height":720,"caption":"Como garantir o Vale-G\u00e1s sem perder o benef\u00edcio"},{"@type":"BreadcrumbList","@id":"https:\/\/www.em.com.br\/emfoco\/2025\/12\/04\/como-receber-o-vale-gas-do-governo-e-evitar-perder-o-beneficio\/#breadcrumb","itemListElement":[{"@type":"ListItem","position":1,"name":"In\u00edcio","item":"https:\/\/www.em.com.br\/emfoco\/"},{"@type":"ListItem","position":2,"name":"Como receber o Vale-G\u00e1s do governo e evitar perder o benef\u00edcio"}]},{"@type":"WebSite","@id":"https:\/\/www.em.com.br\/emfoco\/#website","url":"https:\/\/www.em.com.br\/emfoco\/","name":"Estado de Minas - Em foco","description":"Acompanhe as \u00faltimas not\u00edcias e fique bem informado sobre tudo o que acontece em Minas Gerais, Brasil e no mundo.","potentialAction":[{"@type":"SearchAction","target":{"@type":"EntryPoint","urlTemplate":"https:\/\/www.em.com.br\/emfoco\/?s={search_term_string}"},"query-input":{"@type":"PropertyValueSpecification","valueRequired":true,"valueName":"search_term_string"}}],"inLanguage":"pt-BR"},{"@type":"Person","@id":"https:\/\/www.em.com.br\/emfoco\/#\/schema\/person\/649e610b4eb8fff87ff394e54fe17b2b","name":"Ingrid Diniz","image":{"@type":"ImageObject","inLanguage":"pt-BR","@id":"https:\/\/www.em.com.br\/emfoco\/#\/schema\/person\/image\/","url":"https:\/\/secure.gravatar.com\/avatar\/a3baa1449ec5c39b4c42babc9d4f3951?s=96&d=mm&r=g","contentUrl":"https:\/\/secure.gravatar.com\/avatar\/a3baa1449ec5c39b4c42babc9d4f3951?s=96&d=mm&r=g","caption":"Ingrid Diniz"},"sameAs":["https:\/\/www.em.com.br\/"],"url":"https:\/\/www.em.com.br\/emfoco\/author\/ingridmyth\/"}]}},"_links":{"self":[{"href":"https:\/\/www.em.com.br\/emfoco\/wp-json\/wp\/v2\/posts\/135143","targetHints":{"allow":["GET"]}}],"collection":[{"href":"https:\/\/www.em.com.br\/emfoco\/wp-json\/wp\/v2\/posts"}],"about":[{"href":"https:\/\/www.em.com.br\/emfoco\/wp-json\/wp\/v2\/types\/post"}],"author":[{"embeddable":true,"href":"https:\/\/www.em.com.br\/emfoco\/wp-json\/wp\/v2\/users\/20"}],"replies":[{"embeddable":true,"href":"https:\/\/www.em.com.br\/emfoco\/wp-json\/wp\/v2\/comments?post=135143"}],"version-history":[{"count":1,"href":"https:\/\/www.em.com.br\/emfoco\/wp-json\/wp\/v2\/posts\/135143\/revisions"}],"predecessor-version":[{"id":135228,"href":"https:\/\/www.em.com.br\/emfoco\/wp-json\/wp\/v2\/posts\/135143\/revisions\/135228"}],"wp:attachment":[{"href":"https:\/\/www.em.com.br\/emfoco\/wp-json\/wp\/v2\/media?parent=135143"}],"wp:term":[{"taxonomy":"category","embeddable":true,"href":"https:\/\/www.em.com.br\/emfoco\/wp-json\/wp\/v2\/categories?post=135143"},{"taxonomy":"post_tag","embeddable":true,"href":"https:\/\/www.em.com.br\/emfoco\/wp-json\/wp\/v2\/tags?post=135143"}],"curies":[{"name":"wp","href":"https:\/\/api.w.org\/{rel}","templated":true}]}}