{"id":135142,"date":"2025-12-04T11:45:00","date_gmt":"2025-12-04T14:45:00","guid":{"rendered":"https:\/\/www.em.com.br\/emfoco\/?p=135142"},"modified":"2025-12-03T18:27:11","modified_gmt":"2025-12-03T21:27:11","slug":"governo-reforca-regras-da-tarifa-social-veja-quem-tem-direito-ao-desconto","status":"publish","type":"post","link":"https:\/\/www.em.com.br\/emfoco\/2025\/12\/04\/governo-reforca-regras-da-tarifa-social-veja-quem-tem-direito-ao-desconto\/","title":{"rendered":"Governo refor\u00e7a regras da Tarifa Social; veja quem tem direito ao desconto"},"content":{"rendered":"\n<p>A <strong>Tarifa Social de Energia El\u00e9trica<\/strong> \u00e9 um benef\u00edcio previsto em lei que concede desconto progressivo na conta de luz para fam\u00edlias classificadas como baixa renda. O abatimento varia de acordo com o consumo mensal em kWh: os menores n\u00edveis de gasto recebem os maiores percentuais de desconto, estimulando economia de energia.<\/p>\n\n\n\n<h2 class=\"wp-block-heading\">Como funciona o desconto da Tarifa Social na conta de luz<\/h2>\n\n\n<div class=\"wp-block-image\">\n<figure class=\"aligncenter size-large\"><img loading=\"lazy\" decoding=\"async\" width=\"1024\" height=\"576\" src=\"https:\/\/www.em.com.br\/emfoco\/wp-content\/uploads\/2025\/12\/imagem_2025-11-23_063158492-e1764694805810-1024x576.png\" alt=\"Governo convoca milh\u00f5es de fam\u00edlias para atualizar cadastro e n\u00e3o perder os benef\u00edcios\" class=\"wp-image-134570\" srcset=\"https:\/\/www.em.com.br\/emfoco\/wp-content\/uploads\/2025\/12\/imagem_2025-11-23_063158492-e1764694805810-1024x576.png 1024w, https:\/\/www.em.com.br\/emfoco\/wp-content\/uploads\/2025\/12\/imagem_2025-11-23_063158492-e1764694805810-300x169.png 300w, https:\/\/www.em.com.br\/emfoco\/wp-content\/uploads\/2025\/12\/imagem_2025-11-23_063158492-e1764694805810-768x432.png 768w, https:\/\/www.em.com.br\/emfoco\/wp-content\/uploads\/2025\/12\/imagem_2025-11-23_063158492-e1764694805810-750x422.png 750w, https:\/\/www.em.com.br\/emfoco\/wp-content\/uploads\/2025\/12\/imagem_2025-11-23_063158492-e1764694805810-1140x641.png 1140w, https:\/\/www.em.com.br\/emfoco\/wp-content\/uploads\/2025\/12\/imagem_2025-11-23_063158492-e1764694805810.png 1280w\" sizes=\"auto, (max-width: 1024px) 100vw, 1024px\" \/><figcaption class=\"wp-element-caption\">Regras da Tarifa Social e quem pode receber o desconto<\/figcaption><\/figure><\/div>\n\n\n<p>O desconto \u00e9 aplicado por faixas de consumo, comparando o gasto mensal com a tarifa residencial comum. Uma mesma conta pode ter <strong>m\u00faltiplos percentuais<\/strong>, porque cada parte do consumo se encaixa em uma faixa diferente.<\/p>\n\n\n\n<p>O modelo favorece fam\u00edlias que controlam o uso de energia, j\u00e1 que os n\u00edveis mais baixos recebem abatimentos maiores. Distribuidoras podem aplicar regras espec\u00edficas para grupos priorit\u00e1rios, refor\u00e7ando o car\u00e1ter social da pol\u00edtica p\u00fablica.<\/p>\n\n\n\n<h2 class=\"wp-block-heading\">Tabela de faixas de consumo da Tarifa Social<\/h2>\n\n\n\n<figure class=\"wp-block-table\"><table class=\"has-fixed-layout\"><thead><tr><th>Faixa de consumo (kWh\/m\u00eas)<\/th><th>Percentual de desconto*<\/th><\/tr><\/thead><tbody><tr><td>0 a 30 kWh<\/td><td>Maior desconto<\/td><\/tr><tr><td>31 a 100 kWh<\/td><td>Desconto intermedi\u00e1rio<\/td><\/tr><tr><td>101 a 220 kWh<\/td><td>Menor desconto<\/td><\/tr><tr><td>Acima de 220 kWh<\/td><td>Sem desconto<\/td><\/tr><\/tbody><\/table><\/figure>\n\n\n\n<p>*Os percentuais exatos variam conforme normas vigentes da <strong>ANEEL <\/strong>e da distribuidora.<\/p>\n\n\n\n<h2 class=\"wp-block-heading\">Como \u00e9 calculado o desconto da Tarifa Social<\/h2>\n\n\n\n<p>O c\u00e1lculo considera:<\/p>\n\n\n\n<ul class=\"wp-block-list\">\n<li><strong>Faixa de consumo<\/strong> mensal<\/li>\n\n\n\n<li><strong>Classifica\u00e7\u00e3o da unidade<\/strong> como residencial baixa renda<\/li>\n\n\n\n<li><strong>Tarifa base da distribuidora<\/strong>, usada como refer\u00eancia<\/li>\n\n\n\n<li><strong>Regras espec\u00edficas<\/strong> para ind\u00edgenas, quilombolas ou fam\u00edlias com uso de equipamentos vitais<\/li>\n<\/ul>\n\n\n\n<p>As distribuidoras cruzam automaticamente os dados do <strong>Cadastro \u00danico<\/strong> com o perfil da unidade consumidora. Uma vez validado, o desconto passa a constar na fatura mensal.<\/p>\n\n\n\n<p>Leia mais: <a href=\"https:\/\/www.em.com.br\/emfoco\/2025\/12\/03\/como-reduzir-a-conta-de-luz-com-truques-simples-no-dia-a-dia\/\" target=\"_blank\" rel=\"noreferrer noopener\">Como reduzir a conta de luz com truques simples no dia a dia<\/a><\/p>\n\n\n\n<h2 class=\"wp-block-heading\">Como se cadastrar para receber a Tarifa Social de Energia El\u00e9trica<\/h2>\n\n\n\n<p>O primeiro passo \u00e9 estar inscrito no <strong>Cadastro \u00danico<\/strong>, o que pode ser feito em unidades do <strong>CRAS <\/strong>ou na gest\u00e3o social do munic\u00edpio. \u00c9 exigida documenta\u00e7\u00e3o pessoal e comprova\u00e7\u00e3o de renda. Ap\u00f3s o cadastro, a fam\u00edlia recebe um <strong>NIS (N\u00famero de Identifica\u00e7\u00e3o Social)<\/strong>.<\/p>\n\n\n\n<p>Com o NIS ativo, basta informar o n\u00famero \u00e0 distribuidora pelos canais de atendimento (ag\u00eancia, telefone, site ou aplicativo). O benef\u00edcio \u00e9 ent\u00e3o vinculado ao im\u00f3vel e passa a ser aplicado automaticamente nas faturas seguintes.<\/p>\n\n\n\n<h2 class=\"wp-block-heading\">Quais cuidados garantem a continuidade do benef\u00edcio<\/h2>\n\n\n<div class=\"wp-block-image\">\n<figure class=\"aligncenter size-large\"><img loading=\"lazy\" decoding=\"async\" width=\"1024\" height=\"576\" src=\"https:\/\/www.em.com.br\/emfoco\/wp-content\/uploads\/2025\/06\/contas_1749504196955-1024x576.jpg\" alt=\"Governo d\u00e1 grande desconto e garante a sua muita economia na sua conta de luz com a Tarifa Social\" class=\"wp-image-57981\" srcset=\"https:\/\/www.em.com.br\/emfoco\/wp-content\/uploads\/2025\/06\/contas_1749504196955-1024x576.jpg 1024w, https:\/\/www.em.com.br\/emfoco\/wp-content\/uploads\/2025\/06\/contas_1749504196955-300x169.jpg 300w, https:\/\/www.em.com.br\/emfoco\/wp-content\/uploads\/2025\/06\/contas_1749504196955-768x432.jpg 768w, https:\/\/www.em.com.br\/emfoco\/wp-content\/uploads\/2025\/06\/contas_1749504196955-750x422.jpg 750w, https:\/\/www.em.com.br\/emfoco\/wp-content\/uploads\/2025\/06\/contas_1749504196955-1140x641.jpg 1140w, https:\/\/www.em.com.br\/emfoco\/wp-content\/uploads\/2025\/06\/contas_1749504196955.jpg 1280w\" sizes=\"auto, (max-width: 1024px) 100vw, 1024px\" \/><figcaption class=\"wp-element-caption\">Regras da Tarifa Social e quem pode receber o desconto &#8211; Cr\u00e9ditos: depositphotos.com \/ Ischukigor<\/figcaption><\/figure><\/div>\n\n\n<p>Alguns cuidados ajudam a manter o direito ao desconto:<\/p>\n\n\n\n<ul class=\"wp-block-list\">\n<li>Manter o <strong>Cadastro \u00danico atualizado<\/strong> (altera\u00e7\u00f5es de renda, endere\u00e7o ou composi\u00e7\u00e3o familiar)<\/li>\n\n\n\n<li>Garantir que a conta esteja em <strong>nome de integrante da fam\u00edlia benefici\u00e1ria<\/strong><\/li>\n\n\n\n<li>Controlar o consumo mensal para permanecer nas faixas com maior abatimento<\/li>\n\n\n\n<li>Verificar mensagens na fatura que indiquem pend\u00eancias ou necessidade de atualiza\u00e7\u00e3o cadastral<\/li>\n<\/ul>\n\n\n\n<p>Leia mais: <a href=\"https:\/\/www.em.com.br\/emfoco\/2025\/12\/02\/geladeira-perto-do-fogao-pode-aumentar-sua-conta-de-luz-e-voce-nem-imaginava\/\" target=\"_blank\" rel=\"noreferrer noopener\">Geladeira perto do fog\u00e3o pode aumentar sua conta de luz e voc\u00ea nem imaginava<\/a><\/p>\n\n\n\n<h2 class=\"wp-block-heading\">A Tarifa Social realmente ajuda no or\u00e7amento da fam\u00edlia<\/h2>\n\n\n\n<p>A <strong>Tarifa Social de Energia El\u00e9trica<\/strong> reduz o peso da conta de luz no or\u00e7amento, especialmente em fam\u00edlias com renda inst\u00e1vel ou dependentes de programas sociais. O al\u00edvio financeiro permite direcionar recursos para alimentos, transporte e medicamentos.<\/p>\n\n\n\n<p>Al\u00e9m do desconto em si, o programa incentiva o <strong>consumo consciente de energia<\/strong>, j\u00e1 que quanto menor o gasto, maior o benef\u00edcio. Isso estimula h\u00e1bitos como desligar aparelhos fora de uso, aproveitar ilumina\u00e7\u00e3o natural e priorizar eletrodom\u00e9sticos eficientes.<\/p>\n\n\n\n<p>A <strong><a href=\"https:\/\/www.gov.br\/mds\/pt-br\/acoes-e-programas\/suas\/beneficios-assistenciais\/tarifa-social-de-energia\" target=\"_blank\" rel=\"noreferrer noopener\">Tarifa Social<\/a><\/strong> se mant\u00e9m, em 2025, como um dos instrumentos mais importantes de prote\u00e7\u00e3o econ\u00f4mica para fam\u00edlias vulner\u00e1veis.<\/p>\n\n\n\n<p><\/p>\n","protected":false},"excerpt":{"rendered":"<p>A Tarifa Social de Energia El\u00e9trica \u00e9 um benef\u00edcio previsto em lei que concede desconto progressivo na conta de luz para fam\u00edlias classificadas como baixa renda. O abatimento varia de acordo com o consumo mensal em kWh: os menores n\u00edveis de gasto recebem os maiores percentuais de desconto, estimulando economia de energia. Como funciona o [&hellip;]<\/p>\n","protected":false},"author":20,"featured_media":135207,"comment_status":"open","ping_status":"open","sticky":false,"template":"","format":"standard","meta":{"jnews-multi-image_gallery":[],"jnews_single_post":{"format":"standard"},"jnews_primary_category":[],"jnews_social_meta":[],"jnews_override_counter":[],"footnotes":""},"categories":[28,1],"tags":[1280,5305,1017],"class_list":["post-135142","post","type-post","status-publish","format-standard","has-post-thumbnail","hentry","category-economia","category-noticias","tag-aneel","tag-conta","tag-energia-eletrica"],"yoast_head":"<!-- This site is optimized with the Yoast SEO plugin v23.8 - https:\/\/yoast.com\/wordpress\/plugins\/seo\/ -->\n<title>Governo refor\u00e7a regras da Tarifa Social; veja quem tem direito ao desconto - Estado de Minas - Em foco<\/title>\n<meta name=\"description\" content=\"A Tarifa Social de Energia El\u00e9trica oferece desconto progressivo na conta de luz para fam\u00edlias de baixa renda em 2025; veja regras, cadastro e crit\u00e9rios.\" \/>\n<meta name=\"robots\" content=\"index, follow, max-snippet:-1, max-image-preview:large, max-video-preview:-1\" \/>\n<link rel=\"canonical\" href=\"https:\/\/www.em.com.br\/emfoco\/2025\/12\/04\/governo-reforca-regras-da-tarifa-social-veja-quem-tem-direito-ao-desconto\/\" \/>\n<meta property=\"og:locale\" content=\"pt_BR\" \/>\n<meta property=\"og:type\" content=\"article\" \/>\n<meta property=\"og:title\" content=\"Governo refor\u00e7a regras da Tarifa Social; veja quem tem direito ao desconto - Estado de Minas - Em foco\" \/>\n<meta property=\"og:description\" content=\"A Tarifa Social de Energia El\u00e9trica oferece desconto progressivo na conta de luz para fam\u00edlias de baixa renda em 2025; veja regras, cadastro e crit\u00e9rios.\" \/>\n<meta property=\"og:url\" content=\"https:\/\/www.em.com.br\/emfoco\/2025\/12\/04\/governo-reforca-regras-da-tarifa-social-veja-quem-tem-direito-ao-desconto\/\" \/>\n<meta property=\"og:site_name\" content=\"Estado de Minas - Em foco\" \/>\n<meta property=\"article:published_time\" content=\"2025-12-04T14:45:00+00:00\" \/>\n<meta property=\"article:modified_time\" content=\"2025-12-03T21:27:11+00:00\" \/>\n<meta property=\"og:image\" content=\"https:\/\/www.em.com.br\/emfoco\/wp-content\/uploads\/2025\/12\/imagem_2025-11-23_160847577-e1764786177195.png\" \/>\n\t<meta property=\"og:image:width\" content=\"1280\" \/>\n\t<meta property=\"og:image:height\" content=\"720\" \/>\n\t<meta property=\"og:image:type\" content=\"image\/png\" \/>\n<meta name=\"author\" content=\"Ingrid Diniz\" \/>\n<meta name=\"twitter:card\" content=\"summary_large_image\" \/>\n<meta name=\"twitter:label1\" content=\"Escrito por\" \/>\n\t<meta name=\"twitter:data1\" content=\"Ingrid Diniz\" \/>\n\t<meta name=\"twitter:label2\" content=\"Est. tempo de leitura\" \/>\n\t<meta name=\"twitter:data2\" content=\"4 minutos\" \/>\n<!-- \/ Yoast SEO plugin. -->","yoast_head_json":{"title":"Governo refor\u00e7a regras da Tarifa Social; veja quem tem direito ao desconto - Estado de Minas - Em foco","description":"A Tarifa Social de Energia El\u00e9trica oferece desconto progressivo na conta de luz para fam\u00edlias de baixa renda em 2025; veja regras, cadastro e crit\u00e9rios.","robots":{"index":"index","follow":"follow","max-snippet":"max-snippet:-1","max-image-preview":"max-image-preview:large","max-video-preview":"max-video-preview:-1"},"canonical":"https:\/\/www.em.com.br\/emfoco\/2025\/12\/04\/governo-reforca-regras-da-tarifa-social-veja-quem-tem-direito-ao-desconto\/","og_locale":"pt_BR","og_type":"article","og_title":"Governo refor\u00e7a regras da Tarifa Social; veja quem tem direito ao desconto - Estado de Minas - Em foco","og_description":"A Tarifa Social de Energia El\u00e9trica oferece desconto progressivo na conta de luz para fam\u00edlias de baixa renda em 2025; veja regras, cadastro e crit\u00e9rios.","og_url":"https:\/\/www.em.com.br\/emfoco\/2025\/12\/04\/governo-reforca-regras-da-tarifa-social-veja-quem-tem-direito-ao-desconto\/","og_site_name":"Estado de Minas - Em foco","article_published_time":"2025-12-04T14:45:00+00:00","article_modified_time":"2025-12-03T21:27:11+00:00","og_image":[{"width":1280,"height":720,"url":"https:\/\/www.em.com.br\/emfoco\/wp-content\/uploads\/2025\/12\/imagem_2025-11-23_160847577-e1764786177195.png","type":"image\/png"}],"author":"Ingrid Diniz","twitter_card":"summary_large_image","twitter_misc":{"Escrito por":"Ingrid Diniz","Est. tempo de leitura":"4 minutos"},"schema":{"@context":"https:\/\/schema.org","@graph":[{"@type":"WebPage","@id":"https:\/\/www.em.com.br\/emfoco\/2025\/12\/04\/governo-reforca-regras-da-tarifa-social-veja-quem-tem-direito-ao-desconto\/","url":"https:\/\/www.em.com.br\/emfoco\/2025\/12\/04\/governo-reforca-regras-da-tarifa-social-veja-quem-tem-direito-ao-desconto\/","name":"Governo refor\u00e7a regras da Tarifa Social; veja quem tem direito ao desconto - Estado de Minas - Em foco","isPartOf":{"@id":"https:\/\/www.em.com.br\/emfoco\/#website"},"primaryImageOfPage":{"@id":"https:\/\/www.em.com.br\/emfoco\/2025\/12\/04\/governo-reforca-regras-da-tarifa-social-veja-quem-tem-direito-ao-desconto\/#primaryimage"},"image":{"@id":"https:\/\/www.em.com.br\/emfoco\/2025\/12\/04\/governo-reforca-regras-da-tarifa-social-veja-quem-tem-direito-ao-desconto\/#primaryimage"},"thumbnailUrl":"https:\/\/www.em.com.br\/emfoco\/wp-content\/uploads\/2025\/12\/imagem_2025-11-23_160847577-e1764786177195.png","datePublished":"2025-12-04T14:45:00+00:00","dateModified":"2025-12-03T21:27:11+00:00","author":{"@id":"https:\/\/www.em.com.br\/emfoco\/#\/schema\/person\/649e610b4eb8fff87ff394e54fe17b2b"},"description":"A Tarifa Social de Energia El\u00e9trica oferece desconto progressivo na conta de luz para fam\u00edlias de baixa renda em 2025; veja regras, cadastro e crit\u00e9rios.","breadcrumb":{"@id":"https:\/\/www.em.com.br\/emfoco\/2025\/12\/04\/governo-reforca-regras-da-tarifa-social-veja-quem-tem-direito-ao-desconto\/#breadcrumb"},"inLanguage":"pt-BR","potentialAction":[{"@type":"ReadAction","target":["https:\/\/www.em.com.br\/emfoco\/2025\/12\/04\/governo-reforca-regras-da-tarifa-social-veja-quem-tem-direito-ao-desconto\/"]}]},{"@type":"ImageObject","inLanguage":"pt-BR","@id":"https:\/\/www.em.com.br\/emfoco\/2025\/12\/04\/governo-reforca-regras-da-tarifa-social-veja-quem-tem-direito-ao-desconto\/#primaryimage","url":"https:\/\/www.em.com.br\/emfoco\/wp-content\/uploads\/2025\/12\/imagem_2025-11-23_160847577-e1764786177195.png","contentUrl":"https:\/\/www.em.com.br\/emfoco\/wp-content\/uploads\/2025\/12\/imagem_2025-11-23_160847577-e1764786177195.png","width":1280,"height":720,"caption":"Regras da Tarifa Social e quem pode receber o desconto"},{"@type":"BreadcrumbList","@id":"https:\/\/www.em.com.br\/emfoco\/2025\/12\/04\/governo-reforca-regras-da-tarifa-social-veja-quem-tem-direito-ao-desconto\/#breadcrumb","itemListElement":[{"@type":"ListItem","position":1,"name":"In\u00edcio","item":"https:\/\/www.em.com.br\/emfoco\/"},{"@type":"ListItem","position":2,"name":"Governo refor\u00e7a regras da Tarifa Social; veja quem tem direito ao desconto"}]},{"@type":"WebSite","@id":"https:\/\/www.em.com.br\/emfoco\/#website","url":"https:\/\/www.em.com.br\/emfoco\/","name":"Estado de Minas - Em foco","description":"Acompanhe as \u00faltimas not\u00edcias e fique bem informado sobre tudo o que acontece em Minas Gerais, Brasil e no mundo.","potentialAction":[{"@type":"SearchAction","target":{"@type":"EntryPoint","urlTemplate":"https:\/\/www.em.com.br\/emfoco\/?s={search_term_string}"},"query-input":{"@type":"PropertyValueSpecification","valueRequired":true,"valueName":"search_term_string"}}],"inLanguage":"pt-BR"},{"@type":"Person","@id":"https:\/\/www.em.com.br\/emfoco\/#\/schema\/person\/649e610b4eb8fff87ff394e54fe17b2b","name":"Ingrid Diniz","image":{"@type":"ImageObject","inLanguage":"pt-BR","@id":"https:\/\/www.em.com.br\/emfoco\/#\/schema\/person\/image\/","url":"https:\/\/secure.gravatar.com\/avatar\/a3baa1449ec5c39b4c42babc9d4f3951?s=96&d=mm&r=g","contentUrl":"https:\/\/secure.gravatar.com\/avatar\/a3baa1449ec5c39b4c42babc9d4f3951?s=96&d=mm&r=g","caption":"Ingrid Diniz"},"sameAs":["https:\/\/www.em.com.br\/"],"url":"https:\/\/www.em.com.br\/emfoco\/author\/ingridmyth\/"}]}},"_links":{"self":[{"href":"https:\/\/www.em.com.br\/emfoco\/wp-json\/wp\/v2\/posts\/135142","targetHints":{"allow":["GET"]}}],"collection":[{"href":"https:\/\/www.em.com.br\/emfoco\/wp-json\/wp\/v2\/posts"}],"about":[{"href":"https:\/\/www.em.com.br\/emfoco\/wp-json\/wp\/v2\/types\/post"}],"author":[{"embeddable":true,"href":"https:\/\/www.em.com.br\/emfoco\/wp-json\/wp\/v2\/users\/20"}],"replies":[{"embeddable":true,"href":"https:\/\/www.em.com.br\/emfoco\/wp-json\/wp\/v2\/comments?post=135142"}],"version-history":[{"count":2,"href":"https:\/\/www.em.com.br\/emfoco\/wp-json\/wp\/v2\/posts\/135142\/revisions"}],"predecessor-version":[{"id":135325,"href":"https:\/\/www.em.com.br\/emfoco\/wp-json\/wp\/v2\/posts\/135142\/revisions\/135325"}],"wp:featuredmedia":[{"embeddable":true,"href":"https:\/\/www.em.com.br\/emfoco\/wp-json\/wp\/v2\/media\/135207"}],"wp:attachment":[{"href":"https:\/\/www.em.com.br\/emfoco\/wp-json\/wp\/v2\/media?parent=135142"}],"wp:term":[{"taxonomy":"category","embeddable":true,"href":"https:\/\/www.em.com.br\/emfoco\/wp-json\/wp\/v2\/categories?post=135142"},{"taxonomy":"post_tag","embeddable":true,"href":"https:\/\/www.em.com.br\/emfoco\/wp-json\/wp\/v2\/tags?post=135142"}],"curies":[{"name":"wp","href":"https:\/\/api.w.org\/{rel}","templated":true}]}}